{"id":5069,"date":"2012-01-14T15:09:35","date_gmt":"2012-01-14T13:09:35","guid":{"rendered":"http:\/\/www.moda.es\/blog\/?p=5069"},"modified":"2012-01-14T15:09:35","modified_gmt":"2012-01-14T13:09:35","slug":"chica-de-escandalo","status":"publish","type":"post","link":"http:\/\/www.moda.es\/blog\/chica-de-escandalo\/","title":{"rendered":"Chica de esc\u00e1ndalo"},"content":{"rendered":"<p>Ayer os cont\u00e1bamos que la \u00faltima campa\u00f1a de Agent Provocateur est\u00e1 protagonizada por Paz de la Huerta. Esta joven actriz y modelo (1984) norteamericana de nombre espa\u00f1ol como su padre, \u00cd\u00f1igo de la Huerta y Ozores, que es marqu\u00e9s, comenz\u00f3 su formaci\u00f3n siendo muy peque\u00f1a, a los cuatro a\u00f1os, en el Soho Children&#8217;s Acting Studio y, tras graduarse en el colegio, sigui\u00f3 form\u00e1ndose en The Actors Studio. Ha trabajado en televisi\u00f3n y cine desde 1998, pero su fama ha ido creciendo a ra\u00edz de participar en Enter the Void (2009, Gaspar No\u00e9), donde interpretaba a Linda, o Limits of Control (2009, Jim Jarmusch).<\/p>\n<p><a href=\"https:\/\/i0.wp.com\/www.moda.es\/blog\/wp-content\/uploads\/2012\/01\/pazouttake1.jpg\"><img data-attachment-id=\"5074\" data-permalink=\"http:\/\/www.moda.es\/blog\/pazouttake1\/\" data-orig-file=\"https:\/\/i0.wp.com\/www.moda.es\/blog\/wp-content\/uploads\/2012\/01\/pazouttake1-e1326546934714.jpg?fit=375%2C500\" data-orig-size=\"375,500\" data-comments-opened=\"1\" data-image-meta=\"{&quot;aperture&quot;:&quot;0&quot;,&quot;credit&quot;:&quot;&quot;,&quot;camera&quot;:&quot;&quot;,&quot;caption&quot;:&quot;&quot;,&quot;created_timestamp&quot;:&quot;0&quot;,&quot;copyright&quot;:&quot;&quot;,&quot;focal_length&quot;:&quot;0&quot;,&quot;iso&quot;:&quot;0&quot;,&quot;shutter_speed&quot;:&quot;0&quot;,&quot;title&quot;:&quot;&quot;}\" data-image-title=\"pazouttake1\" data-image-description=\"\" data-image-caption=\"\" data-medium-file=\"https:\/\/i0.wp.com\/www.moda.es\/blog\/wp-content\/uploads\/2012\/01\/pazouttake1-e1326546934714.jpg?fit=225%2C300\" data-large-file=\"https:\/\/i0.wp.com\/www.moda.es\/blog\/wp-content\/uploads\/2012\/01\/pazouttake1-e1326546934714.jpg?fit=375%2C500\" loading=\"lazy\" class=\"aligncenter size-full wp-image-5074\" src=\"https:\/\/i0.wp.com\/www.moda.es\/blog\/wp-content\/uploads\/2012\/01\/pazouttake1-e1326546934714.jpg?resize=375%2C500\" alt=\"Paz para Paper Mag. Foto via papermag.com\" width=\"375\" height=\"500\" srcset=\"https:\/\/i0.wp.com\/www.moda.es\/blog\/wp-content\/uploads\/2012\/01\/pazouttake1-e1326546934714.jpg?w=375 375w, https:\/\/i0.wp.com\/www.moda.es\/blog\/wp-content\/uploads\/2012\/01\/pazouttake1-e1326546934714.jpg?resize=225%2C300 225w\" sizes=\"(max-width: 375px) 100vw, 375px\" data-recalc-dims=\"1\" \/><\/a><\/p>\n<p>Ahora su cara va siendo conocida para el gran p\u00fablico -principalmente norteamericano, aunque tambi\u00e9n a trav\u00e9s de Internet, para el occidental- gracias a su papel de Lucy Danziger, <em>partenaire<\/em> de Steve Buscemi, en la serie Boardwalk Empire. En los Estados Unidos, De la Huerta tiene fama de provocadora, exhibicionista\u00a0y de que disfruta en exceso los saraos propios de Hollywood. El a\u00f1o pasado protagoniz\u00f3 un esc\u00e1ndalo en la noche de los Globos de Oro, cuando no se la permiti\u00f3 entrar en una de las fiestas posteriores a la entrega de premios por ir en extremo ebria. Su escena fue recogida por numerosos fot\u00f3grafos que quer\u00edan recoger la entrada de los famosos y se vi\u00f3 a Paz medio cay\u00e9ndose, ense\u00f1ando la ropa interior a los presentes. Pues esta escena real ha servido de inspiraci\u00f3n para parte de la publicidad de Agent Provocateur. En el fondo, Paz de la Huerta es capaz de no tomarse demasiado en serio y re\u00edrse de s\u00ed misma.<\/p>\n<figure id=\"attachment_5075\" aria-describedby=\"caption-attachment-5075\" style=\"width: 485px\" class=\"wp-caption aligncenter\"><a href=\"https:\/\/i0.wp.com\/www.moda.es\/blog\/wp-content\/uploads\/2012\/01\/tumblr_lo2xsrN6zu1qagkhko1_500.jpg\"><img data-attachment-id=\"5075\" data-permalink=\"http:\/\/www.moda.es\/blog\/sep-16-0010\/\" data-orig-file=\"https:\/\/i0.wp.com\/www.moda.es\/blog\/wp-content\/uploads\/2012\/01\/tumblr_lo2xsrN6zu1qagkhko1_500.jpg?fit=485%2C364\" data-orig-size=\"485,364\" data-comments-opened=\"1\" data-image-meta=\"{&quot;aperture&quot;:&quot;0&quot;,&quot;credit&quot;:&quot;&quot;,&quot;camera&quot;:&quot;&quot;,&quot;caption&quot;:&quot;Boardwalk Empire\\r\\n\\r\\nSteve Buscemi and Paz de la Huerta&quot;,&quot;created_timestamp&quot;:&quot;0&quot;,&quot;copyright&quot;:&quot;&quot;,&quot;focal_length&quot;:&quot;0&quot;,&quot;iso&quot;:&quot;0&quot;,&quot;shutter_speed&quot;:&quot;0&quot;,&quot;title&quot;:&quot;*Sep 16 - 00:10*&quot;}\" data-image-title=\"*Sep 16 &#8211; 00:10*\" data-image-description=\"&lt;p&gt;Boardwalk Empire&lt;\/p&gt;\n&lt;p&gt;Steve Buscemi and Paz de la Huerta&lt;\/p&gt;\n\" data-image-caption=\"&lt;p&gt;Steve Buscemi y Paz de la Huerta en una escena de Boardwalk Empire. Foto via smokingissexy.tumblr.com&lt;\/p&gt;\n\" data-medium-file=\"https:\/\/i0.wp.com\/www.moda.es\/blog\/wp-content\/uploads\/2012\/01\/tumblr_lo2xsrN6zu1qagkhko1_500.jpg?fit=300%2C225\" data-large-file=\"https:\/\/i0.wp.com\/www.moda.es\/blog\/wp-content\/uploads\/2012\/01\/tumblr_lo2xsrN6zu1qagkhko1_500.jpg?fit=485%2C364\" loading=\"lazy\" class=\"size-full wp-image-5075\" src=\"https:\/\/i0.wp.com\/www.moda.es\/blog\/wp-content\/uploads\/2012\/01\/tumblr_lo2xsrN6zu1qagkhko1_500.jpg?resize=485%2C364\" alt=\"\" width=\"485\" height=\"364\" srcset=\"https:\/\/i0.wp.com\/www.moda.es\/blog\/wp-content\/uploads\/2012\/01\/tumblr_lo2xsrN6zu1qagkhko1_500.jpg?w=485 485w, https:\/\/i0.wp.com\/www.moda.es\/blog\/wp-content\/uploads\/2012\/01\/tumblr_lo2xsrN6zu1qagkhko1_500.jpg?resize=300%2C225 300w\" sizes=\"(max-width: 485px) 100vw, 485px\" data-recalc-dims=\"1\" \/><\/a><figcaption id=\"caption-attachment-5075\" class=\"wp-caption-text\">Steve Buscemi y Paz de la Huerta en una escena de Boardwalk Empire. Foto via smokingissexy.tumblr.com<\/figcaption><\/figure>\n<figure id=\"attachment_5073\" aria-describedby=\"caption-attachment-5073\" style=\"width: 359px\" class=\"wp-caption aligncenter\"><a href=\"https:\/\/i0.wp.com\/www.moda.es\/blog\/wp-content\/uploads\/2012\/01\/paz_de_la_huerta_924_635x.jpg\"><img data-attachment-id=\"5073\" data-permalink=\"http:\/\/www.moda.es\/blog\/paz_de_la_huerta_924_635x\/\" data-orig-file=\"https:\/\/i0.wp.com\/www.moda.es\/blog\/wp-content\/uploads\/2012\/01\/paz_de_la_huerta_924_635x-e1326546784125.jpg?fit=359%2C500\" data-orig-size=\"359,500\" data-comments-opened=\"1\" data-image-meta=\"{&quot;aperture&quot;:&quot;0&quot;,&quot;credit&quot;:&quot;&quot;,&quot;camera&quot;:&quot;&quot;,&quot;caption&quot;:&quot;&quot;,&quot;created_timestamp&quot;:&quot;0&quot;,&quot;copyright&quot;:&quot;&quot;,&quot;focal_length&quot;:&quot;0&quot;,&quot;iso&quot;:&quot;0&quot;,&quot;shutter_speed&quot;:&quot;0&quot;,&quot;title&quot;:&quot;&quot;}\" data-image-title=\"paz_de_la_huerta_924_635x\" data-image-description=\"\" data-image-caption=\"&lt;p&gt;Paz de la Huerta fue elegida para la portada de uno de los primeros n\u00fameros de SModa. Foto via smoda.elpais.com&lt;\/p&gt;\n\" data-medium-file=\"https:\/\/i0.wp.com\/www.moda.es\/blog\/wp-content\/uploads\/2012\/01\/paz_de_la_huerta_924_635x-e1326546784125.jpg?fit=215%2C300\" data-large-file=\"https:\/\/i0.wp.com\/www.moda.es\/blog\/wp-content\/uploads\/2012\/01\/paz_de_la_huerta_924_635x-e1326546784125.jpg?fit=359%2C500\" loading=\"lazy\" class=\"size-full wp-image-5073\" src=\"https:\/\/i0.wp.com\/www.moda.es\/blog\/wp-content\/uploads\/2012\/01\/paz_de_la_huerta_924_635x-e1326546784125.jpg?resize=359%2C500\" alt=\"\" width=\"359\" height=\"500\" srcset=\"https:\/\/i0.wp.com\/www.moda.es\/blog\/wp-content\/uploads\/2012\/01\/paz_de_la_huerta_924_635x-e1326546784125.jpg?w=359 359w, https:\/\/i0.wp.com\/www.moda.es\/blog\/wp-content\/uploads\/2012\/01\/paz_de_la_huerta_924_635x-e1326546784125.jpg?resize=215%2C300 215w\" sizes=\"(max-width: 359px) 100vw, 359px\" data-recalc-dims=\"1\" \/><\/a><figcaption id=\"caption-attachment-5073\" class=\"wp-caption-text\">Paz de la Huerta fue elegida para la portada de uno de los primeros n\u00fameros de SModa. Foto via smoda.elpais.com<\/figcaption><\/figure>\n","protected":false},"excerpt":{"rendered":"<p>Ayer os cont\u00e1bamos que la \u00faltima campa\u00f1a de Agent Provocateur est\u00e1 protagonizada por Paz de la Huerta. Esta joven actriz y modelo (1984) norteamericana de nombre espa\u00f1ol como su padre, \u00cd\u00f1igo de la Huerta y Ozores, que es marqu\u00e9s, comenz\u00f3 su formaci\u00f3n siendo muy peque\u00f1a, a los cuatro a\u00f1os, en [&hellip;]<\/p>\n","protected":false},"author":2,"featured_media":16676,"comment_status":"open","ping_status":"open","sticky":false,"template":"","format":"standard","meta":{"jetpack_publicize_message":"","jetpack_is_tweetstorm":false,"jetpack_publicize_feature_enabled":true},"categories":[17],"tags":[],"jetpack_publicize_connections":[],"jetpack_featured_media_url":"https:\/\/i0.wp.com\/www.moda.es\/blog\/wp-content\/uploads\/2012\/01\/pazouttake1-e13265469347141.jpg?fit=375%2C500","jetpack_sharing_enabled":true,"jetpack_shortlink":"https:\/\/wp.me\/p4tJCC-1jL","jetpack-related-posts":[{"id":5053,"url":"http:\/\/www.moda.es\/blog\/provocacion-bien-medida\/","url_meta":{"origin":5069,"position":0},"title":"Provocaci\u00f3n bien medida","date":"enero 13, 2012","format":false,"excerpt":"En la ropa interior hay tantas opciones como tipos de mujeres. Existe una lencer\u00eda de lujo que tambi\u00e9n es provocadora, ultra sensual, juguetona. En la etiqueta se lee 'Agent Provocateur', un juego de palabras de lo m\u00e1s sugerente. Esta firma inglesa fue creada en 1994 por el hijo de la\u2026","rel":"","context":"En \u00abFirmas\u00bb","img":{"alt_text":"","src":"https:\/\/i0.wp.com\/www.moda.es\/blog\/wp-content\/uploads\/2012\/01\/agent-provocateur-fw-2011-paz-de-la-huerta-e13264885083001.jpg?fit=500%2C333&resize=350%2C200","width":350,"height":200},"classes":[]},{"id":5759,"url":"http:\/\/www.moda.es\/blog\/la-nueva-joya-kitsch\/","url_meta":{"origin":5069,"position":1},"title":"La nueva joya &#8216;kitsch&#8217;","date":"marzo 3, 2012","format":false,"excerpt":"Si decimos que Bombay es la ciudad favorita de la dise\u00f1adora de la firma de joyas Shourouk ya estamos diciendo mucho. Define su est\u00e9tica. Y es que Shourouk Rhaiem -como se llama la creadora- declara un amor ferviente por la India que se inspira. Siendo ni\u00f1a, esta parisina descubri\u00f3 las\u2026","rel":"","context":"En \u00abAccesorios\u00bb","img":{"alt_text":"","src":"https:\/\/i0.wp.com\/www.moda.es\/blog\/wp-content\/uploads\/2012\/03\/MUMBA-DEVI-BD1.jpg?fit=493%2C800&resize=350%2C200","width":350,"height":200},"classes":[]},{"id":5536,"url":"http:\/\/www.moda.es\/blog\/estampados-a-go-go-anna-studio\/","url_meta":{"origin":5069,"position":2},"title":"Estampados a go-g\u00f3, Anna Studio","date":"febrero 15, 2012","format":false,"excerpt":"Los estampados hacen esta marca, o se podr\u00eda decir al rev\u00e9s. Anna Studio profesa un amor sin tapujos por los estampados de car\u00e1cter na\u00eff y marcada inspiraci\u00f3n retro. Fundada en 2005 por Anna Harari, esta firma de pr\u00eat-\u00e0-porter urbano y actual, desde 2009 baila al ritmo de las creaciones Sarah\u2026","rel":"","context":"En \u00abFirmas\u00bb","img":{"alt_text":"","src":"https:\/\/i0.wp.com\/www.moda.es\/blog\/wp-content\/uploads\/2012\/02\/424187_342340559133445_129743923726444_1129974_856117086_n-e1329267607476.jpg?resize=350%2C200","width":350,"height":200},"classes":[]},{"id":1786,"url":"http:\/\/www.moda.es\/blog\/otra-flor-de-primavera-la-tienda-de-marella\/","url_meta":{"origin":5069,"position":3},"title":"Otra flor de primavera: la tienda de Marella","date":"mayo 4, 2011","format":false,"excerpt":"\u00a0 Esta primavera\u00a0brotan flores y se inauguran tiendas. \u00c9sta parece que est\u00e1 siendo la nota dominante de esta \u00e9poca primaveral. Y es que una nueva tienda ha abierto recientemente\u00a0sus puertas en Barcelona:\u00a0Marella. Aunque Marella no es una novedad en la ciudad condal, la noticia es que se\u00a0ha mudado al Paseo\u2026","rel":"","context":"En \u00abTiendas\u00bb","img":{"alt_text":"","src":"https:\/\/i0.wp.com\/www.moda.es\/blog\/wp-content\/uploads\/2011\/05\/IMG_0036-1024x682.jpg?resize=350%2C200","width":350,"height":200},"classes":[]},{"id":22064,"url":"http:\/\/www.moda.es\/blog\/cara-delevigne-sigue-siendo-musa-de-chanel\/","url_meta":{"origin":5069,"position":4},"title":"Cara Delevigne sigue siendo musa de Chanel","date":"abril 25, 2017","format":false,"excerpt":"Chanel ha anunciado\u00a0que este es el a\u00f1o de Gabrielle, conocida como Coco\u00a0por\u00a0sus amigos. La famosa casa de moda ha lanzado\u00a0un nuevo bolso hom\u00f3nimo y tendr\u00e1 innumerables proyectos en los pr\u00f3ximos meses. As\u00ed, se van a\u00a0lanzar cuatro videos teaser para su pr\u00f3xima campa\u00f1a, con la musa de Chanel, Cara Delevingne. Otros\u2026","rel":"","context":"En \u00abAccesorios\u00bb","img":{"alt_text":"","src":"https:\/\/i0.wp.com\/www.moda.es\/blog\/wp-content\/uploads\/2017\/04\/Captura-de-pantalla-2017-04-25-a-las-22.24.50.png?fit=356%2C479&resize=350%2C200","width":350,"height":200},"classes":[]},{"id":17767,"url":"http:\/\/www.moda.es\/blog\/gisele-bundchen-nueva-imagen-de-chanel-no5\/","url_meta":{"origin":5069,"position":5},"title":"Gisele B\u00fcndchen, nueva imagen de Chanel N\u00ba5","date":"mayo 26, 2014","format":false,"excerpt":"Chanel ha anunciado que la polifac\u00e9tica modelo Gisele B\u00fcndchen,\u00a0 tiene otra tarea que agregar a su apretada agenda: ser la nueva cara de Chanel N \u00ba 5, y es que B\u00fcndchen ser\u00e1 la protagonista de una nueva campa\u00f1a que saldr\u00e1 a la luz a finales de 2014, que ser\u00e1 dirigida\u2026","rel":"","context":"En \u00abActualidad\u00bb","img":{"alt_text":"","src":"https:\/\/i0.wp.com\/www.moda.es\/blog\/wp-content\/uploads\/2014\/05\/a_3x-vertical.jpg?fit=650%2C975&resize=350%2C200","width":350,"height":200},"classes":[]}],"_links":{"self":[{"href":"http:\/\/www.moda.es\/blog\/wp-json\/wp\/v2\/posts\/5069"}],"collection":[{"href":"http:\/\/www.moda.es\/blog\/wp-json\/wp\/v2\/posts"}],"about":[{"href":"http:\/\/www.moda.es\/blog\/wp-json\/wp\/v2\/types\/post"}],"author":[{"embeddable":true,"href":"http:\/\/www.moda.es\/blog\/wp-json\/wp\/v2\/users\/2"}],"replies":[{"embeddable":true,"href":"http:\/\/www.moda.es\/blog\/wp-json\/wp\/v2\/comments?post=5069"}],"version-history":[{"count":0,"href":"http:\/\/www.moda.es\/blog\/wp-json\/wp\/v2\/posts\/5069\/revisions"}],"wp:featuredmedia":[{"embeddable":true,"href":"http:\/\/www.moda.es\/blog\/wp-json\/wp\/v2\/media\/16676"}],"wp:attachment":[{"href":"http:\/\/www.moda.es\/blog\/wp-json\/wp\/v2\/media?parent=5069"}],"wp:term":[{"taxonomy":"category","embeddable":true,"href":"http:\/\/www.moda.es\/blog\/wp-json\/wp\/v2\/categories?post=5069"},{"taxonomy":"post_tag","embeddable":true,"href":"http:\/\/www.moda.es\/blog\/wp-json\/wp\/v2\/tags?post=5069"}],"curies":[{"name":"wp","href":"https:\/\/api.w.org\/{rel}","templated":true}]}}