{"id":5044,"date":"2012-01-13T03:02:53","date_gmt":"2012-01-13T01:02:53","guid":{"rendered":"http:\/\/www.moda.es\/blog\/?p=5044"},"modified":"2012-01-13T03:02:53","modified_gmt":"2012-01-13T01:02:53","slug":"que-fue-lo-hipster","status":"publish","type":"post","link":"http:\/\/www.moda.es\/blog\/que-fue-lo-hipster\/","title":{"rendered":"\u00bfQu\u00e9 fue &#8216;lo hipster&#8217;?"},"content":{"rendered":"<p>\u00bfQu\u00e9 fue? \u00bfSigue siendo? \u00bfExiste en Espa\u00f1a? No son cuestiones vitales pero a quien le gusta la moda se le han podido pasar por la cabeza en alg\u00fan momento. Recientemente cay\u00f3 en mis manos el libro &#8216;\u00bfQu\u00e9 fue &#8216;lo hipster&#8217;? Una investigaci\u00f3n sociol\u00f3gica&#8217; (Alpha Decay, 2011) que presenta un estudio sobre el fen\u00f3meno hipster como manifestaci\u00f3n est\u00e9tica de la mano de Mark Greif, escritor, articulista y editor estadounidense, adem\u00e1s de fundador de la revista <a href=\"http:\/\/nplusonemag.com\/\">n+1<\/a>.<\/p>\n<figure id=\"attachment_5045\" aria-describedby=\"caption-attachment-5045\" style=\"width: 300px\" class=\"wp-caption aligncenter\"><a href=\"https:\/\/i0.wp.com\/www.moda.es\/blog\/wp-content\/uploads\/2012\/01\/98.jpg\"><img data-attachment-id=\"5045\" data-permalink=\"http:\/\/www.moda.es\/blog\/98\/\" data-orig-file=\"https:\/\/i0.wp.com\/www.moda.es\/blog\/wp-content\/uploads\/2012\/01\/98.jpg?fit=300%2C484\" data-orig-size=\"300,484\" data-comments-opened=\"1\" data-image-meta=\"{&quot;aperture&quot;:&quot;0&quot;,&quot;credit&quot;:&quot;&quot;,&quot;camera&quot;:&quot;&quot;,&quot;caption&quot;:&quot;&quot;,&quot;created_timestamp&quot;:&quot;0&quot;,&quot;copyright&quot;:&quot;&quot;,&quot;focal_length&quot;:&quot;0&quot;,&quot;iso&quot;:&quot;0&quot;,&quot;shutter_speed&quot;:&quot;0&quot;,&quot;title&quot;:&quot;&quot;}\" data-image-title=\"98\" data-image-description=\"\" data-image-caption=\"&lt;p&gt;Portada del libro editado por Alpha Decay. Foto via www.alphadecay&lt;\/p&gt;\n\" data-medium-file=\"https:\/\/i0.wp.com\/www.moda.es\/blog\/wp-content\/uploads\/2012\/01\/98.jpg?fit=185%2C300\" data-large-file=\"https:\/\/i0.wp.com\/www.moda.es\/blog\/wp-content\/uploads\/2012\/01\/98.jpg?fit=300%2C484\" loading=\"lazy\" class=\"size-full wp-image-5045\" src=\"https:\/\/i0.wp.com\/www.moda.es\/blog\/wp-content\/uploads\/2012\/01\/98.jpg?resize=300%2C484\" alt=\"\" width=\"300\" height=\"484\" data-recalc-dims=\"1\" \/><\/a><figcaption id=\"caption-attachment-5045\" class=\"wp-caption-text\">Portada del libro editado por Alpha Decay. Foto via www.alphadecay<\/figcaption><\/figure>\n<p>El hipster -lo que por aqu\u00ed denominamos en t\u00e9rminos generales como \u00abmoderno\u00bb- pertenece a \u00abun tipo de subcultura generada por el neoliberalismo\u00bb, un pensamiento nuevo que \u00abexalta la reacci\u00f3n pol\u00edtica enmascarada de rebeli\u00f3n bajo una fachada de &#8216;vicio&#8217; \u00ab. Este estudio pretende analizar esta tribu urbana \u00aben tiempo real\u00bb porque, aunque los hipster van modificando ciertos signos externos, su atuendo, no var\u00edan sus motivaciones, ni su conciencia, tampoco la negaci\u00f3n de pertenencia al grupo.<\/p>\n<p>En el libro todo empieza con una mesa redonda debatiendo la existencia de los hipster como un grupo definible para despu\u00e9s centrarse en el an\u00e1lisis por parte de personalidades del mundo intelecto-cultural de los Estados Unidos vinculados a c\u00edrculos que se consideran hipster. Y van definiendo a esta tribu a trav\u00e9s de sus gustos, profesiones, estilos de vida&#8230; Porque, \u00bfqu\u00e9 los define? Como recoge la contraportada, aquello que va \u00abde American Apparel a la revista Vice, de los fans de Wes Anderson a los hinchas Zizek, de Williamsburg y los caf\u00e9s del Lower East Side a las discotecas lime\u00f1as donde los pijos de \u00faltima generaci\u00f3n bailan cumbia\u00bb. Los hipster de aqu\u00ed coinciden en mucho con los de all\u00ed aunque cambian los caf\u00e9s del Lower East Side por los que se sit\u00faan en ciertas zonas reconquistadas a los ancianos del barrio, y reestilizadas de Madrid o Barcelona.<\/p>\n<figure id=\"attachment_5046\" aria-describedby=\"caption-attachment-5046\" style=\"width: 500px\" class=\"wp-caption aligncenter\"><a href=\"https:\/\/i0.wp.com\/www.moda.es\/blog\/wp-content\/uploads\/2012\/01\/american-apparel-ad-xlr8r-bubblelicious-160206-580x352.jpg\"><img data-attachment-id=\"5046\" data-permalink=\"http:\/\/www.moda.es\/blog\/american-apparel-ad-xlr8r-bubblelicious-160206-580x352\/\" data-orig-file=\"https:\/\/i0.wp.com\/www.moda.es\/blog\/wp-content\/uploads\/2012\/01\/american-apparel-ad-xlr8r-bubblelicious-160206-580x352-e1326416315186.jpg?fit=500%2C303\" data-orig-size=\"500,303\" data-comments-opened=\"1\" data-image-meta=\"{&quot;aperture&quot;:&quot;0&quot;,&quot;credit&quot;:&quot;&quot;,&quot;camera&quot;:&quot;&quot;,&quot;caption&quot;:&quot;&quot;,&quot;created_timestamp&quot;:&quot;0&quot;,&quot;copyright&quot;:&quot;&quot;,&quot;focal_length&quot;:&quot;0&quot;,&quot;iso&quot;:&quot;0&quot;,&quot;shutter_speed&quot;:&quot;0&quot;,&quot;title&quot;:&quot;&quot;}\" data-image-title=\"american-apparel-ad-xlr8r-bubblelicious-160206-580&#215;352\" data-image-description=\"\" data-image-caption=\"&lt;p&gt;Publicidad de American Apparel. Foto via delux-mag.com&lt;\/p&gt;\n\" data-medium-file=\"https:\/\/i0.wp.com\/www.moda.es\/blog\/wp-content\/uploads\/2012\/01\/american-apparel-ad-xlr8r-bubblelicious-160206-580x352-e1326416315186.jpg?fit=300%2C181\" data-large-file=\"https:\/\/i0.wp.com\/www.moda.es\/blog\/wp-content\/uploads\/2012\/01\/american-apparel-ad-xlr8r-bubblelicious-160206-580x352-e1326416315186.jpg?fit=500%2C303\" loading=\"lazy\" class=\"size-full wp-image-5046\" src=\"https:\/\/i0.wp.com\/www.moda.es\/blog\/wp-content\/uploads\/2012\/01\/american-apparel-ad-xlr8r-bubblelicious-160206-580x352-e1326416315186.jpg?resize=500%2C303\" alt=\"\" width=\"500\" height=\"303\" srcset=\"https:\/\/i0.wp.com\/www.moda.es\/blog\/wp-content\/uploads\/2012\/01\/american-apparel-ad-xlr8r-bubblelicious-160206-580x352-e1326416315186.jpg?w=500 500w, https:\/\/i0.wp.com\/www.moda.es\/blog\/wp-content\/uploads\/2012\/01\/american-apparel-ad-xlr8r-bubblelicious-160206-580x352-e1326416315186.jpg?resize=300%2C181 300w\" sizes=\"(max-width: 500px) 100vw, 500px\" data-recalc-dims=\"1\" \/><\/a><figcaption id=\"caption-attachment-5046\" class=\"wp-caption-text\">Publicidad de American Apparel. Foto via delux-mag.com<\/figcaption><\/figure>\n<figure id=\"attachment_5047\" aria-describedby=\"caption-attachment-5047\" style=\"width: 317px\" class=\"wp-caption aligncenter\"><a href=\"https:\/\/i0.wp.com\/www.moda.es\/blog\/wp-content\/uploads\/2012\/01\/Vice_Cover1.jpg\"><img data-attachment-id=\"5047\" data-permalink=\"http:\/\/www.moda.es\/blog\/vice_cover1\/\" data-orig-file=\"https:\/\/i0.wp.com\/www.moda.es\/blog\/wp-content\/uploads\/2012\/01\/Vice_Cover1.jpg?fit=317%2C400\" data-orig-size=\"317,400\" data-comments-opened=\"1\" data-image-meta=\"{&quot;aperture&quot;:&quot;0&quot;,&quot;credit&quot;:&quot;&quot;,&quot;camera&quot;:&quot;&quot;,&quot;caption&quot;:&quot;&quot;,&quot;created_timestamp&quot;:&quot;0&quot;,&quot;copyright&quot;:&quot;&quot;,&quot;focal_length&quot;:&quot;0&quot;,&quot;iso&quot;:&quot;0&quot;,&quot;shutter_speed&quot;:&quot;0&quot;,&quot;title&quot;:&quot;&quot;}\" data-image-title=\"Vice_Cover1\" data-image-description=\"\" data-image-caption=\"&lt;p&gt;Portada de Vice con Terry Richardson y un doble. Foto via cassiuseyewear.com&lt;\/p&gt;\n\" data-medium-file=\"https:\/\/i0.wp.com\/www.moda.es\/blog\/wp-content\/uploads\/2012\/01\/Vice_Cover1.jpg?fit=237%2C300\" data-large-file=\"https:\/\/i0.wp.com\/www.moda.es\/blog\/wp-content\/uploads\/2012\/01\/Vice_Cover1.jpg?fit=317%2C400\" loading=\"lazy\" class=\"size-full wp-image-5047\" src=\"https:\/\/i0.wp.com\/www.moda.es\/blog\/wp-content\/uploads\/2012\/01\/Vice_Cover1.jpg?resize=317%2C400\" alt=\"\" width=\"317\" height=\"400\" srcset=\"https:\/\/i0.wp.com\/www.moda.es\/blog\/wp-content\/uploads\/2012\/01\/Vice_Cover1.jpg?w=317 317w, https:\/\/i0.wp.com\/www.moda.es\/blog\/wp-content\/uploads\/2012\/01\/Vice_Cover1.jpg?resize=237%2C300 237w\" sizes=\"(max-width: 317px) 100vw, 317px\" data-recalc-dims=\"1\" \/><\/a><figcaption id=\"caption-attachment-5047\" class=\"wp-caption-text\">Portada de Vice con Terry Richardson y un doble. Foto via cassiuseyewear.com<\/figcaption><\/figure>\n","protected":false},"excerpt":{"rendered":"<p>\u00bfQu\u00e9 fue? \u00bfSigue siendo? \u00bfExiste en Espa\u00f1a? No son cuestiones vitales pero a quien le gusta la moda se le han podido pasar por la cabeza en alg\u00fan momento. Recientemente cay\u00f3 en mis manos el libro &#8216;\u00bfQu\u00e9 fue &#8216;lo hipster&#8217;? Una investigaci\u00f3n sociol\u00f3gica&#8217; (Alpha Decay, 2011) que presenta un estudio [&hellip;]<\/p>\n","protected":false},"author":2,"featured_media":16683,"comment_status":"open","ping_status":"open","sticky":false,"template":"","format":"standard","meta":{"jetpack_publicize_message":"","jetpack_is_tweetstorm":false,"jetpack_publicize_feature_enabled":true},"categories":[20],"tags":[],"jetpack_publicize_connections":[],"jetpack_featured_media_url":"https:\/\/i0.wp.com\/www.moda.es\/blog\/wp-content\/uploads\/2012\/01\/981.jpg?fit=300%2C484","jetpack_sharing_enabled":true,"jetpack_shortlink":"https:\/\/wp.me\/p4tJCC-1jm","jetpack-related-posts":[{"id":4170,"url":"http:\/\/www.moda.es\/blog\/el-poder-de-la-editora-de-moda-diana-vreeland\/","url_meta":{"origin":5044,"position":0},"title":"El poder de la editora de moda, Diana Vreeland","date":"noviembre 4, 2011","format":false,"excerpt":"El nombre de Diana Vreeland (1903-1989) sonar\u00e1 a los parroquianos de la moda, pero los profanos puede que no lo sepan, ella fue la Editora (as\u00ed, con may\u00fasuclas) de Harper's Bazaar y Vogue USA desde finales de los a\u00f1os 30 y hasta principios de los 70 , pero no se\u2026","rel":"","context":"En \u00abMedios\u00bb","img":{"alt_text":"","src":"https:\/\/i0.wp.com\/www.moda.es\/blog\/wp-content\/uploads\/2011\/11\/62_hq-e13204402794281.jpg?fit=500%2C260&resize=350%2C200","width":350,"height":200},"classes":[]},{"id":7635,"url":"http:\/\/www.moda.es\/blog\/hija-del-hip-hop\/","url_meta":{"origin":5044,"position":1},"title":"Hija del Hip Hop","date":"junio 24, 2012","format":false,"excerpt":"La historia de la moda actual -al menos, de un buen n\u00famero de firmas- se escribe as\u00ed: un grupo de amigos se junt\u00f3 para crear una l\u00ednea de camisetas y con el paso del tiempo, di\u00f3 a luz una firma en toda regla. As\u00ed tambi\u00e9n se podr\u00eda escribir la historia\u2026","rel":"","context":"En \u00abModa Hombre\u00bb","img":{"alt_text":"","src":"https:\/\/i0.wp.com\/www.moda.es\/blog\/wp-content\/uploads\/2012\/06\/MG_8941-e13405556025521.jpg?fit=500%2C333&resize=350%2C200","width":350,"height":200},"classes":[]},{"id":13888,"url":"http:\/\/www.moda.es\/blog\/el-nuevo-debut-de-garance-dore\/","url_meta":{"origin":5044,"position":2},"title":"El nuevo debut de Garance Dor\u00e9","date":"agosto 23, 2013","format":false,"excerpt":"Siete a\u00f1os despu\u00e9s de comenzar su sitio web hom\u00f3nimo, Garance Dor\u00e9 ha dado el paso inevitable para los bloggers de estilo con un cierto nivel (es decir, con una determinada tasa de usuarios \u00fanicos). Siguiendo los pasos de su pareja, Scott Schuman, o lo que es lo mismo, The Sartorialist,\u2026","rel":"","context":"En \u00abActualidad\u00bb","img":{"alt_text":"","src":"https:\/\/i0.wp.com\/www.moda.es\/blog\/wp-content\/uploads\/2013\/08\/Garance-Dore-3.jpg?fit=300%2C436&resize=350%2C200","width":350,"height":200},"classes":[]},{"id":19811,"url":"http:\/\/www.moda.es\/blog\/becoming-lo-ultimo-de-cindy-crawford\/","url_meta":{"origin":5044,"position":3},"title":"Becoming, lo \u00faltimo de Cindy Crawford","date":"septiembre 22, 2015","format":false,"excerpt":"Cindy Crawford reflexiona sobre su vida en la moda con el lanzamiento del libro, Becoming. Resulta dif\u00edcil de creer que Cindy Crawford se est\u00e9 acercando a su cumplea\u00f1os n\u00famero 50 el pr\u00f3ximo mes de febrero, pero as\u00ed es. Crawford fue una de las fundadoras en los ochenta del fen\u00f3meno de\u2026","rel":"","context":"En \u00abActualidad\u00bb","img":{"alt_text":"","src":"https:\/\/i0.wp.com\/www.moda.es\/blog\/wp-content\/uploads\/2015\/09\/Captura-de-pantalla-2015-09-22-a-las-22.38.48.png?fit=523%2C648&resize=350%2C200","width":350,"height":200},"classes":[]},{"id":8204,"url":"http:\/\/www.moda.es\/blog\/a-vueltas-con-la-camisa\/","url_meta":{"origin":5044,"position":4},"title":"A vueltas con la camisa","date":"agosto 7, 2012","format":false,"excerpt":"Poco se puede innovar hoy en d\u00eda en moda. En lo que m\u00e1s se avanza en tecnolog\u00eda aplicada en textiles, pero en lo que respecta a dise\u00f1os y patrones, nada nuevo bajo el sol. En moda hombre, si bien las camisas siguen siendo un cl\u00e1sico, en los \u00faltimos a\u00f1os ha\u2026","rel":"","context":"En \u00abModa Hombre\u00bb","img":{"alt_text":"","src":"https:\/\/i0.wp.com\/www.moda.es\/blog\/wp-content\/uploads\/2012\/08\/000322752-e13442958425951.jpg?fit=400%2C533&resize=350%2C200","width":350,"height":200},"classes":[]},{"id":12197,"url":"http:\/\/www.moda.es\/blog\/un-angel-muy-enfadado\/","url_meta":{"origin":5044,"position":5},"title":"Un \u00e1ngel muy enfadado","date":"abril 25, 2013","format":false,"excerpt":"Remordimientos religiosos. Eso es lo que ha movido a la ex \u00e1ngel de Victoria's Secret, Kylie Bisutti, ha abandonar las filas del desfile de lencer\u00eda m\u00e1s seguido del mundo. Febrero de 2012 fue la fecha y una provocativa sesi\u00f3n de fotos en ropa interior para la revista FHM fue el\u2026","rel":"","context":"En \u00abActualidad\u00bb","img":{"alt_text":"","src":"https:\/\/i0.wp.com\/www.moda.es\/blog\/wp-content\/uploads\/2013\/04\/Kylie-Bisutti-21.jpg?fit=400%2C600&resize=350%2C200","width":350,"height":200},"classes":[]}],"_links":{"self":[{"href":"http:\/\/www.moda.es\/blog\/wp-json\/wp\/v2\/posts\/5044"}],"collection":[{"href":"http:\/\/www.moda.es\/blog\/wp-json\/wp\/v2\/posts"}],"about":[{"href":"http:\/\/www.moda.es\/blog\/wp-json\/wp\/v2\/types\/post"}],"author":[{"embeddable":true,"href":"http:\/\/www.moda.es\/blog\/wp-json\/wp\/v2\/users\/2"}],"replies":[{"embeddable":true,"href":"http:\/\/www.moda.es\/blog\/wp-json\/wp\/v2\/comments?post=5044"}],"version-history":[{"count":0,"href":"http:\/\/www.moda.es\/blog\/wp-json\/wp\/v2\/posts\/5044\/revisions"}],"wp:featuredmedia":[{"embeddable":true,"href":"http:\/\/www.moda.es\/blog\/wp-json\/wp\/v2\/media\/16683"}],"wp:attachment":[{"href":"http:\/\/www.moda.es\/blog\/wp-json\/wp\/v2\/media?parent=5044"}],"wp:term":[{"taxonomy":"category","embeddable":true,"href":"http:\/\/www.moda.es\/blog\/wp-json\/wp\/v2\/categories?post=5044"},{"taxonomy":"post_tag","embeddable":true,"href":"http:\/\/www.moda.es\/blog\/wp-json\/wp\/v2\/tags?post=5044"}],"curies":[{"name":"wp","href":"https:\/\/api.w.org\/{rel}","templated":true}]}}