{"id":4706,"date":"2011-12-17T00:49:13","date_gmt":"2011-12-16T22:49:13","guid":{"rendered":"http:\/\/www.moda.es\/blog\/?p=4706"},"modified":"2011-12-17T00:49:13","modified_gmt":"2011-12-16T22:49:13","slug":"el-arte-de-crear-escenarios","status":"publish","type":"post","link":"http:\/\/www.moda.es\/blog\/el-arte-de-crear-escenarios\/","title":{"rendered":"El arte de crear escenarios"},"content":{"rendered":"<p>\u00bfHas tenido 15 minutos para ver el \u00faltimo v\u00eddeo clip de Lady Gaga, el de la canci\u00f3n \u00abMarry the night\u00bb? Dirigido por la propia cantante, es m\u00e1s que un clip un corto con una narraci\u00f3n partida y algo surrealista, un ejercicio est\u00e9tico que requiere de un gran y buen equipo detr\u00e1s. Entre los creativos incluidos en este proyecto est\u00e1 Gideon Ponte, todo un maestro de la escenograf\u00eda.<\/p>\n<figure id=\"attachment_4723\" aria-describedby=\"caption-attachment-4723\" style=\"width: 500px\" class=\"wp-caption aligncenter\"><a href=\"https:\/\/i0.wp.com\/www.moda.es\/blog\/wp-content\/uploads\/2011\/12\/tumblr_lvkno7NHXy1qeryzy.png\"><img data-attachment-id=\"4723\" data-permalink=\"http:\/\/www.moda.es\/blog\/tumblr_lvkno7nhxy1qeryzy\/\" data-orig-file=\"https:\/\/i0.wp.com\/www.moda.es\/blog\/wp-content\/uploads\/2011\/12\/tumblr_lvkno7NHXy1qeryzy-e1324076827557.png?fit=500%2C280\" data-orig-size=\"500,280\" data-comments-opened=\"1\" data-image-meta=\"{&quot;aperture&quot;:&quot;0&quot;,&quot;credit&quot;:&quot;&quot;,&quot;camera&quot;:&quot;&quot;,&quot;caption&quot;:&quot;&quot;,&quot;created_timestamp&quot;:&quot;0&quot;,&quot;copyright&quot;:&quot;&quot;,&quot;focal_length&quot;:&quot;0&quot;,&quot;iso&quot;:&quot;0&quot;,&quot;shutter_speed&quot;:&quot;0&quot;,&quot;title&quot;:&quot;&quot;}\" data-image-title=\"tumblr_lvkno7NHXy1qeryzy\" data-image-description=\"\" data-image-caption=\"&lt;p&gt;Imagen de \u00abMarry the night\u00bb. Foto via dailyblogz.tumblr.com&lt;\/p&gt;\n\" data-medium-file=\"https:\/\/i0.wp.com\/www.moda.es\/blog\/wp-content\/uploads\/2011\/12\/tumblr_lvkno7NHXy1qeryzy-e1324076827557.png?fit=300%2C168\" data-large-file=\"https:\/\/i0.wp.com\/www.moda.es\/blog\/wp-content\/uploads\/2011\/12\/tumblr_lvkno7NHXy1qeryzy-e1324076827557.png?fit=500%2C280\" loading=\"lazy\" class=\"size-full wp-image-4723\" src=\"https:\/\/i0.wp.com\/www.moda.es\/blog\/wp-content\/uploads\/2011\/12\/tumblr_lvkno7NHXy1qeryzy-e1324076827557.png?resize=500%2C280\" alt=\"\" width=\"500\" height=\"280\" srcset=\"https:\/\/i0.wp.com\/www.moda.es\/blog\/wp-content\/uploads\/2011\/12\/tumblr_lvkno7NHXy1qeryzy-e1324076827557.png?w=500 500w, https:\/\/i0.wp.com\/www.moda.es\/blog\/wp-content\/uploads\/2011\/12\/tumblr_lvkno7NHXy1qeryzy-e1324076827557.png?resize=300%2C168 300w\" sizes=\"(max-width: 500px) 100vw, 500px\" data-recalc-dims=\"1\" \/><\/a><figcaption id=\"caption-attachment-4723\" class=\"wp-caption-text\">Imagen de &quot;Marry the night&quot;. Foto via dailyblogz.tumblr.com<\/figcaption><\/figure>\n<figure id=\"attachment_4724\" aria-describedby=\"caption-attachment-4724\" style=\"width: 500px\" class=\"wp-caption aligncenter\"><a href=\"https:\/\/i0.wp.com\/www.moda.es\/blog\/wp-content\/uploads\/2011\/12\/1.jpg\"><img data-attachment-id=\"4724\" data-permalink=\"http:\/\/www.moda.es\/blog\/1-2\/\" data-orig-file=\"https:\/\/i0.wp.com\/www.moda.es\/blog\/wp-content\/uploads\/2011\/12\/1-e1324077058700.jpg?fit=500%2C358\" data-orig-size=\"500,358\" data-comments-opened=\"1\" data-image-meta=\"{&quot;aperture&quot;:&quot;0&quot;,&quot;credit&quot;:&quot;&quot;,&quot;camera&quot;:&quot;&quot;,&quot;caption&quot;:&quot;&quot;,&quot;created_timestamp&quot;:&quot;0&quot;,&quot;copyright&quot;:&quot;&quot;,&quot;focal_length&quot;:&quot;0&quot;,&quot;iso&quot;:&quot;0&quot;,&quot;shutter_speed&quot;:&quot;0&quot;,&quot;title&quot;:&quot;&quot;}\" data-image-title=\"1\" data-image-description=\"\" data-image-caption=\"&lt;p&gt;Otra imagen de \u00abMarry the night\u00bb. Foto via lady-gaga.com.mx &lt;\/p&gt;\n\" data-medium-file=\"https:\/\/i0.wp.com\/www.moda.es\/blog\/wp-content\/uploads\/2011\/12\/1-e1324077058700.jpg?fit=300%2C214\" data-large-file=\"https:\/\/i0.wp.com\/www.moda.es\/blog\/wp-content\/uploads\/2011\/12\/1-e1324077058700.jpg?fit=500%2C358\" loading=\"lazy\" class=\"size-full wp-image-4724\" src=\"https:\/\/i0.wp.com\/www.moda.es\/blog\/wp-content\/uploads\/2011\/12\/1-e1324077058700.jpg?resize=500%2C358\" alt=\"\" width=\"500\" height=\"358\" srcset=\"https:\/\/i0.wp.com\/www.moda.es\/blog\/wp-content\/uploads\/2011\/12\/1-e1324077058700.jpg?w=500 500w, https:\/\/i0.wp.com\/www.moda.es\/blog\/wp-content\/uploads\/2011\/12\/1-e1324077058700.jpg?resize=300%2C214 300w\" sizes=\"(max-width: 500px) 100vw, 500px\" data-recalc-dims=\"1\" \/><\/a><figcaption id=\"caption-attachment-4724\" class=\"wp-caption-text\">Otra imagen de &quot;Marry the night&quot;. Foto via lady-gaga.com.mx<\/figcaption><\/figure>\n<figure id=\"attachment_4725\" aria-describedby=\"caption-attachment-4725\" style=\"width: 500px\" class=\"wp-caption aligncenter\"><a href=\"https:\/\/i0.wp.com\/www.moda.es\/blog\/wp-content\/uploads\/2011\/12\/marrythenight.jpg\"><img data-attachment-id=\"4725\" data-permalink=\"http:\/\/www.moda.es\/blog\/marrythenight\/\" data-orig-file=\"https:\/\/i0.wp.com\/www.moda.es\/blog\/wp-content\/uploads\/2011\/12\/marrythenight-e1324077269143.jpg?fit=500%2C500\" data-orig-size=\"500,500\" data-comments-opened=\"1\" data-image-meta=\"{&quot;aperture&quot;:&quot;0&quot;,&quot;credit&quot;:&quot;&quot;,&quot;camera&quot;:&quot;&quot;,&quot;caption&quot;:&quot;&quot;,&quot;created_timestamp&quot;:&quot;0&quot;,&quot;copyright&quot;:&quot;&quot;,&quot;focal_length&quot;:&quot;0&quot;,&quot;iso&quot;:&quot;0&quot;,&quot;shutter_speed&quot;:&quot;0&quot;,&quot;title&quot;:&quot;&quot;}\" data-image-title=\"marrythenight\" data-image-description=\"\" data-image-caption=\"&lt;p&gt;Foto via lady-gaga.com.mx &lt;\/p&gt;\n\" data-medium-file=\"https:\/\/i0.wp.com\/www.moda.es\/blog\/wp-content\/uploads\/2011\/12\/marrythenight-e1324077269143.jpg?fit=300%2C300\" data-large-file=\"https:\/\/i0.wp.com\/www.moda.es\/blog\/wp-content\/uploads\/2011\/12\/marrythenight-e1324077269143.jpg?fit=500%2C500\" loading=\"lazy\" class=\"size-full wp-image-4725\" src=\"https:\/\/i0.wp.com\/www.moda.es\/blog\/wp-content\/uploads\/2011\/12\/marrythenight-e1324077269143.jpg?resize=500%2C500\" alt=\"\" width=\"500\" height=\"500\" srcset=\"https:\/\/i0.wp.com\/www.moda.es\/blog\/wp-content\/uploads\/2011\/12\/marrythenight-e1324077269143.jpg?w=500 500w, https:\/\/i0.wp.com\/www.moda.es\/blog\/wp-content\/uploads\/2011\/12\/marrythenight-e1324077269143.jpg?resize=150%2C150 150w, https:\/\/i0.wp.com\/www.moda.es\/blog\/wp-content\/uploads\/2011\/12\/marrythenight-e1324077269143.jpg?resize=300%2C300 300w\" sizes=\"(max-width: 500px) 100vw, 500px\" data-recalc-dims=\"1\" \/><\/a><figcaption id=\"caption-attachment-4725\" class=\"wp-caption-text\">Foto via lady-gaga.com.mx<\/figcaption><\/figure>\n<p>Gideon Ponte es productor y dise\u00f1ador escenogr\u00e1fico vinculado al cine y al mundo de la moda. Ha trabajado en cortos y pel\u00edculas de muy diferente car\u00e1cter, tanto en cine independiente como Buffalo 66 y otras m\u00e1s comerciales como American Psycho y Nacho Libre. Adem\u00e1s, ha creado decorados para v\u00eddeo clips llegando a ganar en 1999 un premio MTV a la mejor direcci\u00f3n art\u00edstica por el v\u00eddeo de la canci\u00f3n \u00abDo Wop (That Thing)\u00bb de Lauryn Hill. El \u00faltimo clip de su cosecha, el ya comentado \u00abMarry the night\u00bb.<\/p>\n<figure id=\"attachment_4722\" aria-describedby=\"caption-attachment-4722\" style=\"width: 500px\" class=\"wp-caption aligncenter\"><a href=\"https:\/\/i0.wp.com\/www.moda.es\/blog\/wp-content\/uploads\/2011\/12\/american_psycho-1.jpg\"><img data-attachment-id=\"4722\" data-permalink=\"http:\/\/www.moda.es\/blog\/american_psycho-1\/\" data-orig-file=\"https:\/\/i0.wp.com\/www.moda.es\/blog\/wp-content\/uploads\/2011\/12\/american_psycho-1-e1324076540552.jpg?fit=500%2C333\" data-orig-size=\"500,333\" data-comments-opened=\"1\" data-image-meta=\"{&quot;aperture&quot;:&quot;0&quot;,&quot;credit&quot;:&quot;&quot;,&quot;camera&quot;:&quot;&quot;,&quot;caption&quot;:&quot;&quot;,&quot;created_timestamp&quot;:&quot;0&quot;,&quot;copyright&quot;:&quot;&quot;,&quot;focal_length&quot;:&quot;0&quot;,&quot;iso&quot;:&quot;0&quot;,&quot;shutter_speed&quot;:&quot;0&quot;,&quot;title&quot;:&quot;&quot;}\" data-image-title=\"american_psycho-1\" data-image-description=\"\" data-image-caption=\"&lt;p&gt;American Psycho.&lt;\/p&gt;\n\" data-medium-file=\"https:\/\/i0.wp.com\/www.moda.es\/blog\/wp-content\/uploads\/2011\/12\/american_psycho-1-e1324076540552.jpg?fit=300%2C199\" data-large-file=\"https:\/\/i0.wp.com\/www.moda.es\/blog\/wp-content\/uploads\/2011\/12\/american_psycho-1-e1324076540552.jpg?fit=500%2C333\" loading=\"lazy\" class=\"size-full wp-image-4722\" src=\"https:\/\/i0.wp.com\/www.moda.es\/blog\/wp-content\/uploads\/2011\/12\/american_psycho-1-e1324076540552.jpg?resize=500%2C333\" alt=\"\" width=\"500\" height=\"333\" srcset=\"https:\/\/i0.wp.com\/www.moda.es\/blog\/wp-content\/uploads\/2011\/12\/american_psycho-1-e1324076540552.jpg?w=500 500w, https:\/\/i0.wp.com\/www.moda.es\/blog\/wp-content\/uploads\/2011\/12\/american_psycho-1-e1324076540552.jpg?resize=300%2C199 300w\" sizes=\"(max-width: 500px) 100vw, 500px\" data-recalc-dims=\"1\" \/><\/a><figcaption id=\"caption-attachment-4722\" class=\"wp-caption-text\">American Psycho.<\/figcaption><\/figure>\n<p>Ha puesto su apellido a su propia empresa, PONTE &amp; Son, con la que colabora dise\u00f1ando escenarios para algunos de los m\u00e1s importantes fot\u00f3grafos de moda de hoy, Mario Testino, Steven Meisel, Nick Knight, David Sims y Steven Klein.<\/p>\n<figure id=\"attachment_4721\" aria-describedby=\"caption-attachment-4721\" style=\"width: 500px\" class=\"wp-caption aligncenter\"><a href=\"https:\/\/i0.wp.com\/www.moda.es\/blog\/wp-content\/uploads\/2011\/12\/LV-AW10-SHOT1.jpg\"><img data-attachment-id=\"4721\" data-permalink=\"http:\/\/www.moda.es\/blog\/lv-aw10-shot1\/\" data-orig-file=\"https:\/\/i0.wp.com\/www.moda.es\/blog\/wp-content\/uploads\/2011\/12\/LV-AW10-SHOT1-e1324076204822.jpg?fit=500%2C323\" data-orig-size=\"500,323\" data-comments-opened=\"1\" data-image-meta=\"{&quot;aperture&quot;:&quot;0&quot;,&quot;credit&quot;:&quot;&quot;,&quot;camera&quot;:&quot;&quot;,&quot;caption&quot;:&quot;&quot;,&quot;created_timestamp&quot;:&quot;0&quot;,&quot;copyright&quot;:&quot;&quot;,&quot;focal_length&quot;:&quot;0&quot;,&quot;iso&quot;:&quot;0&quot;,&quot;shutter_speed&quot;:&quot;0&quot;,&quot;title&quot;:&quot;&quot;}\" data-image-title=\"LV-AW10-SHOT1\" data-image-description=\"\" data-image-caption=\"&lt;p&gt;Decorado de Gideon Ponte, fotograf\u00eda de Steven Meisel para una publicidad de Louis Vuiton. Foto via themagnetagency.blogspot.com &lt;\/p&gt;\n\" data-medium-file=\"https:\/\/i0.wp.com\/www.moda.es\/blog\/wp-content\/uploads\/2011\/12\/LV-AW10-SHOT1-e1324076204822.jpg?fit=300%2C193\" data-large-file=\"https:\/\/i0.wp.com\/www.moda.es\/blog\/wp-content\/uploads\/2011\/12\/LV-AW10-SHOT1-e1324076204822.jpg?fit=500%2C323\" loading=\"lazy\" class=\"size-full wp-image-4721\" src=\"https:\/\/i0.wp.com\/www.moda.es\/blog\/wp-content\/uploads\/2011\/12\/LV-AW10-SHOT1-e1324076204822.jpg?resize=500%2C323\" alt=\"\" width=\"500\" height=\"323\" srcset=\"https:\/\/i0.wp.com\/www.moda.es\/blog\/wp-content\/uploads\/2011\/12\/LV-AW10-SHOT1-e1324076204822.jpg?w=500 500w, https:\/\/i0.wp.com\/www.moda.es\/blog\/wp-content\/uploads\/2011\/12\/LV-AW10-SHOT1-e1324076204822.jpg?resize=300%2C193 300w\" sizes=\"(max-width: 500px) 100vw, 500px\" data-recalc-dims=\"1\" \/><\/a><figcaption id=\"caption-attachment-4721\" class=\"wp-caption-text\">Decorado de Gideon Ponte, fotograf\u00eda de Steven Meisel para una publicidad de Louis Vuiton. Foto via themagnetagency.blogspot.com<\/figcaption><\/figure>\n<p>&nbsp;<\/p>\n<figure id=\"attachment_4728\" aria-describedby=\"caption-attachment-4728\" style=\"width: 292px\" class=\"wp-caption aligncenter\"><a href=\"https:\/\/i0.wp.com\/www.moda.es\/blog\/wp-content\/uploads\/2011\/12\/Vogue-Kate-Moss-11.jpg\"><img data-attachment-id=\"4728\" data-permalink=\"http:\/\/www.moda.es\/blog\/vogue-kate-moss-11\/\" data-orig-file=\"https:\/\/i0.wp.com\/www.moda.es\/blog\/wp-content\/uploads\/2011\/12\/Vogue-Kate-Moss-11.jpg?fit=292%2C400\" data-orig-size=\"292,400\" data-comments-opened=\"1\" data-image-meta=\"{&quot;aperture&quot;:&quot;0&quot;,&quot;credit&quot;:&quot;&quot;,&quot;camera&quot;:&quot;&quot;,&quot;caption&quot;:&quot;&quot;,&quot;created_timestamp&quot;:&quot;0&quot;,&quot;copyright&quot;:&quot;&quot;,&quot;focal_length&quot;:&quot;0&quot;,&quot;iso&quot;:&quot;0&quot;,&quot;shutter_speed&quot;:&quot;0&quot;,&quot;title&quot;:&quot;&quot;}\" data-image-title=\"Vogue-Kate-Moss-11\" data-image-description=\"\" data-image-caption=\"&lt;p&gt;Kate Moss en el Vogue USA de Septiembre 2011, dise\u00f1o de decorado de Gideon Ponte y fotograf\u00eda de Mario Testino. Foto via themagnetagency.blogspot.com&lt;\/p&gt;\n\" data-medium-file=\"https:\/\/i0.wp.com\/www.moda.es\/blog\/wp-content\/uploads\/2011\/12\/Vogue-Kate-Moss-11.jpg?fit=219%2C300\" data-large-file=\"https:\/\/i0.wp.com\/www.moda.es\/blog\/wp-content\/uploads\/2011\/12\/Vogue-Kate-Moss-11.jpg?fit=292%2C400\" loading=\"lazy\" class=\"size-full wp-image-4728\" src=\"https:\/\/i0.wp.com\/www.moda.es\/blog\/wp-content\/uploads\/2011\/12\/Vogue-Kate-Moss-11.jpg?resize=292%2C400\" alt=\"\" width=\"292\" height=\"400\" srcset=\"https:\/\/i0.wp.com\/www.moda.es\/blog\/wp-content\/uploads\/2011\/12\/Vogue-Kate-Moss-11.jpg?w=292 292w, https:\/\/i0.wp.com\/www.moda.es\/blog\/wp-content\/uploads\/2011\/12\/Vogue-Kate-Moss-11.jpg?resize=219%2C300 219w\" sizes=\"(max-width: 292px) 100vw, 292px\" data-recalc-dims=\"1\" \/><\/a><figcaption id=\"caption-attachment-4728\" class=\"wp-caption-text\">Kate Moss en el Vogue USA de Septiembre 2011, dise\u00f1o de decorado de Gideon Ponte y fotograf\u00eda de Mario Testino. Foto via themagnetagency.blogspot.com<\/figcaption><\/figure>\n<p>La construcci\u00f3n de un ambiente con el decorado, como hace Ponte, es la labor de una mano invisible, una labor necesaria y esencial. Es la creaci\u00f3n de referencias visuales, de un mundo est\u00e9tico.<\/p>\n","protected":false},"excerpt":{"rendered":"<p>\u00bfHas tenido 15 minutos para ver el \u00faltimo v\u00eddeo clip de Lady Gaga, el de la canci\u00f3n \u00abMarry the night\u00bb? Dirigido por la propia cantante, es m\u00e1s que un clip un corto con una narraci\u00f3n partida y algo surrealista, un ejercicio est\u00e9tico que requiere de un gran y buen equipo [&hellip;]<\/p>\n","protected":false},"author":2,"featured_media":16659,"comment_status":"open","ping_status":"open","sticky":false,"template":"","format":"standard","meta":{"jetpack_publicize_message":"","jetpack_is_tweetstorm":false,"jetpack_publicize_feature_enabled":true},"categories":[16],"tags":[],"jetpack_publicize_connections":[],"jetpack_featured_media_url":"https:\/\/i0.wp.com\/www.moda.es\/blog\/wp-content\/uploads\/2011\/12\/tumblr_lvkno7NHXy1qeryzy-e13240768275571.png?fit=500%2C280","jetpack_sharing_enabled":true,"jetpack_shortlink":"https:\/\/wp.me\/p4tJCC-1dU","jetpack-related-posts":[{"id":21568,"url":"http:\/\/www.moda.es\/blog\/motivacion-maxima-en-el-gym-con-rosie-huntington\/","url_meta":{"origin":4706,"position":0},"title":"Motivaci\u00f3n m\u00e1xima en el gym con Rosie Huntington","date":"enero 5, 2017","format":false,"excerpt":"No hay nada como la perspectiva de un entrenamiento con una supermodelo para agregar un toque de motivaci\u00f3n\u00a0extra para salir\u00a0de la cama en una ma\u00f1ana fr\u00eda y oscura a principios de enero para entrenar.Watch Full Movie Online Streaming Online and Download Ofreciendo as\u00ed un poco de inspiraci\u00f3n, \u00a0Rosie Huntington-Whiteley se\u2026","rel":"","context":"En \u00abCampa\u00f1as\u00bb","img":{"alt_text":"","src":"https:\/\/i0.wp.com\/www.moda.es\/blog\/wp-content\/uploads\/2017\/01\/Captura-de-pantalla-2017-01-05-a-las-19.33.20.png?fit=484%2C481&resize=350%2C200","width":350,"height":200},"classes":[]},{"id":21306,"url":"http:\/\/www.moda.es\/blog\/net-a-porter-se-reforma\/","url_meta":{"origin":4706,"position":1},"title":"Net-A-Porter se \u00abReforma\u00bb","date":"noviembre 8, 2016","format":false,"excerpt":"Net-A-Porter y Reformation han colaborado en una edici\u00f3n exclusiva para la temporada de fiesta, siendo\u00a0la primera vez que la marca americana\u00a0de moda sostenible\u00a0estar\u00e1\u00a0disponible para comprar a nivel mundial. \u201cReformation es una marca con una gran conciencia eco que no es normalmente algo que vaya de la mano con la moda.\u2026","rel":"","context":"En \u00abActualidad\u00bb","img":{"alt_text":"","src":"https:\/\/i0.wp.com\/www.moda.es\/blog\/wp-content\/uploads\/2016\/11\/Captura-de-pantalla-2016-11-08-a-las-19.57.32.png?fit=368%2C452&resize=350%2C200","width":350,"height":200},"classes":[]},{"id":7635,"url":"http:\/\/www.moda.es\/blog\/hija-del-hip-hop\/","url_meta":{"origin":4706,"position":2},"title":"Hija del Hip Hop","date":"junio 24, 2012","format":false,"excerpt":"La historia de la moda actual -al menos, de un buen n\u00famero de firmas- se escribe as\u00ed: un grupo de amigos se junt\u00f3 para crear una l\u00ednea de camisetas y con el paso del tiempo, di\u00f3 a luz una firma en toda regla. As\u00ed tambi\u00e9n se podr\u00eda escribir la historia\u2026","rel":"","context":"En \u00abModa Hombre\u00bb","img":{"alt_text":"","src":"https:\/\/i0.wp.com\/www.moda.es\/blog\/wp-content\/uploads\/2012\/06\/MG_8941-e13405556025521.jpg?fit=500%2C333&resize=350%2C200","width":350,"height":200},"classes":[]},{"id":8691,"url":"http:\/\/www.moda.es\/blog\/la-firma-invisible-para-hm\/","url_meta":{"origin":4706,"position":3},"title":"La firma invisible para H&#038;M","date":"septiembre 12, 2012","format":false,"excerpt":"La fecha es cada vez m\u00e1s cercana: a mediados de noviembre se lanza la colecci\u00f3n c\u00e1psula de Maison Martin Margiela para el gigante sueco de la moda. A veces, la moda consigue reconciliar las mayores paradojas ya que dentro de la moda la firma Margiela naci\u00f3 como un desf\u00edo a\u2026","rel":"","context":"En \u00abFirmas\u00bb","img":{"alt_text":"","src":"https:\/\/i0.wp.com\/www.moda.es\/blog\/wp-content\/uploads\/2012\/09\/562163_10150980582539797_727640838_n-e13474064677031.jpg?fit=500%2C265&resize=350%2C200","width":350,"height":200},"classes":[]},{"id":9031,"url":"http:\/\/www.moda.es\/blog\/oliphant-una-nueva-vida\/","url_meta":{"origin":4706,"position":4},"title":"Oliphant, una nueva vida","date":"octubre 6, 2012","format":false,"excerpt":"Si eres de Madrid o te has movido a menudo por la ciudad, gust\u00e1ndote la moda, seguro que conoces Oliphant. Este espacio abri\u00f3 sus puertas en 2004 como una tienda multimarca que ofrec\u00eda un concepto de vida en el que la decoraci\u00f3n y la moda, incluso infantil, se mezclaban en\u2026","rel":"","context":"En \u00abFirmas\u00bb","img":{"alt_text":"","src":"https:\/\/i0.wp.com\/www.moda.es\/blog\/wp-content\/uploads\/2012\/10\/480420_10151208675603816_1066177143_n-e13494807828661.jpg?fit=400%2C585&resize=350%2C200","width":350,"height":200},"classes":[]},{"id":7886,"url":"http:\/\/www.moda.es\/blog\/alexa-chung-nuevo-rostro-de-maje\/","url_meta":{"origin":4706,"position":5},"title":"Alexa Chung, nuevo rostro de Maje","date":"julio 7, 2012","format":false,"excerpt":"Es una asidua en nuestro blog. Y no s\u00f3lo porque sea una de nuestras it-girls favoritas, sino porque suele ser noticia. Esta semana la inglesa m\u00e1s de moda asist\u00eda al desfile de Alta Costura de Chanel en Par\u00eds junto a lo m\u00e1s granado de la moda, el cine y la\u2026","rel":"","context":"En \u00abIt Girl\u00bb","img":{"alt_text":"","src":"https:\/\/i0.wp.com\/www.moda.es\/blog\/wp-content\/uploads\/2012\/07\/Alexa-pour-Maje-2-568x3791.png?fit=568%2C379&resize=350%2C200","width":350,"height":200},"classes":[]}],"_links":{"self":[{"href":"http:\/\/www.moda.es\/blog\/wp-json\/wp\/v2\/posts\/4706"}],"collection":[{"href":"http:\/\/www.moda.es\/blog\/wp-json\/wp\/v2\/posts"}],"about":[{"href":"http:\/\/www.moda.es\/blog\/wp-json\/wp\/v2\/types\/post"}],"author":[{"embeddable":true,"href":"http:\/\/www.moda.es\/blog\/wp-json\/wp\/v2\/users\/2"}],"replies":[{"embeddable":true,"href":"http:\/\/www.moda.es\/blog\/wp-json\/wp\/v2\/comments?post=4706"}],"version-history":[{"count":0,"href":"http:\/\/www.moda.es\/blog\/wp-json\/wp\/v2\/posts\/4706\/revisions"}],"wp:featuredmedia":[{"embeddable":true,"href":"http:\/\/www.moda.es\/blog\/wp-json\/wp\/v2\/media\/16659"}],"wp:attachment":[{"href":"http:\/\/www.moda.es\/blog\/wp-json\/wp\/v2\/media?parent=4706"}],"wp:term":[{"taxonomy":"category","embeddable":true,"href":"http:\/\/www.moda.es\/blog\/wp-json\/wp\/v2\/categories?post=4706"},{"taxonomy":"post_tag","embeddable":true,"href":"http:\/\/www.moda.es\/blog\/wp-json\/wp\/v2\/tags?post=4706"}],"curies":[{"name":"wp","href":"https:\/\/api.w.org\/{rel}","templated":true}]}}