{"id":4689,"date":"2011-12-16T00:48:43","date_gmt":"2011-12-15T22:48:43","guid":{"rendered":"http:\/\/www.moda.es\/blog\/?p=4689"},"modified":"2011-12-16T00:48:43","modified_gmt":"2011-12-15T22:48:43","slug":"goudemalion-jean-paul-goude-en-todo-su-esplendor","status":"publish","type":"post","link":"http:\/\/www.moda.es\/blog\/goudemalion-jean-paul-goude-en-todo-su-esplendor\/","title":{"rendered":"Goudemalion: Jean-Paul Goude en todo su esplendor"},"content":{"rendered":"<figure id=\"attachment_4695\" aria-describedby=\"caption-attachment-4695\" style=\"width: 402px\" class=\"wp-caption aligncenter\"><a href=\"https:\/\/i0.wp.com\/www.moda.es\/blog\/wp-content\/uploads\/2011\/12\/179187.jpg\"><img data-attachment-id=\"4695\" data-permalink=\"http:\/\/www.moda.es\/blog\/179187\/\" data-orig-file=\"https:\/\/i0.wp.com\/www.moda.es\/blog\/wp-content\/uploads\/2011\/12\/179187-e1323997444249.jpg?fit=402%2C500\" data-orig-size=\"402,500\" data-comments-opened=\"1\" data-image-meta=\"{&quot;aperture&quot;:&quot;0&quot;,&quot;credit&quot;:&quot;&quot;,&quot;camera&quot;:&quot;&quot;,&quot;caption&quot;:&quot;&quot;,&quot;created_timestamp&quot;:&quot;0&quot;,&quot;copyright&quot;:&quot;&quot;,&quot;focal_length&quot;:&quot;0&quot;,&quot;iso&quot;:&quot;0&quot;,&quot;shutter_speed&quot;:&quot;0&quot;,&quot;title&quot;:&quot;&quot;}\" data-image-title=\"179187\" data-image-description=\"\" data-image-caption=\"&lt;p&gt;Foto via www.anothermag.com &lt;\/p&gt;\n\" data-medium-file=\"https:\/\/i0.wp.com\/www.moda.es\/blog\/wp-content\/uploads\/2011\/12\/179187-e1323997444249.jpg?fit=241%2C300\" data-large-file=\"https:\/\/i0.wp.com\/www.moda.es\/blog\/wp-content\/uploads\/2011\/12\/179187-e1323997444249.jpg?fit=402%2C500\" loading=\"lazy\" class=\"size-full wp-image-4695\" src=\"https:\/\/i0.wp.com\/www.moda.es\/blog\/wp-content\/uploads\/2011\/12\/179187-e1323997444249.jpg?resize=402%2C500\" alt=\"\" width=\"402\" height=\"500\" srcset=\"https:\/\/i0.wp.com\/www.moda.es\/blog\/wp-content\/uploads\/2011\/12\/179187-e1323997444249.jpg?w=402 402w, https:\/\/i0.wp.com\/www.moda.es\/blog\/wp-content\/uploads\/2011\/12\/179187-e1323997444249.jpg?resize=241%2C300 241w\" sizes=\"(max-width: 402px) 100vw, 402px\" data-recalc-dims=\"1\" \/><\/a><figcaption id=\"caption-attachment-4695\" class=\"wp-caption-text\">Foto via www.anothermag.com<\/figcaption><\/figure>\n<p>Uno de los m\u00e1s brillantes creadores de im\u00e1genes de nuestro tiempo, creador tambi\u00e9n de un universo propio y \u00fanico que ha definido una \u00e9poca.<a href=\"http:\/\/www.jeanpaulgoude.com\/\"> Jean-Paul Goude<\/a> es un artista de muchos talentos y, por ello y por su trayectoria estelar, el <a href=\"http:\/\/www.lesartsdecoratifs.fr\/\">Museo de Artes Decorativas de Par\u00eds<\/a> le rinde ahora la primera exposici\u00f3n retrospectiva en Par\u00eds hasta el 18 de marzo.<\/p>\n<p>Como el hombre del Renacimiento en versi\u00f3n moderna: ilustrador, fot\u00f3grafo, realizador, director creativo desde hace 40 a\u00f1os. Jean-Paul Goude (1940) ha trabajado tanto en prensa y publicidad como en el \u00e1mbito de la m\u00fasica. Sus <em>spots<\/em> y campa\u00f1as gr\u00e1ficas de los 80 y principios de los 90 forman parte del imaginario colectivo de quienes vivieron conscientemente esas d\u00e9cadas: colores primarios saturados, expresiones exageradas, proporciones alteradas. Sus musas -sobre todo, Grace Jones- son el rostro de moda de esa \u00e9poca, no s\u00f3lo en Francia sino en todo el mundo. Ella, Jones -madre de sus dos hijos- fue moldeada por Goude como en el mito del Pigmali\u00f3n, de ah\u00ed, el t\u00edtulo de la muestra: Goudemalion.<\/p>\n<figure id=\"attachment_4696\" aria-describedby=\"caption-attachment-4696\" style=\"width: 370px\" class=\"wp-caption aligncenter\"><a href=\"https:\/\/i0.wp.com\/www.moda.es\/blog\/wp-content\/uploads\/2011\/12\/jean-paul-goude-1.jpg\"><img data-attachment-id=\"4696\" data-permalink=\"http:\/\/www.moda.es\/blog\/jean-paul-goude-1\/\" data-orig-file=\"https:\/\/i0.wp.com\/www.moda.es\/blog\/wp-content\/uploads\/2011\/12\/jean-paul-goude-1.jpg?fit=370%2C313\" data-orig-size=\"370,313\" data-comments-opened=\"1\" data-image-meta=\"{&quot;aperture&quot;:&quot;0&quot;,&quot;credit&quot;:&quot;&quot;,&quot;camera&quot;:&quot;&quot;,&quot;caption&quot;:&quot;&quot;,&quot;created_timestamp&quot;:&quot;0&quot;,&quot;copyright&quot;:&quot;&quot;,&quot;focal_length&quot;:&quot;0&quot;,&quot;iso&quot;:&quot;0&quot;,&quot;shutter_speed&quot;:&quot;0&quot;,&quot;title&quot;:&quot;&quot;}\" data-image-title=\"jean-paul-goude-1\" data-image-description=\"\" data-image-caption=\"&lt;p&gt;Foto via fashion.elle.com&lt;\/p&gt;\n\" data-medium-file=\"https:\/\/i0.wp.com\/www.moda.es\/blog\/wp-content\/uploads\/2011\/12\/jean-paul-goude-1.jpg?fit=300%2C253\" data-large-file=\"https:\/\/i0.wp.com\/www.moda.es\/blog\/wp-content\/uploads\/2011\/12\/jean-paul-goude-1.jpg?fit=370%2C313\" loading=\"lazy\" class=\"size-full wp-image-4696\" src=\"https:\/\/i0.wp.com\/www.moda.es\/blog\/wp-content\/uploads\/2011\/12\/jean-paul-goude-1.jpg?resize=370%2C313\" alt=\"\" width=\"370\" height=\"313\" srcset=\"https:\/\/i0.wp.com\/www.moda.es\/blog\/wp-content\/uploads\/2011\/12\/jean-paul-goude-1.jpg?w=370 370w, https:\/\/i0.wp.com\/www.moda.es\/blog\/wp-content\/uploads\/2011\/12\/jean-paul-goude-1.jpg?resize=300%2C253 300w\" sizes=\"(max-width: 370px) 100vw, 370px\" data-recalc-dims=\"1\" \/><\/a><figcaption id=\"caption-attachment-4696\" class=\"wp-caption-text\">Foto via fashion.elle.com<\/figcaption><\/figure>\n<figure id=\"attachment_4697\" aria-describedby=\"caption-attachment-4697\" style=\"width: 445px\" class=\"wp-caption aligncenter\"><a href=\"https:\/\/i0.wp.com\/www.moda.es\/blog\/wp-content\/uploads\/2011\/12\/jean-paul-goude-2.jpg\"><img data-attachment-id=\"4697\" data-permalink=\"http:\/\/www.moda.es\/blog\/jean-paul-goude-2\/\" data-orig-file=\"https:\/\/i0.wp.com\/www.moda.es\/blog\/wp-content\/uploads\/2011\/12\/jean-paul-goude-2.jpg?fit=445%2C300\" data-orig-size=\"445,300\" data-comments-opened=\"1\" data-image-meta=\"{&quot;aperture&quot;:&quot;0&quot;,&quot;credit&quot;:&quot;&quot;,&quot;camera&quot;:&quot;&quot;,&quot;caption&quot;:&quot;&quot;,&quot;created_timestamp&quot;:&quot;0&quot;,&quot;copyright&quot;:&quot;&quot;,&quot;focal_length&quot;:&quot;0&quot;,&quot;iso&quot;:&quot;0&quot;,&quot;shutter_speed&quot;:&quot;0&quot;,&quot;title&quot;:&quot;&quot;}\" data-image-title=\"jean-paul-goude-2\" data-image-description=\"\" data-image-caption=\"&lt;p&gt;Grace Jones mastod\u00f3ntica. Foto via fashion.elle.com &lt;\/p&gt;\n\" data-medium-file=\"https:\/\/i0.wp.com\/www.moda.es\/blog\/wp-content\/uploads\/2011\/12\/jean-paul-goude-2.jpg?fit=300%2C202\" data-large-file=\"https:\/\/i0.wp.com\/www.moda.es\/blog\/wp-content\/uploads\/2011\/12\/jean-paul-goude-2.jpg?fit=445%2C300\" loading=\"lazy\" class=\"size-full wp-image-4697\" src=\"https:\/\/i0.wp.com\/www.moda.es\/blog\/wp-content\/uploads\/2011\/12\/jean-paul-goude-2.jpg?resize=445%2C300\" alt=\"\" width=\"445\" height=\"300\" srcset=\"https:\/\/i0.wp.com\/www.moda.es\/blog\/wp-content\/uploads\/2011\/12\/jean-paul-goude-2.jpg?w=445 445w, https:\/\/i0.wp.com\/www.moda.es\/blog\/wp-content\/uploads\/2011\/12\/jean-paul-goude-2.jpg?resize=300%2C202 300w\" sizes=\"(max-width: 445px) 100vw, 445px\" data-recalc-dims=\"1\" \/><\/a><figcaption id=\"caption-attachment-4697\" class=\"wp-caption-text\">Grace Jones mastod\u00f3ntica. Foto via fashion.elle.com<\/figcaption><\/figure>\n<p>\u00c9sta se presenta como una instalaci\u00f3n vasta donde se recogen dibujos, bocetos, obra gr\u00e1fica, en s\u00ed los trabajos m\u00e1s legendarios de este artista franc\u00e9s. Entre sus proyectos enmarcados en la industria de la moda, se cuentan reportajes de moda, la memorable campa\u00f1a de <a href=\"http:\/\/www.youtube.com\/watch?v=mVnAalqZeZ8&amp;feature=related\">Ego\u00efste de Chanel<\/a> de 1990 o el retrato de Azzedine Alaia con la modelo Farida Khelfa. Impresionante, la direcci\u00f3n art\u00edstica del desfile conmemorativo del bicentenario de la Revoluci\u00f3n Francesa en 1989, todo un ejercicio de estilo ejemplar.<\/p>\n<figure id=\"attachment_4698\" aria-describedby=\"caption-attachment-4698\" style=\"width: 242px\" class=\"wp-caption aligncenter\"><a href=\"https:\/\/i0.wp.com\/www.moda.es\/blog\/wp-content\/uploads\/2011\/12\/jean-paul-goude-3.jpg\"><img data-attachment-id=\"4698\" data-permalink=\"http:\/\/www.moda.es\/blog\/jean-paul-goude-3\/\" data-orig-file=\"https:\/\/i0.wp.com\/www.moda.es\/blog\/wp-content\/uploads\/2011\/12\/jean-paul-goude-3.jpg?fit=230%2C303\" data-orig-size=\"230,303\" data-comments-opened=\"1\" data-image-meta=\"{&quot;aperture&quot;:&quot;0&quot;,&quot;credit&quot;:&quot;&quot;,&quot;camera&quot;:&quot;&quot;,&quot;caption&quot;:&quot;&quot;,&quot;created_timestamp&quot;:&quot;0&quot;,&quot;copyright&quot;:&quot;&quot;,&quot;focal_length&quot;:&quot;0&quot;,&quot;iso&quot;:&quot;0&quot;,&quot;shutter_speed&quot;:&quot;0&quot;,&quot;title&quot;:&quot;&quot;}\" data-image-title=\"jean-paul-goude-3\" data-image-description=\"\" data-image-caption=\"&lt;p&gt;El retrato de Azzedine Alaia y F Foto via fashion.elle.com &lt;\/p&gt;\n\" data-medium-file=\"https:\/\/i0.wp.com\/www.moda.es\/blog\/wp-content\/uploads\/2011\/12\/jean-paul-goude-3.jpg?fit=227%2C300\" data-large-file=\"https:\/\/i0.wp.com\/www.moda.es\/blog\/wp-content\/uploads\/2011\/12\/jean-paul-goude-3.jpg?fit=230%2C303\" loading=\"lazy\" class=\"size-full wp-image-4698\" src=\"https:\/\/i0.wp.com\/www.moda.es\/blog\/wp-content\/uploads\/2011\/12\/jean-paul-goude-3.jpg?resize=242%2C319\" alt=\"\" width=\"242\" height=\"319\" srcset=\"https:\/\/i0.wp.com\/www.moda.es\/blog\/wp-content\/uploads\/2011\/12\/jean-paul-goude-3.jpg?w=230 230w, https:\/\/i0.wp.com\/www.moda.es\/blog\/wp-content\/uploads\/2011\/12\/jean-paul-goude-3.jpg?resize=227%2C300 227w\" sizes=\"(max-width: 242px) 100vw, 242px\" data-recalc-dims=\"1\" \/><\/a><figcaption id=\"caption-attachment-4698\" class=\"wp-caption-text\">El retrato de Azzedine Alaia y F Foto via fashion.elle.com<\/figcaption><\/figure>\n<figure id=\"attachment_4699\" aria-describedby=\"caption-attachment-4699\" style=\"width: 382px\" class=\"wp-caption aligncenter\"><a href=\"https:\/\/i0.wp.com\/www.moda.es\/blog\/wp-content\/uploads\/2011\/12\/tumblr_l13gum5PEf1qb6pdzo1_500.jpg\"><img data-attachment-id=\"4699\" data-permalink=\"http:\/\/www.moda.es\/blog\/tumblr_l13gum5pef1qb6pdzo1_500\/\" data-orig-file=\"https:\/\/i0.wp.com\/www.moda.es\/blog\/wp-content\/uploads\/2011\/12\/tumblr_l13gum5PEf1qb6pdzo1_500-e1323998098916.jpg?fit=382%2C500\" data-orig-size=\"382,500\" data-comments-opened=\"1\" data-image-meta=\"{&quot;aperture&quot;:&quot;0&quot;,&quot;credit&quot;:&quot;&quot;,&quot;camera&quot;:&quot;&quot;,&quot;caption&quot;:&quot;&quot;,&quot;created_timestamp&quot;:&quot;0&quot;,&quot;copyright&quot;:&quot;&quot;,&quot;focal_length&quot;:&quot;0&quot;,&quot;iso&quot;:&quot;0&quot;,&quot;shutter_speed&quot;:&quot;0&quot;,&quot;title&quot;:&quot;&quot;}\" data-image-title=\"tumblr_l13gum5PEf1qb6pdzo1_500\" data-image-description=\"\" data-image-caption=\"&lt;p&gt;Goude fue director creativo de Esquire. &lt;\/p&gt;\n\" data-medium-file=\"https:\/\/i0.wp.com\/www.moda.es\/blog\/wp-content\/uploads\/2011\/12\/tumblr_l13gum5PEf1qb6pdzo1_500-e1323998098916.jpg?fit=229%2C300\" data-large-file=\"https:\/\/i0.wp.com\/www.moda.es\/blog\/wp-content\/uploads\/2011\/12\/tumblr_l13gum5PEf1qb6pdzo1_500-e1323998098916.jpg?fit=382%2C500\" loading=\"lazy\" class=\"size-full wp-image-4699\" src=\"https:\/\/i0.wp.com\/www.moda.es\/blog\/wp-content\/uploads\/2011\/12\/tumblr_l13gum5PEf1qb6pdzo1_500-e1323998098916.jpg?resize=382%2C500\" alt=\"\" width=\"382\" height=\"500\" srcset=\"https:\/\/i0.wp.com\/www.moda.es\/blog\/wp-content\/uploads\/2011\/12\/tumblr_l13gum5PEf1qb6pdzo1_500-e1323998098916.jpg?w=382 382w, https:\/\/i0.wp.com\/www.moda.es\/blog\/wp-content\/uploads\/2011\/12\/tumblr_l13gum5PEf1qb6pdzo1_500-e1323998098916.jpg?resize=229%2C300 229w\" sizes=\"(max-width: 382px) 100vw, 382px\" data-recalc-dims=\"1\" \/><\/a><figcaption id=\"caption-attachment-4699\" class=\"wp-caption-text\">Goude fue director creativo de Esquire.<\/figcaption><\/figure>\n<figure id=\"attachment_4701\" aria-describedby=\"caption-attachment-4701\" style=\"width: 500px\" class=\"wp-caption aligncenter\"><a href=\"https:\/\/i0.wp.com\/www.moda.es\/blog\/wp-content\/uploads\/2011\/12\/Jean-Paul-Goude-562.jpg\"><img data-attachment-id=\"4701\" data-permalink=\"http:\/\/www.moda.es\/blog\/jean-paul-goude-562\/\" data-orig-file=\"https:\/\/i0.wp.com\/www.moda.es\/blog\/wp-content\/uploads\/2011\/12\/Jean-Paul-Goude-562-e1323998364220.jpg?fit=500%2C469\" data-orig-size=\"500,469\" data-comments-opened=\"1\" data-image-meta=\"{&quot;aperture&quot;:&quot;0&quot;,&quot;credit&quot;:&quot;&quot;,&quot;camera&quot;:&quot;&quot;,&quot;caption&quot;:&quot;&quot;,&quot;created_timestamp&quot;:&quot;0&quot;,&quot;copyright&quot;:&quot;&quot;,&quot;focal_length&quot;:&quot;0&quot;,&quot;iso&quot;:&quot;0&quot;,&quot;shutter_speed&quot;:&quot;0&quot;,&quot;title&quot;:&quot;&quot;}\" data-image-title=\"Jean-Paul-Goude-562\" data-image-description=\"\" data-image-caption=\"&lt;p&gt;Foto via www.weareprivate.net&lt;\/p&gt;\n\" data-medium-file=\"https:\/\/i0.wp.com\/www.moda.es\/blog\/wp-content\/uploads\/2011\/12\/Jean-Paul-Goude-562-e1323998364220.jpg?fit=300%2C281\" data-large-file=\"https:\/\/i0.wp.com\/www.moda.es\/blog\/wp-content\/uploads\/2011\/12\/Jean-Paul-Goude-562-e1323998364220.jpg?fit=500%2C469\" loading=\"lazy\" class=\"size-full wp-image-4701\" src=\"https:\/\/i0.wp.com\/www.moda.es\/blog\/wp-content\/uploads\/2011\/12\/Jean-Paul-Goude-562-e1323998364220.jpg?resize=500%2C469\" alt=\"\" width=\"500\" height=\"469\" srcset=\"https:\/\/i0.wp.com\/www.moda.es\/blog\/wp-content\/uploads\/2011\/12\/Jean-Paul-Goude-562-e1323998364220.jpg?w=500 500w, https:\/\/i0.wp.com\/www.moda.es\/blog\/wp-content\/uploads\/2011\/12\/Jean-Paul-Goude-562-e1323998364220.jpg?resize=300%2C281 300w\" sizes=\"(max-width: 500px) 100vw, 500px\" data-recalc-dims=\"1\" \/><\/a><figcaption id=\"caption-attachment-4701\" class=\"wp-caption-text\">Foto via www.weareprivate.net<\/figcaption><\/figure>\n<p>Hoy se puede ver uno de sus \u00faltimos trabajos en la televisi\u00f3n desde casa: el <a href=\"http:\/\/www.youtube.com\/watch?v=VV4hEQJrZCI\"><em>spot<\/em> del nuevo perfume de Prada<\/a>, Candy, protagonizado por la actriz L\u00e9a Seydoux.<\/p>\n<figure id=\"attachment_4700\" aria-describedby=\"caption-attachment-4700\" style=\"width: 500px\" class=\"wp-caption aligncenter\"><a href=\"https:\/\/i0.wp.com\/www.moda.es\/blog\/wp-content\/uploads\/2011\/12\/93edfc0919bdf3dbb5c1032837b7dc0a.jpg\"><img data-attachment-id=\"4700\" data-permalink=\"http:\/\/www.moda.es\/blog\/93edfc0919bdf3dbb5c1032837b7dc0a\/\" data-orig-file=\"https:\/\/i0.wp.com\/www.moda.es\/blog\/wp-content\/uploads\/2011\/12\/93edfc0919bdf3dbb5c1032837b7dc0a-e1323998446647.jpg?fit=500%2C170\" data-orig-size=\"500,170\" data-comments-opened=\"1\" data-image-meta=\"{&quot;aperture&quot;:&quot;0&quot;,&quot;credit&quot;:&quot;&quot;,&quot;camera&quot;:&quot;&quot;,&quot;caption&quot;:&quot;&quot;,&quot;created_timestamp&quot;:&quot;0&quot;,&quot;copyright&quot;:&quot;&quot;,&quot;focal_length&quot;:&quot;0&quot;,&quot;iso&quot;:&quot;0&quot;,&quot;shutter_speed&quot;:&quot;0&quot;,&quot;title&quot;:&quot;&quot;}\" data-image-title=\"93edfc0919bdf3dbb5c1032837b7dc0a\" data-image-description=\"\" data-image-caption=\"&lt;p&gt;Foto via www.lesartsdecoratifs.fr&lt;\/p&gt;\n\" data-medium-file=\"https:\/\/i0.wp.com\/www.moda.es\/blog\/wp-content\/uploads\/2011\/12\/93edfc0919bdf3dbb5c1032837b7dc0a-e1323998446647.jpg?fit=300%2C102\" data-large-file=\"https:\/\/i0.wp.com\/www.moda.es\/blog\/wp-content\/uploads\/2011\/12\/93edfc0919bdf3dbb5c1032837b7dc0a-e1323998446647.jpg?fit=500%2C170\" loading=\"lazy\" class=\"size-full wp-image-4700\" src=\"https:\/\/i0.wp.com\/www.moda.es\/blog\/wp-content\/uploads\/2011\/12\/93edfc0919bdf3dbb5c1032837b7dc0a-e1323998446647.jpg?resize=500%2C170\" alt=\"\" width=\"500\" height=\"170\" srcset=\"https:\/\/i0.wp.com\/www.moda.es\/blog\/wp-content\/uploads\/2011\/12\/93edfc0919bdf3dbb5c1032837b7dc0a-e1323998446647.jpg?w=500 500w, https:\/\/i0.wp.com\/www.moda.es\/blog\/wp-content\/uploads\/2011\/12\/93edfc0919bdf3dbb5c1032837b7dc0a-e1323998446647.jpg?resize=300%2C102 300w\" sizes=\"(max-width: 500px) 100vw, 500px\" data-recalc-dims=\"1\" \/><\/a><figcaption id=\"caption-attachment-4700\" class=\"wp-caption-text\">Fotos via www.lesartsdecoratifs.fr<\/figcaption><\/figure>\n<p><a href=\"https:\/\/i0.wp.com\/www.moda.es\/blog\/wp-content\/uploads\/2011\/12\/fdebdb6d396b36c56fa9d5c07dfd5e9c.jpg\"><img data-attachment-id=\"4702\" data-permalink=\"http:\/\/www.moda.es\/blog\/fdebdb6d396b36c56fa9d5c07dfd5e9c\/\" data-orig-file=\"https:\/\/i0.wp.com\/www.moda.es\/blog\/wp-content\/uploads\/2011\/12\/fdebdb6d396b36c56fa9d5c07dfd5e9c-e1323998517884.jpg?fit=500%2C170\" data-orig-size=\"500,170\" data-comments-opened=\"1\" data-image-meta=\"{&quot;aperture&quot;:&quot;0&quot;,&quot;credit&quot;:&quot;&quot;,&quot;camera&quot;:&quot;&quot;,&quot;caption&quot;:&quot;&quot;,&quot;created_timestamp&quot;:&quot;0&quot;,&quot;copyright&quot;:&quot;&quot;,&quot;focal_length&quot;:&quot;0&quot;,&quot;iso&quot;:&quot;0&quot;,&quot;shutter_speed&quot;:&quot;0&quot;,&quot;title&quot;:&quot;&quot;}\" data-image-title=\"fdebdb6d396b36c56fa9d5c07dfd5e9c\" data-image-description=\"\" data-image-caption=\"\" data-medium-file=\"https:\/\/i0.wp.com\/www.moda.es\/blog\/wp-content\/uploads\/2011\/12\/fdebdb6d396b36c56fa9d5c07dfd5e9c-e1323998517884.jpg?fit=300%2C102\" data-large-file=\"https:\/\/i0.wp.com\/www.moda.es\/blog\/wp-content\/uploads\/2011\/12\/fdebdb6d396b36c56fa9d5c07dfd5e9c-e1323998517884.jpg?fit=500%2C170\" loading=\"lazy\" class=\"aligncenter size-full wp-image-4702\" src=\"https:\/\/i0.wp.com\/www.moda.es\/blog\/wp-content\/uploads\/2011\/12\/fdebdb6d396b36c56fa9d5c07dfd5e9c-e1323998517884.jpg?resize=500%2C170\" alt=\"\" width=\"500\" height=\"170\" srcset=\"https:\/\/i0.wp.com\/www.moda.es\/blog\/wp-content\/uploads\/2011\/12\/fdebdb6d396b36c56fa9d5c07dfd5e9c-e1323998517884.jpg?w=500 500w, https:\/\/i0.wp.com\/www.moda.es\/blog\/wp-content\/uploads\/2011\/12\/fdebdb6d396b36c56fa9d5c07dfd5e9c-e1323998517884.jpg?resize=300%2C102 300w\" sizes=\"(max-width: 500px) 100vw, 500px\" data-recalc-dims=\"1\" \/><\/a><\/p>\n<p>\u00b7 Goudemalion: Jean-Paul Goude une r\u00e9trospective, hasta el 18 de marzo en el Museo de las Artes Decorativas, Par\u00eds. <a href=\"http:\/\/www.lesartsdecoratifs.fr\/francais\/accueil-292\/une-486\/francais\/arts-decoratifs\/expositions-23\/actuellement\/dans-la-nef\/goudemalion-jean-paul-goude-une\/\">www.lesartsdecoratifs.fr<\/a><\/p>\n","protected":false},"excerpt":{"rendered":"<p>Uno de los m\u00e1s brillantes creadores de im\u00e1genes de nuestro tiempo, creador tambi\u00e9n de un universo propio y \u00fanico que ha definido una \u00e9poca. Jean-Paul Goude es un artista de muchos talentos y, por ello y por su trayectoria estelar, el Museo de Artes Decorativas de Par\u00eds le rinde ahora [&hellip;]<\/p>\n","protected":false},"author":2,"featured_media":16657,"comment_status":"open","ping_status":"open","sticky":false,"template":"","format":"standard","meta":{"jetpack_publicize_message":"","jetpack_is_tweetstorm":false,"jetpack_publicize_feature_enabled":true},"categories":[13,15],"tags":[],"jetpack_publicize_connections":[],"jetpack_featured_media_url":"https:\/\/i0.wp.com\/www.moda.es\/blog\/wp-content\/uploads\/2011\/12\/179187-e13239974442491.jpg?fit=402%2C500","jetpack_sharing_enabled":true,"jetpack_shortlink":"https:\/\/wp.me\/p4tJCC-1dD","jetpack-related-posts":[{"id":21210,"url":"http:\/\/www.moda.es\/blog\/ya-tenemos-el-lookbook-de-kenzo-para-hm\/","url_meta":{"origin":4689,"position":0},"title":"Ya tenemos el lookbook de Kenzo para H&amp;M","date":"octubre 10, 2016","format":false,"excerpt":"Hab\u00edamos conseguido unos pocos adelantos de\u00a0la pr\u00f3xima colecci\u00f3n de Kenzo x H&M\u00a0con la campa\u00f1a publicitaria de Jean-Paul Goude\u00a0pero para los que se quedaron con ganas de m\u00e1s\u00a0la espera ha terminado. El lookbook completo est\u00e1 aqu\u00ed, y est\u00e1 plagado\u00a0de estampados animales, superposiciones, suaves abrigos en tecnicolor \u00a0y maxi-vestidos. Los dise\u00f1adores\u00a0\u00a0Carol Lim\u2026","rel":"","context":"En \u00abActualidad\u00bb","img":{"alt_text":"","src":"https:\/\/i0.wp.com\/www.moda.es\/blog\/wp-content\/uploads\/2016\/10\/Captura-de-pantalla-2016-10-10-a-las-23.17.43.png?fit=420%2C562&resize=350%2C200","width":350,"height":200},"classes":[]},{"id":21108,"url":"http:\/\/www.moda.es\/blog\/hm-nos-da-pistas-de-su-colaboracion-con-kenzo\/","url_meta":{"origin":4689,"position":1},"title":"H&amp;M nos da pistas de su colaboraci\u00f3n con Kenzo","date":"septiembre 24, 2016","format":false,"excerpt":"Se acerca el d\u00eda del lanzamiento de la colecci\u00f3n de Kenzo\u00a0para H&M y el primer teaser\u00a0de la campa\u00f1a para seguir alimentando el deseo antes\u00a0del 3 de noviembre. En primer lugar, nos dej\u00f3 echar\u00a0un vistazo a la ropa, luego, comparti\u00f3 algunos detalles clave acerca de la campa\u00f1a - a saber, que\u2026","rel":"","context":"En \u00abActualidad\u00bb","img":{"alt_text":"","src":"https:\/\/i0.wp.com\/www.moda.es\/blog\/wp-content\/uploads\/2016\/09\/Captura-de-pantalla-2016-09-24-a-las-15.54.50.png?fit=509%2C329&resize=350%2C200","width":350,"height":200},"classes":[]},{"id":10335,"url":"http:\/\/www.moda.es\/blog\/paris-alta-costura-ii\/","url_meta":{"origin":4689,"position":2},"title":"Par\u00eds Alta Costura II","date":"enero 24, 2013","format":false,"excerpt":"Termina la Alta Costura con las \u00faltimas propuestas. \u00a0 En general las firmas nos han dejado satisfechos, m\u00e1s quiz\u00e1s que en otras ocasiones, y se van dej\u00e1ndonos ganas de m\u00e1s. M\u00e1s fantas\u00eda, m\u00e1s tejidos incre\u00edbles, m\u00e1s opulencia, m\u00e1s\u00a0 savor fair y conocimiento de la costura y la construcci\u00f3n de un\u2026","rel":"","context":"En \u00abPasarelas\u00bb","img":{"alt_text":"","src":"https:\/\/i0.wp.com\/www.moda.es\/blog\/wp-content\/uploads\/2013\/01\/Alexis-Mabille-21.jpg?fit=500%2C236&resize=350%2C200","width":350,"height":200},"classes":[]},{"id":18296,"url":"http:\/\/www.moda.es\/blog\/jean-paul-gaultier-dice-adios-al-ready-to-wear\/","url_meta":{"origin":4689,"position":3},"title":"Jean Paul Gaultier dice adios al ready to wear","date":"septiembre 15, 2014","format":false,"excerpt":"Jean Paul Gaultier ha hecho hoy un anuncio que seguramente no haya sido f\u00e1cil ni agradable de comunicar. El creador ha comunicado el final de sus colecciones ready to wear de hombre y mujercitando \"restricciones comerciales\" y el \"ritmo fren\u00e9tico de las colecciones\" como las razones. Gaultier, y su principal\u2026","rel":"","context":"En \u00abActualidad\u00bb","img":{"alt_text":"","src":"https:\/\/i0.wp.com\/www.moda.es\/blog\/wp-content\/uploads\/2014\/09\/jpgrtw.jpg?fit=650%2C975&resize=350%2C200","width":350,"height":200},"classes":[]},{"id":9073,"url":"http:\/\/www.moda.es\/blog\/jean-paul-gaultier-moda-cosida-con-esencia-espanola\/","url_meta":{"origin":4689,"position":4},"title":"Jean Paul Gaultier, moda cosida con esencia espa\u00f1ola","date":"octubre 8, 2012","format":false,"excerpt":"La moda va ocupando cada vez m\u00e1s un lugar en los museos, y en los espa\u00f1oles -m\u00e1s all\u00e1 del Museo del Traje- va teniendo tambi\u00e9n m\u00e1s presencia. En la capital, el a\u00f1o pasado se pudo disfrutar de una amplia retrospectiva sobre Yves Saint Laurent que aliment\u00f3 los esp\u00edritus m\u00e1s apasionados\u2026","rel":"","context":"En \u00abExposiciones\u00bb","img":{"alt_text":"","src":"https:\/\/i0.wp.com\/www.moda.es\/blog\/wp-content\/uploads\/2012\/10\/383x279-jean-paul-gautier1.jpg?fit=383%2C279&resize=350%2C200","width":350,"height":200},"classes":[]},{"id":18004,"url":"http:\/\/www.moda.es\/blog\/el-nuevo-fichaje-de-hermes\/","url_meta":{"origin":4689,"position":5},"title":"El nuevo fichaje de Herm\u00e9s","date":"julio 24, 2014","format":false,"excerpt":"Los rumores sonaban desde hac\u00eda tiempo y ya se han materializado. Como se sospechaba, la ex dise\u00f1adoar de The Row y C\u00e9line, Nad\u00e8ge Vanhee-Cybulski, se ha puesto al tim\u00f3n de Herm\u00e8s. La dise\u00f1adora francesa sucede a Christophe Lemaire, que dej\u00f3 la marca la semana pasada tras cuatro a\u00f1os de trabajo.\u2026","rel":"","context":"En \u00abActualidad\u00bb","img":{"alt_text":"","src":"https:\/\/i0.wp.com\/www.moda.es\/blog\/wp-content\/uploads\/2014\/07\/hermes.jpg?fit=650%2C975&resize=350%2C200","width":350,"height":200},"classes":[]}],"_links":{"self":[{"href":"http:\/\/www.moda.es\/blog\/wp-json\/wp\/v2\/posts\/4689"}],"collection":[{"href":"http:\/\/www.moda.es\/blog\/wp-json\/wp\/v2\/posts"}],"about":[{"href":"http:\/\/www.moda.es\/blog\/wp-json\/wp\/v2\/types\/post"}],"author":[{"embeddable":true,"href":"http:\/\/www.moda.es\/blog\/wp-json\/wp\/v2\/users\/2"}],"replies":[{"embeddable":true,"href":"http:\/\/www.moda.es\/blog\/wp-json\/wp\/v2\/comments?post=4689"}],"version-history":[{"count":0,"href":"http:\/\/www.moda.es\/blog\/wp-json\/wp\/v2\/posts\/4689\/revisions"}],"wp:featuredmedia":[{"embeddable":true,"href":"http:\/\/www.moda.es\/blog\/wp-json\/wp\/v2\/media\/16657"}],"wp:attachment":[{"href":"http:\/\/www.moda.es\/blog\/wp-json\/wp\/v2\/media?parent=4689"}],"wp:term":[{"taxonomy":"category","embeddable":true,"href":"http:\/\/www.moda.es\/blog\/wp-json\/wp\/v2\/categories?post=4689"},{"taxonomy":"post_tag","embeddable":true,"href":"http:\/\/www.moda.es\/blog\/wp-json\/wp\/v2\/tags?post=4689"}],"curies":[{"name":"wp","href":"https:\/\/api.w.org\/{rel}","templated":true}]}}