{"id":4674,"date":"2011-12-15T02:20:37","date_gmt":"2011-12-15T00:20:37","guid":{"rendered":"http:\/\/www.moda.es\/blog\/?p=4674"},"modified":"2011-12-15T02:20:37","modified_gmt":"2011-12-15T00:20:37","slug":"confeccion-y-estilo-sandro-homme","status":"publish","type":"post","link":"http:\/\/www.moda.es\/blog\/confeccion-y-estilo-sandro-homme\/","title":{"rendered":"Confecci\u00f3n y estilo Sandro Homme"},"content":{"rendered":"<p>Inconformista y de una elegante rebeld\u00eda. As\u00ed se define el esp\u00edritu de Sandro y, por ende, de su l\u00ednea masculina <a href=\"http:\/\/www.sandro-paris.com\/eboutique-sandro\/homme\/univers,12\">Sandro Homme<\/a> que cada vez gana m\u00e1s presencia. Sandro Homme recupera el estilo de d\u00e9cadas pasadas, sobre todo, mira a los 60 -no en vano una de sus \u00faltimas colecciones se inspir\u00f3 en Bob Dylan- y lo mezclan con elementos actuales. Una est\u00e9tica masculina pasada por el tamiz del chic parisino, del estilo galo.<\/p>\n<figure id=\"attachment_4680\" aria-describedby=\"caption-attachment-4680\" style=\"width: 367px\" class=\"wp-caption aligncenter\"><a href=\"https:\/\/i0.wp.com\/www.moda.es\/blog\/wp-content\/uploads\/2011\/12\/002.jpg\"><img data-attachment-id=\"4680\" data-permalink=\"http:\/\/www.moda.es\/blog\/002\/\" data-orig-file=\"https:\/\/i0.wp.com\/www.moda.es\/blog\/wp-content\/uploads\/2011\/12\/002.jpg?fit=367%2C490\" data-orig-size=\"367,490\" data-comments-opened=\"1\" data-image-meta=\"{&quot;aperture&quot;:&quot;0&quot;,&quot;credit&quot;:&quot;&quot;,&quot;camera&quot;:&quot;&quot;,&quot;caption&quot;:&quot;&quot;,&quot;created_timestamp&quot;:&quot;0&quot;,&quot;copyright&quot;:&quot;&quot;,&quot;focal_length&quot;:&quot;0&quot;,&quot;iso&quot;:&quot;0&quot;,&quot;shutter_speed&quot;:&quot;0&quot;,&quot;title&quot;:&quot;&quot;}\" data-image-title=\"002\" data-image-description=\"\" data-image-caption=\"&lt;p&gt;Fotos via www.sandro-paris.com &lt;\/p&gt;\n\" data-medium-file=\"https:\/\/i0.wp.com\/www.moda.es\/blog\/wp-content\/uploads\/2011\/12\/002.jpg?fit=224%2C300\" data-large-file=\"https:\/\/i0.wp.com\/www.moda.es\/blog\/wp-content\/uploads\/2011\/12\/002.jpg?fit=367%2C490\" loading=\"lazy\" class=\"size-full wp-image-4680\" src=\"https:\/\/i0.wp.com\/www.moda.es\/blog\/wp-content\/uploads\/2011\/12\/002.jpg?resize=367%2C490\" alt=\"\" width=\"367\" height=\"490\" srcset=\"https:\/\/i0.wp.com\/www.moda.es\/blog\/wp-content\/uploads\/2011\/12\/002.jpg?w=367 367w, https:\/\/i0.wp.com\/www.moda.es\/blog\/wp-content\/uploads\/2011\/12\/002.jpg?resize=224%2C300 224w\" sizes=\"(max-width: 367px) 100vw, 367px\" data-recalc-dims=\"1\" \/><\/a><figcaption id=\"caption-attachment-4680\" class=\"wp-caption-text\">Fotos via www.sandro-paris.com<\/figcaption><\/figure>\n<p>El\u00a0 hombre que crea las colecciones de la l\u00ednea Sandro Homme es Ilan Ch\u00e9trite, hijo de los fundadores de Sandro y por tanto, de la dise\u00f1adora de la l\u00ednea femenina, su madre. \u00c9l es el responsable de una ropa actual, con actitud y muy ponible, de esa que ves y te quieres llevar.<\/p>\n<p><a href=\"https:\/\/i0.wp.com\/www.moda.es\/blog\/wp-content\/uploads\/2011\/12\/018.jpg\"><img data-attachment-id=\"4683\" data-permalink=\"http:\/\/www.moda.es\/blog\/018\/\" data-orig-file=\"https:\/\/i0.wp.com\/www.moda.es\/blog\/wp-content\/uploads\/2011\/12\/018.jpg?fit=367%2C490\" data-orig-size=\"367,490\" data-comments-opened=\"1\" data-image-meta=\"{&quot;aperture&quot;:&quot;0&quot;,&quot;credit&quot;:&quot;&quot;,&quot;camera&quot;:&quot;&quot;,&quot;caption&quot;:&quot;&quot;,&quot;created_timestamp&quot;:&quot;0&quot;,&quot;copyright&quot;:&quot;&quot;,&quot;focal_length&quot;:&quot;0&quot;,&quot;iso&quot;:&quot;0&quot;,&quot;shutter_speed&quot;:&quot;0&quot;,&quot;title&quot;:&quot;&quot;}\" data-image-title=\"018\" data-image-description=\"\" data-image-caption=\"\" data-medium-file=\"https:\/\/i0.wp.com\/www.moda.es\/blog\/wp-content\/uploads\/2011\/12\/018.jpg?fit=224%2C300\" data-large-file=\"https:\/\/i0.wp.com\/www.moda.es\/blog\/wp-content\/uploads\/2011\/12\/018.jpg?fit=367%2C490\" loading=\"lazy\" class=\"aligncenter size-full wp-image-4683\" src=\"https:\/\/i0.wp.com\/www.moda.es\/blog\/wp-content\/uploads\/2011\/12\/018.jpg?resize=367%2C490\" alt=\"\" width=\"367\" height=\"490\" srcset=\"https:\/\/i0.wp.com\/www.moda.es\/blog\/wp-content\/uploads\/2011\/12\/018.jpg?w=367 367w, https:\/\/i0.wp.com\/www.moda.es\/blog\/wp-content\/uploads\/2011\/12\/018.jpg?resize=224%2C300 224w\" sizes=\"(max-width: 367px) 100vw, 367px\" data-recalc-dims=\"1\" \/><\/a><\/p>\n<p><a href=\"https:\/\/i0.wp.com\/www.moda.es\/blog\/wp-content\/uploads\/2011\/12\/020.jpg\"><img data-attachment-id=\"4684\" data-permalink=\"http:\/\/www.moda.es\/blog\/020\/\" data-orig-file=\"https:\/\/i0.wp.com\/www.moda.es\/blog\/wp-content\/uploads\/2011\/12\/020.jpg?fit=367%2C490\" data-orig-size=\"367,490\" data-comments-opened=\"1\" data-image-meta=\"{&quot;aperture&quot;:&quot;0&quot;,&quot;credit&quot;:&quot;&quot;,&quot;camera&quot;:&quot;&quot;,&quot;caption&quot;:&quot;&quot;,&quot;created_timestamp&quot;:&quot;0&quot;,&quot;copyright&quot;:&quot;&quot;,&quot;focal_length&quot;:&quot;0&quot;,&quot;iso&quot;:&quot;0&quot;,&quot;shutter_speed&quot;:&quot;0&quot;,&quot;title&quot;:&quot;&quot;}\" data-image-title=\"020\" data-image-description=\"\" data-image-caption=\"\" data-medium-file=\"https:\/\/i0.wp.com\/www.moda.es\/blog\/wp-content\/uploads\/2011\/12\/020.jpg?fit=224%2C300\" data-large-file=\"https:\/\/i0.wp.com\/www.moda.es\/blog\/wp-content\/uploads\/2011\/12\/020.jpg?fit=367%2C490\" loading=\"lazy\" class=\"aligncenter size-full wp-image-4684\" src=\"https:\/\/i0.wp.com\/www.moda.es\/blog\/wp-content\/uploads\/2011\/12\/020.jpg?resize=367%2C490\" alt=\"\" width=\"367\" height=\"490\" srcset=\"https:\/\/i0.wp.com\/www.moda.es\/blog\/wp-content\/uploads\/2011\/12\/020.jpg?w=367 367w, https:\/\/i0.wp.com\/www.moda.es\/blog\/wp-content\/uploads\/2011\/12\/020.jpg?resize=224%2C300 224w\" sizes=\"(max-width: 367px) 100vw, 367px\" data-recalc-dims=\"1\" \/><\/a><\/p>\n<p>La colecci\u00f3n de oto\u00f1o\/ invierno 2011\/ 2012 es una suma de estilos, recogiendo elementos del pasado como las cazadoras de motero y los botines, que recuerda a las pandillas de \u00abburgueses rebeldes\u00bb de finales de los a\u00f1os 60 en Francia. De hecho, Sandro se caracteriza por un estilo de confecci\u00f3n como el de esa d\u00e9cada, una \u00e9poca de libertad por cuyos valores se dejan inspirar.<\/p>\n<p><a href=\"https:\/\/i0.wp.com\/www.moda.es\/blog\/wp-content\/uploads\/2011\/12\/009.jpg\"><img data-attachment-id=\"4682\" data-permalink=\"http:\/\/www.moda.es\/blog\/009-2\/\" data-orig-file=\"https:\/\/i0.wp.com\/www.moda.es\/blog\/wp-content\/uploads\/2011\/12\/009.jpg?fit=367%2C490\" data-orig-size=\"367,490\" data-comments-opened=\"1\" data-image-meta=\"{&quot;aperture&quot;:&quot;0&quot;,&quot;credit&quot;:&quot;&quot;,&quot;camera&quot;:&quot;&quot;,&quot;caption&quot;:&quot;&quot;,&quot;created_timestamp&quot;:&quot;0&quot;,&quot;copyright&quot;:&quot;&quot;,&quot;focal_length&quot;:&quot;0&quot;,&quot;iso&quot;:&quot;0&quot;,&quot;shutter_speed&quot;:&quot;0&quot;,&quot;title&quot;:&quot;&quot;}\" data-image-title=\"009\" data-image-description=\"\" data-image-caption=\"\" data-medium-file=\"https:\/\/i0.wp.com\/www.moda.es\/blog\/wp-content\/uploads\/2011\/12\/009.jpg?fit=224%2C300\" data-large-file=\"https:\/\/i0.wp.com\/www.moda.es\/blog\/wp-content\/uploads\/2011\/12\/009.jpg?fit=367%2C490\" loading=\"lazy\" class=\"aligncenter size-full wp-image-4682\" src=\"https:\/\/i0.wp.com\/www.moda.es\/blog\/wp-content\/uploads\/2011\/12\/009.jpg?resize=367%2C490\" alt=\"\" width=\"367\" height=\"490\" srcset=\"https:\/\/i0.wp.com\/www.moda.es\/blog\/wp-content\/uploads\/2011\/12\/009.jpg?w=367 367w, https:\/\/i0.wp.com\/www.moda.es\/blog\/wp-content\/uploads\/2011\/12\/009.jpg?resize=224%2C300 224w\" sizes=\"(max-width: 367px) 100vw, 367px\" data-recalc-dims=\"1\" \/><\/a><\/p>\n<p>De esta nueva colecci\u00f3n de o\/i las cazadoras y chaquetones, tanto las de estilo vaquero como los chaquetones marineros con cuello de borreguito o la parka de pelo en la capucha.<\/p>\n<p><a href=\"https:\/\/i0.wp.com\/www.moda.es\/blog\/wp-content\/uploads\/2011\/12\/004.jpg\"><img data-attachment-id=\"4685\" data-permalink=\"http:\/\/www.moda.es\/blog\/004-2\/\" data-orig-file=\"https:\/\/i0.wp.com\/www.moda.es\/blog\/wp-content\/uploads\/2011\/12\/004.jpg?fit=367%2C490\" data-orig-size=\"367,490\" data-comments-opened=\"1\" data-image-meta=\"{&quot;aperture&quot;:&quot;0&quot;,&quot;credit&quot;:&quot;&quot;,&quot;camera&quot;:&quot;&quot;,&quot;caption&quot;:&quot;&quot;,&quot;created_timestamp&quot;:&quot;0&quot;,&quot;copyright&quot;:&quot;&quot;,&quot;focal_length&quot;:&quot;0&quot;,&quot;iso&quot;:&quot;0&quot;,&quot;shutter_speed&quot;:&quot;0&quot;,&quot;title&quot;:&quot;&quot;}\" data-image-title=\"004\" data-image-description=\"\" data-image-caption=\"\" data-medium-file=\"https:\/\/i0.wp.com\/www.moda.es\/blog\/wp-content\/uploads\/2011\/12\/004.jpg?fit=224%2C300\" data-large-file=\"https:\/\/i0.wp.com\/www.moda.es\/blog\/wp-content\/uploads\/2011\/12\/004.jpg?fit=367%2C490\" loading=\"lazy\" class=\"aligncenter size-full wp-image-4685\" src=\"https:\/\/i0.wp.com\/www.moda.es\/blog\/wp-content\/uploads\/2011\/12\/004.jpg?resize=367%2C490\" alt=\"\" width=\"367\" height=\"490\" srcset=\"https:\/\/i0.wp.com\/www.moda.es\/blog\/wp-content\/uploads\/2011\/12\/004.jpg?w=367 367w, https:\/\/i0.wp.com\/www.moda.es\/blog\/wp-content\/uploads\/2011\/12\/004.jpg?resize=224%2C300 224w\" sizes=\"(max-width: 367px) 100vw, 367px\" data-recalc-dims=\"1\" \/><\/a><\/p>\n<p><a href=\"https:\/\/i0.wp.com\/www.moda.es\/blog\/wp-content\/uploads\/2011\/12\/005.jpg\"><img data-attachment-id=\"4681\" data-permalink=\"http:\/\/www.moda.es\/blog\/005\/\" data-orig-file=\"https:\/\/i0.wp.com\/www.moda.es\/blog\/wp-content\/uploads\/2011\/12\/005.jpg?fit=367%2C490\" data-orig-size=\"367,490\" data-comments-opened=\"1\" data-image-meta=\"{&quot;aperture&quot;:&quot;0&quot;,&quot;credit&quot;:&quot;&quot;,&quot;camera&quot;:&quot;&quot;,&quot;caption&quot;:&quot;&quot;,&quot;created_timestamp&quot;:&quot;0&quot;,&quot;copyright&quot;:&quot;&quot;,&quot;focal_length&quot;:&quot;0&quot;,&quot;iso&quot;:&quot;0&quot;,&quot;shutter_speed&quot;:&quot;0&quot;,&quot;title&quot;:&quot;&quot;}\" data-image-title=\"005\" data-image-description=\"\" data-image-caption=\"\" data-medium-file=\"https:\/\/i0.wp.com\/www.moda.es\/blog\/wp-content\/uploads\/2011\/12\/005.jpg?fit=224%2C300\" data-large-file=\"https:\/\/i0.wp.com\/www.moda.es\/blog\/wp-content\/uploads\/2011\/12\/005.jpg?fit=367%2C490\" loading=\"lazy\" class=\"aligncenter size-full wp-image-4681\" src=\"https:\/\/i0.wp.com\/www.moda.es\/blog\/wp-content\/uploads\/2011\/12\/005.jpg?resize=367%2C490\" alt=\"\" width=\"367\" height=\"490\" srcset=\"https:\/\/i0.wp.com\/www.moda.es\/blog\/wp-content\/uploads\/2011\/12\/005.jpg?w=367 367w, https:\/\/i0.wp.com\/www.moda.es\/blog\/wp-content\/uploads\/2011\/12\/005.jpg?resize=224%2C300 224w\" sizes=\"(max-width: 367px) 100vw, 367px\" data-recalc-dims=\"1\" \/><\/a><\/p>\n<p>&nbsp;<\/p>\n","protected":false},"excerpt":{"rendered":"<p>Inconformista y de una elegante rebeld\u00eda. As\u00ed se define el esp\u00edritu de Sandro y, por ende, de su l\u00ednea masculina Sandro Homme que cada vez gana m\u00e1s presencia. Sandro Homme recupera el estilo de d\u00e9cadas pasadas, sobre todo, mira a los 60 -no en vano una de sus \u00faltimas colecciones [&hellip;]<\/p>\n","protected":false},"author":2,"featured_media":16651,"comment_status":"open","ping_status":"open","sticky":false,"template":"","format":"standard","meta":{"jetpack_publicize_message":"","jetpack_is_tweetstorm":false,"jetpack_publicize_feature_enabled":true},"categories":[14],"tags":[],"jetpack_publicize_connections":[],"jetpack_featured_media_url":"https:\/\/i0.wp.com\/www.moda.es\/blog\/wp-content\/uploads\/2011\/12\/0021.jpg?fit=367%2C490","jetpack_sharing_enabled":true,"jetpack_shortlink":"https:\/\/wp.me\/p4tJCC-1do","jetpack-related-posts":[{"id":3482,"url":"http:\/\/www.moda.es\/blog\/sandro-cuando-lo-bello-es-sencillo\/","url_meta":{"origin":4674,"position":0},"title":"Sandro, cuando lo bello es sencillo","date":"septiembre 27, 2011","format":false,"excerpt":"Es una joven firma con base en Francia, afamada all\u00e9n de sus fronteras. Sandro es de esas marcas cuyos b\u00e1sicos hacen que pienses en el chic sin esfuerzo, sin meditaci\u00f3n alguna, propio de las francesas. El \u00e9xito de Sandro est\u00e1 en el sabio equilibrio entre colores vivos y unos tejidos\u2026","rel":"","context":"En \u00abFirmas\u00bb","img":{"alt_text":"","src":"https:\/\/i0.wp.com\/www.moda.es\/blog\/wp-content\/uploads\/2011\/09\/1520411.jpg?fit=940%2C520&resize=350%2C200","width":350,"height":200},"classes":[]},{"id":12152,"url":"http:\/\/www.moda.es\/blog\/lo-mejor-de-la-semana\/","url_meta":{"origin":4674,"position":1},"title":"Lo mejor de la semana&#8230;","date":"abril 20, 2013","format":false,"excerpt":"Esta semana hemos visto el espectacular desfile de Calzedonia, se ha anunciado que el ya retirado Christian Lacroix ser\u00e1 el responsable de dise\u00f1ar la primera colecci\u00f3n de la resucitada casa Schiaparelli, hemos descubierto la nueva colecci\u00f3n de Levi's y Liberty y hemos visto saltar chispas con la campa\u00f1a de Irina\u2026","rel":"","context":"En \u00abAccesorios\u00bb","img":{"alt_text":"","src":"https:\/\/i0.wp.com\/www.moda.es\/blog\/wp-content\/uploads\/2013\/04\/Mugler1.jpg?fit=300%2C450&resize=350%2C200","width":350,"height":200},"classes":[]},{"id":6087,"url":"http:\/\/www.moda.es\/blog\/el-preppy-relajado-veraniego-de-steven-alan\/","url_meta":{"origin":4674,"position":2},"title":"El &#8216;preppy&#8217; relajado veraniego de Steven Alan","date":"marzo 30, 2012","format":false,"excerpt":"Con este calor prematuro parece que tocamos el verano con la punta de los dedos. Se nos presenta la imagen de nosotros mismos sobre una toalla con las olas del mar de fondo, en alguna terraza o de viaje en alg\u00fan destino lejano. Con estas ideas dan ganas de salir\u2026","rel":"","context":"En \u00abColecciones\u00bb","img":{"alt_text":"","src":"https:\/\/i0.wp.com\/www.moda.es\/blog\/wp-content\/uploads\/2012\/03\/s12_lifestyle4-e13331392368481.jpg?fit=500%2C404&resize=350%2C200","width":350,"height":200},"classes":[]},{"id":20538,"url":"http:\/\/www.moda.es\/blog\/balenciaga-anuncia-su-primera-coleccion-masculina\/","url_meta":{"origin":4674,"position":3},"title":"Balenciaga anuncia su primera colecci\u00f3n masculina","date":"abril 21, 2016","format":false,"excerpt":"En Balenciaga\u00a0ya est\u00e1n listos para lanzar la\u00a0primera colecci\u00f3n de ropa masculina de la marca bajo la direcci\u00f3n creativa del nuevo dise\u00f1ador Demna Gvasalia. El \u00a0co-fundador de Vetements, \u00a0que ya crea ropa de hombre por su propia l\u00ednea, ha encabezado la iniciativa, siendo la primera vez en 99 a\u00f1os de historia\u2026","rel":"","context":"En \u00abActualidad\u00bb","img":{"alt_text":"","src":"https:\/\/i0.wp.com\/www.moda.es\/blog\/wp-content\/uploads\/2016\/04\/Captura-de-pantalla-2016-04-21-a-las-23.08.07.png?fit=281%2C436&resize=350%2C200","width":350,"height":200},"classes":[]},{"id":7635,"url":"http:\/\/www.moda.es\/blog\/hija-del-hip-hop\/","url_meta":{"origin":4674,"position":4},"title":"Hija del Hip Hop","date":"junio 24, 2012","format":false,"excerpt":"La historia de la moda actual -al menos, de un buen n\u00famero de firmas- se escribe as\u00ed: un grupo de amigos se junt\u00f3 para crear una l\u00ednea de camisetas y con el paso del tiempo, di\u00f3 a luz una firma en toda regla. As\u00ed tambi\u00e9n se podr\u00eda escribir la historia\u2026","rel":"","context":"En \u00abModa Hombre\u00bb","img":{"alt_text":"","src":"https:\/\/i0.wp.com\/www.moda.es\/blog\/wp-content\/uploads\/2012\/06\/MG_8941-e13405556025521.jpg?fit=500%2C333&resize=350%2C200","width":350,"height":200},"classes":[]},{"id":21326,"url":"http:\/\/www.moda.es\/blog\/descubre-lo-ultimo-de-riccardo-tisci-para-nike\/","url_meta":{"origin":4674,"position":5},"title":"Descubre lo \u00faltimo de Riccardo Tisci para Nike","date":"noviembre 9, 2016","format":false,"excerpt":"Durante los \u00faltimos dos a\u00f1os, Riccardo Tisci ha\u00a0sido\u00a0el colaborador m\u00e1s creativo\u00a0de Nike. Ha reimaginado las ic\u00f3nicas Air Force 1s y las zapatillas Nike Dunk\u00a0y ha dise\u00f1ado una colecci\u00f3n de ropa de entrenamiento\u00a0con NikeLab. Hoy presenta su \u00faltimo proyecto para\u00a0Nike, dos modelos\u00a0de la zapatilla Nike Air Zoom Legend. \"Elegimos esta zapatilla\u2026","rel":"","context":"En \u00abAccesorios\u00bb","img":{"alt_text":"","src":"https:\/\/i0.wp.com\/www.moda.es\/blog\/wp-content\/uploads\/2016\/11\/Captura-de-pantalla-2016-11-09-a-las-20.26.02.png?fit=451%2C588&resize=350%2C200","width":350,"height":200},"classes":[]}],"_links":{"self":[{"href":"http:\/\/www.moda.es\/blog\/wp-json\/wp\/v2\/posts\/4674"}],"collection":[{"href":"http:\/\/www.moda.es\/blog\/wp-json\/wp\/v2\/posts"}],"about":[{"href":"http:\/\/www.moda.es\/blog\/wp-json\/wp\/v2\/types\/post"}],"author":[{"embeddable":true,"href":"http:\/\/www.moda.es\/blog\/wp-json\/wp\/v2\/users\/2"}],"replies":[{"embeddable":true,"href":"http:\/\/www.moda.es\/blog\/wp-json\/wp\/v2\/comments?post=4674"}],"version-history":[{"count":0,"href":"http:\/\/www.moda.es\/blog\/wp-json\/wp\/v2\/posts\/4674\/revisions"}],"wp:featuredmedia":[{"embeddable":true,"href":"http:\/\/www.moda.es\/blog\/wp-json\/wp\/v2\/media\/16651"}],"wp:attachment":[{"href":"http:\/\/www.moda.es\/blog\/wp-json\/wp\/v2\/media?parent=4674"}],"wp:term":[{"taxonomy":"category","embeddable":true,"href":"http:\/\/www.moda.es\/blog\/wp-json\/wp\/v2\/categories?post=4674"},{"taxonomy":"post_tag","embeddable":true,"href":"http:\/\/www.moda.es\/blog\/wp-json\/wp\/v2\/tags?post=4674"}],"curies":[{"name":"wp","href":"https:\/\/api.w.org\/{rel}","templated":true}]}}