{"id":4658,"date":"2011-12-14T01:51:52","date_gmt":"2011-12-13T23:51:52","guid":{"rendered":"http:\/\/www.moda.es\/blog\/?p=4658"},"modified":"2011-12-14T01:51:52","modified_gmt":"2011-12-13T23:51:52","slug":"preparando-la-lista-de-regalos","status":"publish","type":"post","link":"http:\/\/www.moda.es\/blog\/preparando-la-lista-de-regalos\/","title":{"rendered":"Preparando la lista de regalos"},"content":{"rendered":"<p>El tiempo pasa volando, es una obviedad, y la Navidad llama a las puertas. Hay que ir comprando los regalos que se acumulan en la lista de los Reyes Magos. Quiz\u00e1 te falten ideas de qu\u00e9 regalar a familia y amigos, no desesperes, hoy te damos una: si est\u00e1s en Madrid este fin de semana puedes acercarte al mercadillo navide\u00f1o de este domingo 18 en el <a href=\"http:\/\/11870.com\/pro\/bar-parsimonia\">bar Parsimonia<\/a> (C\/ San Sim\u00f3n, 3).<\/p>\n<p>\u00bfMotivos? All\u00ed encontrar\u00e1s ropa de segunda mano, la opci\u00f3n de regalo perfecta para aquellos a los que les gusta vestir diferente, y muchos complementos, bolsos, carteras, pulseras, colgantes y collares, todos ellos hechos a mano.<\/p>\n<figure id=\"attachment_4665\" aria-describedby=\"caption-attachment-4665\" style=\"width: 500px\" class=\"wp-caption aligncenter\"><a href=\"https:\/\/i0.wp.com\/www.moda.es\/blog\/wp-content\/uploads\/2011\/12\/CAJA.jpg\"><img data-attachment-id=\"4665\" data-permalink=\"http:\/\/www.moda.es\/blog\/caja\/\" data-orig-file=\"https:\/\/i0.wp.com\/www.moda.es\/blog\/wp-content\/uploads\/2011\/12\/CAJA-e1323819351615.jpg?fit=500%2C500\" data-orig-size=\"500,500\" data-comments-opened=\"1\" data-image-meta=\"{&quot;aperture&quot;:&quot;0&quot;,&quot;credit&quot;:&quot;&quot;,&quot;camera&quot;:&quot;&quot;,&quot;caption&quot;:&quot;&quot;,&quot;created_timestamp&quot;:&quot;0&quot;,&quot;copyright&quot;:&quot;&quot;,&quot;focal_length&quot;:&quot;0&quot;,&quot;iso&quot;:&quot;0&quot;,&quot;shutter_speed&quot;:&quot;0&quot;,&quot;title&quot;:&quot;&quot;}\" data-image-title=\"CAJA\" data-image-description=\"\" data-image-caption=\"&lt;p&gt;Caja de costura y retales de donde luego nacen los complementos de Cute.&lt;\/p&gt;\n\" data-medium-file=\"https:\/\/i0.wp.com\/www.moda.es\/blog\/wp-content\/uploads\/2011\/12\/CAJA-e1323819351615.jpg?fit=300%2C300\" data-large-file=\"https:\/\/i0.wp.com\/www.moda.es\/blog\/wp-content\/uploads\/2011\/12\/CAJA-e1323819351615.jpg?fit=500%2C500\" loading=\"lazy\" class=\"size-full wp-image-4665\" src=\"https:\/\/i0.wp.com\/www.moda.es\/blog\/wp-content\/uploads\/2011\/12\/CAJA-e1323819351615.jpg?resize=500%2C500\" alt=\"\" width=\"500\" height=\"500\" srcset=\"https:\/\/i0.wp.com\/www.moda.es\/blog\/wp-content\/uploads\/2011\/12\/CAJA-e1323819351615.jpg?w=500 500w, https:\/\/i0.wp.com\/www.moda.es\/blog\/wp-content\/uploads\/2011\/12\/CAJA-e1323819351615.jpg?resize=150%2C150 150w, https:\/\/i0.wp.com\/www.moda.es\/blog\/wp-content\/uploads\/2011\/12\/CAJA-e1323819351615.jpg?resize=300%2C300 300w\" sizes=\"(max-width: 500px) 100vw, 500px\" data-recalc-dims=\"1\" \/><\/a><figcaption id=\"caption-attachment-4665\" class=\"wp-caption-text\">Caja de costura y retales de donde luego nacen los complementos de Cute.<\/figcaption><\/figure>\n<p>Los bolsos y carteras son de la flamante firma <a href=\"http:\/\/www.wix.com\/evaestevez\/cute\">Cute<\/a>, etiqueta bajo la que se crean piezas de inspiraci\u00f3n <em>vintage<\/em> con mucho mimo partiendo de pieles y de retales antiguos. Su alma m\u00e1ter, Eva Est\u00e9vez, ten\u00eda el arte de la confecci\u00f3n grabado en los genes: es nieta de modistas con lo que creci\u00f3 rodeada de telas, hilvanes y botones. Cuando se dio cuenta de que lo suyo era el dise\u00f1o, comenz\u00f3 a formarse, primero, en el IED de Madrid, despu\u00e9s, la especializaci\u00f3n en complementos en Felicidad Duce en Barcelona y en la prestigiosa Saint Martins de Londres.<\/p>\n<figure id=\"attachment_4666\" aria-describedby=\"caption-attachment-4666\" style=\"width: 500px\" class=\"wp-caption aligncenter\"><a href=\"https:\/\/i0.wp.com\/www.moda.es\/blog\/wp-content\/uploads\/2011\/12\/il_570xN.278137487.jpg\"><img data-attachment-id=\"4666\" data-permalink=\"http:\/\/www.moda.es\/blog\/il_570xn-278137487\/\" data-orig-file=\"https:\/\/i0.wp.com\/www.moda.es\/blog\/wp-content\/uploads\/2011\/12\/il_570xN.278137487-e1323819751802.jpg?fit=500%2C500\" data-orig-size=\"500,500\" data-comments-opened=\"1\" data-image-meta=\"{&quot;aperture&quot;:&quot;0&quot;,&quot;credit&quot;:&quot;&quot;,&quot;camera&quot;:&quot;&quot;,&quot;caption&quot;:&quot;&quot;,&quot;created_timestamp&quot;:&quot;0&quot;,&quot;copyright&quot;:&quot;&quot;,&quot;focal_length&quot;:&quot;0&quot;,&quot;iso&quot;:&quot;0&quot;,&quot;shutter_speed&quot;:&quot;0&quot;,&quot;title&quot;:&quot;&quot;}\" data-image-title=\"il_570xN.278137487\" data-image-description=\"\" data-image-caption=\"&lt;p&gt;Clutch en piel de dos colores de Cute.&lt;\/p&gt;\n\" data-medium-file=\"https:\/\/i0.wp.com\/www.moda.es\/blog\/wp-content\/uploads\/2011\/12\/il_570xN.278137487-e1323819751802.jpg?fit=300%2C300\" data-large-file=\"https:\/\/i0.wp.com\/www.moda.es\/blog\/wp-content\/uploads\/2011\/12\/il_570xN.278137487-e1323819751802.jpg?fit=500%2C500\" loading=\"lazy\" class=\"size-full wp-image-4666\" src=\"https:\/\/i0.wp.com\/www.moda.es\/blog\/wp-content\/uploads\/2011\/12\/il_570xN.278137487-e1323819751802.jpg?resize=500%2C500\" alt=\"\" width=\"500\" height=\"500\" srcset=\"https:\/\/i0.wp.com\/www.moda.es\/blog\/wp-content\/uploads\/2011\/12\/il_570xN.278137487-e1323819751802.jpg?w=500 500w, https:\/\/i0.wp.com\/www.moda.es\/blog\/wp-content\/uploads\/2011\/12\/il_570xN.278137487-e1323819751802.jpg?resize=150%2C150 150w, https:\/\/i0.wp.com\/www.moda.es\/blog\/wp-content\/uploads\/2011\/12\/il_570xN.278137487-e1323819751802.jpg?resize=300%2C300 300w\" sizes=\"(max-width: 500px) 100vw, 500px\" data-recalc-dims=\"1\" \/><\/a><figcaption id=\"caption-attachment-4666\" class=\"wp-caption-text\">Clutch en piel de dos colores de Cute.<\/figcaption><\/figure>\n<figure id=\"attachment_4667\" aria-describedby=\"caption-attachment-4667\" style=\"width: 500px\" class=\"wp-caption aligncenter\"><a href=\"https:\/\/i0.wp.com\/www.moda.es\/blog\/wp-content\/uploads\/2011\/12\/il_570xN.276959629.jpg\"><img data-attachment-id=\"4667\" data-permalink=\"http:\/\/www.moda.es\/blog\/il_570xn-276959629\/\" data-orig-file=\"https:\/\/i0.wp.com\/www.moda.es\/blog\/wp-content\/uploads\/2011\/12\/il_570xN.276959629-e1323820131386.jpg?fit=500%2C500\" data-orig-size=\"500,500\" data-comments-opened=\"1\" data-image-meta=\"{&quot;aperture&quot;:&quot;0&quot;,&quot;credit&quot;:&quot;&quot;,&quot;camera&quot;:&quot;&quot;,&quot;caption&quot;:&quot;&quot;,&quot;created_timestamp&quot;:&quot;0&quot;,&quot;copyright&quot;:&quot;&quot;,&quot;focal_length&quot;:&quot;0&quot;,&quot;iso&quot;:&quot;0&quot;,&quot;shutter_speed&quot;:&quot;0&quot;,&quot;title&quot;:&quot;&quot;}\" data-image-title=\"il_570xN.276959629\" data-image-description=\"\" data-image-caption=\"&lt;p&gt;Cartera bicolor en piel, ante granate con apliques met\u00e1licos dorados y piel dorada.&lt;\/p&gt;\n\" data-medium-file=\"https:\/\/i0.wp.com\/www.moda.es\/blog\/wp-content\/uploads\/2011\/12\/il_570xN.276959629-e1323820131386.jpg?fit=300%2C300\" data-large-file=\"https:\/\/i0.wp.com\/www.moda.es\/blog\/wp-content\/uploads\/2011\/12\/il_570xN.276959629-e1323820131386.jpg?fit=500%2C500\" loading=\"lazy\" class=\"size-full wp-image-4667\" src=\"https:\/\/i0.wp.com\/www.moda.es\/blog\/wp-content\/uploads\/2011\/12\/il_570xN.276959629-e1323820131386.jpg?resize=500%2C500\" alt=\"\" width=\"500\" height=\"500\" srcset=\"https:\/\/i0.wp.com\/www.moda.es\/blog\/wp-content\/uploads\/2011\/12\/il_570xN.276959629-e1323820131386.jpg?w=500 500w, https:\/\/i0.wp.com\/www.moda.es\/blog\/wp-content\/uploads\/2011\/12\/il_570xN.276959629-e1323820131386.jpg?resize=150%2C150 150w, https:\/\/i0.wp.com\/www.moda.es\/blog\/wp-content\/uploads\/2011\/12\/il_570xN.276959629-e1323820131386.jpg?resize=300%2C300 300w\" sizes=\"(max-width: 500px) 100vw, 500px\" data-recalc-dims=\"1\" \/><\/a><figcaption id=\"caption-attachment-4667\" class=\"wp-caption-text\">Cartera bicolor en piel, ante granate con apliques met\u00e1licos dorados y piel dorada.<\/figcaption><\/figure>\n<figure id=\"attachment_4668\" aria-describedby=\"caption-attachment-4668\" style=\"width: 500px\" class=\"wp-caption aligncenter\"><a href=\"https:\/\/i0.wp.com\/www.moda.es\/blog\/wp-content\/uploads\/2011\/12\/il_570xN.277098083.jpg\"><img data-attachment-id=\"4668\" data-permalink=\"http:\/\/www.moda.es\/blog\/il_570xn-277098083\/\" data-orig-file=\"https:\/\/i0.wp.com\/www.moda.es\/blog\/wp-content\/uploads\/2011\/12\/il_570xN.277098083-e1323820251987.jpg?fit=500%2C500\" data-orig-size=\"500,500\" data-comments-opened=\"1\" data-image-meta=\"{&quot;aperture&quot;:&quot;0&quot;,&quot;credit&quot;:&quot;&quot;,&quot;camera&quot;:&quot;&quot;,&quot;caption&quot;:&quot;&quot;,&quot;created_timestamp&quot;:&quot;0&quot;,&quot;copyright&quot;:&quot;&quot;,&quot;focal_length&quot;:&quot;0&quot;,&quot;iso&quot;:&quot;0&quot;,&quot;shutter_speed&quot;:&quot;0&quot;,&quot;title&quot;:&quot;&quot;}\" data-image-title=\"il_570xN.277098083\" data-image-description=\"\" data-image-caption=\"&lt;p&gt;Cartera bicolor en piel. &lt;\/p&gt;\n\" data-medium-file=\"https:\/\/i0.wp.com\/www.moda.es\/blog\/wp-content\/uploads\/2011\/12\/il_570xN.277098083-e1323820251987.jpg?fit=300%2C300\" data-large-file=\"https:\/\/i0.wp.com\/www.moda.es\/blog\/wp-content\/uploads\/2011\/12\/il_570xN.277098083-e1323820251987.jpg?fit=500%2C500\" loading=\"lazy\" class=\"size-full wp-image-4668\" src=\"https:\/\/i0.wp.com\/www.moda.es\/blog\/wp-content\/uploads\/2011\/12\/il_570xN.277098083-e1323820251987.jpg?resize=500%2C500\" alt=\"\" width=\"500\" height=\"500\" srcset=\"https:\/\/i0.wp.com\/www.moda.es\/blog\/wp-content\/uploads\/2011\/12\/il_570xN.277098083-e1323820251987.jpg?w=500 500w, https:\/\/i0.wp.com\/www.moda.es\/blog\/wp-content\/uploads\/2011\/12\/il_570xN.277098083-e1323820251987.jpg?resize=150%2C150 150w, https:\/\/i0.wp.com\/www.moda.es\/blog\/wp-content\/uploads\/2011\/12\/il_570xN.277098083-e1323820251987.jpg?resize=300%2C300 300w\" sizes=\"(max-width: 500px) 100vw, 500px\" data-recalc-dims=\"1\" \/><\/a><figcaption id=\"caption-attachment-4668\" class=\"wp-caption-text\">Cartera bicolor en piel.<\/figcaption><\/figure>\n<p>Por si todo esta variedad fuera poca, habr\u00e1 sitio para zapatos y libros. Todo a unos precios anti crisis. As\u00ed que ya no tienes excusa -salvo el no estar en Madrid-, p\u00e1sate por este mercadillo y empieza a tachar regalos de tu lista.<\/p>\n<p><a href=\"https:\/\/i0.wp.com\/www.moda.es\/blog\/wp-content\/uploads\/2011\/12\/379958_10150452626278704_667118703_8403598_1821733534_n.jpg\"><img data-attachment-id=\"4663\" data-permalink=\"http:\/\/www.moda.es\/blog\/379958_10150452626278704_667118703_8403598_1821733534_n\/\" data-orig-file=\"https:\/\/i0.wp.com\/www.moda.es\/blog\/wp-content\/uploads\/2011\/12\/379958_10150452626278704_667118703_8403598_1821733534_n-e1323816770904.jpg?fit=500%2C333\" data-orig-size=\"500,333\" data-comments-opened=\"1\" data-image-meta=\"{&quot;aperture&quot;:&quot;0&quot;,&quot;credit&quot;:&quot;&quot;,&quot;camera&quot;:&quot;&quot;,&quot;caption&quot;:&quot;&quot;,&quot;created_timestamp&quot;:&quot;0&quot;,&quot;copyright&quot;:&quot;&quot;,&quot;focal_length&quot;:&quot;0&quot;,&quot;iso&quot;:&quot;0&quot;,&quot;shutter_speed&quot;:&quot;0&quot;,&quot;title&quot;:&quot;&quot;}\" data-image-title=\"379958_10150452626278704_667118703_8403598_1821733534_n\" data-image-description=\"\" data-image-caption=\"\" data-medium-file=\"https:\/\/i0.wp.com\/www.moda.es\/blog\/wp-content\/uploads\/2011\/12\/379958_10150452626278704_667118703_8403598_1821733534_n-e1323816770904.jpg?fit=300%2C199\" data-large-file=\"https:\/\/i0.wp.com\/www.moda.es\/blog\/wp-content\/uploads\/2011\/12\/379958_10150452626278704_667118703_8403598_1821733534_n-e1323816770904.jpg?fit=500%2C333\" loading=\"lazy\" class=\"aligncenter size-full wp-image-4663\" src=\"https:\/\/i0.wp.com\/www.moda.es\/blog\/wp-content\/uploads\/2011\/12\/379958_10150452626278704_667118703_8403598_1821733534_n-e1323816770904.jpg?resize=500%2C333\" alt=\"\" width=\"500\" height=\"333\" srcset=\"https:\/\/i0.wp.com\/www.moda.es\/blog\/wp-content\/uploads\/2011\/12\/379958_10150452626278704_667118703_8403598_1821733534_n-e1323816770904.jpg?w=500 500w, https:\/\/i0.wp.com\/www.moda.es\/blog\/wp-content\/uploads\/2011\/12\/379958_10150452626278704_667118703_8403598_1821733534_n-e1323816770904.jpg?resize=300%2C199 300w\" sizes=\"(max-width: 500px) 100vw, 500px\" data-recalc-dims=\"1\" \/><\/a><\/p>\n<p>\u00b7 Mercadillo Navide\u00f1o: domingo 18 de diciembre en el Bar Parsimonia, C\/ San Sim\u00f3n, 3. Madrid (&lt;M&gt; Ant\u00f3n Mart\u00edn). Horario: 13:00 a 20:00h.<\/p>\n","protected":false},"excerpt":{"rendered":"<p>El tiempo pasa volando, es una obviedad, y la Navidad llama a las puertas. Hay que ir comprando los regalos que se acumulan en la lista de los Reyes Magos. Quiz\u00e1 te falten ideas de qu\u00e9 regalar a familia y amigos, no desesperes, hoy te damos una: si est\u00e1s en [&hellip;]<\/p>\n","protected":false},"author":2,"featured_media":16655,"comment_status":"open","ping_status":"open","sticky":false,"template":"","format":"standard","meta":{"jetpack_publicize_message":"","jetpack_is_tweetstorm":false,"jetpack_publicize_feature_enabled":true},"categories":[28],"tags":[],"jetpack_publicize_connections":[],"jetpack_featured_media_url":"https:\/\/i0.wp.com\/www.moda.es\/blog\/wp-content\/uploads\/2011\/12\/CAJA-e13238193516151.jpg?fit=500%2C500","jetpack_sharing_enabled":true,"jetpack_shortlink":"https:\/\/wp.me\/p4tJCC-1d8","jetpack-related-posts":[{"id":20653,"url":"http:\/\/www.moda.es\/blog\/descubre-la-coleccion-de-sara-battaglia-para-salvatore-ferragamo\/","url_meta":{"origin":4658,"position":0},"title":"Descubre la colecci\u00f3n de Sara Battaglia para Salvatore Ferragamo","date":"mayo 11, 2016","format":false,"excerpt":"Salvatore Ferragamo siempre se ha caracterizado por su dise\u00f1o sin esfuerzo, sofisticado y atemporal \u00a0pues su consideraci\u00f3n de lo que est\u00e1 de moda tiene su propia interpretaci\u00f3n. En su \u00faltimo proyecto, la\u00a0casa de moda italiana ha colaborado con la\u00a0dise\u00f1adora de bolsos\u00a0Sara Battaglia en una colecci\u00f3n c\u00e1psula de accesorios\u00a0que refleja el\u2026","rel":"","context":"En \u00abColecciones\u00bb","img":{"alt_text":"","src":"https:\/\/i0.wp.com\/www.moda.es\/blog\/wp-content\/uploads\/2016\/05\/Captura-de-pantalla-2016-05-11-a-las-23.45.55.png?fit=639%2C532&resize=350%2C200","width":350,"height":200},"classes":[]},{"id":1334,"url":"http:\/\/www.moda.es\/blog\/aun-existe-la-peseta\/","url_meta":{"origin":4658,"position":1},"title":"A\u00fan existe (la) peSeta","date":"marzo 30, 2011","format":false,"excerpt":"Antes la palabra peseta estaba en nuestra boca constantemente. El euro nos la ha arrancado con fuerza para siempre. Pero peSeta har\u00e1 que estas\u00a0tres s\u00edlabas\u00a0pervivan a\u00fan\u00a0en nuestro vocabulario.\u00a0 peSeta es Laura Mart\u00ednez , una amante de las telas que juntaba retales de sus viajes y\u00a0para los que\u00a0imaginaba una nueva y\u2026","rel":"","context":"En \u00abTiendas\u00bb","img":{"alt_text":"","src":"https:\/\/i0.wp.com\/www.moda.es\/blog\/wp-content\/uploads\/2011\/03\/peseta1.jpg?resize=350%2C200","width":350,"height":200},"classes":[]},{"id":2462,"url":"http:\/\/www.moda.es\/blog\/hakei-tiene-sabor-oriental\/","url_meta":{"origin":4658,"position":2},"title":"Hakei tiene sabor oriental","date":"junio 30, 2011","format":false,"excerpt":"No creo que nadie que lea este blog o este post no sepa qu\u00e9 firma es Hakei. Por si queda, en este caso (porque s\u00f3lo crean colecciones de mujer), alguna despistada, Hakei es una tienda actual de calzado, accesorios y ropa que extrema el cuidado y calidad de los tejidos\u2026","rel":"","context":"En \u00abAccesorios\u00bb","img":{"alt_text":"","src":"https:\/\/i0.wp.com\/www.moda.es\/blog\/wp-content\/uploads\/2011\/06\/CARTERA_MINI_LUNA-300x3001.jpg?fit=300%2C300&resize=350%2C200","width":350,"height":200},"classes":[]},{"id":2709,"url":"http:\/\/www.moda.es\/blog\/retales-de-cuero\/","url_meta":{"origin":4658,"position":3},"title":"Retales de cuero y otras telas","date":"julio 19, 2011","format":false,"excerpt":"A veces es cuesti\u00f3n de pasear, de viajar. Y s\u00f3lo en un par de pasos puedes encontrarte con algo nuevo, siempre hay algo por descubrir. Como cuando se viaja por internet. Hace poco he dado con una firma muy original de bolsos, complementos y otros objetos a trav\u00e9s del blog\u2026","rel":"","context":"En \u00abFirmas\u00bb","img":{"alt_text":"","src":"https:\/\/i0.wp.com\/www.moda.es\/blog\/wp-content\/uploads\/2011\/07\/tumblr_ll4oph5XEm1qznn6qo1_500.jpg?fit=500%2C500&resize=350%2C200","width":350,"height":200},"classes":[]},{"id":8801,"url":"http:\/\/www.moda.es\/blog\/el-otono-de-bimbalola\/","url_meta":{"origin":4658,"position":4},"title":"El oto\u00f1o de Bimba&#038;Lola","date":"septiembre 19, 2012","format":false,"excerpt":"La nueva estaci\u00f3n ya ha aterrizado en la web de Bimba & Lola. Y nos ha conquistado. De hecho, en la pasada edici\u00f3n de la Vogue Fashion Night Out varias actrices fueron vestidas por la marca y entre ellas, B\u00e1rbara Lenie fue el blanco de nuestras miradas. La culpa la\u2026","rel":"","context":"En \u00abFirmas\u00bb","img":{"alt_text":"","src":"https:\/\/i0.wp.com\/www.moda.es\/blog\/wp-content\/uploads\/2012\/09\/homepage_logo_es_3-e13480070402731.jpg?fit=500%2C461&resize=350%2C200","width":350,"height":200},"classes":[]},{"id":10014,"url":"http:\/\/www.moda.es\/blog\/los-caprichos-de-oysho\/","url_meta":{"origin":4658,"position":5},"title":"Los caprichos de Oysho","date":"enero 5, 2013","format":false,"excerpt":"La Navidad ya est\u00e1 terminando. Despu\u00e9s de\u00a0 tantos d\u00edas de fiestas y reuniones llegamos a la noche de las ilusiones... \u00a1\u00a1y de los regalos!! Tanto si todav\u00eda te falta alg\u00fan detalle que comprar como si tienes todas tus energ\u00edas ya puestas en las rebajas te proponemos la colecci\u00f3n de accesorios\u2026","rel":"","context":"En \u00abColecciones\u00bb","img":{"alt_text":"","src":"https:\/\/i0.wp.com\/www.moda.es\/blog\/wp-content\/uploads\/2013\/01\/OYS_04-11.jpg?fit=500%2C504&resize=350%2C200","width":350,"height":200},"classes":[]}],"_links":{"self":[{"href":"http:\/\/www.moda.es\/blog\/wp-json\/wp\/v2\/posts\/4658"}],"collection":[{"href":"http:\/\/www.moda.es\/blog\/wp-json\/wp\/v2\/posts"}],"about":[{"href":"http:\/\/www.moda.es\/blog\/wp-json\/wp\/v2\/types\/post"}],"author":[{"embeddable":true,"href":"http:\/\/www.moda.es\/blog\/wp-json\/wp\/v2\/users\/2"}],"replies":[{"embeddable":true,"href":"http:\/\/www.moda.es\/blog\/wp-json\/wp\/v2\/comments?post=4658"}],"version-history":[{"count":0,"href":"http:\/\/www.moda.es\/blog\/wp-json\/wp\/v2\/posts\/4658\/revisions"}],"wp:featuredmedia":[{"embeddable":true,"href":"http:\/\/www.moda.es\/blog\/wp-json\/wp\/v2\/media\/16655"}],"wp:attachment":[{"href":"http:\/\/www.moda.es\/blog\/wp-json\/wp\/v2\/media?parent=4658"}],"wp:term":[{"taxonomy":"category","embeddable":true,"href":"http:\/\/www.moda.es\/blog\/wp-json\/wp\/v2\/categories?post=4658"},{"taxonomy":"post_tag","embeddable":true,"href":"http:\/\/www.moda.es\/blog\/wp-json\/wp\/v2\/tags?post=4658"}],"curies":[{"name":"wp","href":"https:\/\/api.w.org\/{rel}","templated":true}]}}