{"id":4639,"date":"2011-12-13T00:56:58","date_gmt":"2011-12-12T22:56:58","guid":{"rendered":"http:\/\/www.moda.es\/blog\/?p=4639"},"modified":"2011-12-13T00:56:58","modified_gmt":"2011-12-12T22:56:58","slug":"ano-nuevo-pelo-nuevo","status":"publish","type":"post","link":"http:\/\/www.moda.es\/blog\/ano-nuevo-pelo-nuevo\/","title":{"rendered":"A\u00f1o nuevo, pelo nuevo"},"content":{"rendered":"<p>Se acerca la Navidad y con ella el fin de a\u00f1o y es entonces el momento en que mucha gente se plantea un cambio de <em>look<\/em>. Suele haber dos opciones: corte o color, aunque tambi\u00e9n se pueden dar ambas.<\/p>\n<figure id=\"attachment_4644\" aria-describedby=\"caption-attachment-4644\" style=\"width: 309px\" class=\"wp-caption aligncenter\"><a href=\"https:\/\/i0.wp.com\/www.moda.es\/blog\/wp-content\/uploads\/2011\/12\/coco_rocha_la_mas_bella_de_la_semana_459800671_562x908-e1323729996276.jpg\"><img data-attachment-id=\"4644\" data-permalink=\"http:\/\/www.moda.es\/blog\/coco_rocha_la_mas_bella_de_la_semana_459800671_562x908\/\" data-orig-file=\"https:\/\/i0.wp.com\/www.moda.es\/blog\/wp-content\/uploads\/2011\/12\/coco_rocha_la_mas_bella_de_la_semana_459800671_562x908-e1323729996276.jpg?fit=309%2C500\" data-orig-size=\"309,500\" data-comments-opened=\"1\" data-image-meta=\"{&quot;aperture&quot;:&quot;0&quot;,&quot;credit&quot;:&quot;&quot;,&quot;camera&quot;:&quot;&quot;,&quot;caption&quot;:&quot;&quot;,&quot;created_timestamp&quot;:&quot;0&quot;,&quot;copyright&quot;:&quot;&quot;,&quot;focal_length&quot;:&quot;0&quot;,&quot;iso&quot;:&quot;0&quot;,&quot;shutter_speed&quot;:&quot;0&quot;,&quot;title&quot;:&quot;&quot;}\" data-image-title=\"coco_rocha_la_mas_bella_de_la_semana_459800671_562x908\" data-image-description=\"\" data-image-caption=\"&lt;p&gt;La joven actriz Chloe Moretz luce un corte bob largo . Foto via www.vogue.es &lt;\/p&gt;\n\" data-medium-file=\"https:\/\/i0.wp.com\/www.moda.es\/blog\/wp-content\/uploads\/2011\/12\/coco_rocha_la_mas_bella_de_la_semana_459800671_562x908-e1323729996276.jpg?fit=185%2C300\" data-large-file=\"https:\/\/i0.wp.com\/www.moda.es\/blog\/wp-content\/uploads\/2011\/12\/coco_rocha_la_mas_bella_de_la_semana_459800671_562x908-e1323729996276.jpg?fit=309%2C500\" loading=\"lazy\" class=\"size-full wp-image-4644\" src=\"https:\/\/i0.wp.com\/www.moda.es\/blog\/wp-content\/uploads\/2011\/12\/coco_rocha_la_mas_bella_de_la_semana_459800671_562x908-e1323729996276.jpg?resize=309%2C500\" alt=\"\" width=\"309\" height=\"500\" srcset=\"https:\/\/i0.wp.com\/www.moda.es\/blog\/wp-content\/uploads\/2011\/12\/coco_rocha_la_mas_bella_de_la_semana_459800671_562x908-e1323729996276.jpg?w=309 309w, https:\/\/i0.wp.com\/www.moda.es\/blog\/wp-content\/uploads\/2011\/12\/coco_rocha_la_mas_bella_de_la_semana_459800671_562x908-e1323729996276.jpg?resize=185%2C300 185w\" sizes=\"(max-width: 309px) 100vw, 309px\" data-recalc-dims=\"1\" \/><\/a><figcaption id=\"caption-attachment-4644\" class=\"wp-caption-text\">La joven actriz Chloe Moretz luce un corte bob largo. Foto via www.vogue.es<\/figcaption><\/figure>\n<p>Por supuesto, si ahora tienes una larga melena, mayores son\u00a0las posibilidades de elegir entre distintos cortes. El preferido de la temporada es el <em>bob<\/em>, un largo que se viene imponiendo en cuanto a tendencia de cabello desde hace unas cuantas temporadas, y es que es atemporal y vers\u00e1til: se puede llevar bien tanto suelto como recogido. Adem\u00e1s, se puede optar por la raya en medio o la lateral marcada y por el liso, las ondas o volumen.<\/p>\n<figure id=\"attachment_4645\" aria-describedby=\"caption-attachment-4645\" style=\"width: 309px\" class=\"wp-caption aligncenter\"><a href=\"https:\/\/i0.wp.com\/www.moda.es\/blog\/wp-content\/uploads\/2011\/12\/coco_rocha_la_mas_bella_de_la_semana_675544724_562x908.jpg\"><img data-attachment-id=\"4645\" data-permalink=\"http:\/\/www.moda.es\/blog\/coco_rocha_la_mas_bella_de_la_semana_675544724_562x908\/\" data-orig-file=\"https:\/\/i0.wp.com\/www.moda.es\/blog\/wp-content\/uploads\/2011\/12\/coco_rocha_la_mas_bella_de_la_semana_675544724_562x908-e1323730594647.jpg?fit=309%2C500\" data-orig-size=\"309,500\" data-comments-opened=\"1\" data-image-meta=\"{&quot;aperture&quot;:&quot;0&quot;,&quot;credit&quot;:&quot;&quot;,&quot;camera&quot;:&quot;&quot;,&quot;caption&quot;:&quot;&quot;,&quot;created_timestamp&quot;:&quot;0&quot;,&quot;copyright&quot;:&quot;&quot;,&quot;focal_length&quot;:&quot;0&quot;,&quot;iso&quot;:&quot;0&quot;,&quot;shutter_speed&quot;:&quot;0&quot;,&quot;title&quot;:&quot;&quot;}\" data-image-title=\"coco_rocha_la_mas_bella_de_la_semana_675544724_562x908\" data-image-description=\"\" data-image-caption=\"&lt;p&gt;Jessica Alba lleva un bob largo, por debajo del hombro, con las ondas marcadas, queda elegante y con movimiento. Foto via www.vogue.es &lt;\/p&gt;\n\" data-medium-file=\"https:\/\/i0.wp.com\/www.moda.es\/blog\/wp-content\/uploads\/2011\/12\/coco_rocha_la_mas_bella_de_la_semana_675544724_562x908-e1323730594647.jpg?fit=185%2C300\" data-large-file=\"https:\/\/i0.wp.com\/www.moda.es\/blog\/wp-content\/uploads\/2011\/12\/coco_rocha_la_mas_bella_de_la_semana_675544724_562x908-e1323730594647.jpg?fit=309%2C500\" loading=\"lazy\" class=\"size-full wp-image-4645\" src=\"https:\/\/i0.wp.com\/www.moda.es\/blog\/wp-content\/uploads\/2011\/12\/coco_rocha_la_mas_bella_de_la_semana_675544724_562x908-e1323730594647.jpg?resize=309%2C500\" alt=\"\" width=\"309\" height=\"500\" srcset=\"https:\/\/i0.wp.com\/www.moda.es\/blog\/wp-content\/uploads\/2011\/12\/coco_rocha_la_mas_bella_de_la_semana_675544724_562x908-e1323730594647.jpg?w=309 309w, https:\/\/i0.wp.com\/www.moda.es\/blog\/wp-content\/uploads\/2011\/12\/coco_rocha_la_mas_bella_de_la_semana_675544724_562x908-e1323730594647.jpg?resize=185%2C300 185w\" sizes=\"(max-width: 309px) 100vw, 309px\" data-recalc-dims=\"1\" \/><\/a><figcaption id=\"caption-attachment-4645\" class=\"wp-caption-text\">Jessica Alba lleva un bob largo, por debajo del hombro, con las ondas marcadas, queda elegante y con movimiento. Foto via www.vogue.es<\/figcaption><\/figure>\n<figure id=\"attachment_4648\" aria-describedby=\"caption-attachment-4648\" style=\"width: 309px\" class=\"wp-caption aligncenter\"><a href=\"https:\/\/i0.wp.com\/www.moda.es\/blog\/wp-content\/uploads\/2011\/12\/trucos_para_reinventar_un_long_bob_582595590_562x908.jpg\"><img data-attachment-id=\"4648\" data-permalink=\"http:\/\/www.moda.es\/blog\/trucos_para_reinventar_un_long_bob_582595590_562x908\/\" data-orig-file=\"https:\/\/i0.wp.com\/www.moda.es\/blog\/wp-content\/uploads\/2011\/12\/trucos_para_reinventar_un_long_bob_582595590_562x908-e1323731278979.jpg?fit=309%2C500\" data-orig-size=\"309,500\" data-comments-opened=\"1\" data-image-meta=\"{&quot;aperture&quot;:&quot;0&quot;,&quot;credit&quot;:&quot;&quot;,&quot;camera&quot;:&quot;&quot;,&quot;caption&quot;:&quot;&quot;,&quot;created_timestamp&quot;:&quot;0&quot;,&quot;copyright&quot;:&quot;&quot;,&quot;focal_length&quot;:&quot;0&quot;,&quot;iso&quot;:&quot;0&quot;,&quot;shutter_speed&quot;:&quot;0&quot;,&quot;title&quot;:&quot;&quot;}\" data-image-title=\"trucos_para_reinventar_un_long_bob_582595590_562x908\" data-image-description=\"\" data-image-caption=\"&lt;p&gt;El bob de la modelo Arizona Muse. Si no tienes mucho pelo, una peque\u00f1a onda ayuda. Foto via www.vogue.es &lt;\/p&gt;\n\" data-medium-file=\"https:\/\/i0.wp.com\/www.moda.es\/blog\/wp-content\/uploads\/2011\/12\/trucos_para_reinventar_un_long_bob_582595590_562x908-e1323731278979.jpg?fit=185%2C300\" data-large-file=\"https:\/\/i0.wp.com\/www.moda.es\/blog\/wp-content\/uploads\/2011\/12\/trucos_para_reinventar_un_long_bob_582595590_562x908-e1323731278979.jpg?fit=309%2C500\" loading=\"lazy\" class=\"size-full wp-image-4648\" src=\"https:\/\/i0.wp.com\/www.moda.es\/blog\/wp-content\/uploads\/2011\/12\/trucos_para_reinventar_un_long_bob_582595590_562x908-e1323731278979.jpg?resize=309%2C500\" alt=\"\" width=\"309\" height=\"500\" srcset=\"https:\/\/i0.wp.com\/www.moda.es\/blog\/wp-content\/uploads\/2011\/12\/trucos_para_reinventar_un_long_bob_582595590_562x908-e1323731278979.jpg?w=309 309w, https:\/\/i0.wp.com\/www.moda.es\/blog\/wp-content\/uploads\/2011\/12\/trucos_para_reinventar_un_long_bob_582595590_562x908-e1323731278979.jpg?resize=185%2C300 185w\" sizes=\"(max-width: 309px) 100vw, 309px\" data-recalc-dims=\"1\" \/><\/a><figcaption id=\"caption-attachment-4648\" class=\"wp-caption-text\">El bob de la modelo Arizona Muse. Si no tienes mucho pelo, una peque\u00f1a onda ayuda. Foto via www.vogue.es<\/figcaption><\/figure>\n<p>Otra opci\u00f3n de corte para las que no tengan ning\u00fan miedo es el ultra corto, como el denominado <em>pixie<\/em> que luce la actriz Michelle Williams y que est\u00e1 inspirado en el corte de pelo que Vidal Sassoon le hizo a finales de los 60 a Mia Farrow para su papel en la Semilla del Diablo de Roman Polanski.<\/p>\n<figure id=\"attachment_4649\" aria-describedby=\"caption-attachment-4649\" style=\"width: 333px\" class=\"wp-caption aligncenter\"><a href=\"https:\/\/i0.wp.com\/www.moda.es\/blog\/wp-content\/uploads\/2011\/12\/michelle_williams_3182_635x.jpg\"><img data-attachment-id=\"4649\" data-permalink=\"http:\/\/www.moda.es\/blog\/michelle_williams_3182_635x\/\" data-orig-file=\"https:\/\/i0.wp.com\/www.moda.es\/blog\/wp-content\/uploads\/2011\/12\/michelle_williams_3182_635x-e1323731471358.jpg?fit=333%2C500\" data-orig-size=\"333,500\" data-comments-opened=\"1\" data-image-meta=\"{&quot;aperture&quot;:&quot;0&quot;,&quot;credit&quot;:&quot;&quot;,&quot;camera&quot;:&quot;&quot;,&quot;caption&quot;:&quot;&quot;,&quot;created_timestamp&quot;:&quot;0&quot;,&quot;copyright&quot;:&quot;&quot;,&quot;focal_length&quot;:&quot;0&quot;,&quot;iso&quot;:&quot;0&quot;,&quot;shutter_speed&quot;:&quot;0&quot;,&quot;title&quot;:&quot;&quot;}\" data-image-title=\"michelle_williams_3182_635x\" data-image-description=\"\" data-image-caption=\"&lt;p&gt;El corte de pelo de Michelle Williams conocido como &#8216;pixie&#8217;. Foto via smoda.elpais.com &lt;\/p&gt;\n\" data-medium-file=\"https:\/\/i0.wp.com\/www.moda.es\/blog\/wp-content\/uploads\/2011\/12\/michelle_williams_3182_635x-e1323731471358.jpg?fit=199%2C300\" data-large-file=\"https:\/\/i0.wp.com\/www.moda.es\/blog\/wp-content\/uploads\/2011\/12\/michelle_williams_3182_635x-e1323731471358.jpg?fit=333%2C500\" loading=\"lazy\" class=\"size-full wp-image-4649\" src=\"https:\/\/i0.wp.com\/www.moda.es\/blog\/wp-content\/uploads\/2011\/12\/michelle_williams_3182_635x-e1323731471358.jpg?resize=333%2C500\" alt=\"\" width=\"333\" height=\"500\" srcset=\"https:\/\/i0.wp.com\/www.moda.es\/blog\/wp-content\/uploads\/2011\/12\/michelle_williams_3182_635x-e1323731471358.jpg?w=333 333w, https:\/\/i0.wp.com\/www.moda.es\/blog\/wp-content\/uploads\/2011\/12\/michelle_williams_3182_635x-e1323731471358.jpg?resize=199%2C300 199w\" sizes=\"(max-width: 333px) 100vw, 333px\" data-recalc-dims=\"1\" \/><\/a><figcaption id=\"caption-attachment-4649\" class=\"wp-caption-text\">El corte de pelo de Michelle Williams conocido como &#039;pixie&#039;. Foto via smoda.elpais.com<\/figcaption><\/figure>\n<p>&nbsp;<\/p>\n<figure id=\"attachment_4650\" aria-describedby=\"caption-attachment-4650\" style=\"width: 440px\" class=\"wp-caption aligncenter\"><a href=\"https:\/\/i0.wp.com\/www.moda.es\/blog\/wp-content\/uploads\/2011\/12\/00t_34_arve_g2445_034__1222883836_2120.jpg\"><img data-attachment-id=\"4650\" data-permalink=\"http:\/\/www.moda.es\/blog\/00t_34_arve_g2445_034__1222883836_2120\/\" data-orig-file=\"https:\/\/i0.wp.com\/www.moda.es\/blog\/wp-content\/uploads\/2011\/12\/00t_34_arve_g2445_034__1222883836_2120.jpg?fit=440%2C440\" data-orig-size=\"440,440\" data-comments-opened=\"1\" data-image-meta=\"{&quot;aperture&quot;:&quot;0&quot;,&quot;credit&quot;:&quot;&quot;,&quot;camera&quot;:&quot;&quot;,&quot;caption&quot;:&quot;&quot;,&quot;created_timestamp&quot;:&quot;0&quot;,&quot;copyright&quot;:&quot;&quot;,&quot;focal_length&quot;:&quot;0&quot;,&quot;iso&quot;:&quot;0&quot;,&quot;shutter_speed&quot;:&quot;0&quot;,&quot;title&quot;:&quot;&quot;}\" data-image-title=\"00t_34_arve_g2445_034__1222883836_2120\" data-image-description=\"\" data-image-caption=\"&lt;p&gt;Vidal Sassoon llevando a cabo el famoso corte de pelo de Mia Farrow en el set de rodaje. Foto via boston.com &lt;\/p&gt;\n\" data-medium-file=\"https:\/\/i0.wp.com\/www.moda.es\/blog\/wp-content\/uploads\/2011\/12\/00t_34_arve_g2445_034__1222883836_2120.jpg?fit=300%2C300\" data-large-file=\"https:\/\/i0.wp.com\/www.moda.es\/blog\/wp-content\/uploads\/2011\/12\/00t_34_arve_g2445_034__1222883836_2120.jpg?fit=440%2C440\" loading=\"lazy\" class=\"size-full wp-image-4650\" src=\"https:\/\/i0.wp.com\/www.moda.es\/blog\/wp-content\/uploads\/2011\/12\/00t_34_arve_g2445_034__1222883836_2120.jpg?resize=440%2C440\" alt=\"\" width=\"440\" height=\"440\" srcset=\"https:\/\/i0.wp.com\/www.moda.es\/blog\/wp-content\/uploads\/2011\/12\/00t_34_arve_g2445_034__1222883836_2120.jpg?w=440 440w, https:\/\/i0.wp.com\/www.moda.es\/blog\/wp-content\/uploads\/2011\/12\/00t_34_arve_g2445_034__1222883836_2120.jpg?resize=150%2C150 150w, https:\/\/i0.wp.com\/www.moda.es\/blog\/wp-content\/uploads\/2011\/12\/00t_34_arve_g2445_034__1222883836_2120.jpg?resize=300%2C300 300w\" sizes=\"(max-width: 440px) 100vw, 440px\" data-recalc-dims=\"1\" \/><\/a><figcaption id=\"caption-attachment-4650\" class=\"wp-caption-text\">Vidal Sassoon llevando a cabo el famoso corte de pelo de Mia Farrow en el set de rodaje. Foto via boston.com<\/figcaption><\/figure>\n<p>Si no te apetece un cambio de core de pelo, pero s\u00ed jugar con el color, toma nota de una de las tendencias de la temporada: la evoluci\u00f3n de las mechas californianas en lo que se llama &#8216;ombr\u00e9 hair&#8217; con las puntas en contraste con el resto del cabello, como un degradado pero m\u00e1s radical. Se trata de una coloraci\u00f3n que pretende imitar el efecto natural que produce el sol en nuestro pelo durante el verano cuando vamos a la playa, un efecto de puntas decoloradas que proporciona mayor luminosidad al cabello y al rostro. Se pueden aclarar s\u00f3lo las puntas o cambiar la tonalidad del pelo y en funci\u00f3n de ello, ir cambiando el tono en degradado.<\/p>\n<figure id=\"attachment_4651\" aria-describedby=\"caption-attachment-4651\" style=\"width: 320px\" class=\"wp-caption aligncenter\"><a href=\"https:\/\/i0.wp.com\/www.moda.es\/blog\/wp-content\/uploads\/2011\/12\/Alexa-Chung-Ombre-hair.jpg\"><img data-attachment-id=\"4651\" data-permalink=\"http:\/\/www.moda.es\/blog\/alexa-chung-ombre-hair\/\" data-orig-file=\"https:\/\/i0.wp.com\/www.moda.es\/blog\/wp-content\/uploads\/2011\/12\/Alexa-Chung-Ombre-hair.jpg?fit=320%2C320\" data-orig-size=\"320,320\" data-comments-opened=\"1\" data-image-meta=\"{&quot;aperture&quot;:&quot;0&quot;,&quot;credit&quot;:&quot;&quot;,&quot;camera&quot;:&quot;&quot;,&quot;caption&quot;:&quot;&quot;,&quot;created_timestamp&quot;:&quot;0&quot;,&quot;copyright&quot;:&quot;&quot;,&quot;focal_length&quot;:&quot;0&quot;,&quot;iso&quot;:&quot;0&quot;,&quot;shutter_speed&quot;:&quot;0&quot;,&quot;title&quot;:&quot;&quot;}\" data-image-title=\"Alexa-Chung-Ombre-hair\" data-image-description=\"\" data-image-caption=\"&lt;p&gt;Alexa Chung luce un te\u00f1ido estilo &#8216;ombre hair&#8217;. Foto via cortandoestilo.blogspot.com&lt;\/p&gt;\n\" data-medium-file=\"https:\/\/i0.wp.com\/www.moda.es\/blog\/wp-content\/uploads\/2011\/12\/Alexa-Chung-Ombre-hair.jpg?fit=300%2C300\" data-large-file=\"https:\/\/i0.wp.com\/www.moda.es\/blog\/wp-content\/uploads\/2011\/12\/Alexa-Chung-Ombre-hair.jpg?fit=320%2C320\" loading=\"lazy\" class=\"size-full wp-image-4651\" src=\"https:\/\/i0.wp.com\/www.moda.es\/blog\/wp-content\/uploads\/2011\/12\/Alexa-Chung-Ombre-hair.jpg?resize=320%2C320\" alt=\"\" width=\"320\" height=\"320\" srcset=\"https:\/\/i0.wp.com\/www.moda.es\/blog\/wp-content\/uploads\/2011\/12\/Alexa-Chung-Ombre-hair.jpg?w=320 320w, https:\/\/i0.wp.com\/www.moda.es\/blog\/wp-content\/uploads\/2011\/12\/Alexa-Chung-Ombre-hair.jpg?resize=150%2C150 150w, https:\/\/i0.wp.com\/www.moda.es\/blog\/wp-content\/uploads\/2011\/12\/Alexa-Chung-Ombre-hair.jpg?resize=300%2C300 300w\" sizes=\"(max-width: 320px) 100vw, 320px\" data-recalc-dims=\"1\" \/><\/a><figcaption id=\"caption-attachment-4651\" class=\"wp-caption-text\">Alexa Chung luce un te\u00f1ido estilo &#039;ombre hair&#039;. Foto via cortandoestilo.blogspot.com<\/figcaption><\/figure>\n<p>&nbsp;<\/p>\n<figure id=\"attachment_4652\" aria-describedby=\"caption-attachment-4652\" style=\"width: 333px\" class=\"wp-caption aligncenter\"><a href=\"https:\/\/i0.wp.com\/www.moda.es\/blog\/wp-content\/uploads\/2011\/12\/tumblr_l7112rKadH1qav5b4o5_400.jpg\"><img data-attachment-id=\"4652\" data-permalink=\"http:\/\/www.moda.es\/blog\/tumblr_l7112rkadh1qav5b4o5_400\/\" data-orig-file=\"https:\/\/i0.wp.com\/www.moda.es\/blog\/wp-content\/uploads\/2011\/12\/tumblr_l7112rKadH1qav5b4o5_400-e1323732354174.jpg?fit=333%2C500\" data-orig-size=\"333,500\" data-comments-opened=\"1\" data-image-meta=\"{&quot;aperture&quot;:&quot;0&quot;,&quot;credit&quot;:&quot;&quot;,&quot;camera&quot;:&quot;&quot;,&quot;caption&quot;:&quot;&quot;,&quot;created_timestamp&quot;:&quot;0&quot;,&quot;copyright&quot;:&quot;&quot;,&quot;focal_length&quot;:&quot;0&quot;,&quot;iso&quot;:&quot;0&quot;,&quot;shutter_speed&quot;:&quot;0&quot;,&quot;title&quot;:&quot;&quot;}\" data-image-title=\"tumblr_l7112rKadH1qav5b4o5_400\" data-image-description=\"\" data-image-caption=\"&lt;p&gt;El efecto en una melena larga, en la modelo Lily Aldridge. Foto via www.elrincondemoda.com&lt;\/p&gt;\n\" data-medium-file=\"https:\/\/i0.wp.com\/www.moda.es\/blog\/wp-content\/uploads\/2011\/12\/tumblr_l7112rKadH1qav5b4o5_400-e1323732354174.jpg?fit=199%2C300\" data-large-file=\"https:\/\/i0.wp.com\/www.moda.es\/blog\/wp-content\/uploads\/2011\/12\/tumblr_l7112rKadH1qav5b4o5_400-e1323732354174.jpg?fit=333%2C500\" loading=\"lazy\" class=\"size-full wp-image-4652\" src=\"https:\/\/i0.wp.com\/www.moda.es\/blog\/wp-content\/uploads\/2011\/12\/tumblr_l7112rKadH1qav5b4o5_400-e1323732354174.jpg?resize=333%2C500\" alt=\"\" width=\"333\" height=\"500\" srcset=\"https:\/\/i0.wp.com\/www.moda.es\/blog\/wp-content\/uploads\/2011\/12\/tumblr_l7112rKadH1qav5b4o5_400-e1323732354174.jpg?w=333 333w, https:\/\/i0.wp.com\/www.moda.es\/blog\/wp-content\/uploads\/2011\/12\/tumblr_l7112rKadH1qav5b4o5_400-e1323732354174.jpg?resize=199%2C300 199w\" sizes=\"(max-width: 333px) 100vw, 333px\" data-recalc-dims=\"1\" \/><\/a><figcaption id=\"caption-attachment-4652\" class=\"wp-caption-text\">El efecto en una melena larga, en la modelo Lily Aldridge. Foto via www.elrincondemoda.com<\/figcaption><\/figure>\n","protected":false},"excerpt":{"rendered":"<p>Se acerca la Navidad y con ella el fin de a\u00f1o y es entonces el momento en que mucha gente se plantea un cambio de look. Suele haber dos opciones: corte o color, aunque tambi\u00e9n se pueden dar ambas. Por supuesto, si ahora tienes una larga melena, mayores son\u00a0las posibilidades [&hellip;]<\/p>\n","protected":false},"author":2,"featured_media":16656,"comment_status":"open","ping_status":"open","sticky":false,"template":"","format":"standard","meta":{"jetpack_publicize_message":"","jetpack_is_tweetstorm":false,"jetpack_publicize_feature_enabled":true},"categories":[6],"tags":[],"jetpack_publicize_connections":[],"jetpack_featured_media_url":"https:\/\/i0.wp.com\/www.moda.es\/blog\/wp-content\/uploads\/2011\/12\/coco_rocha_la_mas_bella_de_la_semana_459800671_562x908-e13237299962761.jpg?fit=309%2C500","jetpack_sharing_enabled":true,"jetpack_shortlink":"https:\/\/wp.me\/p4tJCC-1cP","jetpack-related-posts":[{"id":4871,"url":"http:\/\/www.moda.es\/blog\/la-chica-de-las-ondas\/","url_meta":{"origin":4639,"position":0},"title":"La chica de las ondas brit\u00e1nicas","date":"enero 3, 2012","format":false,"excerpt":"Hemos vuelto con el nuevo a\u00f1o, por eso lo primero desearos un \u00a1Feliz 2012! Acabamos el a\u00f1o con un post sobre una bloggera it, Alix Bancourt, y lo comenzamos con otra it-girl. Has visto su cara en las revistas, en algunas p\u00e1ginas especiales de belleza por su impoluto corte bob\u2026","rel":"","context":"En \u00abIt Girl\u00bb","img":{"alt_text":"","src":"https:\/\/i0.wp.com\/www.moda.es\/blog\/wp-content\/uploads\/2012\/01\/floral_portrait_galeria.jpg?resize=350%2C200","width":350,"height":200},"classes":[]},{"id":8398,"url":"http:\/\/www.moda.es\/blog\/cambio-radical\/","url_meta":{"origin":4639,"position":1},"title":"Cambio radical","date":"agosto 24, 2012","format":false,"excerpt":"En la vida de toda persona, llega el momento de un cambio radical. En lo que se refiere al aspecto, suele tratarse de un corte de pelo que corresponde muchas veces a un nuevo estado de \u00e1nimo o que busca en el fondo una mudanza de car\u00e1cter. \u00bfEst\u00e1s en este\u2026","rel":"","context":"En \u00abBelleza\u00bb","img":{"alt_text":"","src":"https:\/\/i0.wp.com\/www.moda.es\/blog\/wp-content\/uploads\/2012\/08\/84352265_10-e13457168437581.jpg?fit=405%2C500&resize=350%2C200","width":350,"height":200},"classes":[]},{"id":19899,"url":"http:\/\/www.moda.es\/blog\/tenemos-nueva-cita-cinematografica\/","url_meta":{"origin":4639,"position":2},"title":"Tenemos nueva cita cinematogr\u00e1fica&#8230;","date":"octubre 17, 2015","format":false,"excerpt":"Bueno, en realidad todav\u00eda no tenemos una fecha que subrayar en el calendario, pero se est\u00e1 gestando un proyecto de esos que toda fashion fan que se precie no puede perderse. Grace Coddington ha revelado que los derechos cinematogr\u00e1ficos de su biograf\u00eda de 2012, Grace: A Memoir, han sido comprados\u2026","rel":"","context":"En \u00abActualidad\u00bb","img":{"alt_text":"","src":"https:\/\/i0.wp.com\/www.moda.es\/blog\/wp-content\/uploads\/2015\/10\/Captura-de-pantalla-2015-10-18-a-las-0.02.36.png?fit=320%2C482&resize=350%2C200","width":350,"height":200},"classes":[]},{"id":2723,"url":"http:\/\/www.moda.es\/blog\/cortelo\/","url_meta":{"origin":4639,"position":3},"title":"C\u00f3rtelo","date":"julio 20, 2011","format":false,"excerpt":"Cabellos a la mar. Llegado el verano, apetece un corte. Algo fresquito que nos ayude a sobrellevar mejor los d\u00edas de sol y calor. En cuanto a largos y cortes de pelo, se lleva un poco de todo pero hay dos tipos de cortes que triunfan por encima de los\u2026","rel":"","context":"En \u00abBelleza\u00bb","img":{"alt_text":"","src":"https:\/\/i0.wp.com\/hair-styles-for-long-hair.com\/wp-content\/plugins\/wp-o-matic\/cache\/c5a85_330db_Ginnifer-Goodwin-Pixie.jpg?resize=350%2C200","width":350,"height":200},"classes":[]},{"id":19509,"url":"http:\/\/www.moda.es\/blog\/karlie-kloss-nueva-chica-versace\/","url_meta":{"origin":4639,"position":4},"title":"Karlie Kloss, nueva chica Versace","date":"junio 16, 2015","format":false,"excerpt":"Karlie Kloss sigue explorando nuevas campa\u00f1as ahora como imagen de la nueva temporada oto\u00f1o - invierno 2015 de Versace. Despu\u00e9s de anunciar que no renovar\u00e1 su contrato con Victoria's Secret, la modelo ha optado por alistarse en las filas de las grandes marcas de siempre. La modelo comparti\u00f3 el escenario\u2026","rel":"","context":"En \u00abActualidad\u00bb","img":{"alt_text":"","src":"https:\/\/i0.wp.com\/www.moda.es\/blog\/wp-content\/uploads\/2015\/06\/versace.jpg?fit=650%2C867&resize=350%2C200","width":350,"height":200},"classes":[]},{"id":18716,"url":"http:\/\/www.moda.es\/blog\/tus-basicos-para-este-ano-i\/","url_meta":{"origin":4639,"position":5},"title":"Tus b\u00e1sicos para este a\u00f1o (I)","date":"enero 2, 2015","format":false,"excerpt":"Un cl\u00e1sico nunca muere y es siempre un acierto seguro.\u00a0 Cuanto m\u00e1s seguridad y estilo tiene una mujer, m\u00e1s tiende su vestuario a construirse sobre bases cl\u00e1sicas. Pero incluso los cl\u00e1sicos necesitan volver a arrancar de vez en cuando. Echa un vistazo a lo que debes guardar y actualizar en\u2026","rel":"","context":"En \u00abActualidad\u00bb","img":{"alt_text":"","src":"https:\/\/i0.wp.com\/www.moda.es\/blog\/wp-content\/uploads\/2015\/01\/tendencias.jpg?fit=650%2C799&resize=350%2C200","width":350,"height":200},"classes":[]}],"_links":{"self":[{"href":"http:\/\/www.moda.es\/blog\/wp-json\/wp\/v2\/posts\/4639"}],"collection":[{"href":"http:\/\/www.moda.es\/blog\/wp-json\/wp\/v2\/posts"}],"about":[{"href":"http:\/\/www.moda.es\/blog\/wp-json\/wp\/v2\/types\/post"}],"author":[{"embeddable":true,"href":"http:\/\/www.moda.es\/blog\/wp-json\/wp\/v2\/users\/2"}],"replies":[{"embeddable":true,"href":"http:\/\/www.moda.es\/blog\/wp-json\/wp\/v2\/comments?post=4639"}],"version-history":[{"count":0,"href":"http:\/\/www.moda.es\/blog\/wp-json\/wp\/v2\/posts\/4639\/revisions"}],"wp:featuredmedia":[{"embeddable":true,"href":"http:\/\/www.moda.es\/blog\/wp-json\/wp\/v2\/media\/16656"}],"wp:attachment":[{"href":"http:\/\/www.moda.es\/blog\/wp-json\/wp\/v2\/media?parent=4639"}],"wp:term":[{"taxonomy":"category","embeddable":true,"href":"http:\/\/www.moda.es\/blog\/wp-json\/wp\/v2\/categories?post=4639"},{"taxonomy":"post_tag","embeddable":true,"href":"http:\/\/www.moda.es\/blog\/wp-json\/wp\/v2\/tags?post=4639"}],"curies":[{"name":"wp","href":"https:\/\/api.w.org\/{rel}","templated":true}]}}