{"id":4597,"date":"2011-12-09T23:19:04","date_gmt":"2011-12-09T21:19:04","guid":{"rendered":"http:\/\/www.moda.es\/blog\/?p=4597"},"modified":"2011-12-09T23:19:04","modified_gmt":"2011-12-09T21:19:04","slug":"vuelve-el-mono","status":"publish","type":"post","link":"http:\/\/www.moda.es\/blog\/vuelve-el-mono\/","title":{"rendered":"Vuelve el mo\u00f1o"},"content":{"rendered":"<figure id=\"attachment_4600\" aria-describedby=\"caption-attachment-4600\" style=\"width: 498px\" class=\"wp-caption aligncenter\"><a href=\"https:\/\/i0.wp.com\/www.moda.es\/blog\/wp-content\/uploads\/2011\/12\/lifestyle.jpg\"><img data-attachment-id=\"4600\" data-permalink=\"http:\/\/www.moda.es\/blog\/lifestyle\/\" data-orig-file=\"https:\/\/i0.wp.com\/www.moda.es\/blog\/wp-content\/uploads\/2011\/12\/lifestyle-e1323464888276.jpg?fit=498%2C500\" data-orig-size=\"498,500\" data-comments-opened=\"1\" data-image-meta=\"{&quot;aperture&quot;:&quot;0&quot;,&quot;credit&quot;:&quot;&quot;,&quot;camera&quot;:&quot;&quot;,&quot;caption&quot;:&quot;&quot;,&quot;created_timestamp&quot;:&quot;0&quot;,&quot;copyright&quot;:&quot;&quot;,&quot;focal_length&quot;:&quot;0&quot;,&quot;iso&quot;:&quot;0&quot;,&quot;shutter_speed&quot;:&quot;0&quot;,&quot;title&quot;:&quot;&quot;}\" data-image-title=\"lifestyle\" data-image-description=\"\" data-image-caption=\"&lt;p&gt;Foto via http:\/\/taza-and-husband.blogspot.com\/ &lt;\/p&gt;\n\" data-medium-file=\"https:\/\/i0.wp.com\/www.moda.es\/blog\/wp-content\/uploads\/2011\/12\/lifestyle-e1323464888276.jpg?fit=298%2C300\" data-large-file=\"https:\/\/i0.wp.com\/www.moda.es\/blog\/wp-content\/uploads\/2011\/12\/lifestyle-e1323464888276.jpg?fit=498%2C500\" loading=\"lazy\" class=\"size-full wp-image-4600\" src=\"https:\/\/i0.wp.com\/www.moda.es\/blog\/wp-content\/uploads\/2011\/12\/lifestyle-e1323464888276.jpg?resize=498%2C500\" alt=\"\" width=\"498\" height=\"500\" srcset=\"https:\/\/i0.wp.com\/www.moda.es\/blog\/wp-content\/uploads\/2011\/12\/lifestyle-e1323464888276.jpg?w=498 498w, https:\/\/i0.wp.com\/www.moda.es\/blog\/wp-content\/uploads\/2011\/12\/lifestyle-e1323464888276.jpg?resize=150%2C150 150w, https:\/\/i0.wp.com\/www.moda.es\/blog\/wp-content\/uploads\/2011\/12\/lifestyle-e1323464888276.jpg?resize=298%2C300 298w\" sizes=\"(max-width: 498px) 100vw, 498px\" data-recalc-dims=\"1\" \/><\/a><figcaption id=\"caption-attachment-4600\" class=\"wp-caption-text\">Foto via http:\/\/taza-and-husband.blogspot.com\/<\/figcaption><\/figure>\n<p>El mo\u00f1o, ese peinado donde el cabello se ordena recogido en la parte posterior de la cabeza y que tanto asociamos a d\u00e9cadas pasadas o a nuestras abuelas, vuelve este invierno con m\u00e1s fuerza que nunca. Lo hemos visto en la alfombra roja donde siempre es una opci\u00f3n favorecedora con un vestido de gala; lo hemos visto en la pasarela donde ha rivalizado con el pelo suelto y la coleta; y lo vemos en la calle, en una versi\u00f3n informal, mo\u00f1o de bailarina improvisado recogido con goma en lo alto de la cabeza.<\/p>\n<figure id=\"attachment_4601\" aria-describedby=\"caption-attachment-4601\" style=\"width: 500px\" class=\"wp-caption aligncenter\"><a href=\"https:\/\/i0.wp.com\/www.moda.es\/blog\/wp-content\/uploads\/2011\/12\/10.jpg\"><img data-attachment-id=\"4601\" data-permalink=\"http:\/\/www.moda.es\/blog\/10\/\" data-orig-file=\"https:\/\/i0.wp.com\/www.moda.es\/blog\/wp-content\/uploads\/2011\/12\/10-e1323465046622.jpg?fit=500%2C323\" data-orig-size=\"500,323\" data-comments-opened=\"1\" data-image-meta=\"{&quot;aperture&quot;:&quot;0&quot;,&quot;credit&quot;:&quot;&quot;,&quot;camera&quot;:&quot;&quot;,&quot;caption&quot;:&quot;&quot;,&quot;created_timestamp&quot;:&quot;0&quot;,&quot;copyright&quot;:&quot;&quot;,&quot;focal_length&quot;:&quot;0&quot;,&quot;iso&quot;:&quot;0&quot;,&quot;shutter_speed&quot;:&quot;0&quot;,&quot;title&quot;:&quot;&quot;}\" data-image-title=\"10\" data-image-description=\"\" data-image-caption=\"&lt;p&gt;Foto via http:\/\/www.gooddayhoward.com\/&lt;\/p&gt;\n\" data-medium-file=\"https:\/\/i0.wp.com\/www.moda.es\/blog\/wp-content\/uploads\/2011\/12\/10-e1323465046622.jpg?fit=300%2C193\" data-large-file=\"https:\/\/i0.wp.com\/www.moda.es\/blog\/wp-content\/uploads\/2011\/12\/10-e1323465046622.jpg?fit=500%2C323\" loading=\"lazy\" class=\"size-full wp-image-4601\" src=\"https:\/\/i0.wp.com\/www.moda.es\/blog\/wp-content\/uploads\/2011\/12\/10-e1323465046622.jpg?resize=500%2C323\" alt=\"\" width=\"500\" height=\"323\" srcset=\"https:\/\/i0.wp.com\/www.moda.es\/blog\/wp-content\/uploads\/2011\/12\/10-e1323465046622.jpg?w=500 500w, https:\/\/i0.wp.com\/www.moda.es\/blog\/wp-content\/uploads\/2011\/12\/10-e1323465046622.jpg?resize=300%2C193 300w\" sizes=\"(max-width: 500px) 100vw, 500px\" data-recalc-dims=\"1\" \/><\/a><figcaption id=\"caption-attachment-4601\" class=\"wp-caption-text\">Foto via www.gooddayhoward.com<\/figcaption><\/figure>\n<p>Pero ahora que se acercan las fiestas, a la hora de arreglarse para cenas y cotillones los mo\u00f1os van a ser la elecci\u00f3n id\u00f3nea. Aqu\u00ed van varios ejemplos de los estilos de recogido preferidos esta temporada. Est\u00e1 la opci\u00f3n cl\u00e1sico-rom\u00e1ntica, con suaves ondas para crear movimiento en el frente y recogido en una trenza en la parte posterior, como el que luce Kirsten Dunst.<\/p>\n<figure id=\"attachment_4602\" aria-describedby=\"caption-attachment-4602\" style=\"width: 318px\" class=\"wp-caption aligncenter\"><a href=\"https:\/\/i0.wp.com\/www.moda.es\/blog\/wp-content\/uploads\/2011\/12\/kirstendunst_111522316_north_318x478.jpg\"><img data-attachment-id=\"4602\" data-permalink=\"http:\/\/www.moda.es\/blog\/kirstendunst_111522316_north_318x478\/\" data-orig-file=\"https:\/\/i0.wp.com\/www.moda.es\/blog\/wp-content\/uploads\/2011\/12\/kirstendunst_111522316_north_318x478.jpg?fit=318%2C478\" data-orig-size=\"318,478\" data-comments-opened=\"1\" data-image-meta=\"{&quot;aperture&quot;:&quot;0&quot;,&quot;credit&quot;:&quot;&quot;,&quot;camera&quot;:&quot;&quot;,&quot;caption&quot;:&quot;&quot;,&quot;created_timestamp&quot;:&quot;0&quot;,&quot;copyright&quot;:&quot;&quot;,&quot;focal_length&quot;:&quot;0&quot;,&quot;iso&quot;:&quot;0&quot;,&quot;shutter_speed&quot;:&quot;0&quot;,&quot;title&quot;:&quot;&quot;}\" data-image-title=\"kirstendunst_111522316_north_318x478\" data-image-description=\"\" data-image-caption=\"&lt;p&gt;Fotos via www.vogue.fr&lt;\/p&gt;\n\" data-medium-file=\"https:\/\/i0.wp.com\/www.moda.es\/blog\/wp-content\/uploads\/2011\/12\/kirstendunst_111522316_north_318x478.jpg?fit=199%2C300\" data-large-file=\"https:\/\/i0.wp.com\/www.moda.es\/blog\/wp-content\/uploads\/2011\/12\/kirstendunst_111522316_north_318x478.jpg?fit=318%2C478\" loading=\"lazy\" class=\"size-full wp-image-4602\" src=\"https:\/\/i0.wp.com\/www.moda.es\/blog\/wp-content\/uploads\/2011\/12\/kirstendunst_111522316_north_318x478.jpg?resize=318%2C478\" alt=\"\" width=\"318\" height=\"478\" srcset=\"https:\/\/i0.wp.com\/www.moda.es\/blog\/wp-content\/uploads\/2011\/12\/kirstendunst_111522316_north_318x478.jpg?w=318 318w, https:\/\/i0.wp.com\/www.moda.es\/blog\/wp-content\/uploads\/2011\/12\/kirstendunst_111522316_north_318x478.jpg?resize=199%2C300 199w\" sizes=\"(max-width: 318px) 100vw, 318px\" data-recalc-dims=\"1\" \/><\/a><figcaption id=\"caption-attachment-4602\" class=\"wp-caption-text\">Fotos via www.vogue.fr<\/figcaption><\/figure>\n<p>Una opci\u00f3n mucho m\u00e1s sencilla al tiempo que elegante tanto para el d\u00eda como para la noche -abajo, Jessica Biel-, el mo\u00f1o bailarina con raya en medio.<\/p>\n<p><a href=\"https:\/\/i0.wp.com\/www.moda.es\/blog\/wp-content\/uploads\/2011\/12\/jessicabiel_7640_north_318x478.jpg\"><img data-attachment-id=\"4603\" data-permalink=\"http:\/\/www.moda.es\/blog\/jessicabiel_7640_north_318x478\/\" data-orig-file=\"https:\/\/i0.wp.com\/www.moda.es\/blog\/wp-content\/uploads\/2011\/12\/jessicabiel_7640_north_318x478.jpg?fit=318%2C478\" data-orig-size=\"318,478\" data-comments-opened=\"1\" data-image-meta=\"{&quot;aperture&quot;:&quot;0&quot;,&quot;credit&quot;:&quot;&quot;,&quot;camera&quot;:&quot;&quot;,&quot;caption&quot;:&quot;&quot;,&quot;created_timestamp&quot;:&quot;0&quot;,&quot;copyright&quot;:&quot;&quot;,&quot;focal_length&quot;:&quot;0&quot;,&quot;iso&quot;:&quot;0&quot;,&quot;shutter_speed&quot;:&quot;0&quot;,&quot;title&quot;:&quot;&quot;}\" data-image-title=\"jessicabiel_7640_north_318x478\" data-image-description=\"\" data-image-caption=\"\" data-medium-file=\"https:\/\/i0.wp.com\/www.moda.es\/blog\/wp-content\/uploads\/2011\/12\/jessicabiel_7640_north_318x478.jpg?fit=199%2C300\" data-large-file=\"https:\/\/i0.wp.com\/www.moda.es\/blog\/wp-content\/uploads\/2011\/12\/jessicabiel_7640_north_318x478.jpg?fit=318%2C478\" loading=\"lazy\" class=\"aligncenter size-full wp-image-4603\" src=\"https:\/\/i0.wp.com\/www.moda.es\/blog\/wp-content\/uploads\/2011\/12\/jessicabiel_7640_north_318x478.jpg?resize=318%2C478\" alt=\"\" width=\"318\" height=\"478\" srcset=\"https:\/\/i0.wp.com\/www.moda.es\/blog\/wp-content\/uploads\/2011\/12\/jessicabiel_7640_north_318x478.jpg?w=318 318w, https:\/\/i0.wp.com\/www.moda.es\/blog\/wp-content\/uploads\/2011\/12\/jessicabiel_7640_north_318x478.jpg?resize=199%2C300 199w\" sizes=\"(max-width: 318px) 100vw, 318px\" data-recalc-dims=\"1\" \/><\/a><\/p>\n<p>De estilo cl\u00e1sico y depurado con raya en medio y pelo bien peinado tapando un poco las orejas, como muestra Anne Hathaway en una gala reciente.<\/p>\n<p><a href=\"https:\/\/i0.wp.com\/www.moda.es\/blog\/wp-content\/uploads\/2011\/12\/annehathaway_357_north_318x478.jpg\"><img data-attachment-id=\"4604\" data-permalink=\"http:\/\/www.moda.es\/blog\/annehathaway_357_north_318x478\/\" data-orig-file=\"https:\/\/i0.wp.com\/www.moda.es\/blog\/wp-content\/uploads\/2011\/12\/annehathaway_357_north_318x478.jpg?fit=318%2C478\" data-orig-size=\"318,478\" data-comments-opened=\"1\" data-image-meta=\"{&quot;aperture&quot;:&quot;0&quot;,&quot;credit&quot;:&quot;&quot;,&quot;camera&quot;:&quot;&quot;,&quot;caption&quot;:&quot;&quot;,&quot;created_timestamp&quot;:&quot;0&quot;,&quot;copyright&quot;:&quot;&quot;,&quot;focal_length&quot;:&quot;0&quot;,&quot;iso&quot;:&quot;0&quot;,&quot;shutter_speed&quot;:&quot;0&quot;,&quot;title&quot;:&quot;&quot;}\" data-image-title=\"annehathaway_357_north_318x478\" data-image-description=\"\" data-image-caption=\"\" data-medium-file=\"https:\/\/i0.wp.com\/www.moda.es\/blog\/wp-content\/uploads\/2011\/12\/annehathaway_357_north_318x478.jpg?fit=199%2C300\" data-large-file=\"https:\/\/i0.wp.com\/www.moda.es\/blog\/wp-content\/uploads\/2011\/12\/annehathaway_357_north_318x478.jpg?fit=318%2C478\" loading=\"lazy\" class=\"aligncenter size-full wp-image-4604\" src=\"https:\/\/i0.wp.com\/www.moda.es\/blog\/wp-content\/uploads\/2011\/12\/annehathaway_357_north_318x478.jpg?resize=318%2C478\" alt=\"\" width=\"318\" height=\"478\" srcset=\"https:\/\/i0.wp.com\/www.moda.es\/blog\/wp-content\/uploads\/2011\/12\/annehathaway_357_north_318x478.jpg?w=318 318w, https:\/\/i0.wp.com\/www.moda.es\/blog\/wp-content\/uploads\/2011\/12\/annehathaway_357_north_318x478.jpg?resize=199%2C300 199w\" sizes=\"(max-width: 318px) 100vw, 318px\" data-recalc-dims=\"1\" \/><\/a><\/p>\n<p>Otra alternativa, un mo\u00f1o retro, con mucho volumen en la parte posterior, aunque para este tipo de peinado se requiere de una melena larga, como Sienna Miller.<\/p>\n<p><a href=\"https:\/\/i0.wp.com\/www.moda.es\/blog\/wp-content\/uploads\/2011\/12\/siennamiller_2450_north_318x478.jpg\"><img data-attachment-id=\"4605\" data-permalink=\"http:\/\/www.moda.es\/blog\/siennamiller_2450_north_318x478\/\" data-orig-file=\"https:\/\/i0.wp.com\/www.moda.es\/blog\/wp-content\/uploads\/2011\/12\/siennamiller_2450_north_318x478.jpg?fit=318%2C478\" data-orig-size=\"318,478\" data-comments-opened=\"1\" data-image-meta=\"{&quot;aperture&quot;:&quot;0&quot;,&quot;credit&quot;:&quot;&quot;,&quot;camera&quot;:&quot;&quot;,&quot;caption&quot;:&quot;&quot;,&quot;created_timestamp&quot;:&quot;0&quot;,&quot;copyright&quot;:&quot;&quot;,&quot;focal_length&quot;:&quot;0&quot;,&quot;iso&quot;:&quot;0&quot;,&quot;shutter_speed&quot;:&quot;0&quot;,&quot;title&quot;:&quot;&quot;}\" data-image-title=\"siennamiller_2450_north_318x478\" data-image-description=\"\" data-image-caption=\"\" data-medium-file=\"https:\/\/i0.wp.com\/www.moda.es\/blog\/wp-content\/uploads\/2011\/12\/siennamiller_2450_north_318x478.jpg?fit=199%2C300\" data-large-file=\"https:\/\/i0.wp.com\/www.moda.es\/blog\/wp-content\/uploads\/2011\/12\/siennamiller_2450_north_318x478.jpg?fit=318%2C478\" loading=\"lazy\" class=\"aligncenter size-full wp-image-4605\" src=\"https:\/\/i0.wp.com\/www.moda.es\/blog\/wp-content\/uploads\/2011\/12\/siennamiller_2450_north_318x478.jpg?resize=318%2C478\" alt=\"\" width=\"318\" height=\"478\" srcset=\"https:\/\/i0.wp.com\/www.moda.es\/blog\/wp-content\/uploads\/2011\/12\/siennamiller_2450_north_318x478.jpg?w=318 318w, https:\/\/i0.wp.com\/www.moda.es\/blog\/wp-content\/uploads\/2011\/12\/siennamiller_2450_north_318x478.jpg?resize=199%2C300 199w\" sizes=\"(max-width: 318px) 100vw, 318px\" data-recalc-dims=\"1\" \/><\/a><\/p>\n<p>\u00bfCon cu\u00e1l os qued\u00e1is?<\/p>\n","protected":false},"excerpt":{"rendered":"<p>El mo\u00f1o, ese peinado donde el cabello se ordena recogido en la parte posterior de la cabeza y que tanto asociamos a d\u00e9cadas pasadas o a nuestras abuelas, vuelve este invierno con m\u00e1s fuerza que nunca. Lo hemos visto en la alfombra roja donde siempre es una opci\u00f3n favorecedora con [&hellip;]<\/p>\n","protected":false},"author":2,"featured_media":16660,"comment_status":"open","ping_status":"open","sticky":false,"template":"","format":"standard","meta":{"jetpack_publicize_message":"","jetpack_is_tweetstorm":false,"jetpack_publicize_feature_enabled":true},"categories":[6],"tags":[],"jetpack_publicize_connections":[],"jetpack_featured_media_url":"https:\/\/i0.wp.com\/www.moda.es\/blog\/wp-content\/uploads\/2011\/12\/lifestyle-e13234648882761.jpg?fit=498%2C500","jetpack_sharing_enabled":true,"jetpack_shortlink":"https:\/\/wp.me\/p4tJCC-1c9","jetpack-related-posts":[{"id":7612,"url":"http:\/\/www.moda.es\/blog\/chica-de-hoy-en-dia-2\/","url_meta":{"origin":4597,"position":0},"title":"Chica de hoy en d\u00eda","date":"junio 22, 2012","format":false,"excerpt":"Girls. As\u00ed, simple y llanamente, se llama otra de las series de moda, auspiciada por la HBO, en la televisi\u00f3n estadounidense y en las redes para el resto de los mortales que nos dejamos seducir por la ficci\u00f3n televisiva de USA. Girls son cuatro amigas veintea\u00f1eras que \u00a0viven en Nueva\u2026","rel":"","context":"En \u00abTrendsetter\u00bb","img":{"alt_text":"","src":"https:\/\/i0.wp.com\/www.moda.es\/blog\/wp-content\/uploads\/2012\/06\/tumblr_m288vgUHL51qzpqd1o1_1280-e13403957577841.jpg?fit=500%2C506&resize=350%2C200","width":350,"height":200},"classes":[]},{"id":7459,"url":"http:\/\/www.moda.es\/blog\/florence-the-machine-por-lachapelle\/","url_meta":{"origin":4597,"position":1},"title":"Florence + The Machine por Lachapelle","date":"junio 8, 2012","format":false,"excerpt":"El glamour extremo, vistoso y kitsch de David Lachapelle se ha puesto al servicio de la cantante Florence Welch en el nuevo v\u00eddeo clip de su grupo para el single 'Spectrum'. Como siempre, el fot\u00f3grafo y director de cine estadounidense ha creado un universo aparte, inquietante, deslumbrante, m\u00e1gico. Luces y\u2026","rel":"","context":"En \u00abM\u00fasica y Moda\u00bb","img":{"alt_text":"","src":"https:\/\/i0.wp.com\/www.moda.es\/blog\/wp-content\/uploads\/2012\/06\/florence3-e13391821947971.jpg?fit=500%2C396&resize=350%2C200","width":350,"height":200},"classes":[]},{"id":21568,"url":"http:\/\/www.moda.es\/blog\/motivacion-maxima-en-el-gym-con-rosie-huntington\/","url_meta":{"origin":4597,"position":2},"title":"Motivaci\u00f3n m\u00e1xima en el gym con Rosie Huntington","date":"enero 5, 2017","format":false,"excerpt":"No hay nada como la perspectiva de un entrenamiento con una supermodelo para agregar un toque de motivaci\u00f3n\u00a0extra para salir\u00a0de la cama en una ma\u00f1ana fr\u00eda y oscura a principios de enero para entrenar.Watch Full Movie Online Streaming Online and Download Ofreciendo as\u00ed un poco de inspiraci\u00f3n, \u00a0Rosie Huntington-Whiteley se\u2026","rel":"","context":"En \u00abCampa\u00f1as\u00bb","img":{"alt_text":"","src":"https:\/\/i0.wp.com\/www.moda.es\/blog\/wp-content\/uploads\/2017\/01\/Captura-de-pantalla-2017-01-05-a-las-19.33.20.png?fit=484%2C481&resize=350%2C200","width":350,"height":200},"classes":[]},{"id":2451,"url":"http:\/\/www.moda.es\/blog\/la-tienda-del-dia-dayaday\/","url_meta":{"origin":4597,"position":3},"title":"La tienda del d\u00eda: Dayaday","date":"junio 28, 2011","format":false,"excerpt":"La semana pasada estuve unos d\u00edas en mi tierra y aprovech\u00e9 a ir un rato de compras con amigas, en las ciudades de provincias siempre es m\u00e1s tranquilo que en Madrid. En el entrar y salir de tiendas, di con una que no conoc\u00eda: Dayaday. Por lo visto la hay\u2026","rel":"","context":"En \u00abAccesorios\u00bb","img":{"alt_text":"","src":"https:\/\/i0.wp.com\/www.moda.es\/blog\/wp-content\/uploads\/2011\/06\/DayaDay_Spring11_2.jpg?resize=350%2C200","width":350,"height":200},"classes":[]},{"id":8955,"url":"http:\/\/www.moda.es\/blog\/rughara-la-concept-store-donde-vestirse-de-pies-a-cabeza\/","url_meta":{"origin":4597,"position":4},"title":"Rughara, la concept store donde vestirse de pies a cabeza","date":"septiembre 30, 2012","format":false,"excerpt":"En Madrid, el barrio de Malasa\u00f1a se ha convertido en la milla de oro del vintage y los lugares con m\u00e1s personalidad de toda la ciudad. All\u00ed a principios de verano, abri\u00f3 sus puertas una tienda recoleta en un edificio restaurado junto a la plaza de San Ildefonso. Con la\u2026","rel":"","context":"En \u00abTiendas\u00bb","img":{"alt_text":"","src":"https:\/\/i0.wp.com\/www.moda.es\/blog\/wp-content\/uploads\/2012\/09\/img_0261-copia-e13490455361931.jpg?fit=500%2C333&resize=350%2C200","width":350,"height":200},"classes":[]},{"id":8488,"url":"http:\/\/www.moda.es\/blog\/todo-al-negro\/","url_meta":{"origin":4597,"position":5},"title":"Todo al negro","date":"agosto 27, 2012","format":false,"excerpt":"No hay invierno sin este color. Por mucho que otros tonos hayan querido desbancarle, aunque ceda un poco de su hegemon\u00eda, sigue siendo el rey. El negro vuelve pegando fuerte. Y lo hace con todas las de la ley porque es una tendencia g\u00f3tica, donde este color no se combina\u2026","rel":"","context":"En \u00abTendencias\u00bb","img":{"alt_text":"","src":"https:\/\/i0.wp.com\/www.moda.es\/blog\/wp-content\/uploads\/2012\/08\/image11-e1346093864809.jpg?resize=350%2C200","width":350,"height":200},"classes":[]}],"_links":{"self":[{"href":"http:\/\/www.moda.es\/blog\/wp-json\/wp\/v2\/posts\/4597"}],"collection":[{"href":"http:\/\/www.moda.es\/blog\/wp-json\/wp\/v2\/posts"}],"about":[{"href":"http:\/\/www.moda.es\/blog\/wp-json\/wp\/v2\/types\/post"}],"author":[{"embeddable":true,"href":"http:\/\/www.moda.es\/blog\/wp-json\/wp\/v2\/users\/2"}],"replies":[{"embeddable":true,"href":"http:\/\/www.moda.es\/blog\/wp-json\/wp\/v2\/comments?post=4597"}],"version-history":[{"count":0,"href":"http:\/\/www.moda.es\/blog\/wp-json\/wp\/v2\/posts\/4597\/revisions"}],"wp:featuredmedia":[{"embeddable":true,"href":"http:\/\/www.moda.es\/blog\/wp-json\/wp\/v2\/media\/16660"}],"wp:attachment":[{"href":"http:\/\/www.moda.es\/blog\/wp-json\/wp\/v2\/media?parent=4597"}],"wp:term":[{"taxonomy":"category","embeddable":true,"href":"http:\/\/www.moda.es\/blog\/wp-json\/wp\/v2\/categories?post=4597"},{"taxonomy":"post_tag","embeddable":true,"href":"http:\/\/www.moda.es\/blog\/wp-json\/wp\/v2\/tags?post=4597"}],"curies":[{"name":"wp","href":"https:\/\/api.w.org\/{rel}","templated":true}]}}