{"id":4587,"date":"2011-12-08T22:15:42","date_gmt":"2011-12-08T20:15:42","guid":{"rendered":"http:\/\/www.moda.es\/blog\/?p=4587"},"modified":"2011-12-08T22:15:42","modified_gmt":"2011-12-08T20:15:42","slug":"lo-penultimo-de-amy","status":"publish","type":"post","link":"http:\/\/www.moda.es\/blog\/lo-penultimo-de-amy\/","title":{"rendered":"Lo pen\u00faltimo de Amy"},"content":{"rendered":"<figure id=\"attachment_4592\" aria-describedby=\"caption-attachment-4592\" style=\"width: 336px\" class=\"wp-caption aligncenter\"><a href=\"https:\/\/i0.wp.com\/www.moda.es\/blog\/wp-content\/uploads\/2011\/12\/amy-winehouse-en-jalouse.jpg\"><img data-attachment-id=\"4592\" data-permalink=\"http:\/\/www.moda.es\/blog\/amy-winehouse-en-jalouse\/\" data-orig-file=\"https:\/\/i0.wp.com\/www.moda.es\/blog\/wp-content\/uploads\/2011\/12\/amy-winehouse-en-jalouse.jpg?fit=336%2C441\" data-orig-size=\"336,441\" data-comments-opened=\"1\" data-image-meta=\"{&quot;aperture&quot;:&quot;0&quot;,&quot;credit&quot;:&quot;&quot;,&quot;camera&quot;:&quot;&quot;,&quot;caption&quot;:&quot;&quot;,&quot;created_timestamp&quot;:&quot;0&quot;,&quot;copyright&quot;:&quot;&quot;,&quot;focal_length&quot;:&quot;0&quot;,&quot;iso&quot;:&quot;0&quot;,&quot;shutter_speed&quot;:&quot;0&quot;,&quot;title&quot;:&quot;&quot;}\" data-image-title=\"amy-winehouse-en-jalouse\" data-image-description=\"\" data-image-caption=\"&lt;p&gt;Amy, en sus buenos tiempos, portada de la revista francesa Jalouse.&lt;\/p&gt;\n\" data-medium-file=\"https:\/\/i0.wp.com\/www.moda.es\/blog\/wp-content\/uploads\/2011\/12\/amy-winehouse-en-jalouse.jpg?fit=228%2C300\" data-large-file=\"https:\/\/i0.wp.com\/www.moda.es\/blog\/wp-content\/uploads\/2011\/12\/amy-winehouse-en-jalouse.jpg?fit=336%2C441\" loading=\"lazy\" class=\"size-full wp-image-4592\" src=\"https:\/\/i0.wp.com\/www.moda.es\/blog\/wp-content\/uploads\/2011\/12\/amy-winehouse-en-jalouse.jpg?resize=336%2C441\" alt=\"\" width=\"336\" height=\"441\" srcset=\"https:\/\/i0.wp.com\/www.moda.es\/blog\/wp-content\/uploads\/2011\/12\/amy-winehouse-en-jalouse.jpg?w=336 336w, https:\/\/i0.wp.com\/www.moda.es\/blog\/wp-content\/uploads\/2011\/12\/amy-winehouse-en-jalouse.jpg?resize=228%2C300 228w\" sizes=\"(max-width: 336px) 100vw, 336px\" data-recalc-dims=\"1\" \/><\/a><figcaption id=\"caption-attachment-4592\" class=\"wp-caption-text\">Amy, en sus buenos tiempos, portada de la revista francesa Jalouse.<\/figcaption><\/figure>\n<p>La muerte es muy buen negocio. Ha pasado con muchas estrellas del cine o de la m\u00fasica cuyas muertas repentinas y dram\u00e1ticas los han elevado a mito. Pas\u00f3 con James Dean, Elvis, Marilyn Monroe&#8230; Este verano, a finales del mes de julio, mor\u00eda Amy Winehouse en su casa en Londres. Sus fans lloraban la p\u00e9rdida y ya se habla de la huella que ha dejado por haber vuelto a traer las ra\u00edces de la m\u00fasica negra a la m\u00fasica de hoy. Pero, adem\u00e1s de negocio, puede ser un reclamo para buenas causas.<\/p>\n<p>Este lunes pasado d\u00eda 5 se lanzaba el \u00e1lbum p\u00f3stumo de la malograda cantante brit\u00e1nica, Lioness: Hidden Treasures. Un \u00e1lbum compuesto por doce temas de cuyas ventas una parte de los beneficios ir\u00e1n a la Fundaci\u00f3n Amy Winehouse, creado por su familia para ayudar a las personas que tienen problemas con el alcohol y las drogas.<\/p>\n<figure id=\"attachment_4589\" aria-describedby=\"caption-attachment-4589\" style=\"width: 320px\" class=\"wp-caption aligncenter\"><a href=\"https:\/\/i0.wp.com\/www.moda.es\/blog\/wp-content\/uploads\/2011\/12\/312516_10150345089040741_7310480740_8718399_541838542_n.jpg\"><img data-attachment-id=\"4589\" data-permalink=\"http:\/\/www.moda.es\/blog\/312516_10150345089040741_7310480740_8718399_541838542_n\/\" data-orig-file=\"https:\/\/i0.wp.com\/www.moda.es\/blog\/wp-content\/uploads\/2011\/12\/312516_10150345089040741_7310480740_8718399_541838542_n.jpg?fit=320%2C320\" data-orig-size=\"320,320\" data-comments-opened=\"1\" data-image-meta=\"{&quot;aperture&quot;:&quot;0&quot;,&quot;credit&quot;:&quot;&quot;,&quot;camera&quot;:&quot;&quot;,&quot;caption&quot;:&quot;&quot;,&quot;created_timestamp&quot;:&quot;0&quot;,&quot;copyright&quot;:&quot;&quot;,&quot;focal_length&quot;:&quot;0&quot;,&quot;iso&quot;:&quot;0&quot;,&quot;shutter_speed&quot;:&quot;0&quot;,&quot;title&quot;:&quot;&quot;}\" data-image-title=\"312516_10150345089040741_7310480740_8718399_541838542_n\" data-image-description=\"\" data-image-caption=\"&lt;p&gt;Portada del \u00e1lbum p\u00f3stumo de Amy Winehouse. Foto via www.mboyentertainment.com &lt;\/p&gt;\n\" data-medium-file=\"https:\/\/i0.wp.com\/www.moda.es\/blog\/wp-content\/uploads\/2011\/12\/312516_10150345089040741_7310480740_8718399_541838542_n.jpg?fit=300%2C300\" data-large-file=\"https:\/\/i0.wp.com\/www.moda.es\/blog\/wp-content\/uploads\/2011\/12\/312516_10150345089040741_7310480740_8718399_541838542_n.jpg?fit=320%2C320\" loading=\"lazy\" class=\"size-full wp-image-4589\" src=\"https:\/\/i0.wp.com\/www.moda.es\/blog\/wp-content\/uploads\/2011\/12\/312516_10150345089040741_7310480740_8718399_541838542_n.jpg?resize=320%2C320\" alt=\"\" width=\"320\" height=\"320\" srcset=\"https:\/\/i0.wp.com\/www.moda.es\/blog\/wp-content\/uploads\/2011\/12\/312516_10150345089040741_7310480740_8718399_541838542_n.jpg?w=320 320w, https:\/\/i0.wp.com\/www.moda.es\/blog\/wp-content\/uploads\/2011\/12\/312516_10150345089040741_7310480740_8718399_541838542_n.jpg?resize=150%2C150 150w, https:\/\/i0.wp.com\/www.moda.es\/blog\/wp-content\/uploads\/2011\/12\/312516_10150345089040741_7310480740_8718399_541838542_n.jpg?resize=300%2C300 300w\" sizes=\"(max-width: 320px) 100vw, 320px\" data-recalc-dims=\"1\" \/><\/a><figcaption id=\"caption-attachment-4589\" class=\"wp-caption-text\">Portada del \u00e1lbum p\u00f3stumo de Amy Winehouse. Foto via www.mboyentertainment.com<\/figcaption><\/figure>\n<p>Paralelamente, la firma Fred Perry, coincidiendo con el lanzamiento de este disco y en apoyo a la fundaci\u00f3n, va a lanzar una selecci\u00f3n de piezas de la \u00faltima colecci\u00f3n que la cantante dise\u00f1\u00f3 para la marca. Esta colecci\u00f3n para la pr\u00f3xima primavera toma como inspiraci\u00f3n la los 50 americanos y el Art Dec\u00f3 de Miami, por los que Amy ten\u00eda predilecci\u00f3n. En las prendas destaca el estampado con cadillacs, gramolas y gafas de ojo de gato. La paleta tricolor recupera tonos de aquella \u00e9poca: rosa pastel, azul p\u00e1lido y negro.<\/p>\n<figure id=\"attachment_4590\" aria-describedby=\"caption-attachment-4590\" style=\"width: 353px\" class=\"wp-caption aligncenter\"><a href=\"https:\/\/i0.wp.com\/www.moda.es\/blog\/wp-content\/uploads\/2011\/12\/FP-X-AW-Americana-Dress-SS12.jpg\"><img data-attachment-id=\"4590\" data-permalink=\"http:\/\/www.moda.es\/blog\/print-dress\/\" data-orig-file=\"https:\/\/i0.wp.com\/www.moda.es\/blog\/wp-content\/uploads\/2011\/12\/FP-X-AW-Americana-Dress-SS12-e1323374912429.jpg?fit=353%2C500\" data-orig-size=\"353,500\" data-comments-opened=\"1\" data-image-meta=\"{&quot;aperture&quot;:&quot;0&quot;,&quot;credit&quot;:&quot;&quot;,&quot;camera&quot;:&quot;&quot;,&quot;caption&quot;:&quot;&quot;,&quot;created_timestamp&quot;:&quot;0&quot;,&quot;copyright&quot;:&quot;&quot;,&quot;focal_length&quot;:&quot;0&quot;,&quot;iso&quot;:&quot;0&quot;,&quot;shutter_speed&quot;:&quot;0&quot;,&quot;title&quot;:&quot;&quot;}\" data-image-title=\"print dress\" data-image-description=\"\" data-image-caption=\"&lt;p&gt;Vestido de la colecci\u00f3n de primavera\/ verano 2012.&lt;\/p&gt;\n\" data-medium-file=\"https:\/\/i0.wp.com\/www.moda.es\/blog\/wp-content\/uploads\/2011\/12\/FP-X-AW-Americana-Dress-SS12-e1323374912429.jpg?fit=211%2C300\" data-large-file=\"https:\/\/i0.wp.com\/www.moda.es\/blog\/wp-content\/uploads\/2011\/12\/FP-X-AW-Americana-Dress-SS12-e1323374912429.jpg?fit=353%2C500\" loading=\"lazy\" class=\"size-full wp-image-4590\" src=\"https:\/\/i0.wp.com\/www.moda.es\/blog\/wp-content\/uploads\/2011\/12\/FP-X-AW-Americana-Dress-SS12-e1323374912429.jpg?resize=353%2C500\" alt=\"\" width=\"353\" height=\"500\" srcset=\"https:\/\/i0.wp.com\/www.moda.es\/blog\/wp-content\/uploads\/2011\/12\/FP-X-AW-Americana-Dress-SS12-e1323374912429.jpg?w=353 353w, https:\/\/i0.wp.com\/www.moda.es\/blog\/wp-content\/uploads\/2011\/12\/FP-X-AW-Americana-Dress-SS12-e1323374912429.jpg?resize=211%2C300 211w\" sizes=\"(max-width: 353px) 100vw, 353px\" data-recalc-dims=\"1\" \/><\/a><figcaption id=\"caption-attachment-4590\" class=\"wp-caption-text\">Vestido de la colecci\u00f3n de primavera\/ verano 2012.<\/figcaption><\/figure>\n<figure id=\"attachment_4591\" aria-describedby=\"caption-attachment-4591\" style=\"width: 365px\" class=\"wp-caption aligncenter\"><a href=\"https:\/\/i0.wp.com\/www.moda.es\/blog\/wp-content\/uploads\/2011\/12\/FP-X-AW-PinkHarrington-SS12.jpg\"><img data-attachment-id=\"4591\" data-permalink=\"http:\/\/www.moda.es\/blog\/fp-x-aw-pinkharrington-ss12\/\" data-orig-file=\"https:\/\/i0.wp.com\/www.moda.es\/blog\/wp-content\/uploads\/2011\/12\/FP-X-AW-PinkHarrington-SS12-e1323375017130.jpg?fit=500%2C707\" data-orig-size=\"500,707\" data-comments-opened=\"1\" data-image-meta=\"{&quot;aperture&quot;:&quot;0&quot;,&quot;credit&quot;:&quot;&quot;,&quot;camera&quot;:&quot;&quot;,&quot;caption&quot;:&quot;&quot;,&quot;created_timestamp&quot;:&quot;0&quot;,&quot;copyright&quot;:&quot;&quot;,&quot;focal_length&quot;:&quot;0&quot;,&quot;iso&quot;:&quot;0&quot;,&quot;shutter_speed&quot;:&quot;0&quot;,&quot;title&quot;:&quot;&quot;}\" data-image-title=\"FP X AW PinkHarrington SS12\" data-image-description=\"\" data-image-caption=\"&lt;p&gt;Cazadora Harrington de color rosa de la colecci\u00f3n p\/ v 2012.&lt;\/p&gt;\n\" data-medium-file=\"https:\/\/i0.wp.com\/www.moda.es\/blog\/wp-content\/uploads\/2011\/12\/FP-X-AW-PinkHarrington-SS12-e1323375017130.jpg?fit=212%2C300\" data-large-file=\"https:\/\/i0.wp.com\/www.moda.es\/blog\/wp-content\/uploads\/2011\/12\/FP-X-AW-PinkHarrington-SS12-e1323375017130.jpg?fit=500%2C707\" loading=\"lazy\" class=\"size-full wp-image-4591\" src=\"https:\/\/i0.wp.com\/www.moda.es\/blog\/wp-content\/uploads\/2011\/12\/FP-X-AW-PinkHarrington-SS12-e1323375017130.jpg?resize=365%2C484\" alt=\"\" width=\"365\" height=\"484\" data-recalc-dims=\"1\" \/><\/a><figcaption id=\"caption-attachment-4591\" class=\"wp-caption-text\">Cazadora Harrington de color rosa de la colecci\u00f3n p\/ v 2012.<\/figcaption><\/figure>\n<p>Este peque\u00f1o adelanto de la colecci\u00f3n de primavera 2012 de Amy Winehouse para Fred Perry est\u00e1 por ahora de venta exclusiva online en <a href=\"http:\/\/www.fredperry.com\/\">fredperry.com<\/a> ya que el lanzamiento oficial es a finales de enero.<\/p>\n","protected":false},"excerpt":{"rendered":"<p>La muerte es muy buen negocio. Ha pasado con muchas estrellas del cine o de la m\u00fasica cuyas muertas repentinas y dram\u00e1ticas los han elevado a mito. Pas\u00f3 con James Dean, Elvis, Marilyn Monroe&#8230; Este verano, a finales del mes de julio, mor\u00eda Amy Winehouse en su casa en Londres. [&hellip;]<\/p>\n","protected":false},"author":2,"featured_media":16652,"comment_status":"open","ping_status":"open","sticky":false,"template":"","format":"standard","meta":{"jetpack_publicize_message":"","jetpack_is_tweetstorm":false,"jetpack_publicize_feature_enabled":true},"categories":[14],"tags":[],"jetpack_publicize_connections":[],"jetpack_featured_media_url":"https:\/\/i0.wp.com\/www.moda.es\/blog\/wp-content\/uploads\/2011\/12\/amy-winehouse-en-jalouse1.jpg?fit=336%2C441","jetpack_sharing_enabled":true,"jetpack_shortlink":"https:\/\/wp.me\/p4tJCC-1bZ","jetpack-related-posts":[{"id":5029,"url":"http:\/\/www.moda.es\/blog\/de-musico-a-disenador\/","url_meta":{"origin":4587,"position":0},"title":"De m\u00fasico a dise\u00f1ador","date":"enero 12, 2012","format":false,"excerpt":"Se han hecho nacionalmente famosos tras ser su tema 'I wish that I could see you soon' el elegido como fondo musical de la publicidad de una conocida cerveza el verano pasado. Pero Herman Dune llevan a\u00f1os en la m\u00fasica, primero, como tr\u00edo musical, ahora como d\u00fao. Su alegre m\u00fasica\u2026","rel":"","context":"En \u00abM\u00fasica y Moda\u00bb","img":{"alt_text":"","src":"https:\/\/i0.wp.com\/www.moda.es\/blog\/wp-content\/uploads\/2012\/01\/YayaCosmicJungle-e13263154373641.jpg?fit=500%2C682&resize=350%2C200","width":350,"height":200},"classes":[]},{"id":17967,"url":"http:\/\/www.moda.es\/blog\/amy-adams-para-max-mara\/","url_meta":{"origin":4587,"position":1},"title":"Amy Adams para Max Mara","date":"julio 15, 2014","format":false,"excerpt":"Tras el circuito de alfombras rojas que ha tenido Amy Adams con el gran \u00e9xito de American Hustle, parece que la actriz ha decidido protagonizar tambi\u00e9n grandes papeles para la moda. La actriz es la nueva imagen de Max Mara para la temporada oto\u00f1o - invierno 2014 y para la\u2026","rel":"","context":"En \u00abCampa\u00f1as\u00bb","img":{"alt_text":"","src":"https:\/\/i0.wp.com\/www.moda.es\/blog\/wp-content\/uploads\/2014\/07\/MaxMara21.jpg?fit=650%2C368&resize=350%2C200","width":350,"height":200},"classes":[]},{"id":19818,"url":"http:\/\/www.moda.es\/blog\/el-nuevo-calendario-pirelli-sera-muy-diferente\/","url_meta":{"origin":4587,"position":2},"title":"El nuevo calendario Pirelli ser\u00e1 muy diferente","date":"septiembre 23, 2015","format":false,"excerpt":"El calendario Pirelli no es famoso precisamente por sus im\u00e1genes t\u00edmidas y retra\u00eddas. El a\u00f1o pasado Joan Smalls, Sasha Luss, Karen Elson y Isabeli Fontana posaron en topless, y Gigi Hadid hizo su debut, presumiendo de incre\u00edbles piernas pero, para 2016, la marca se dirige hacia una nueva direcci\u00f3n. Fotografiar\u2026","rel":"","context":"En \u00abActualidad\u00bb","img":{"alt_text":"","src":"https:\/\/i0.wp.com\/www.moda.es\/blog\/wp-content\/uploads\/2015\/09\/Captura-de-pantalla-2015-09-23-a-las-22.35.10.png?fit=327%2C504&resize=350%2C200","width":350,"height":200},"classes":[]},{"id":5437,"url":"http:\/\/www.moda.es\/blog\/el-punto-y-la-seda-de-sita-murt\/","url_meta":{"origin":4587,"position":3},"title":"El punto y la seda de Sita Murt","date":"febrero 8, 2012","format":false,"excerpt":"La MBFWM ha dado mucho de s\u00ed, una semana completa de desfiles que nos es imposible abarcar y por eso, a\u00fan nos quedan algunos desfiles por comentar en el tintero. Como el de Sita Murt del pasado s\u00e1bado (4 de febrero) donde el punto junto a la seda fueron los\u2026","rel":"","context":"En \u00abPasarelas\u00bb","img":{"alt_text":"","src":"https:\/\/i0.wp.com\/www.moda.es\/blog\/wp-content\/uploads\/2012\/02\/SitaMurt_001-e13286588545591.jpg?fit=333%2C500&resize=350%2C200","width":350,"height":200},"classes":[]},{"id":4831,"url":"http:\/\/www.moda.es\/blog\/se-llama-coco-summer\/","url_meta":{"origin":4587,"position":4},"title":"Se llama Coco Sumner","date":"diciembre 23, 2011","format":false,"excerpt":"\u00bfQui\u00e9n es Coco Sumner? Si te suena este nombre lo que seguro sabes es que es la hija del cantante Sting, aunque a ella le pesa eso de ser \"hija de\". Pero se lo ha currado para tener un nombre propio en la m\u00fasica. En 2010, sac\u00f3 su primer \u00e1lbum\u2026","rel":"","context":"En \u00abIt Girl\u00bb","img":{"alt_text":"","src":"https:\/\/i0.wp.com\/www.moda.es\/blog\/wp-content\/uploads\/2011\/12\/ewfr1.jpg?fit=442%2C293&resize=350%2C200","width":350,"height":200},"classes":[]},{"id":7688,"url":"http:\/\/www.moda.es\/blog\/dia-de-la-musica-2012-maneras-de-vestir-2\/","url_meta":{"origin":4587,"position":5},"title":"D\u00eda de la M\u00fasica 2012, maneras de vestir (2)","date":"junio 26, 2012","format":false,"excerpt":"Seguimos analizando el estilo (en el vestir) de los artistas que se dieron cita durante el festival del D\u00eda de la M\u00fasica 2012 celebrado en el Matadero de Madrid, y dentro de estos, los que m\u00e1s nos gustan por su m\u00fasica. Pegasvs. Esta pareja art\u00edstica compuesta por Sergio P\u00e9rez y\u2026","rel":"","context":"En \u00abM\u00fasica y Moda\u00bb","img":{"alt_text":"","src":"https:\/\/i0.wp.com\/www.moda.es\/blog\/wp-content\/uploads\/2012\/06\/pegasvs-e13407450901191.jpg?fit=500%2C288&resize=350%2C200","width":350,"height":200},"classes":[]}],"_links":{"self":[{"href":"http:\/\/www.moda.es\/blog\/wp-json\/wp\/v2\/posts\/4587"}],"collection":[{"href":"http:\/\/www.moda.es\/blog\/wp-json\/wp\/v2\/posts"}],"about":[{"href":"http:\/\/www.moda.es\/blog\/wp-json\/wp\/v2\/types\/post"}],"author":[{"embeddable":true,"href":"http:\/\/www.moda.es\/blog\/wp-json\/wp\/v2\/users\/2"}],"replies":[{"embeddable":true,"href":"http:\/\/www.moda.es\/blog\/wp-json\/wp\/v2\/comments?post=4587"}],"version-history":[{"count":0,"href":"http:\/\/www.moda.es\/blog\/wp-json\/wp\/v2\/posts\/4587\/revisions"}],"wp:featuredmedia":[{"embeddable":true,"href":"http:\/\/www.moda.es\/blog\/wp-json\/wp\/v2\/media\/16652"}],"wp:attachment":[{"href":"http:\/\/www.moda.es\/blog\/wp-json\/wp\/v2\/media?parent=4587"}],"wp:term":[{"taxonomy":"category","embeddable":true,"href":"http:\/\/www.moda.es\/blog\/wp-json\/wp\/v2\/categories?post=4587"},{"taxonomy":"post_tag","embeddable":true,"href":"http:\/\/www.moda.es\/blog\/wp-json\/wp\/v2\/tags?post=4587"}],"curies":[{"name":"wp","href":"https:\/\/api.w.org\/{rel}","templated":true}]}}