{"id":3245,"date":"2011-09-10T11:15:44","date_gmt":"2011-09-10T10:15:44","guid":{"rendered":"http:\/\/www.moda.es\/blog\/?p=3245"},"modified":"2011-09-10T11:15:44","modified_gmt":"2011-09-10T10:15:44","slug":"el-invierno-es-minimal","status":"publish","type":"post","link":"http:\/\/www.moda.es\/blog\/el-invierno-es-minimal\/","title":{"rendered":"El invierno es minimal"},"content":{"rendered":"<p><img data-attachment-id=\"3454\" data-permalink=\"http:\/\/www.moda.es\/blog\/50355_169293489781215_115483_n\/\" data-orig-file=\"https:\/\/i0.wp.com\/www.moda.es\/blog\/wp-content\/uploads\/2011\/09\/50355_169293489781215_115483_n.jpg?fit=180%2C175\" data-orig-size=\"180,175\" data-comments-opened=\"1\" data-image-meta=\"{&quot;aperture&quot;:&quot;0&quot;,&quot;credit&quot;:&quot;&quot;,&quot;camera&quot;:&quot;&quot;,&quot;caption&quot;:&quot;&quot;,&quot;created_timestamp&quot;:&quot;0&quot;,&quot;copyright&quot;:&quot;&quot;,&quot;focal_length&quot;:&quot;0&quot;,&quot;iso&quot;:&quot;0&quot;,&quot;shutter_speed&quot;:&quot;0&quot;,&quot;title&quot;:&quot;&quot;}\" data-image-title=\"UKE\" data-image-description=\"\" data-image-caption=\"\" data-medium-file=\"https:\/\/i0.wp.com\/www.moda.es\/blog\/wp-content\/uploads\/2011\/09\/50355_169293489781215_115483_n.jpg?fit=180%2C175\" data-large-file=\"https:\/\/i0.wp.com\/www.moda.es\/blog\/wp-content\/uploads\/2011\/09\/50355_169293489781215_115483_n.jpg?fit=180%2C175\" loading=\"lazy\" class=\"alignnone size-full wp-image-3454\" title=\"UKE\" src=\"https:\/\/i0.wp.com\/www.moda.es\/blog\/wp-content\/uploads\/2011\/09\/50355_169293489781215_115483_n.jpg?resize=180%2C175\" alt=\"\" width=\"180\" height=\"175\" data-recalc-dims=\"1\" \/><\/p>\n<p>Os habl\u00e9 de UKE en primavera. Os contaba que se definen como los creadores del \u00abminimalismo soleado\u00bb. Para ellos es la fusi\u00f3n de la est\u00e9tica de las vanguardias de las primeras d\u00e9cadas del siglo XX, el dise\u00f1o pulido de los 90 americanos y el dise\u00f1o escandinavo de hoy. A esto le a\u00f1aden el toque soleado de Valencia, donde producen sus colecciones, y el resultado es una moda actual, de est\u00e9tica meditada, confecci\u00f3n pulida y calidad &#8216;made in Spain&#8217;.<\/p>\n<figure style=\"width: 515px\" class=\"wp-caption alignnone\"><img loading=\"lazy\" src=\"https:\/\/i0.wp.com\/www.ukeblog.com\/wp-content\/uploads\/2011\/07\/uke1.png?resize=515%2C372\" alt=\"\" width=\"515\" height=\"372\" data-recalc-dims=\"1\" \/><figcaption class=\"wp-caption-text\">Foto via www.ukeblog.com<\/figcaption><\/figure>\n<p>Su nueva colecci\u00f3n oto\u00f1o\/ invierno 2011\/ 2012 est\u00e1 reci\u00e9n salida del horno y lista para ser consumida. Como sus anteriores colecciones, su esencia es puramente minimal: piezas selectas, bien cortadas y sin exceso de adorno. En la mayor\u00eda de las prendas, un detalle llama la atenci\u00f3n y aporta personalidad, porque lo minimal no tiene porqu\u00e9 ser aburrido.<\/p>\n<figure style=\"width: 530px\" class=\"wp-caption alignnone\"><img loading=\"lazy\" src=\"https:\/\/i0.wp.com\/www.vanidad.es\/wp-content\/gallery\/1771\/collage2_7.jpg?resize=530%2C534\" alt=\"\" width=\"530\" height=\"534\" data-recalc-dims=\"1\" \/><figcaption class=\"wp-caption-text\">Foto via www.vanidad.es <\/figcaption><\/figure>\n<p>La paleta de colores, como manda el c\u00f3digo del minimal, es sobria: blanco, camel, gris (en un tono claro o jaspeado) y negro. Aunque se introducen brillos satinados, de lurex o cuero, para aportar sofisticaci\u00f3n.<\/p>\n<figure style=\"width: 562px\" class=\"wp-caption alignnone\"><img loading=\"lazy\" src=\"https:\/\/i0.wp.com\/3.bp.blogspot.com\/-H-Fq4i4SwS8\/TleEZ_owIgI\/AAAAAAAAB5c\/-7DZooE7zFo\/s1600\/uke2.jpg?resize=562%2C425\" alt=\"\" width=\"562\" height=\"425\" data-recalc-dims=\"1\" \/><figcaption class=\"wp-caption-text\">Foto via cuaderno-de-todo.blogspot.com <\/figcaption><\/figure>\n<p>La imagen de la campa\u00f1a de esta nueva colecci\u00f3n es la <em>blogger<\/em> espa\u00f1ola -y valenciana, por m\u00e1s se\u00f1as, como UKE- Mayte de la Iglesia, que escribe en <a href=\"http:\/\/mitmebymayte.blogspot.com\/\">M.I.T Me by Mayte<\/a>.<\/p>\n<p>Aqu\u00b4\u00b4i os dejo el <a href=\"http:\/\/www.ukeforever.com\/sp\/index.htm\">link listado de tiendas<\/a> donde pod\u00b4\u00b4eis encontrar UKE.<\/p>\n","protected":false},"excerpt":{"rendered":"<p>Os habl\u00e9 de UKE en primavera. Os contaba que se definen como los creadores del \u00abminimalismo soleado\u00bb. Para ellos es la fusi\u00f3n de la est\u00e9tica de las vanguardias de las primeras d\u00e9cadas del siglo XX, el dise\u00f1o pulido de los 90 americanos y el dise\u00f1o escandinavo de hoy. A esto [&hellip;]<\/p>\n","protected":false},"author":2,"featured_media":16576,"comment_status":"open","ping_status":"open","sticky":false,"template":"","format":"standard","meta":{"jetpack_publicize_message":"","jetpack_is_tweetstorm":false,"jetpack_publicize_feature_enabled":true},"categories":[10,14],"tags":[],"jetpack_publicize_connections":[],"jetpack_featured_media_url":"https:\/\/i0.wp.com\/www.moda.es\/blog\/wp-content\/uploads\/2011\/09\/50355_169293489781215_115483_n1.jpg?fit=180%2C175","jetpack_sharing_enabled":true,"jetpack_shortlink":"https:\/\/wp.me\/p4tJCC-Ql","jetpack-related-posts":[{"id":12271,"url":"http:\/\/www.moda.es\/blog\/courreges-mas-actual-que-nunca\/","url_meta":{"origin":3245,"position":0},"title":"Courr\u00e8ges, m\u00e1s actual que nunca","date":"mayo 2, 2013","format":false,"excerpt":"Los a\u00f1os 60. La m\u00fasica, los colores, la locura y la liberaci\u00f3n de la mujer. La preciada minifalda y ese estilo que hac\u00eda que las mujeres se sintieran vivas... En aquella \u00e9poca, nombres como Twiggy o Courreges revolucionaron la est\u00e9tica y la moda y hoy, esas ideas vuelven a estar\u2026","rel":"","context":"En \u00abColecciones\u00bb","img":{"alt_text":"","src":"https:\/\/i0.wp.com\/www.moda.es\/blog\/wp-content\/uploads\/2013\/05\/Courreges1.jpg?fit=500%2C750&resize=350%2C200","width":350,"height":200},"classes":[]},{"id":4674,"url":"http:\/\/www.moda.es\/blog\/confeccion-y-estilo-sandro-homme\/","url_meta":{"origin":3245,"position":1},"title":"Confecci\u00f3n y estilo Sandro Homme","date":"diciembre 15, 2011","format":false,"excerpt":"Inconformista y de una elegante rebeld\u00eda. As\u00ed se define el esp\u00edritu de Sandro y, por ende, de su l\u00ednea masculina Sandro Homme que cada vez gana m\u00e1s presencia. Sandro Homme recupera el estilo de d\u00e9cadas pasadas, sobre todo, mira a los 60 -no en vano una de sus \u00faltimas colecciones\u2026","rel":"","context":"En \u00abFirmas\u00bb","img":{"alt_text":"","src":"https:\/\/i0.wp.com\/www.moda.es\/blog\/wp-content\/uploads\/2011\/12\/0021.jpg?fit=367%2C490&resize=350%2C200","width":350,"height":200},"classes":[]},{"id":1318,"url":"http:\/\/www.moda.es\/blog\/minimal-soleado\/","url_meta":{"origin":3245,"position":2},"title":"Minimal soleado","date":"marzo 29, 2011","format":false,"excerpt":"Si pienso en las costas de Valencia, me remito a alguna pintura de Sorolla,\u00a0en mi memoria, a vacaciones de Semana Santa, escapadas de verano, el sol brillante y la luz muy blanca matizada por el salitre... Ahora cuando pienso en esos rayos c\u00e1lidos, me acuerdo de UKE Design, una joven\u2026","rel":"","context":"En \u00abFirmas\u00bb","img":{"alt_text":"","src":"https:\/\/i0.wp.com\/www.moda.es\/blog\/wp-content\/uploads\/2011\/03\/compo1.jpg?resize=350%2C200","width":350,"height":200},"classes":[]},{"id":4408,"url":"http:\/\/www.moda.es\/blog\/lanvin-para-tus-ojos-y-para-ninos\/","url_meta":{"origin":3245,"position":3},"title":"Lanvin para tus ojos y para ni\u00f1os","date":"noviembre 24, 2011","format":false,"excerpt":"Alber Elbaz est\u00e1 que no para con Lanvin: aparte de sus colecciones cada temporada, va a sacar una l\u00ednea de gafas de sol y una colecci\u00f3n para ni\u00f1as, \u00bfqu\u00e9 m\u00e1s le queda por hacer al couturier? El directora art\u00edstico ha lanzado una l\u00ednea de gafas de sol para este oto\u00f1o-invierno\u2026","rel":"","context":"En \u00abFirmas\u00bb","img":{"alt_text":"","src":"https:\/\/i0.wp.com\/www.moda.es\/blog\/wp-content\/uploads\/2011\/11\/de-rigo-lanvin1.jpg?fit=450%2C316&resize=350%2C200","width":350,"height":200},"classes":[]},{"id":3581,"url":"http:\/\/www.moda.es\/blog\/una-nueva-mirada-a-la-joyeria\/","url_meta":{"origin":3245,"position":4},"title":"Una nueva mirada a la joyer\u00eda","date":"septiembre 29, 2011","format":false,"excerpt":"A\u00fan se pueden hacer cosas nuevas en dise\u00f1o. O, mejor dicho, se puede aportar una mirada diferente, como la mirada de Sara Malibr\u00e1n en sus joyas y bisuter\u00eda. Cuando ves una de sus colecciones, notas la diferencia. Porque sus joyas son piezas \u00fanicas, dentro de colecciones limitadas, donde prima el\u2026","rel":"","context":"En \u00abAccesorios\u00bb","img":{"alt_text":"","src":"https:\/\/i0.wp.com\/www.moda.es\/blog\/wp-content\/uploads\/2011\/09\/Collares-too-many-colors.jpg?resize=350%2C200","width":350,"height":200},"classes":[]},{"id":22322,"url":"http:\/\/www.moda.es\/blog\/descubre-la-coleccion-de-jw-anderson-para-uniqlo\/","url_meta":{"origin":3245,"position":5},"title":"Descubre la colecci\u00f3n de JW Anderson para Uniqlo","date":"julio 18, 2017","format":false,"excerpt":"La colecci\u00f3n de JW Anderson para Uniqlo es la m\u00e1s personal hasta la fecha. El dise\u00f1ador ha presentado una edici\u00f3n de piezas cl\u00e1sicas brit\u00e1nicas en colaboraci\u00f3n con el minorista japon\u00e9s que sigue celosamente sus propias preferencias personales. \"Hago compras en Uniqlo religiosamente. Es lo que llevo todos los d\u00edas \",\u2026","rel":"","context":"En \u00abColecciones\u00bb","img":{"alt_text":"","src":"https:\/\/i0.wp.com\/www.moda.es\/blog\/wp-content\/uploads\/2017\/07\/Captura-de-pantalla-2017-07-18-a-las-18.30.55.png?fit=364%2C457&resize=350%2C200","width":350,"height":200},"classes":[]}],"_links":{"self":[{"href":"http:\/\/www.moda.es\/blog\/wp-json\/wp\/v2\/posts\/3245"}],"collection":[{"href":"http:\/\/www.moda.es\/blog\/wp-json\/wp\/v2\/posts"}],"about":[{"href":"http:\/\/www.moda.es\/blog\/wp-json\/wp\/v2\/types\/post"}],"author":[{"embeddable":true,"href":"http:\/\/www.moda.es\/blog\/wp-json\/wp\/v2\/users\/2"}],"replies":[{"embeddable":true,"href":"http:\/\/www.moda.es\/blog\/wp-json\/wp\/v2\/comments?post=3245"}],"version-history":[{"count":0,"href":"http:\/\/www.moda.es\/blog\/wp-json\/wp\/v2\/posts\/3245\/revisions"}],"wp:featuredmedia":[{"embeddable":true,"href":"http:\/\/www.moda.es\/blog\/wp-json\/wp\/v2\/media\/16576"}],"wp:attachment":[{"href":"http:\/\/www.moda.es\/blog\/wp-json\/wp\/v2\/media?parent=3245"}],"wp:term":[{"taxonomy":"category","embeddable":true,"href":"http:\/\/www.moda.es\/blog\/wp-json\/wp\/v2\/categories?post=3245"},{"taxonomy":"post_tag","embeddable":true,"href":"http:\/\/www.moda.es\/blog\/wp-json\/wp\/v2\/tags?post=3245"}],"curies":[{"name":"wp","href":"https:\/\/api.w.org\/{rel}","templated":true}]}}