{"id":22673,"date":"2017-10-25T21:57:27","date_gmt":"2017-10-25T20:57:27","guid":{"rendered":"http:\/\/www.moda.es\/blog\/?p=22673"},"modified":"2020-04-27T15:43:52","modified_gmt":"2020-04-27T14:43:52","slug":"se-acerca-el-desfile-de-victorias-secret-2","status":"publish","type":"post","link":"http:\/\/www.moda.es\/blog\/se-acerca-el-desfile-de-victorias-secret-2\/","title":{"rendered":"Se acerca el desfile de Victoria&#8217;s Secret&#8230;"},"content":{"rendered":"<p>&#8230;y tenemos todos los secretos!<\/p>\n<p>El a\u00f1o pasado, los \u00e1ngeles viajaron a Par\u00eds, y en otras ocasiones se han llevado a cabo desfiles en Nueva York, Londres, Los \u00c1ngeles, Miami y Cannes. Este a\u00f1o, los \u00e1ngeles desfilar\u00e1n en <strong>Sanghai <\/strong>y a\u00a0diferencia de los a\u00f1os anteriores, en los que las modelos volaron a la ubicaci\u00f3n en un avi\u00f3n privado (rosa), este a\u00f1o, debido a la distancia, las estrellas de la pasarela se encontrar\u00e1n en China.<\/p>\n<p>El casting de esta edici\u00f3n incluye a\u00a0Candice Swanepoel,\u00a0Adriana Lima, Alessandra Ambrosio, Lily Aldridge, Elsa Hosk, Jasmine Tookes, Josephine Skriver, Lais Ribeiro, Martha Hunt, Romee Strijd, Sara Sampaio, Stella Maxwell y Taylor Hill. No faltar\u00e1n rostros nuevos, como Grace Bol, Vanessa Moody y Dasha Khlystun.<\/p>\n<p>De todos modos a\u00fan quedan algunos detalles por desvelar. En 2016 las modelos estuvieron acompa\u00f1adas por\u00a0<strong>Lady Gaga, Bruno Mars y The Weeknd<\/strong>.<\/p>\n<p>Tampoco sabemos qui\u00e9n llevara el <strong>sujetador joya<\/strong> que nos deslumbra todos los a\u00f1os. En otras ocasiones\u00a0Gisele B\u00fcndchen, Tyra Banks, Alessandra Ambrosio, Lily Aldridge y Adriana Lima han sido las afortunadas. \u00bfQui\u00e9n lo lucir\u00e1 est\u00e1 vez?<\/p>\n<p>La cita ser\u00e1 el <strong>28 de noviembre<\/strong>. \u00bfPodremos esperar?<\/p>\n<p><a href=\"http:\/\/www.moda.es\/blog\/se-acerca-el-desfile-de-victorias-secret-2\/vss\/\" rel=\"attachment wp-att-22674\"><img data-attachment-id=\"22674\" data-permalink=\"http:\/\/www.moda.es\/blog\/se-acerca-el-desfile-de-victorias-secret-2\/vss\/\" data-orig-file=\"https:\/\/i0.wp.com\/www.moda.es\/blog\/wp-content\/uploads\/2017\/10\/vss.jpg?fit=810%2C540\" data-orig-size=\"810,540\" data-comments-opened=\"1\" data-image-meta=\"{&quot;aperture&quot;:&quot;0&quot;,&quot;credit&quot;:&quot;&quot;,&quot;camera&quot;:&quot;&quot;,&quot;caption&quot;:&quot;&quot;,&quot;created_timestamp&quot;:&quot;0&quot;,&quot;copyright&quot;:&quot;&quot;,&quot;focal_length&quot;:&quot;0&quot;,&quot;iso&quot;:&quot;0&quot;,&quot;shutter_speed&quot;:&quot;0&quot;,&quot;title&quot;:&quot;&quot;,&quot;orientation&quot;:&quot;0&quot;}\" data-image-title=\"vss\" data-image-description=\"\" data-image-caption=\"\" data-medium-file=\"https:\/\/i0.wp.com\/www.moda.es\/blog\/wp-content\/uploads\/2017\/10\/vss.jpg?fit=300%2C200\" data-large-file=\"https:\/\/i0.wp.com\/www.moda.es\/blog\/wp-content\/uploads\/2017\/10\/vss.jpg?fit=640%2C427\" loading=\"lazy\" class=\"aligncenter size-medium wp-image-22674\" src=\"https:\/\/i0.wp.com\/www.moda.es\/blog\/wp-content\/uploads\/2017\/10\/vss.jpg?resize=300%2C200\" alt=\"\" width=\"300\" height=\"200\" srcset=\"https:\/\/i0.wp.com\/www.moda.es\/blog\/wp-content\/uploads\/2017\/10\/vss.jpg?resize=300%2C200 300w, https:\/\/i0.wp.com\/www.moda.es\/blog\/wp-content\/uploads\/2017\/10\/vss.jpg?resize=768%2C512 768w, https:\/\/i0.wp.com\/www.moda.es\/blog\/wp-content\/uploads\/2017\/10\/vss.jpg?resize=420%2C280 420w, https:\/\/i0.wp.com\/www.moda.es\/blog\/wp-content\/uploads\/2017\/10\/vss.jpg?w=810 810w\" sizes=\"(max-width: 300px) 100vw, 300px\" data-recalc-dims=\"1\" \/><\/a>                              <\/p>\n","protected":false},"excerpt":{"rendered":"<p>&#8230;y tenemos todos los secretos! El a\u00f1o pasado, los \u00e1ngeles viajaron a Par\u00eds, y en otras ocasiones se han llevado a cabo desfiles en Nueva York, Londres, Los \u00c1ngeles, Miami y Cannes. Este a\u00f1o, los \u00e1ngeles desfilar\u00e1n en Sanghai y a\u00a0diferencia de los a\u00f1os anteriores, en los que las modelos [&hellip;]<\/p>\n","protected":false},"author":3,"featured_media":22674,"comment_status":"open","ping_status":"open","sticky":false,"template":"","format":"standard","meta":{"jetpack_publicize_message":"","jetpack_is_tweetstorm":false,"jetpack_publicize_feature_enabled":true},"categories":[10,11,14,23],"tags":[932],"jetpack_publicize_connections":[],"jetpack_featured_media_url":"https:\/\/i0.wp.com\/www.moda.es\/blog\/wp-content\/uploads\/2017\/10\/vss.jpg?fit=810%2C540","jetpack_sharing_enabled":true,"jetpack_shortlink":"https:\/\/wp.me\/p4tJCC-5TH","jetpack-related-posts":[{"id":14811,"url":"http:\/\/www.moda.es\/blog\/la-noche-de-los-angeles\/","url_meta":{"origin":22673,"position":0},"title":"La noche de los \u00e1ngeles","date":"noviembre 15, 2013","format":false,"excerpt":"Lleg\u00f3 el gran d\u00eda y desplegaron su magia. Al fin lleg\u00f3 uno de los desfiles m\u00e1s esperados del a\u00f1o: las chicas de Victoria's Secret vinieron para mostrarnos la \u00faltima colecci\u00f3n y llenarnos de \u00bfsana? envidia. Nueva York fue como siempre el escenario y las estrellas invitadas para hacer bailar a\u2026","rel":"","context":"En \u00abDestacados\u00bb","img":{"alt_text":"","src":"https:\/\/i0.wp.com\/www.moda.es\/blog\/wp-content\/uploads\/2013\/11\/Victorias-Secret-1.jpg?resize=350%2C200","width":350,"height":200},"classes":[]},{"id":19324,"url":"http:\/\/www.moda.es\/blog\/los-neuvos-angeles-de-victorias-secret\/","url_meta":{"origin":22673,"position":1},"title":"Los neuvos \u00e1ngeles de Victoria&#8217;s Secret","date":"mayo 1, 2015","format":false,"excerpt":"Victoria's Secret ha anunciado la promoci\u00f3n de 10 de sus modelos\u00a0 a condici\u00f3n de \u00e1ngel. Stella Maxwell, Kate Grigorieva, Taylor Hill, Elsa Hosk, Martha Hunt, Jac Jagaciak, Lais Ribeiro, Sara Sampaio, Romee Strijd y Jasmine Tookesal fin han recibido sus alas. Los nuevos fichajes son un buen reemplazo para las\u2026","rel":"","context":"En \u00abActualidad\u00bb","img":{"alt_text":"","src":"https:\/\/i0.wp.com\/www.moda.es\/blog\/wp-content\/uploads\/2015\/05\/elsa-hosk.jpg?fit=650%2C975&resize=350%2C200","width":350,"height":200},"classes":[]},{"id":18029,"url":"http:\/\/www.moda.es\/blog\/diez-anos-de-doutzen-kroes\/","url_meta":{"origin":22673,"position":2},"title":"Diez a\u00f1os de Doutzen Kroes","date":"agosto 6, 2014","format":false,"excerpt":"Me siento un poco abuela al exclamar \"\u00a1c\u00f3mo pasa el tiempo!\", pero no puedo evitar hacerlo cuando descubro cosas como que la modelo Doutzen Kroes ya lleva diez a\u00f1os sobre las pasarelas. M\u00e1s conocida ahora como uno de los \u00e1ngeles de Victoria Secret o como imagen de L'Or\u00e9al, Doutzen Kroes,\u2026","rel":"","context":"En \u00abDestacados\u00bb","img":{"alt_text":"","src":"https:\/\/i0.wp.com\/www.moda.es\/blog\/wp-content\/uploads\/2014\/08\/dk6.jpg?fit=650%2C975&resize=350%2C200","width":350,"height":200},"classes":[]},{"id":22505,"url":"http:\/\/www.moda.es\/blog\/karlie-kloss-vuelve-a-la-pasarela-de-victorias-secret-tras-dos-anos\/","url_meta":{"origin":22673,"position":3},"title":"Karlie Kloss vuelve a la pasarela de Victoria&#8217;s Secret tras dos a\u00f1os","date":"septiembre 4, 2017","format":false,"excerpt":"Karlie Kloss est\u00e1 rompiendo su descanso de modelado para regresar al famoso desfile de Victoria's Secret de este a\u00f1o. La modelo anunci\u00f3 la noticia en Instagram ayer con una bonita imagen del backstage del desfile de moda de 2014. \"Nos vemos en Shanghai @VictoriasSecret \ud83d\ude07\ud83d\udc97\", escribi\u00f3 en el pie de\u2026","rel":"","context":"En \u00abDestacados\u00bb","img":{"alt_text":"","src":"https:\/\/i0.wp.com\/www.moda.es\/blog\/wp-content\/uploads\/2017\/09\/Captura-de-pantalla-2017-09-04-a-las-23.02.50.png?fit=675%2C343&resize=350%2C200","width":350,"height":200},"classes":[]},{"id":11673,"url":"http:\/\/www.moda.es\/blog\/rihanna-erin-heatherton-y-behati-prinsloo-bajo-el-sol-de-victorias-secret\/","url_meta":{"origin":22673,"position":4},"title":"Rihanna, Erin Heatherton y Behati Prinsloo bajo el sol de Victoria&#8217;s Secret","date":"marzo 26, 2013","format":false,"excerpt":"Si hace algunos d\u00edas te daba algunos trucos para lucir una figura espectacular en bikini, hoy te traigo algunos bikinis que seguro realzar\u00e1n los buenos resultados obtenidos. \u00a0 Victoria's Secret contin\u00faa presentando su ciclo Swim 2013 y sus asociaciones de modelos, cantantes de \u00e9xito y trajes de ba\u00f1o super sexies,\u2026","rel":"","context":"En \u00abCampa\u00f1as\u00bb","img":{"alt_text":"","src":"https:\/\/i0.wp.com\/www.moda.es\/blog\/wp-content\/uploads\/2013\/03\/Victorias-Secret1.jpg?fit=655%2C400&resize=350%2C200","width":350,"height":200},"classes":[]},{"id":10564,"url":"http:\/\/www.moda.es\/blog\/en-el-dia-mas-romantico-del-ano\/","url_meta":{"origin":22673,"position":5},"title":"En el d\u00eda m\u00e1s rom\u00e1ntico del a\u00f1o&#8230;","date":"febrero 5, 2013","format":false,"excerpt":"... tan importante como escoger el modelazo con el que sorprender\u00e1s a tu Romeo es cuidar otros detalles, m\u00e1s peque\u00f1os pero no por ello menos importantes... El 14 de febrero es el d\u00eda del amor por excelencia, amor de verdad, sin tonter\u00edas y con todo lo que conlleva. Por eso\u2026","rel":"","context":"En \u00abShopping\u00bb","img":{"alt_text":"","src":"https:\/\/i0.wp.com\/www.moda.es\/blog\/wp-content\/uploads\/2013\/02\/Rosie-Huntington-presenta-su-propia-coleccion-de-lenceria.jpg?fit=500%2C359&resize=350%2C200","width":350,"height":200},"classes":[]}],"_links":{"self":[{"href":"http:\/\/www.moda.es\/blog\/wp-json\/wp\/v2\/posts\/22673"}],"collection":[{"href":"http:\/\/www.moda.es\/blog\/wp-json\/wp\/v2\/posts"}],"about":[{"href":"http:\/\/www.moda.es\/blog\/wp-json\/wp\/v2\/types\/post"}],"author":[{"embeddable":true,"href":"http:\/\/www.moda.es\/blog\/wp-json\/wp\/v2\/users\/3"}],"replies":[{"embeddable":true,"href":"http:\/\/www.moda.es\/blog\/wp-json\/wp\/v2\/comments?post=22673"}],"version-history":[{"count":7,"href":"http:\/\/www.moda.es\/blog\/wp-json\/wp\/v2\/posts\/22673\/revisions"}],"predecessor-version":[{"id":35664,"href":"http:\/\/www.moda.es\/blog\/wp-json\/wp\/v2\/posts\/22673\/revisions\/35664"}],"wp:featuredmedia":[{"embeddable":true,"href":"http:\/\/www.moda.es\/blog\/wp-json\/wp\/v2\/media\/22674"}],"wp:attachment":[{"href":"http:\/\/www.moda.es\/blog\/wp-json\/wp\/v2\/media?parent=22673"}],"wp:term":[{"taxonomy":"category","embeddable":true,"href":"http:\/\/www.moda.es\/blog\/wp-json\/wp\/v2\/categories?post=22673"},{"taxonomy":"post_tag","embeddable":true,"href":"http:\/\/www.moda.es\/blog\/wp-json\/wp\/v2\/tags?post=22673"}],"curies":[{"name":"wp","href":"https:\/\/api.w.org\/{rel}","templated":true}]}}