{"id":22638,"date":"2017-10-16T23:17:17","date_gmt":"2017-10-16T22:17:17","guid":{"rendered":"http:\/\/www.moda.es\/blog\/?p=22638"},"modified":"2020-04-27T15:44:39","modified_gmt":"2020-04-27T14:44:39","slug":"kendall-y-kylie-presentaran-una-coleccion-underwear-para-topshop","status":"publish","type":"post","link":"http:\/\/www.moda.es\/blog\/kendall-y-kylie-presentaran-una-coleccion-underwear-para-topshop\/","title":{"rendered":"Kendall y Kylie presentar\u00e1n una colecci\u00f3n underwear para Topshop"},"content":{"rendered":"<p>Honestamente, <strong>Kendall y Kylie Jenner<\/strong> pueden hacerlo todo. La pareja se est\u00e1 incorporando a la lencer\u00eda ahora, y afortunadamente para nosotros, estar\u00e1 disponible en <strong>Topshop<\/strong>.<\/p>\n<p><a href=\"http:\/\/www.moda.es\/blog\/kendall-y-kylie-presentaran-una-coleccion-underwear-para-topshop\/kendall\/\" rel=\"attachment wp-att-22639\"><img data-attachment-id=\"22639\" data-permalink=\"http:\/\/www.moda.es\/blog\/kendall-y-kylie-presentaran-una-coleccion-underwear-para-topshop\/kendall\/\" data-orig-file=\"https:\/\/i0.wp.com\/www.moda.es\/blog\/wp-content\/uploads\/2017\/10\/kendall.jpg?fit=810%2C1215\" data-orig-size=\"810,1215\" data-comments-opened=\"1\" data-image-meta=\"{&quot;aperture&quot;:&quot;0&quot;,&quot;credit&quot;:&quot;&quot;,&quot;camera&quot;:&quot;&quot;,&quot;caption&quot;:&quot;&quot;,&quot;created_timestamp&quot;:&quot;0&quot;,&quot;copyright&quot;:&quot;&quot;,&quot;focal_length&quot;:&quot;0&quot;,&quot;iso&quot;:&quot;0&quot;,&quot;shutter_speed&quot;:&quot;0&quot;,&quot;title&quot;:&quot;&quot;,&quot;orientation&quot;:&quot;0&quot;}\" data-image-title=\"kendall\" data-image-description=\"\" data-image-caption=\"\" data-medium-file=\"https:\/\/i0.wp.com\/www.moda.es\/blog\/wp-content\/uploads\/2017\/10\/kendall.jpg?fit=200%2C300\" data-large-file=\"https:\/\/i0.wp.com\/www.moda.es\/blog\/wp-content\/uploads\/2017\/10\/kendall.jpg?fit=640%2C960\" loading=\"lazy\" class=\"aligncenter size-medium wp-image-22639\" src=\"https:\/\/i0.wp.com\/www.moda.es\/blog\/wp-content\/uploads\/2017\/10\/kendall.jpg?resize=200%2C300\" alt=\"\" width=\"200\" height=\"300\" srcset=\"https:\/\/i0.wp.com\/www.moda.es\/blog\/wp-content\/uploads\/2017\/10\/kendall.jpg?resize=200%2C300 200w, https:\/\/i0.wp.com\/www.moda.es\/blog\/wp-content\/uploads\/2017\/10\/kendall.jpg?resize=768%2C1152 768w, https:\/\/i0.wp.com\/www.moda.es\/blog\/wp-content\/uploads\/2017\/10\/kendall.jpg?resize=683%2C1024 683w, https:\/\/i0.wp.com\/www.moda.es\/blog\/wp-content\/uploads\/2017\/10\/kendall.jpg?resize=420%2C630 420w, https:\/\/i0.wp.com\/www.moda.es\/blog\/wp-content\/uploads\/2017\/10\/kendall.jpg?w=810 810w\" sizes=\"(max-width: 200px) 100vw, 200px\" data-recalc-dims=\"1\" \/><\/a><\/p>\n<p>Kendall podr\u00eda desfilar en la pasarela de<strong> Victoria&#8217;s Secret<\/strong> este a\u00f1o, pero no faltar\u00e1 ropa interior nueva en su curriculum. Las chicas traen su l\u00ednea Kendall + Kylie a las masas y la colecci\u00f3n,\u00a0disponible en Topshop, es preciosa.<\/p>\n<p>La colecci\u00f3n se ha creado en colaboraci\u00f3n con <strong>Jennifer Zuccarini,<\/strong> fundadora y directora creativa de <strong>Fleur du Mal<\/strong>. Como fan\u00e1ticas de la marca de lujo desde hace mucho tiempo, fue una decisi\u00f3n natural para Kendall y Kylie asociarse con Jennifer en su colecci\u00f3n de lencer\u00eda.<\/p>\n<p>La colecci\u00f3n se compone de <strong>27 modelos<\/strong> en distintos colores y ofrece una variedad de siluetas que van desde lo m\u00e1s <strong>sexy<\/strong> hasta lo pr\u00e1ctico y <strong>deportivo,<\/strong> incluyendo sujetadores bordado en malla, conjuntos de pantal\u00f3n y liguero en colores rosa y negro, un traje de terciopelo con detalle de gargantilla en rosa empolvado, braguitas con cintura alta a juego con pantal\u00f3n corto, as\u00ed como un mono, sujetador tipo balconette y bodies en punto jersey con cordones.<\/p>\n<p>Los precios van desde los 20 hasta los 90 euros.<\/p>\n<div data-carousel-extra='{\"blog_id\":1,\"permalink\":\"http:\\\/\\\/www.moda.es\\\/blog\\\/kendall-y-kylie-presentaran-una-coleccion-underwear-para-topshop\\\/\"}' id='gallery-1' class='gallery galleryid-22638 gallery-columns-4 gallery-size-thumbnail'><figure class='gallery-item'>\n\t\t\t<div class='gallery-icon landscape'>\n\t\t\t\t<a href='http:\/\/www.moda.es\/blog\/kendall-y-kylie-presentaran-una-coleccion-underwear-para-topshop\/kendal4\/'><img width=\"150\" height=\"150\" src=\"https:\/\/i0.wp.com\/www.moda.es\/blog\/wp-content\/uploads\/2017\/10\/kendal4.jpg?resize=150%2C150\" class=\"attachment-thumbnail size-thumbnail\" alt=\"\" loading=\"lazy\" srcset=\"https:\/\/i0.wp.com\/www.moda.es\/blog\/wp-content\/uploads\/2017\/10\/kendal4.jpg?resize=150%2C150 150w, https:\/\/i0.wp.com\/www.moda.es\/blog\/wp-content\/uploads\/2017\/10\/kendal4.jpg?zoom=2&amp;resize=150%2C150 300w, https:\/\/i0.wp.com\/www.moda.es\/blog\/wp-content\/uploads\/2017\/10\/kendal4.jpg?zoom=3&amp;resize=150%2C150 450w\" sizes=\"(max-width: 150px) 100vw, 150px\" data-attachment-id=\"22640\" data-permalink=\"http:\/\/www.moda.es\/blog\/kendall-y-kylie-presentaran-una-coleccion-underwear-para-topshop\/kendal4\/\" data-orig-file=\"https:\/\/i0.wp.com\/www.moda.es\/blog\/wp-content\/uploads\/2017\/10\/kendal4.jpg?fit=1020%2C680\" data-orig-size=\"1020,680\" data-comments-opened=\"1\" data-image-meta=\"{&quot;aperture&quot;:&quot;0&quot;,&quot;credit&quot;:&quot;&quot;,&quot;camera&quot;:&quot;&quot;,&quot;caption&quot;:&quot;&quot;,&quot;created_timestamp&quot;:&quot;0&quot;,&quot;copyright&quot;:&quot;&quot;,&quot;focal_length&quot;:&quot;0&quot;,&quot;iso&quot;:&quot;0&quot;,&quot;shutter_speed&quot;:&quot;0&quot;,&quot;title&quot;:&quot;&quot;,&quot;orientation&quot;:&quot;0&quot;}\" data-image-title=\"kendal4\" data-image-description=\"\" data-image-caption=\"\" data-medium-file=\"https:\/\/i0.wp.com\/www.moda.es\/blog\/wp-content\/uploads\/2017\/10\/kendal4.jpg?fit=300%2C200\" data-large-file=\"https:\/\/i0.wp.com\/www.moda.es\/blog\/wp-content\/uploads\/2017\/10\/kendal4.jpg?fit=640%2C427\" \/><\/a>\n\t\t\t<\/div><\/figure><figure class='gallery-item'>\n\t\t\t<div class='gallery-icon landscape'>\n\t\t\t\t<a href='http:\/\/www.moda.es\/blog\/kendall-y-kylie-presentaran-una-coleccion-underwear-para-topshop\/kendal-7\/'><img width=\"150\" height=\"150\" src=\"https:\/\/i0.wp.com\/www.moda.es\/blog\/wp-content\/uploads\/2017\/10\/kendal-7.jpg?resize=150%2C150\" class=\"attachment-thumbnail size-thumbnail\" alt=\"\" loading=\"lazy\" srcset=\"https:\/\/i0.wp.com\/www.moda.es\/blog\/wp-content\/uploads\/2017\/10\/kendal-7.jpg?resize=150%2C150 150w, https:\/\/i0.wp.com\/www.moda.es\/blog\/wp-content\/uploads\/2017\/10\/kendal-7.jpg?zoom=2&amp;resize=150%2C150 300w, https:\/\/i0.wp.com\/www.moda.es\/blog\/wp-content\/uploads\/2017\/10\/kendal-7.jpg?zoom=3&amp;resize=150%2C150 450w\" sizes=\"(max-width: 150px) 100vw, 150px\" data-attachment-id=\"22641\" data-permalink=\"http:\/\/www.moda.es\/blog\/kendall-y-kylie-presentaran-una-coleccion-underwear-para-topshop\/kendal-7\/\" data-orig-file=\"https:\/\/i0.wp.com\/www.moda.es\/blog\/wp-content\/uploads\/2017\/10\/kendal-7.jpg?fit=1020%2C680\" data-orig-size=\"1020,680\" data-comments-opened=\"1\" data-image-meta=\"{&quot;aperture&quot;:&quot;0&quot;,&quot;credit&quot;:&quot;&quot;,&quot;camera&quot;:&quot;&quot;,&quot;caption&quot;:&quot;&quot;,&quot;created_timestamp&quot;:&quot;0&quot;,&quot;copyright&quot;:&quot;&quot;,&quot;focal_length&quot;:&quot;0&quot;,&quot;iso&quot;:&quot;0&quot;,&quot;shutter_speed&quot;:&quot;0&quot;,&quot;title&quot;:&quot;&quot;,&quot;orientation&quot;:&quot;0&quot;}\" data-image-title=\"kendal 7\" data-image-description=\"\" data-image-caption=\"\" data-medium-file=\"https:\/\/i0.wp.com\/www.moda.es\/blog\/wp-content\/uploads\/2017\/10\/kendal-7.jpg?fit=300%2C200\" data-large-file=\"https:\/\/i0.wp.com\/www.moda.es\/blog\/wp-content\/uploads\/2017\/10\/kendal-7.jpg?fit=640%2C427\" \/><\/a>\n\t\t\t<\/div><\/figure><figure class='gallery-item'>\n\t\t\t<div class='gallery-icon landscape'>\n\t\t\t\t<a href='http:\/\/www.moda.es\/blog\/kendall-y-kylie-presentaran-una-coleccion-underwear-para-topshop\/kendall3\/'><img width=\"150\" height=\"150\" src=\"https:\/\/i0.wp.com\/www.moda.es\/blog\/wp-content\/uploads\/2017\/10\/kendall3.jpg?resize=150%2C150\" class=\"attachment-thumbnail size-thumbnail\" alt=\"\" loading=\"lazy\" srcset=\"https:\/\/i0.wp.com\/www.moda.es\/blog\/wp-content\/uploads\/2017\/10\/kendall3.jpg?resize=150%2C150 150w, https:\/\/i0.wp.com\/www.moda.es\/blog\/wp-content\/uploads\/2017\/10\/kendall3.jpg?zoom=2&amp;resize=150%2C150 300w, https:\/\/i0.wp.com\/www.moda.es\/blog\/wp-content\/uploads\/2017\/10\/kendall3.jpg?zoom=3&amp;resize=150%2C150 450w\" sizes=\"(max-width: 150px) 100vw, 150px\" data-attachment-id=\"22642\" data-permalink=\"http:\/\/www.moda.es\/blog\/kendall-y-kylie-presentaran-una-coleccion-underwear-para-topshop\/kendall3\/\" data-orig-file=\"https:\/\/i0.wp.com\/www.moda.es\/blog\/wp-content\/uploads\/2017\/10\/kendall3.jpg?fit=1020%2C680\" data-orig-size=\"1020,680\" data-comments-opened=\"1\" data-image-meta=\"{&quot;aperture&quot;:&quot;0&quot;,&quot;credit&quot;:&quot;&quot;,&quot;camera&quot;:&quot;&quot;,&quot;caption&quot;:&quot;&quot;,&quot;created_timestamp&quot;:&quot;0&quot;,&quot;copyright&quot;:&quot;&quot;,&quot;focal_length&quot;:&quot;0&quot;,&quot;iso&quot;:&quot;0&quot;,&quot;shutter_speed&quot;:&quot;0&quot;,&quot;title&quot;:&quot;&quot;,&quot;orientation&quot;:&quot;0&quot;}\" data-image-title=\"kendall3\" data-image-description=\"\" data-image-caption=\"\" data-medium-file=\"https:\/\/i0.wp.com\/www.moda.es\/blog\/wp-content\/uploads\/2017\/10\/kendall3.jpg?fit=300%2C200\" data-large-file=\"https:\/\/i0.wp.com\/www.moda.es\/blog\/wp-content\/uploads\/2017\/10\/kendall3.jpg?fit=640%2C427\" \/><\/a>\n\t\t\t<\/div><\/figure><figure class='gallery-item'>\n\t\t\t<div class='gallery-icon landscape'>\n\t\t\t\t<a href='http:\/\/www.moda.es\/blog\/kendall-y-kylie-presentaran-una-coleccion-underwear-para-topshop\/kendal-5\/'><img width=\"150\" height=\"150\" src=\"https:\/\/i0.wp.com\/www.moda.es\/blog\/wp-content\/uploads\/2017\/10\/kendal-5.jpg?resize=150%2C150\" class=\"attachment-thumbnail size-thumbnail\" alt=\"\" loading=\"lazy\" srcset=\"https:\/\/i0.wp.com\/www.moda.es\/blog\/wp-content\/uploads\/2017\/10\/kendal-5.jpg?resize=150%2C150 150w, https:\/\/i0.wp.com\/www.moda.es\/blog\/wp-content\/uploads\/2017\/10\/kendal-5.jpg?zoom=2&amp;resize=150%2C150 300w, https:\/\/i0.wp.com\/www.moda.es\/blog\/wp-content\/uploads\/2017\/10\/kendal-5.jpg?zoom=3&amp;resize=150%2C150 450w\" sizes=\"(max-width: 150px) 100vw, 150px\" data-attachment-id=\"22643\" data-permalink=\"http:\/\/www.moda.es\/blog\/kendall-y-kylie-presentaran-una-coleccion-underwear-para-topshop\/kendal-5\/\" data-orig-file=\"https:\/\/i0.wp.com\/www.moda.es\/blog\/wp-content\/uploads\/2017\/10\/kendal-5.jpg?fit=1020%2C680\" data-orig-size=\"1020,680\" data-comments-opened=\"1\" data-image-meta=\"{&quot;aperture&quot;:&quot;0&quot;,&quot;credit&quot;:&quot;&quot;,&quot;camera&quot;:&quot;&quot;,&quot;caption&quot;:&quot;&quot;,&quot;created_timestamp&quot;:&quot;0&quot;,&quot;copyright&quot;:&quot;&quot;,&quot;focal_length&quot;:&quot;0&quot;,&quot;iso&quot;:&quot;0&quot;,&quot;shutter_speed&quot;:&quot;0&quot;,&quot;title&quot;:&quot;&quot;,&quot;orientation&quot;:&quot;0&quot;}\" data-image-title=\"kendal 5\" data-image-description=\"\" data-image-caption=\"\" data-medium-file=\"https:\/\/i0.wp.com\/www.moda.es\/blog\/wp-content\/uploads\/2017\/10\/kendal-5.jpg?fit=300%2C200\" data-large-file=\"https:\/\/i0.wp.com\/www.moda.es\/blog\/wp-content\/uploads\/2017\/10\/kendal-5.jpg?fit=640%2C427\" \/><\/a>\n\t\t\t<\/div><\/figure><figure class='gallery-item'>\n\t\t\t<div class='gallery-icon landscape'>\n\t\t\t\t<a href='http:\/\/www.moda.es\/blog\/kendall-y-kylie-presentaran-una-coleccion-underwear-para-topshop\/kendal-6\/'><img width=\"150\" height=\"150\" src=\"https:\/\/i0.wp.com\/www.moda.es\/blog\/wp-content\/uploads\/2017\/10\/kendal-6.jpg?resize=150%2C150\" class=\"attachment-thumbnail size-thumbnail\" alt=\"\" loading=\"lazy\" srcset=\"https:\/\/i0.wp.com\/www.moda.es\/blog\/wp-content\/uploads\/2017\/10\/kendal-6.jpg?resize=150%2C150 150w, https:\/\/i0.wp.com\/www.moda.es\/blog\/wp-content\/uploads\/2017\/10\/kendal-6.jpg?zoom=2&amp;resize=150%2C150 300w, https:\/\/i0.wp.com\/www.moda.es\/blog\/wp-content\/uploads\/2017\/10\/kendal-6.jpg?zoom=3&amp;resize=150%2C150 450w\" sizes=\"(max-width: 150px) 100vw, 150px\" data-attachment-id=\"22644\" data-permalink=\"http:\/\/www.moda.es\/blog\/kendall-y-kylie-presentaran-una-coleccion-underwear-para-topshop\/kendal-6\/\" data-orig-file=\"https:\/\/i0.wp.com\/www.moda.es\/blog\/wp-content\/uploads\/2017\/10\/kendal-6.jpg?fit=1020%2C680\" data-orig-size=\"1020,680\" data-comments-opened=\"1\" data-image-meta=\"{&quot;aperture&quot;:&quot;0&quot;,&quot;credit&quot;:&quot;&quot;,&quot;camera&quot;:&quot;&quot;,&quot;caption&quot;:&quot;&quot;,&quot;created_timestamp&quot;:&quot;0&quot;,&quot;copyright&quot;:&quot;&quot;,&quot;focal_length&quot;:&quot;0&quot;,&quot;iso&quot;:&quot;0&quot;,&quot;shutter_speed&quot;:&quot;0&quot;,&quot;title&quot;:&quot;&quot;,&quot;orientation&quot;:&quot;0&quot;}\" data-image-title=\"kendal 6\" data-image-description=\"\" data-image-caption=\"\" data-medium-file=\"https:\/\/i0.wp.com\/www.moda.es\/blog\/wp-content\/uploads\/2017\/10\/kendal-6.jpg?fit=300%2C200\" data-large-file=\"https:\/\/i0.wp.com\/www.moda.es\/blog\/wp-content\/uploads\/2017\/10\/kendal-6.jpg?fit=640%2C427\" \/><\/a>\n\t\t\t<\/div><\/figure><figure class='gallery-item'>\n\t\t\t<div class='gallery-icon landscape'>\n\t\t\t\t<a href='http:\/\/www.moda.es\/blog\/kendall-y-kylie-presentaran-una-coleccion-underwear-para-topshop\/kendal-8\/'><img width=\"150\" height=\"150\" src=\"https:\/\/i0.wp.com\/www.moda.es\/blog\/wp-content\/uploads\/2017\/10\/kendal-8.jpg?resize=150%2C150\" class=\"attachment-thumbnail size-thumbnail\" alt=\"\" loading=\"lazy\" srcset=\"https:\/\/i0.wp.com\/www.moda.es\/blog\/wp-content\/uploads\/2017\/10\/kendal-8.jpg?resize=150%2C150 150w, https:\/\/i0.wp.com\/www.moda.es\/blog\/wp-content\/uploads\/2017\/10\/kendal-8.jpg?zoom=2&amp;resize=150%2C150 300w, https:\/\/i0.wp.com\/www.moda.es\/blog\/wp-content\/uploads\/2017\/10\/kendal-8.jpg?zoom=3&amp;resize=150%2C150 450w\" sizes=\"(max-width: 150px) 100vw, 150px\" data-attachment-id=\"22645\" data-permalink=\"http:\/\/www.moda.es\/blog\/kendall-y-kylie-presentaran-una-coleccion-underwear-para-topshop\/kendal-8\/\" data-orig-file=\"https:\/\/i0.wp.com\/www.moda.es\/blog\/wp-content\/uploads\/2017\/10\/kendal-8.jpg?fit=1020%2C680\" data-orig-size=\"1020,680\" data-comments-opened=\"1\" data-image-meta=\"{&quot;aperture&quot;:&quot;0&quot;,&quot;credit&quot;:&quot;&quot;,&quot;camera&quot;:&quot;&quot;,&quot;caption&quot;:&quot;&quot;,&quot;created_timestamp&quot;:&quot;0&quot;,&quot;copyright&quot;:&quot;&quot;,&quot;focal_length&quot;:&quot;0&quot;,&quot;iso&quot;:&quot;0&quot;,&quot;shutter_speed&quot;:&quot;0&quot;,&quot;title&quot;:&quot;&quot;,&quot;orientation&quot;:&quot;0&quot;}\" data-image-title=\"kendal 8\" data-image-description=\"\" data-image-caption=\"\" data-medium-file=\"https:\/\/i0.wp.com\/www.moda.es\/blog\/wp-content\/uploads\/2017\/10\/kendal-8.jpg?fit=300%2C200\" data-large-file=\"https:\/\/i0.wp.com\/www.moda.es\/blog\/wp-content\/uploads\/2017\/10\/kendal-8.jpg?fit=640%2C427\" \/><\/a>\n\t\t\t<\/div><\/figure><figure class='gallery-item'>\n\t\t\t<div class='gallery-icon landscape'>\n\t\t\t\t<a href='http:\/\/www.moda.es\/blog\/kendall-y-kylie-presentaran-una-coleccion-underwear-para-topshop\/kendal2\/'><img width=\"150\" height=\"150\" src=\"https:\/\/i0.wp.com\/www.moda.es\/blog\/wp-content\/uploads\/2017\/10\/kendal2.jpg?resize=150%2C150\" class=\"attachment-thumbnail size-thumbnail\" alt=\"\" loading=\"lazy\" srcset=\"https:\/\/i0.wp.com\/www.moda.es\/blog\/wp-content\/uploads\/2017\/10\/kendal2.jpg?resize=150%2C150 150w, https:\/\/i0.wp.com\/www.moda.es\/blog\/wp-content\/uploads\/2017\/10\/kendal2.jpg?zoom=2&amp;resize=150%2C150 300w, https:\/\/i0.wp.com\/www.moda.es\/blog\/wp-content\/uploads\/2017\/10\/kendal2.jpg?zoom=3&amp;resize=150%2C150 450w\" sizes=\"(max-width: 150px) 100vw, 150px\" data-attachment-id=\"22646\" data-permalink=\"http:\/\/www.moda.es\/blog\/kendall-y-kylie-presentaran-una-coleccion-underwear-para-topshop\/kendal2\/\" data-orig-file=\"https:\/\/i0.wp.com\/www.moda.es\/blog\/wp-content\/uploads\/2017\/10\/kendal2.jpg?fit=1020%2C680\" data-orig-size=\"1020,680\" data-comments-opened=\"1\" data-image-meta=\"{&quot;aperture&quot;:&quot;0&quot;,&quot;credit&quot;:&quot;&quot;,&quot;camera&quot;:&quot;&quot;,&quot;caption&quot;:&quot;&quot;,&quot;created_timestamp&quot;:&quot;0&quot;,&quot;copyright&quot;:&quot;&quot;,&quot;focal_length&quot;:&quot;0&quot;,&quot;iso&quot;:&quot;0&quot;,&quot;shutter_speed&quot;:&quot;0&quot;,&quot;title&quot;:&quot;&quot;,&quot;orientation&quot;:&quot;0&quot;}\" data-image-title=\"kendal2\" data-image-description=\"\" data-image-caption=\"\" data-medium-file=\"https:\/\/i0.wp.com\/www.moda.es\/blog\/wp-content\/uploads\/2017\/10\/kendal2.jpg?fit=300%2C200\" data-large-file=\"https:\/\/i0.wp.com\/www.moda.es\/blog\/wp-content\/uploads\/2017\/10\/kendal2.jpg?fit=640%2C427\" \/><\/a>\n\t\t\t<\/div><\/figure>\n\t\t<\/div>\n\n<p>&nbsp;<\/p>\n<p>\u00a9Glamour                              <\/p>\n","protected":false},"excerpt":{"rendered":"<p>Honestamente, Kendall y Kylie Jenner pueden hacerlo todo. La pareja se est\u00e1 incorporando a la lencer\u00eda ahora, y afortunadamente para nosotros, estar\u00e1 disponible en Topshop. Kendall podr\u00eda desfilar en la pasarela de Victoria&#8217;s Secret este a\u00f1o, pero no faltar\u00e1 ropa interior nueva en su curriculum. Las chicas traen su l\u00ednea [&hellip;]<\/p>\n","protected":false},"author":3,"featured_media":22639,"comment_status":"open","ping_status":"open","sticky":false,"template":"","format":"standard","meta":{"jetpack_publicize_message":"","jetpack_is_tweetstorm":false,"jetpack_publicize_feature_enabled":true},"categories":[3,10,11,14,17],"tags":[1170,1171,897,932],"jetpack_publicize_connections":[],"jetpack_featured_media_url":"https:\/\/i0.wp.com\/www.moda.es\/blog\/wp-content\/uploads\/2017\/10\/kendall.jpg?fit=810%2C1215","jetpack_sharing_enabled":true,"jetpack_shortlink":"https:\/\/wp.me\/p4tJCC-5T8","jetpack-related-posts":[{"id":19445,"url":"http:\/\/www.moda.es\/blog\/descubre-la-coleccion-de-kendall-y-kylie-jenner-para-topshop\/","url_meta":{"origin":22638,"position":0},"title":"Descubre la colecci\u00f3n de Kendall y Kylie Jenner para TopShop","date":"junio 5, 2015","format":false,"excerpt":"TopShop al fin ha desvelado la primera colecci\u00f3n c\u00e1psulta de\u00a0 las hermanas Jenner y no ha decepcionado. A sus 19 y 17 a\u00f1os, Kendall y Kylie nos presentan un colecci\u00f3n inspirada en Los \u00c1ngeles reprsentados en prendas muy frescas y estampados tropicales. Si bien esta no es su primera incursi\u00f3n\u2026","rel":"","context":"En \u00abColecciones\u00bb","img":{"alt_text":"","src":"https:\/\/i0.wp.com\/www.moda.es\/blog\/wp-content\/uploads\/2015\/06\/top5.jpg?fit=650%2C976&resize=350%2C200","width":350,"height":200},"classes":[]},{"id":18856,"url":"http:\/\/www.moda.es\/blog\/kendall-y-kylie-jenner-para-topshop\/","url_meta":{"origin":22638,"position":1},"title":"\u00bfKendall y Kylie Jenner para Topshop?","date":"enero 31, 2015","format":false,"excerpt":"No del todo, pero la conocida marca brit\u00e1nica pronto ser\u00e1 la primera distribuidora brit\u00e1nica de la colaboraci\u00f3n de las hermanas con PacSun que se distribuye en Am\u00e9rica desde 2013. El cotilleo fashion r\u00e1pidamente pens\u00f3 que las dos hermanas del clan Kardashian iban a crear su propia colecci\u00f3n para Topshop. Por\u2026","rel":"","context":"En \u00abActualidad\u00bb","img":{"alt_text":"","src":"https:\/\/i0.wp.com\/www.moda.es\/blog\/wp-content\/uploads\/2015\/01\/kkjts.jpg?fit=650%2C650&resize=350%2C200","width":350,"height":200},"classes":[]},{"id":20242,"url":"http:\/\/www.moda.es\/blog\/kendall-y-kylie-lanzan-su-propia-marca\/","url_meta":{"origin":22638,"position":2},"title":"Kendall y Kylie lanzan su propia marca","date":"enero 29, 2016","format":false,"excerpt":"El imperio de Kendall y Kylie Jenner no para de crecer, es un hecho y es imparable. Despu\u00e9s de ser musas indiscutibles de m\u00e1s de una marca de lujo y reinar desde todas las pasarelas presentando las \u00faltimas tendencias, nada pod\u00eda impedir que las hermanas Jenner se lanzaran a plasmar\u2026","rel":"","context":"En \u00abActualidad\u00bb","img":{"alt_text":"","src":"https:\/\/i0.wp.com\/www.moda.es\/blog\/wp-content\/uploads\/2016\/01\/Captura-de-pantalla-2016-01-29-a-las-21.50.06.png?fit=407%2C613&resize=350%2C200","width":350,"height":200},"classes":[]},{"id":19991,"url":"http:\/\/www.moda.es\/blog\/la-coleccion-de-las-jenner-para-topshop-ya-esta-aqui\/","url_meta":{"origin":22638,"position":3},"title":"La colecci\u00f3n de las Jenner para TopShop ya est\u00e1 aqu\u00ed","date":"noviembre 18, 2015","format":false,"excerpt":"Si \u00a0te ha extra\u00f1ado no tener noticias de las m\u00e1s peque\u00f1as de la familia Kardashian-Jenner esta semana, debes saber que han estado muy ocupadas. Las estrellas han estado trabajando en sus dos grandes colaboraciones de moda: Topshop y la marca australiana, Forever New. El verano pasado, Kendall y Kylie lanzaron\u2026","rel":"","context":"En \u00abColecciones\u00bb","img":{"alt_text":"","src":"https:\/\/i0.wp.com\/www.moda.es\/blog\/wp-content\/uploads\/2015\/11\/Captura-de-pantalla-2015-11-18-a-las-22.56.15.png?fit=620%2C412&resize=350%2C200","width":350,"height":200},"classes":[]},{"id":21375,"url":"http:\/\/www.moda.es\/blog\/podria-kylie-jenner-lanzar-una-coleccion-de-lenceria\/","url_meta":{"origin":22638,"position":4},"title":"\u00bfPodr\u00eda Kylie Jenner lanzar una colecci\u00f3n de lencer\u00eda?","date":"noviembre 19, 2016","format":false,"excerpt":"Kylie Jenner est\u00e1 preparando algo, eso est\u00e1 claro. Ayer, aproximadamente a las 5 de la tarde, public\u00f3 una serie de tres im\u00e1genes en su Instagram. Cada una de las im\u00e1genes presentaba a Kylie vestida con ropa interior de encaje y una gabardina de cuero. Las fotos eran super sexies. Cada\u2026","rel":"","context":"En \u00abActualidad\u00bb","img":{"alt_text":"","src":"https:\/\/i0.wp.com\/www.moda.es\/blog\/wp-content\/uploads\/2016\/11\/Captura-de-pantalla-2016-11-19-a-las-18.10.34.png?fit=534%2C604&resize=350%2C200","width":350,"height":200},"classes":[]},{"id":19582,"url":"http:\/\/www.moda.es\/blog\/duelo-de-hermanas-para-balmain\/","url_meta":{"origin":22638,"position":5},"title":"Duelo de hermanas para Balmain","date":"julio 18, 2015","format":false,"excerpt":"Parece que el director creativo de Balmain no puede resistirse al clan Kardashian - Jenner. Tras la amorosa campa\u00f1a protagonizada por Kim y Kanye,\u00a0Olivier Rousteing ha decidido contar tambi\u00e9n con las medio hermanas de Kim,\u00a0Kendall y Kylie Jenner, para estar presente en la edici\u00f3n de oto\u00f1o - invierno 2015. Las\u2026","rel":"","context":"En \u00abActualidad\u00bb","img":{"alt_text":"","src":"https:\/\/i0.wp.com\/www.moda.es\/blog\/wp-content\/uploads\/2015\/07\/Captura-de-pantalla-2015-07-18-a-las-12.38.20.png?fit=637%2C634&resize=350%2C200","width":350,"height":200},"classes":[]}],"_links":{"self":[{"href":"http:\/\/www.moda.es\/blog\/wp-json\/wp\/v2\/posts\/22638"}],"collection":[{"href":"http:\/\/www.moda.es\/blog\/wp-json\/wp\/v2\/posts"}],"about":[{"href":"http:\/\/www.moda.es\/blog\/wp-json\/wp\/v2\/types\/post"}],"author":[{"embeddable":true,"href":"http:\/\/www.moda.es\/blog\/wp-json\/wp\/v2\/users\/3"}],"replies":[{"embeddable":true,"href":"http:\/\/www.moda.es\/blog\/wp-json\/wp\/v2\/comments?post=22638"}],"version-history":[{"count":7,"href":"http:\/\/www.moda.es\/blog\/wp-json\/wp\/v2\/posts\/22638\/revisions"}],"predecessor-version":[{"id":35669,"href":"http:\/\/www.moda.es\/blog\/wp-json\/wp\/v2\/posts\/22638\/revisions\/35669"}],"wp:featuredmedia":[{"embeddable":true,"href":"http:\/\/www.moda.es\/blog\/wp-json\/wp\/v2\/media\/22639"}],"wp:attachment":[{"href":"http:\/\/www.moda.es\/blog\/wp-json\/wp\/v2\/media?parent=22638"}],"wp:term":[{"taxonomy":"category","embeddable":true,"href":"http:\/\/www.moda.es\/blog\/wp-json\/wp\/v2\/categories?post=22638"},{"taxonomy":"post_tag","embeddable":true,"href":"http:\/\/www.moda.es\/blog\/wp-json\/wp\/v2\/tags?post=22638"}],"curies":[{"name":"wp","href":"https:\/\/api.w.org\/{rel}","templated":true}]}}