{"id":22618,"date":"2017-10-10T22:37:17","date_gmt":"2017-10-10T21:37:17","guid":{"rendered":"http:\/\/www.moda.es\/blog\/?p=22618"},"modified":"2020-04-27T15:45:08","modified_gmt":"2020-04-27T14:45:08","slug":"stella-mccartney-va-a-revolucionar-el-mundo-del-lujo","status":"publish","type":"post","link":"http:\/\/www.moda.es\/blog\/stella-mccartney-va-a-revolucionar-el-mundo-del-lujo\/","title":{"rendered":"Stella McCartney va a revolucionar el mundo del lujo"},"content":{"rendered":"<p>La dise\u00f1adora, defensor de la defensa del medio ambiente y de los derechos de los animales por medio de la moda sostenible desde hace tiempo, ha forjado una alianza estrat\u00e9gica con la plataforma de ecommerce <strong>The Real Rea<\/strong>l para promover el uso de la <strong>segunda mano<\/strong>.<\/p>\n<p>As\u00ed, se dispondr\u00e1n carteles en las boutiques de McCartney en todo el mundo, donde \u00a0expertos explicar\u00e1n la econom\u00eda circular a los clientes. Adem\u00e1s, una tienda pop-up de Stella McCartney se abrir\u00e1 en el espacio conceptual The Real Real del <strong>SoHo de Nueva York<\/strong> el pr\u00f3ximo mes de <strong>noviembre.<\/strong><\/p>\n<p>Julie Wainwright, CEO y fundadora de The Real Real, dijo a WWD que de las m\u00e1s de 80 mil millones de piezas de ropa que se producen en todo el mundo cada a\u00f1o, el 75% terminan en vertederos. \u00abEstamos utilizando los recursos del planeta a un ritmo que es verdaderamente insostenible\u00bb, dijo.<\/p>\n<p>El mensaje es familiar para McCartney, quien lanz\u00f3 su campa\u00f1a de oto\u00f1o de 2017 en un vertedero en Escocia para llamar la atenci\u00f3n sobre el tema de los residuos.<\/p>\n<p>\u00abCreemos que el env\u00edo y la re-venta pueden desempe\u00f1ar un papel importante en la reducci\u00f3n de la cantidad de materias primas que se requieren cada a\u00f1o de nuestro planeta\u00bb, dijo McCartney. \u00abEsto es clave en nuestro compromiso de perseguir una econom\u00eda m\u00e1s circular. Al asegurar que nuestros productos se usan durante todo su ciclo de vida, es posible comenzar a<strong> reducir la cantidad de recursos naturales que se cultivan y extraen del planeta<\/strong> por el bien de la moda \u00ab.<\/p>\n<p>El Real Real ha considerado el primer lunes de octubre como el D\u00eda Nacional de Consignaci\u00f3n (que este a\u00f1o coincide con el show de primavera de 2018 de McCartney en Par\u00eds) y est\u00e1 promoviendo el uso de segunda mano con el hashtag #NeverThrowAway.<\/p>\n<p>La plataforma digital de lujo ha estado creciendo a un ritmo r\u00e1pido recientemente, con sitios como <strong>Vestiaire Collective,<\/strong> as\u00ed como The Real Real proporcionando servicios de inspecci\u00f3n para asegurar que los clientes y los compradores est\u00e1n recibiendo el verdadero negocio. <strong>Thred Up,<\/strong> una empresa que se lanz\u00f3 como un sitio de comercio electr\u00f3nico para la venta de segunda mano de marcas de gama media contempor\u00e1nea, lanz\u00f3 su propia plataforma de lujo, ThredUp Luxe en septiembre, y se espera ganar m\u00e1s de $ 10 millones de d\u00f3lares a finales de este a\u00f1o.<\/p>\n<p><a href=\"http:\/\/www.moda.es\/blog\/stella-mccartney-va-a-revolucionar-el-mundo-del-lujo\/smc\/\" rel=\"attachment wp-att-22619\"><img data-attachment-id=\"22619\" data-permalink=\"http:\/\/www.moda.es\/blog\/stella-mccartney-va-a-revolucionar-el-mundo-del-lujo\/smc\/\" data-orig-file=\"https:\/\/i0.wp.com\/www.moda.es\/blog\/wp-content\/uploads\/2017\/10\/smc.jpg?fit=928%2C523\" data-orig-size=\"928,523\" data-comments-opened=\"1\" data-image-meta=\"{&quot;aperture&quot;:&quot;0&quot;,&quot;credit&quot;:&quot;&quot;,&quot;camera&quot;:&quot;&quot;,&quot;caption&quot;:&quot;&quot;,&quot;created_timestamp&quot;:&quot;0&quot;,&quot;copyright&quot;:&quot;&quot;,&quot;focal_length&quot;:&quot;0&quot;,&quot;iso&quot;:&quot;0&quot;,&quot;shutter_speed&quot;:&quot;0&quot;,&quot;title&quot;:&quot;&quot;,&quot;orientation&quot;:&quot;0&quot;}\" data-image-title=\"smc\" data-image-description=\"\" data-image-caption=\"\" data-medium-file=\"https:\/\/i0.wp.com\/www.moda.es\/blog\/wp-content\/uploads\/2017\/10\/smc.jpg?fit=300%2C169\" data-large-file=\"https:\/\/i0.wp.com\/www.moda.es\/blog\/wp-content\/uploads\/2017\/10\/smc.jpg?fit=640%2C361\" loading=\"lazy\" class=\"aligncenter size-medium wp-image-22619\" src=\"https:\/\/i0.wp.com\/www.moda.es\/blog\/wp-content\/uploads\/2017\/10\/smc.jpg?resize=300%2C169\" alt=\"\" width=\"300\" height=\"169\" srcset=\"https:\/\/i0.wp.com\/www.moda.es\/blog\/wp-content\/uploads\/2017\/10\/smc.jpg?resize=300%2C169 300w, https:\/\/i0.wp.com\/www.moda.es\/blog\/wp-content\/uploads\/2017\/10\/smc.jpg?resize=768%2C433 768w, https:\/\/i0.wp.com\/www.moda.es\/blog\/wp-content\/uploads\/2017\/10\/smc.jpg?resize=760%2C430 760w, https:\/\/i0.wp.com\/www.moda.es\/blog\/wp-content\/uploads\/2017\/10\/smc.jpg?resize=420%2C237 420w, https:\/\/i0.wp.com\/www.moda.es\/blog\/wp-content\/uploads\/2017\/10\/smc.jpg?w=928 928w\" sizes=\"(max-width: 300px) 100vw, 300px\" data-recalc-dims=\"1\" \/><\/a>                              <\/p>\n","protected":false},"excerpt":{"rendered":"<p>La dise\u00f1adora, defensor de la defensa del medio ambiente y de los derechos de los animales por medio de la moda sostenible desde hace tiempo, ha forjado una alianza estrat\u00e9gica con la plataforma de ecommerce The Real Real para promover el uso de la segunda mano. As\u00ed, se dispondr\u00e1n carteles [&hellip;]<\/p>\n","protected":false},"author":3,"featured_media":22619,"comment_status":"open","ping_status":"open","sticky":false,"template":"","format":"standard","meta":{"jetpack_publicize_message":"","jetpack_is_tweetstorm":false,"jetpack_publicize_feature_enabled":true},"categories":[3,11,12],"tags":[842],"jetpack_publicize_connections":[],"jetpack_featured_media_url":"https:\/\/i0.wp.com\/www.moda.es\/blog\/wp-content\/uploads\/2017\/10\/smc.jpg?fit=928%2C523","jetpack_sharing_enabled":true,"jetpack_shortlink":"https:\/\/wp.me\/p4tJCC-5SO","jetpack-related-posts":[{"id":19795,"url":"http:\/\/www.moda.es\/blog\/stella-mccartney-y-cara-delevingne-se-unen-contra-el-cancer\/","url_meta":{"origin":22618,"position":0},"title":"Stella McCartney y Cara Delevingne se unen contra el c\u00e1ncer","date":"septiembre 16, 2015","format":false,"excerpt":"La dise\u00f1adora Stella McCartney es una fiel participante del mes del c\u00e1ncer de mama, que se celebra anualmente en octubre, pues la causa\u00a0le coge de cerca pues su madre, Linda McCartney, muri\u00f3 de esa enfermedad en 1998. El a\u00f1o pasado su amiga Kate Moss fue imagen de la campa\u00f1a que\u2026","rel":"","context":"En \u00abActualidad\u00bb","img":{"alt_text":"","src":"https:\/\/i0.wp.com\/www.moda.es\/blog\/wp-content\/uploads\/2015\/09\/Captura-de-pantalla-2015-09-16-a-las-22.37.09.png?fit=529%2C682&resize=350%2C200","width":350,"height":200},"classes":[]},{"id":9967,"url":"http:\/\/www.moda.es\/blog\/god-save-stella-mccartney\/","url_meta":{"origin":22618,"position":1},"title":"God Save Stella McCartney","date":"enero 2, 2013","format":false,"excerpt":"\u00a0 Los hay con estrella, los hay estrellados y est\u00e1n los que brillan por s\u00ed mismos como tal y ellos mismos son el astro m\u00e1s brillante. Stella McCartney es una de esas personas, por talento, por visi\u00f3n, por aptitud, por derecho adquirido y ahora tambi\u00e9n por reconocimiento. \u00a0 Despu\u00e9s de\u2026","rel":"","context":"En \u00abActualidad\u00bb","img":{"alt_text":"","src":"https:\/\/i0.wp.com\/www.moda.es\/blog\/wp-content\/uploads\/2013\/01\/Stella-McCartney1.jpg?fit=500%2C333&resize=350%2C200","width":350,"height":200},"classes":[]},{"id":20320,"url":"http:\/\/www.moda.es\/blog\/stella-mccartney-tiene-nuevos-planes\/","url_meta":{"origin":22618,"position":2},"title":"Stella McCartney tiene nuevos planes&#8230;","date":"febrero 17, 2016","format":false,"excerpt":"Despu\u00e9s de haber\u00a0conquistado el mercado de ropa de mujer, Stella McCartney ha fijado su mirada en el mundo de la moda masculina seg\u00fan se ha informado\u00a0esta ma\u00f1ana. La dise\u00f1adora londinense ha anunciado el lanzamiento\u00a0de su primera colecci\u00f3n masculina para la temporada primavera \/ verano 2017 en junio, seg\u00fan informa hoy\u2026","rel":"","context":"En \u00abActualidad\u00bb","img":{"alt_text":"","src":"https:\/\/i0.wp.com\/www.moda.es\/blog\/wp-content\/uploads\/2016\/02\/Captura-de-pantalla-2016-02-16-a-las-23.59.41.png?fit=292%2C432&resize=350%2C200","width":350,"height":200},"classes":[]},{"id":13996,"url":"http:\/\/www.moda.es\/blog\/que-tienen-en-comun-stella-mccartney-y-gwyneth-paltrow\/","url_meta":{"origin":22618,"position":3},"title":"\u00bfQu\u00e9 tienen en com\u00fan Stella McCartney y Gwyneth Paltrow?","date":"agosto 30, 2013","format":false,"excerpt":"...pues tienen en com\u00fan una palabra breve, sonora y misteriosa : Goop. \u00bfUna nueva colecci\u00f3n de ropa deportiva? \u00bfUna l\u00ednea de lencer\u00eda? \u00bfUn manual para aprender a \"domesticar\" a tus hijos? El mundo de la moda se rasca la cabeza y hace c\u00e1balas sobre lo que puede haber unido a\u2026","rel":"","context":"En \u00abActualidad\u00bb","img":{"alt_text":"","src":"https:\/\/i0.wp.com\/www.moda.es\/blog\/wp-content\/uploads\/2013\/08\/stella-y-gwyneth1.jpg?fit=500%2C599&resize=350%2C200","width":350,"height":200},"classes":[]},{"id":19859,"url":"http:\/\/www.moda.es\/blog\/stella-mccartney-contra-steve-madden\/","url_meta":{"origin":22618,"position":4},"title":"Stella McCartney contra Steve Madden","date":"octubre 9, 2015","format":false,"excerpt":"Frente a una audiencia repleta durante el Vogue Festival, la dise\u00f1adora Stella McCartney revel\u00f3 que se sent\u00eda muy halagada por haber encontrado varias imitaciones de sus bolsos y brome\u00f3 diciendo que si sus dise\u00f1os eran lo suficientemente deseables para ser copiados, entonces es que definitivamente estaba haciendo algo bien .\u2026","rel":"","context":"En \u00abAccesorios\u00bb","img":{"alt_text":"","src":"https:\/\/i0.wp.com\/www.moda.es\/blog\/wp-content\/uploads\/2015\/10\/Captura-de-pantalla-2015-10-09-a-las-21.55.25.png?fit=365%2C585&resize=350%2C200","width":350,"height":200},"classes":[]},{"id":19150,"url":"http:\/\/www.moda.es\/blog\/camisetas-por-una-buena-causa\/","url_meta":{"origin":22618,"position":5},"title":"Camisetas por una buena causa","date":"marzo 17, 2015","format":false,"excerpt":"Stella McCartney se ha sumado al dise\u00f1o solidario y en beneficio de War Child ha creado dos camisetas inspiradas en dibujos infantiles. Cuando pensamos en el estudio de dise\u00f1o de un creador imaginamos un moodboard lleno de muestras de tejido, bocetos, fotograf\u00edas y referencias pero nunca pensar\u00edamos en una pared\u2026","rel":"","context":"En \u00abActualidad\u00bb","img":{"alt_text":"","src":"https:\/\/i0.wp.com\/www.moda.es\/blog\/wp-content\/uploads\/2015\/03\/stella.jpg?fit=650%2C799&resize=350%2C200","width":350,"height":200},"classes":[]}],"_links":{"self":[{"href":"http:\/\/www.moda.es\/blog\/wp-json\/wp\/v2\/posts\/22618"}],"collection":[{"href":"http:\/\/www.moda.es\/blog\/wp-json\/wp\/v2\/posts"}],"about":[{"href":"http:\/\/www.moda.es\/blog\/wp-json\/wp\/v2\/types\/post"}],"author":[{"embeddable":true,"href":"http:\/\/www.moda.es\/blog\/wp-json\/wp\/v2\/users\/3"}],"replies":[{"embeddable":true,"href":"http:\/\/www.moda.es\/blog\/wp-json\/wp\/v2\/comments?post=22618"}],"version-history":[{"count":7,"href":"http:\/\/www.moda.es\/blog\/wp-json\/wp\/v2\/posts\/22618\/revisions"}],"predecessor-version":[{"id":35672,"href":"http:\/\/www.moda.es\/blog\/wp-json\/wp\/v2\/posts\/22618\/revisions\/35672"}],"wp:featuredmedia":[{"embeddable":true,"href":"http:\/\/www.moda.es\/blog\/wp-json\/wp\/v2\/media\/22619"}],"wp:attachment":[{"href":"http:\/\/www.moda.es\/blog\/wp-json\/wp\/v2\/media?parent=22618"}],"wp:term":[{"taxonomy":"category","embeddable":true,"href":"http:\/\/www.moda.es\/blog\/wp-json\/wp\/v2\/categories?post=22618"},{"taxonomy":"post_tag","embeddable":true,"href":"http:\/\/www.moda.es\/blog\/wp-json\/wp\/v2\/tags?post=22618"}],"curies":[{"name":"wp","href":"https:\/\/api.w.org\/{rel}","templated":true}]}}