{"id":22515,"date":"2017-09-07T23:10:51","date_gmt":"2017-09-07T22:10:51","guid":{"rendered":"http:\/\/www.moda.es\/blog\/?p=22515"},"modified":"2020-04-27T15:47:45","modified_gmt":"2020-04-27T14:47:45","slug":"ermenegildo-zegna-presenta-el-segundo-capitulo-de-sus-defining-moments","status":"publish","type":"post","link":"http:\/\/www.moda.es\/blog\/ermenegildo-zegna-presenta-el-segundo-capitulo-de-sus-defining-moments\/","title":{"rendered":"Ermenegildo Zegna presenta el segundo cap\u00edtulo de sus Defining Moments"},"content":{"rendered":"<p>Reconocido como uno de los mejores actores de nuestro tiempo, <strong>Robert De Niro<\/strong> no necesita presentaci\u00f3n. <strong>Benjamin Millepied,<\/strong> por otra parte, ha pasado la mayor parte de su vida fuera del centro de atenci\u00f3n de Hollywood. Despu\u00e9s de una exitosa carrera bailando en algunos de los ballets m\u00e1s prestigiosos del mundo, fund\u00f3 el <strong>Proyecto LA Dance<\/strong> y fue <strong>Director de Danza<\/strong> en el <strong>Ballet de la \u00d3pera de Par\u00eds<\/strong>. Millepied tambi\u00e9n recibi\u00f3 el aplauso internacional por su coreograf\u00eda para la pel\u00edcula <strong><em>Cisne negro<\/em><\/strong> donde tambi\u00e9n ten\u00eda un papel principal como el pr\u00edncipe frente a Natalie Portman.<\/p>\n<p><a href=\"http:\/\/www.moda.es\/blog\/ermenegildo-zegna-presenta-el-segundo-capitulo-de-sus-defining-moments\/ez_fw17_08\/\" rel=\"attachment wp-att-22517\"><img data-attachment-id=\"22517\" data-permalink=\"http:\/\/www.moda.es\/blog\/ermenegildo-zegna-presenta-el-segundo-capitulo-de-sus-defining-moments\/ez_fw17_08\/\" data-orig-file=\"https:\/\/i0.wp.com\/www.moda.es\/blog\/wp-content\/uploads\/2017\/09\/EZ_FW17_08.jpg?fit=1024%2C683\" data-orig-size=\"1024,683\" data-comments-opened=\"1\" data-image-meta=\"{&quot;aperture&quot;:&quot;0&quot;,&quot;credit&quot;:&quot;&quot;,&quot;camera&quot;:&quot;&quot;,&quot;caption&quot;:&quot;&quot;,&quot;created_timestamp&quot;:&quot;0&quot;,&quot;copyright&quot;:&quot;&quot;,&quot;focal_length&quot;:&quot;0&quot;,&quot;iso&quot;:&quot;0&quot;,&quot;shutter_speed&quot;:&quot;0&quot;,&quot;title&quot;:&quot;&quot;,&quot;orientation&quot;:&quot;0&quot;}\" data-image-title=\"EZ_FW17_08\" data-image-description=\"\" data-image-caption=\"\" data-medium-file=\"https:\/\/i0.wp.com\/www.moda.es\/blog\/wp-content\/uploads\/2017\/09\/EZ_FW17_08.jpg?fit=300%2C200\" data-large-file=\"https:\/\/i0.wp.com\/www.moda.es\/blog\/wp-content\/uploads\/2017\/09\/EZ_FW17_08.jpg?fit=640%2C427\" loading=\"lazy\" class=\"aligncenter size-medium wp-image-22517\" src=\"https:\/\/i0.wp.com\/www.moda.es\/blog\/wp-content\/uploads\/2017\/09\/EZ_FW17_08.jpg?resize=300%2C200\" alt=\"\" width=\"300\" height=\"200\" srcset=\"https:\/\/i0.wp.com\/www.moda.es\/blog\/wp-content\/uploads\/2017\/09\/EZ_FW17_08.jpg?resize=300%2C200 300w, https:\/\/i0.wp.com\/www.moda.es\/blog\/wp-content\/uploads\/2017\/09\/EZ_FW17_08.jpg?resize=768%2C512 768w, https:\/\/i0.wp.com\/www.moda.es\/blog\/wp-content\/uploads\/2017\/09\/EZ_FW17_08.jpg?w=1024 1024w, https:\/\/i0.wp.com\/www.moda.es\/blog\/wp-content\/uploads\/2017\/09\/EZ_FW17_08.jpg?resize=420%2C280 420w\" sizes=\"(max-width: 300px) 100vw, 300px\" data-recalc-dims=\"1\" \/><\/a><\/p>\n<p>Al igual que McCaul Lombardi, protagonista de la primera campa\u00f1a de <strong>Defining Moments<\/strong>, Millepied y De Niro poseen una afinidad que trasciende la edad. Aunque los hombres representan a <strong>dos generaciones diferentes<\/strong>, ambos comparten un amor por <strong>Nueva York,<\/strong> una inclinaci\u00f3n natural por la <strong>elegancia<\/strong> y una fuerza interior que impregna a sus personajes.<\/p>\n<p><a href=\"http:\/\/www.moda.es\/blog\/ermenegildo-zegna-presenta-el-segundo-capitulo-de-sus-defining-moments\/ez_fw17_adv_05\/\" rel=\"attachment wp-att-22516\"><img data-attachment-id=\"22516\" data-permalink=\"http:\/\/www.moda.es\/blog\/ermenegildo-zegna-presenta-el-segundo-capitulo-de-sus-defining-moments\/ez_fw17_adv_05\/\" data-orig-file=\"https:\/\/i0.wp.com\/www.moda.es\/blog\/wp-content\/uploads\/2017\/09\/EZ_FW17_ADV_05.jpg?fit=1080%2C705\" data-orig-size=\"1080,705\" data-comments-opened=\"1\" data-image-meta=\"{&quot;aperture&quot;:&quot;4&quot;,&quot;credit&quot;:&quot;&quot;,&quot;camera&quot;:&quot;Canon EOS 5D Mark III&quot;,&quot;caption&quot;:&quot;&quot;,&quot;created_timestamp&quot;:&quot;1488476336&quot;,&quot;copyright&quot;:&quot;&quot;,&quot;focal_length&quot;:&quot;41&quot;,&quot;iso&quot;:&quot;1600&quot;,&quot;shutter_speed&quot;:&quot;0.00625&quot;,&quot;title&quot;:&quot;&quot;,&quot;orientation&quot;:&quot;1&quot;}\" data-image-title=\"EZ_FW17_ADV_05\" data-image-description=\"\" data-image-caption=\"\" data-medium-file=\"https:\/\/i0.wp.com\/www.moda.es\/blog\/wp-content\/uploads\/2017\/09\/EZ_FW17_ADV_05.jpg?fit=300%2C196\" data-large-file=\"https:\/\/i0.wp.com\/www.moda.es\/blog\/wp-content\/uploads\/2017\/09\/EZ_FW17_ADV_05.jpg?fit=640%2C418\" loading=\"lazy\" class=\"aligncenter size-medium wp-image-22516\" src=\"https:\/\/i0.wp.com\/www.moda.es\/blog\/wp-content\/uploads\/2017\/09\/EZ_FW17_ADV_05.jpg?resize=300%2C196\" alt=\"\" width=\"300\" height=\"196\" srcset=\"https:\/\/i0.wp.com\/www.moda.es\/blog\/wp-content\/uploads\/2017\/09\/EZ_FW17_ADV_05.jpg?resize=300%2C196 300w, https:\/\/i0.wp.com\/www.moda.es\/blog\/wp-content\/uploads\/2017\/09\/EZ_FW17_ADV_05.jpg?resize=768%2C501 768w, https:\/\/i0.wp.com\/www.moda.es\/blog\/wp-content\/uploads\/2017\/09\/EZ_FW17_ADV_05.jpg?resize=1024%2C668 1024w, https:\/\/i0.wp.com\/www.moda.es\/blog\/wp-content\/uploads\/2017\/09\/EZ_FW17_ADV_05.jpg?resize=420%2C274 420w, https:\/\/i0.wp.com\/www.moda.es\/blog\/wp-content\/uploads\/2017\/09\/EZ_FW17_ADV_05.jpg?w=1080 1080w\" sizes=\"(max-width: 300px) 100vw, 300px\" data-recalc-dims=\"1\" \/><\/a><\/p>\n<p><strong>Alessandro Sartori<\/strong>, director art\u00edstico de Ermenegildo Zegna, y el cineasta <strong>Francesco Carrozzini<\/strong>\u00a0son los responsables de esta conversaci\u00f3n \u00edntima sobre la vida, la expresi\u00f3n art\u00edstica y momentos \u00fanicos. De Niro habla de su amor por una ciudad diferente a cualquier otra; una ciudad donde reina la libertad y se realizan los sue\u00f1os. Millepied coincide naturalmente. \u00c9l vino a Nueva York para seguir sus sue\u00f1os y todav\u00eda est\u00e1 influido por su cultura rica y sentido vibrante de la oportunidad. En medio de una interacci\u00f3n perspicaz de ideas y experiencias, De Niro y Millepied contemplan las exigencias de sus respectivos oficios, las marcadas diferencias entre ellos y el poder de la <strong>espontaneidad creativa.<\/strong><\/p>\n<p>Junto con esta segunda fase de la campa\u00f1a global, la plataforma de Defining Moments en zegna.com contar\u00e1 con conversaciones de personas exitosas de diferentes edades y or\u00edgenes culturales de diferentes partes del mundo.<\/p>\n<p>&nbsp;<\/p>\n<div class=\"jetpack-video-wrapper\"><span class=\"embed-youtube\" style=\"text-align:center; display: block;\"><iframe loading=\"lazy\" class=\"youtube-player\" width=\"640\" height=\"360\" src=\"https:\/\/www.youtube.com\/embed\/N-6vVh7wIBo?version=3&#038;rel=1&#038;showsearch=0&#038;showinfo=1&#038;iv_load_policy=1&#038;fs=1&#038;hl=es-ES&#038;autohide=2&#038;wmode=transparent\" allowfullscreen=\"true\" style=\"border:0;\" sandbox=\"allow-scripts allow-same-origin allow-popups allow-presentation\"><\/iframe><\/span><\/div>\n<p>\u00a9Ermenegildo Zegna                             <\/p>\n","protected":false},"excerpt":{"rendered":"<p>Reconocido como uno de los mejores actores de nuestro tiempo, Robert De Niro no necesita presentaci\u00f3n. Benjamin Millepied, por otra parte, ha pasado la mayor parte de su vida fuera del centro de atenci\u00f3n de Hollywood. Despu\u00e9s de una exitosa carrera bailando en algunos de los ballets m\u00e1s prestigiosos del [&hellip;]<\/p>\n","protected":false},"author":3,"featured_media":22516,"comment_status":"open","ping_status":"open","sticky":false,"template":"","format":"standard","meta":{"jetpack_publicize_message":"","jetpack_is_tweetstorm":false,"jetpack_publicize_feature_enabled":true},"categories":[3,8,11,14,19],"tags":[1347,313],"jetpack_publicize_connections":[],"jetpack_featured_media_url":"https:\/\/i0.wp.com\/www.moda.es\/blog\/wp-content\/uploads\/2017\/09\/EZ_FW17_ADV_05.jpg?fit=1080%2C705","jetpack_sharing_enabled":true,"jetpack_shortlink":"https:\/\/wp.me\/p4tJCC-5R9","jetpack-related-posts":[{"id":21787,"url":"http:\/\/www.moda.es\/blog\/el-momento-definitivo-de-zegna\/","url_meta":{"origin":22515,"position":0},"title":"El momento definitivo de Zegna","date":"febrero 15, 2017","format":false,"excerpt":"Estamos a unas semanas de cambiar de temporada y las marcas siguen presentando su campa\u00f1as de Primavera - Verano pero si una nos ha sorprendido especialmente es la de Zegna. Ermenegildo Zegna va en una nueva direcci\u00f3n para la nueva\u00a0campa\u00f1a\u00a0de esta temporada. La casa de moda italiana lanza su campa\u00f1a\u2026","rel":"","context":"En \u00abActualidad\u00bb","img":{"alt_text":"","src":"https:\/\/i0.wp.com\/www.moda.es\/blog\/wp-content\/uploads\/2017\/02\/Captura-de-pantalla-2017-02-14-a-las-22.43.07.png?fit=745%2C496&resize=350%2C200","width":350,"height":200},"classes":[]},{"id":8609,"url":"http:\/\/www.moda.es\/blog\/el-futuro-de-stefano-pilati-ya-esta-aqui\/","url_meta":{"origin":22515,"position":1},"title":"El futuro de Stefano Pilati ya est\u00e1 aqu\u00ed","date":"septiembre 6, 2012","format":false,"excerpt":"Hace dos d\u00edas nos lleg\u00f3 la noticia: Stefano Pilati, el otrora dise\u00f1ador de Yves Saint Laurent, recala en una nueva casa. El Grupo Zegna anunciaba el martes la incorporaci\u00f3n de Stefano Pilati como Director Creativo de Agnona, la firma femenina de pr\u00eat-\u00e0-porter \u00a0y accesorios de lujo del grupo fundada en\u2026","rel":"","context":"En \u00abDise\u00f1adores\u00bb","img":{"alt_text":"","src":"https:\/\/i0.wp.com\/www.moda.es\/blog\/wp-content\/uploads\/2012\/09\/stefano_pilati1.jpg?fit=382%2C573&resize=350%2C200","width":350,"height":200},"classes":[]},{"id":20285,"url":"http:\/\/www.moda.es\/blog\/es-tiempo-de-cambios\/","url_meta":{"origin":22515,"position":2},"title":"Es tiempo de cambios&#8230;","date":"febrero 3, 2016","format":false,"excerpt":"... y es que el baile de sillas est\u00e1 servido. Stefano Pilati ha dimitido como director creativo de Ermenegildo Zegna, con efecto inmediato, degu\u00b4n ha confirmado la marca esta tarde. El anuncio se produce tras la renuncia de Pilati a Agnona, tambi\u00e9n controlada por Zegna, en julio pasado, cuando dijo\u2026","rel":"","context":"En \u00abDestacados\u00bb","img":{"alt_text":"","src":"https:\/\/i0.wp.com\/www.moda.es\/blog\/wp-content\/uploads\/2016\/02\/Captura-de-pantalla-2016-02-03-a-las-22.52.41.png?fit=451%2C757&resize=350%2C200","width":350,"height":200},"classes":[]},{"id":18007,"url":"http:\/\/www.moda.es\/blog\/proyectos-de-cine\/","url_meta":{"origin":22515,"position":3},"title":"Proyectos de cine","date":"julio 25, 2014","format":false,"excerpt":"En el mundo de las asociacioes de moda, podemos tener colaboraciones obvias como la que se anunciaba esta semana entre Olivia Palermo y Aquazzurra que se traducir\u00e1n en grandes cifras comerciales, u otras m\u00e1s sorprendentes como la que acaba de anunciar Ermenegildo Zegna. En su revoluci\u00f3n made in Stefano Pilati\u2026","rel":"","context":"En \u00abActualidad\u00bb","img":{"alt_text":"","src":"https:\/\/i0.wp.com\/www.moda.es\/blog\/wp-content\/uploads\/2014\/07\/BACKSTAGE_05-07_01_0151.jpg?fit=650%2C433&resize=350%2C200","width":350,"height":200},"classes":[]},{"id":21035,"url":"http:\/\/www.moda.es\/blog\/haider-ackermann-ahora-en-berluti\/","url_meta":{"origin":22515,"position":4},"title":"Haider Ackermann, ahora en Berluti","date":"septiembre 1, 2016","format":false,"excerpt":"Haider Ackermann es el nuevo director creativo de Berluti,\u00a0seg\u00fan se ha confirmado desde la misma marca. Los rumores de que el dise\u00f1ador colombiano se dirig\u00eda hacia la marca de ropa masculina como sucesor de Alessandro Sartori - que dej\u00f3 la casa a principios de a\u00f1o para unirse a\u00a0Ermenegildo Zegna -\u2026","rel":"","context":"En \u00abActualidad\u00bb","img":{"alt_text":"","src":"https:\/\/i0.wp.com\/www.moda.es\/blog\/wp-content\/uploads\/2016\/09\/Captura-de-pantalla-2016-09-01-a-las-20.59.48.png?fit=626%2C427&resize=350%2C200","width":350,"height":200},"classes":[]},{"id":20320,"url":"http:\/\/www.moda.es\/blog\/stella-mccartney-tiene-nuevos-planes\/","url_meta":{"origin":22515,"position":5},"title":"Stella McCartney tiene nuevos planes&#8230;","date":"febrero 17, 2016","format":false,"excerpt":"Despu\u00e9s de haber\u00a0conquistado el mercado de ropa de mujer, Stella McCartney ha fijado su mirada en el mundo de la moda masculina seg\u00fan se ha informado\u00a0esta ma\u00f1ana. La dise\u00f1adora londinense ha anunciado el lanzamiento\u00a0de su primera colecci\u00f3n masculina para la temporada primavera \/ verano 2017 en junio, seg\u00fan informa hoy\u2026","rel":"","context":"En \u00abActualidad\u00bb","img":{"alt_text":"","src":"https:\/\/i0.wp.com\/www.moda.es\/blog\/wp-content\/uploads\/2016\/02\/Captura-de-pantalla-2016-02-16-a-las-23.59.41.png?fit=292%2C432&resize=350%2C200","width":350,"height":200},"classes":[]}],"_links":{"self":[{"href":"http:\/\/www.moda.es\/blog\/wp-json\/wp\/v2\/posts\/22515"}],"collection":[{"href":"http:\/\/www.moda.es\/blog\/wp-json\/wp\/v2\/posts"}],"about":[{"href":"http:\/\/www.moda.es\/blog\/wp-json\/wp\/v2\/types\/post"}],"author":[{"embeddable":true,"href":"http:\/\/www.moda.es\/blog\/wp-json\/wp\/v2\/users\/3"}],"replies":[{"embeddable":true,"href":"http:\/\/www.moda.es\/blog\/wp-json\/wp\/v2\/comments?post=22515"}],"version-history":[{"count":7,"href":"http:\/\/www.moda.es\/blog\/wp-json\/wp\/v2\/posts\/22515\/revisions"}],"predecessor-version":[{"id":35689,"href":"http:\/\/www.moda.es\/blog\/wp-json\/wp\/v2\/posts\/22515\/revisions\/35689"}],"wp:featuredmedia":[{"embeddable":true,"href":"http:\/\/www.moda.es\/blog\/wp-json\/wp\/v2\/media\/22516"}],"wp:attachment":[{"href":"http:\/\/www.moda.es\/blog\/wp-json\/wp\/v2\/media?parent=22515"}],"wp:term":[{"taxonomy":"category","embeddable":true,"href":"http:\/\/www.moda.es\/blog\/wp-json\/wp\/v2\/categories?post=22515"},{"taxonomy":"post_tag","embeddable":true,"href":"http:\/\/www.moda.es\/blog\/wp-json\/wp\/v2\/tags?post=22515"}],"curies":[{"name":"wp","href":"https:\/\/api.w.org\/{rel}","templated":true}]}}