{"id":22496,"date":"2017-08-30T11:31:21","date_gmt":"2017-08-30T10:31:21","guid":{"rendered":"http:\/\/www.moda.es\/blog\/?p=22496"},"modified":"2020-04-27T15:48:24","modified_gmt":"2020-04-27T14:48:24","slug":"comienza-la-temporada-de-la-pluralidad","status":"publish","type":"post","link":"http:\/\/www.moda.es\/blog\/comienza-la-temporada-de-la-pluralidad\/","title":{"rendered":"Comienza la temporada de la pluralidad"},"content":{"rendered":"<p>En mayo la prensa especializada y los seguidores del fashion business se lamentaban \u00a0de la <strong>falta de diversidad<\/strong> de las campa\u00f1as publicitarias a pesar de que ya pod\u00edamos ver <strong>modelos de todas las razas en las pasarelas<\/strong>. Pero esta temporada, las campa\u00f1as finalmente se han concienciado. Por primera vez, no s\u00f3lo coincidien con la diversidad observada en los desfiles, sino que la <strong>superan.<\/strong><\/p>\n<p>Las campa\u00f1as publicitarias de oto\u00f1o de 2017 muestran un <strong>30,4 por ciento de mujeres de color<\/strong>, una mejora con respecto al 24,5 por ciento de la primavera del 2017, seg\u00fan el \u00faltimo informe de The Fashion Spot. Esta es la primera vez que las modelos no blancas han representado este gran porcentaje.<\/p>\n<p>De las siete mejores modelos que aparecieron en la mayor\u00eda de las campa\u00f1as, s\u00f3lo <strong>Adwoa Aboah<\/strong> no era blanca, pero vale la pena se\u00f1alar que reserv\u00f3 tantas campa\u00f1as como megastars como<strong> Bella y Gigi Hadid<\/strong>.<\/p>\n<p>Las<strong> mujeres de m\u00e1s de 50 a\u00f1os<\/strong> tambi\u00e9n est\u00e1n m\u00e1s presentes esta temporada que la pasada, aunque las 14 modelos de esta temporada en el grupo de edad todav\u00eda est\u00e1n rezagadas respecto a 2015.<\/p>\n<p>Los modelos de talla grande son quiz\u00e1s el \u00fanico grupo que no se benefici\u00f3 de una temporada representativa m\u00e1s fuerte, ya que las campa\u00f1as de oto\u00f1o de 2017 presentaron 10 modelos en la categor\u00eda, igualando el n\u00famero de la temporada pasada y cayendo detr\u00e1s de las cifras de oto\u00f1o de 2016 (14 en total) y oto\u00f1o de 2015 (que cont\u00f3 con 11). Sin embargo, hay que rese\u00f1ar que marcas de alta gama como <strong>Dolce &amp; Gabbana y Vivienne Westwood<\/strong> contaron con modelos <em>plus size<\/em> en sus campa\u00f1as.<\/p>\n<p>En cuanto a las marcas, las campa\u00f1as m\u00e1s inclusivas desde el punto de vista racial vienen de <strong>Saint Laurent, Coach, Dior, Dolce &amp; Gabbana, Gap, Helmut Lang y Nordstrom<\/strong>. <strong>Simone Rocha<\/strong> tiene la mayor\u00eda de las mujeres mayores de 50 a\u00f1os en su campa\u00f1a, en gran parte gracias a las modelos que tambi\u00e9n fueron presentados en su pista esta temporada. Adem\u00e1s<strong> Helmut Lang, Sisley y Philipp Plein<\/strong> incluyeron a mujeres trans en sus campa\u00f1as.<\/p>\n<p>\u00bfEstamos ya en el lugar que deber\u00edamos? Todav\u00eda no pero parece que la industria ha tomado la direcci\u00f3n correcta.<\/p>\n<p><a href=\"http:\/\/www.moda.es\/blog\/comienza-la-temporada-de-la-pluralidad\/captura-de-pantalla-2017-08-30-a-las-11-58-29\/\" rel=\"attachment wp-att-22497\"><img data-attachment-id=\"22497\" data-permalink=\"http:\/\/www.moda.es\/blog\/comienza-la-temporada-de-la-pluralidad\/captura-de-pantalla-2017-08-30-a-las-11-58-29\/\" data-orig-file=\"https:\/\/i0.wp.com\/www.moda.es\/blog\/wp-content\/uploads\/2017\/08\/Captura-de-pantalla-2017-08-30-a-las-11.58.29.png?fit=466%2C592\" data-orig-size=\"466,592\" data-comments-opened=\"1\" data-image-meta=\"{&quot;aperture&quot;:&quot;0&quot;,&quot;credit&quot;:&quot;&quot;,&quot;camera&quot;:&quot;&quot;,&quot;caption&quot;:&quot;&quot;,&quot;created_timestamp&quot;:&quot;0&quot;,&quot;copyright&quot;:&quot;&quot;,&quot;focal_length&quot;:&quot;0&quot;,&quot;iso&quot;:&quot;0&quot;,&quot;shutter_speed&quot;:&quot;0&quot;,&quot;title&quot;:&quot;&quot;,&quot;orientation&quot;:&quot;0&quot;}\" data-image-title=\"Captura de pantalla 2017-08-30 a las 11.58.29\" data-image-description=\"\" data-image-caption=\"\" data-medium-file=\"https:\/\/i0.wp.com\/www.moda.es\/blog\/wp-content\/uploads\/2017\/08\/Captura-de-pantalla-2017-08-30-a-las-11.58.29.png?fit=236%2C300\" data-large-file=\"https:\/\/i0.wp.com\/www.moda.es\/blog\/wp-content\/uploads\/2017\/08\/Captura-de-pantalla-2017-08-30-a-las-11.58.29.png?fit=466%2C592\" loading=\"lazy\" class=\"aligncenter size-medium wp-image-22497\" src=\"https:\/\/i0.wp.com\/www.moda.es\/blog\/wp-content\/uploads\/2017\/08\/Captura-de-pantalla-2017-08-30-a-las-11.58.29.png?resize=236%2C300\" alt=\"\" width=\"236\" height=\"300\" srcset=\"https:\/\/i0.wp.com\/www.moda.es\/blog\/wp-content\/uploads\/2017\/08\/Captura-de-pantalla-2017-08-30-a-las-11.58.29.png?resize=236%2C300 236w, https:\/\/i0.wp.com\/www.moda.es\/blog\/wp-content\/uploads\/2017\/08\/Captura-de-pantalla-2017-08-30-a-las-11.58.29.png?resize=420%2C534 420w, https:\/\/i0.wp.com\/www.moda.es\/blog\/wp-content\/uploads\/2017\/08\/Captura-de-pantalla-2017-08-30-a-las-11.58.29.png?w=466 466w\" sizes=\"(max-width: 236px) 100vw, 236px\" data-recalc-dims=\"1\" \/><\/a><\/p>\n<p>\u00a9Fashionista                             <\/p>\n","protected":false},"excerpt":{"rendered":"<p>En mayo la prensa especializada y los seguidores del fashion business se lamentaban \u00a0de la falta de diversidad de las campa\u00f1as publicitarias a pesar de que ya pod\u00edamos ver modelos de todas las razas en las pasarelas. Pero esta temporada, las campa\u00f1as finalmente se han concienciado. Por primera vez, no [&hellip;]<\/p>\n","protected":false},"author":3,"featured_media":22497,"comment_status":"open","ping_status":"open","sticky":false,"template":"","format":"standard","meta":{"jetpack_publicize_message":"","jetpack_is_tweetstorm":false,"jetpack_publicize_feature_enabled":true},"categories":[3,8,11,14,15],"tags":[1567,1271,211,263,273,339,1270,1568,1569,1571,792,1103,1570,941],"jetpack_publicize_connections":[],"jetpack_featured_media_url":"https:\/\/i0.wp.com\/www.moda.es\/blog\/wp-content\/uploads\/2017\/08\/Captura-de-pantalla-2017-08-30-a-las-11.58.29.png?fit=466%2C592","jetpack_sharing_enabled":true,"jetpack_shortlink":"https:\/\/wp.me\/p4tJCC-5QQ","jetpack-related-posts":[{"id":22192,"url":"http:\/\/www.moda.es\/blog\/bella-hadid-nueva-imagen-de-bvlgari\/","url_meta":{"origin":22496,"position":0},"title":"Bella Hadid, nueva imagen de Bvlgari","date":"junio 1, 2017","format":false,"excerpt":"Bella Hadid s\u00f3lo\u00a0tiene\u00a020 a\u00f1os, pero ahora es una de los modelos m\u00e1s demandadas. La estrella es actualmente la\u00a0embajadora de Nike,\u00a0particip\u00f3\u00a0en su primer desfile para Victoria's Secret\u00a0a finales del a\u00f1o pasado, y ha aterrizado en las portadas de grandes revistas de moda como Harper's Bazaar y Glamour,\u00a0(por no hablar de su\u2026","rel":"","context":"En \u00abCampa\u00f1as\u00bb","img":{"alt_text":"","src":"https:\/\/i0.wp.com\/www.moda.es\/blog\/wp-content\/uploads\/2017\/05\/Captura-de-pantalla-2017-06-01-a-las-0.18.02.png?fit=424%2C582&resize=350%2C200","width":350,"height":200},"classes":[]},{"id":19582,"url":"http:\/\/www.moda.es\/blog\/duelo-de-hermanas-para-balmain\/","url_meta":{"origin":22496,"position":1},"title":"Duelo de hermanas para Balmain","date":"julio 18, 2015","format":false,"excerpt":"Parece que el director creativo de Balmain no puede resistirse al clan Kardashian - Jenner. Tras la amorosa campa\u00f1a protagonizada por Kim y Kanye,\u00a0Olivier Rousteing ha decidido contar tambi\u00e9n con las medio hermanas de Kim,\u00a0Kendall y Kylie Jenner, para estar presente en la edici\u00f3n de oto\u00f1o - invierno 2015. Las\u2026","rel":"","context":"En \u00abActualidad\u00bb","img":{"alt_text":"","src":"https:\/\/i0.wp.com\/www.moda.es\/blog\/wp-content\/uploads\/2015\/07\/Captura-de-pantalla-2015-07-18-a-las-12.38.20.png?fit=637%2C634&resize=350%2C200","width":350,"height":200},"classes":[]},{"id":20343,"url":"http:\/\/www.moda.es\/blog\/la-hija-de-cindy-crawford-ficha-por-alexander-wang\/","url_meta":{"origin":22496,"position":2},"title":"La hija de Cindy Crawford ficha por Alexander Wang","date":"febrero 24, 2016","format":false,"excerpt":"Kaia Gerber, la hija cl\u00f3nica de Cindy Crawford, ha firmado\u00a0con la agencia IMG Models\u00a0(la misma que representa a modelos como\u00a0Gisele B\u00fcndchen, Daria Werbowy o Gigi\u00a0Hadid)\u00a0a la tierna\u00a0edad de 13 a\u00f1os y desde el principio ha empezado a participar en distintas campa\u00f1as como la de\u00a0Chrome Hearts. Pero el gran bombazo ha\u2026","rel":"","context":"En \u00abActualidad\u00bb","img":{"alt_text":"","src":"https:\/\/i0.wp.com\/www.moda.es\/blog\/wp-content\/uploads\/2016\/02\/Captura-de-pantalla-2016-02-24-a-las-2.04.30.png?fit=522%2C482&resize=350%2C200","width":350,"height":200},"classes":[]},{"id":18620,"url":"http:\/\/www.moda.es\/blog\/madonna-nueva-imagen-de-versace\/","url_meta":{"origin":22496,"position":3},"title":"Madonna, nueva imagen de Versace","date":"diciembre 8, 2014","format":false,"excerpt":"El \u00e9xito no tiene edad y por ello sus 56 a\u00f1os y 30 de carrera en la m\u00fasica no han sido impedimento para que Madonna siga estando en la cumbre y reemplace a Lady Gaga (de 28) en la pr\u00f3xima campa\u00f1a de Versace para la temporada Primvara - Verano 2015.\u2026","rel":"","context":"En \u00abActualidad\u00bb","img":{"alt_text":"","src":"https:\/\/i0.wp.com\/www.moda.es\/blog\/wp-content\/uploads\/2014\/12\/versace-2.jpg?fit=650%2C975&resize=350%2C200","width":350,"height":200},"classes":[]},{"id":21433,"url":"http:\/\/www.moda.es\/blog\/gigi-hadid-se-desnuda-para-stuart-weitzman\/","url_meta":{"origin":22496,"position":4},"title":"Gigi Hadid se desnuda para Stuart Weitzman","date":"diciembre 14, 2016","format":false,"excerpt":"Para la campa\u00f1a de la primavera de 2017 de Stuart Weitzman, la modelo Gigi Hadid\u00a0ha sido fotografiada\u00a0con el bot\u00edn Clinger de mediana altura de la marca (en un acabado satinado nuevo, actualmente disponible para \u00a8pre-encargar\u201d\u00a0a trav\u00e9s de su web) y\u2026 bueno\u2026 no mucho m\u00e1s que un maquillaje sexy una melena\u2026","rel":"","context":"En \u00abActualidad\u00bb","img":{"alt_text":"","src":"https:\/\/i0.wp.com\/www.moda.es\/blog\/wp-content\/uploads\/2016\/12\/Captura-de-pantalla-2016-12-14-a-las-21.49.13.png?fit=525%2C358&resize=350%2C200","width":350,"height":200},"classes":[]},{"id":22173,"url":"http:\/\/www.moda.es\/blog\/bella-hadid-imagen-de-giuseppe-zanotti\/","url_meta":{"origin":22496,"position":5},"title":"Bella Hadid, imagen de Giuseppe Zanotti","date":"mayo 26, 2017","format":false,"excerpt":"Amanece un nuevo d\u00eda... y\u00a0Bella Hadid ha aterrizado con su segunda\u00a0campa\u00f1a durante esta semana. (ya hemos sabido que esta al frente de la campa\u00f1a de las Cortez de Nike).\u00a0Giuseppe Zanotti ha anunciado\u00a0a Hadid como la imagen\u00a0de su colecci\u00f3n de oto\u00f1o 2017. Fotografiada por Mario Sorrenti en Nueva York, se muestra\u00a0a\u2026","rel":"","context":"En \u00abCampa\u00f1as\u00bb","img":{"alt_text":"","src":"https:\/\/i0.wp.com\/www.moda.es\/blog\/wp-content\/uploads\/2017\/05\/Captura-de-pantalla-2017-05-26-a-las-18.18.02.png?fit=519%2C619&resize=350%2C200","width":350,"height":200},"classes":[]}],"_links":{"self":[{"href":"http:\/\/www.moda.es\/blog\/wp-json\/wp\/v2\/posts\/22496"}],"collection":[{"href":"http:\/\/www.moda.es\/blog\/wp-json\/wp\/v2\/posts"}],"about":[{"href":"http:\/\/www.moda.es\/blog\/wp-json\/wp\/v2\/types\/post"}],"author":[{"embeddable":true,"href":"http:\/\/www.moda.es\/blog\/wp-json\/wp\/v2\/users\/3"}],"replies":[{"embeddable":true,"href":"http:\/\/www.moda.es\/blog\/wp-json\/wp\/v2\/comments?post=22496"}],"version-history":[{"count":7,"href":"http:\/\/www.moda.es\/blog\/wp-json\/wp\/v2\/posts\/22496\/revisions"}],"predecessor-version":[{"id":35693,"href":"http:\/\/www.moda.es\/blog\/wp-json\/wp\/v2\/posts\/22496\/revisions\/35693"}],"wp:featuredmedia":[{"embeddable":true,"href":"http:\/\/www.moda.es\/blog\/wp-json\/wp\/v2\/media\/22497"}],"wp:attachment":[{"href":"http:\/\/www.moda.es\/blog\/wp-json\/wp\/v2\/media?parent=22496"}],"wp:term":[{"taxonomy":"category","embeddable":true,"href":"http:\/\/www.moda.es\/blog\/wp-json\/wp\/v2\/categories?post=22496"},{"taxonomy":"post_tag","embeddable":true,"href":"http:\/\/www.moda.es\/blog\/wp-json\/wp\/v2\/tags?post=22496"}],"curies":[{"name":"wp","href":"https:\/\/api.w.org\/{rel}","templated":true}]}}