{"id":22386,"date":"2017-07-31T23:04:31","date_gmt":"2017-07-31T22:04:31","guid":{"rendered":"http:\/\/www.moda.es\/blog\/?p=22386"},"modified":"2020-04-27T15:50:55","modified_gmt":"2020-04-27T14:50:55","slug":"anthony-hopkins-es-ahora-modelo","status":"publish","type":"post","link":"http:\/\/www.moda.es\/blog\/anthony-hopkins-es-ahora-modelo\/","title":{"rendered":"Anthony Hopkins es ahora modelo"},"content":{"rendered":"<p><strong>Sir Anthony Hopkins<\/strong> es sin duda uno d elo mejores actores de nuestro tiempo. Desde sus asombrosos y espeluznantes miradas en <em>El Silencio de los Corderos<\/em>, hasta verle haciendo saltar cosas por los aires en el trailer de <em>Transformers,<\/em> la leyenda de la pantalla sabe c\u00f3mo capturar una audiencia. Y este oto\u00f1o, est\u00e1 captando a sus fans de una nueva forma: como el rostro de la marca de moda italiana <strong>Brioni,<\/strong> en su campa\u00f1a publicitaria de la nueva temporada<strong> oto\u00f1o &#8211; invierno.<\/strong><\/p>\n<p><a href=\"http:\/\/www.moda.es\/blog\/anthony-hopkins-es-ahora-modelo\/gallery-1501261201-brioni-fw17-adv-campaign-2\/\" rel=\"attachment wp-att-22388\"><img data-attachment-id=\"22388\" data-permalink=\"http:\/\/www.moda.es\/blog\/anthony-hopkins-es-ahora-modelo\/gallery-1501261201-brioni-fw17-adv-campaign-2\/\" data-orig-file=\"https:\/\/i0.wp.com\/www.moda.es\/blog\/wp-content\/uploads\/2017\/07\/gallery-1501261201-brioni-fw17-adv-campaign-2.jpg?fit=768%2C1055\" data-orig-size=\"768,1055\" data-comments-opened=\"1\" data-image-meta=\"{&quot;aperture&quot;:&quot;0&quot;,&quot;credit&quot;:&quot;&quot;,&quot;camera&quot;:&quot;&quot;,&quot;caption&quot;:&quot;&quot;,&quot;created_timestamp&quot;:&quot;0&quot;,&quot;copyright&quot;:&quot;&quot;,&quot;focal_length&quot;:&quot;0&quot;,&quot;iso&quot;:&quot;0&quot;,&quot;shutter_speed&quot;:&quot;0&quot;,&quot;title&quot;:&quot;&quot;,&quot;orientation&quot;:&quot;0&quot;}\" data-image-title=\"gallery-1501261201-brioni-fw17-adv-campaign-2\" data-image-description=\"\" data-image-caption=\"\" data-medium-file=\"https:\/\/i0.wp.com\/www.moda.es\/blog\/wp-content\/uploads\/2017\/07\/gallery-1501261201-brioni-fw17-adv-campaign-2.jpg?fit=218%2C300\" data-large-file=\"https:\/\/i0.wp.com\/www.moda.es\/blog\/wp-content\/uploads\/2017\/07\/gallery-1501261201-brioni-fw17-adv-campaign-2.jpg?fit=640%2C880\" loading=\"lazy\" class=\"aligncenter size-medium wp-image-22388\" src=\"https:\/\/i0.wp.com\/www.moda.es\/blog\/wp-content\/uploads\/2017\/07\/gallery-1501261201-brioni-fw17-adv-campaign-2.jpg?resize=218%2C300\" alt=\"\" width=\"218\" height=\"300\" srcset=\"https:\/\/i0.wp.com\/www.moda.es\/blog\/wp-content\/uploads\/2017\/07\/gallery-1501261201-brioni-fw17-adv-campaign-2.jpg?resize=218%2C300 218w, https:\/\/i0.wp.com\/www.moda.es\/blog\/wp-content\/uploads\/2017\/07\/gallery-1501261201-brioni-fw17-adv-campaign-2.jpg?w=768 768w, https:\/\/i0.wp.com\/www.moda.es\/blog\/wp-content\/uploads\/2017\/07\/gallery-1501261201-brioni-fw17-adv-campaign-2.jpg?resize=745%2C1024 745w, https:\/\/i0.wp.com\/www.moda.es\/blog\/wp-content\/uploads\/2017\/07\/gallery-1501261201-brioni-fw17-adv-campaign-2.jpg?resize=420%2C577 420w\" sizes=\"(max-width: 218px) 100vw, 218px\" data-recalc-dims=\"1\" \/><\/a><\/p>\n<p>Hopkins y Brioni crean en esta campa\u00f1a una atm\u00f3sfera especial, un tipo de ambiente nost\u00e1lgico, de la vieja escuela. Por supuesto, en eso podr\u00eda tener algo que ver que todas las fotos est\u00e1n tomadas en <strong>blanco y negro<\/strong>. De cualquier manera, tiene un toque \u00fanico, de cine antiguo, de historias especiales.<\/p>\n<p><a href=\"http:\/\/www.moda.es\/blog\/anthony-hopkins-es-ahora-modelo\/gallery-1501261775-brioni-fw17-adv-campaign-3\/\" rel=\"attachment wp-att-22389\"><img data-attachment-id=\"22389\" data-permalink=\"http:\/\/www.moda.es\/blog\/anthony-hopkins-es-ahora-modelo\/gallery-1501261775-brioni-fw17-adv-campaign-3\/\" data-orig-file=\"https:\/\/i0.wp.com\/www.moda.es\/blog\/wp-content\/uploads\/2017\/07\/gallery-1501261775-brioni-fw17-adv-campaign-3.jpg?fit=768%2C1055\" data-orig-size=\"768,1055\" data-comments-opened=\"1\" data-image-meta=\"{&quot;aperture&quot;:&quot;0&quot;,&quot;credit&quot;:&quot;&quot;,&quot;camera&quot;:&quot;&quot;,&quot;caption&quot;:&quot;&quot;,&quot;created_timestamp&quot;:&quot;0&quot;,&quot;copyright&quot;:&quot;&quot;,&quot;focal_length&quot;:&quot;0&quot;,&quot;iso&quot;:&quot;0&quot;,&quot;shutter_speed&quot;:&quot;0&quot;,&quot;title&quot;:&quot;&quot;,&quot;orientation&quot;:&quot;0&quot;}\" data-image-title=\"gallery-1501261775-brioni-fw17-adv-campaign-3\" data-image-description=\"\" data-image-caption=\"\" data-medium-file=\"https:\/\/i0.wp.com\/www.moda.es\/blog\/wp-content\/uploads\/2017\/07\/gallery-1501261775-brioni-fw17-adv-campaign-3.jpg?fit=218%2C300\" data-large-file=\"https:\/\/i0.wp.com\/www.moda.es\/blog\/wp-content\/uploads\/2017\/07\/gallery-1501261775-brioni-fw17-adv-campaign-3.jpg?fit=640%2C880\" loading=\"lazy\" class=\"aligncenter size-medium wp-image-22389\" src=\"https:\/\/i0.wp.com\/www.moda.es\/blog\/wp-content\/uploads\/2017\/07\/gallery-1501261775-brioni-fw17-adv-campaign-3.jpg?resize=218%2C300\" alt=\"\" width=\"218\" height=\"300\" srcset=\"https:\/\/i0.wp.com\/www.moda.es\/blog\/wp-content\/uploads\/2017\/07\/gallery-1501261775-brioni-fw17-adv-campaign-3.jpg?resize=218%2C300 218w, https:\/\/i0.wp.com\/www.moda.es\/blog\/wp-content\/uploads\/2017\/07\/gallery-1501261775-brioni-fw17-adv-campaign-3.jpg?w=768 768w, https:\/\/i0.wp.com\/www.moda.es\/blog\/wp-content\/uploads\/2017\/07\/gallery-1501261775-brioni-fw17-adv-campaign-3.jpg?resize=745%2C1024 745w, https:\/\/i0.wp.com\/www.moda.es\/blog\/wp-content\/uploads\/2017\/07\/gallery-1501261775-brioni-fw17-adv-campaign-3.jpg?resize=420%2C577 420w\" sizes=\"(max-width: 218px) 100vw, 218px\" data-recalc-dims=\"1\" \/><\/a><\/p>\n<p>La marca italiana es conocida por su <strong>estilo atemporal<\/strong> y su dise\u00f1o, centr\u00e1ndose en los grandes trajes, chaquetas a medida y sastrer\u00eda incomparable. Hopkins tambi\u00e9n lleva eso en esta campa\u00f1a. Le vemos con abrigo, una chaqueta de doble botonadura y una bufanda.<\/p>\n<p><a href=\"http:\/\/www.moda.es\/blog\/anthony-hopkins-es-ahora-modelo\/gallery-1501261984-brioni-fw17-adv-campaign\/\" rel=\"attachment wp-att-22390\"><img data-attachment-id=\"22390\" data-permalink=\"http:\/\/www.moda.es\/blog\/anthony-hopkins-es-ahora-modelo\/gallery-1501261984-brioni-fw17-adv-campaign\/\" data-orig-file=\"https:\/\/i0.wp.com\/www.moda.es\/blog\/wp-content\/uploads\/2017\/07\/gallery-1501261984-brioni-fw17-adv-campaign.jpg?fit=768%2C1055\" data-orig-size=\"768,1055\" data-comments-opened=\"1\" data-image-meta=\"{&quot;aperture&quot;:&quot;0&quot;,&quot;credit&quot;:&quot;&quot;,&quot;camera&quot;:&quot;&quot;,&quot;caption&quot;:&quot;&quot;,&quot;created_timestamp&quot;:&quot;0&quot;,&quot;copyright&quot;:&quot;&quot;,&quot;focal_length&quot;:&quot;0&quot;,&quot;iso&quot;:&quot;0&quot;,&quot;shutter_speed&quot;:&quot;0&quot;,&quot;title&quot;:&quot;&quot;,&quot;orientation&quot;:&quot;0&quot;}\" data-image-title=\"gallery-1501261984-brioni-fw17-adv-campaign\" data-image-description=\"\" data-image-caption=\"\" data-medium-file=\"https:\/\/i0.wp.com\/www.moda.es\/blog\/wp-content\/uploads\/2017\/07\/gallery-1501261984-brioni-fw17-adv-campaign.jpg?fit=218%2C300\" data-large-file=\"https:\/\/i0.wp.com\/www.moda.es\/blog\/wp-content\/uploads\/2017\/07\/gallery-1501261984-brioni-fw17-adv-campaign.jpg?fit=640%2C880\" loading=\"lazy\" class=\"aligncenter size-medium wp-image-22390\" src=\"https:\/\/i0.wp.com\/www.moda.es\/blog\/wp-content\/uploads\/2017\/07\/gallery-1501261984-brioni-fw17-adv-campaign.jpg?resize=218%2C300\" alt=\"\" width=\"218\" height=\"300\" srcset=\"https:\/\/i0.wp.com\/www.moda.es\/blog\/wp-content\/uploads\/2017\/07\/gallery-1501261984-brioni-fw17-adv-campaign.jpg?resize=218%2C300 218w, https:\/\/i0.wp.com\/www.moda.es\/blog\/wp-content\/uploads\/2017\/07\/gallery-1501261984-brioni-fw17-adv-campaign.jpg?w=768 768w, https:\/\/i0.wp.com\/www.moda.es\/blog\/wp-content\/uploads\/2017\/07\/gallery-1501261984-brioni-fw17-adv-campaign.jpg?resize=745%2C1024 745w, https:\/\/i0.wp.com\/www.moda.es\/blog\/wp-content\/uploads\/2017\/07\/gallery-1501261984-brioni-fw17-adv-campaign.jpg?resize=420%2C577 420w\" sizes=\"(max-width: 218px) 100vw, 218px\" data-recalc-dims=\"1\" \/><\/a><\/p>\n<p>No puede gustarnos m\u00e1s.<\/p>\n<p><a href=\"http:\/\/www.moda.es\/blog\/anthony-hopkins-es-ahora-modelo\/gallery-1501262057-brioni-fw17-adv-campaign-4\/\" rel=\"attachment wp-att-22387\"><img data-attachment-id=\"22387\" data-permalink=\"http:\/\/www.moda.es\/blog\/anthony-hopkins-es-ahora-modelo\/gallery-1501262057-brioni-fw17-adv-campaign-4\/\" data-orig-file=\"https:\/\/i0.wp.com\/www.moda.es\/blog\/wp-content\/uploads\/2017\/07\/gallery-1501262057-brioni-fw17-adv-campaign-4.jpg?fit=768%2C1055\" data-orig-size=\"768,1055\" data-comments-opened=\"1\" data-image-meta=\"{&quot;aperture&quot;:&quot;0&quot;,&quot;credit&quot;:&quot;&quot;,&quot;camera&quot;:&quot;&quot;,&quot;caption&quot;:&quot;&quot;,&quot;created_timestamp&quot;:&quot;0&quot;,&quot;copyright&quot;:&quot;&quot;,&quot;focal_length&quot;:&quot;0&quot;,&quot;iso&quot;:&quot;0&quot;,&quot;shutter_speed&quot;:&quot;0&quot;,&quot;title&quot;:&quot;&quot;,&quot;orientation&quot;:&quot;0&quot;}\" data-image-title=\"gallery-1501262057-brioni-fw17-adv-campaign-4\" data-image-description=\"\" data-image-caption=\"\" data-medium-file=\"https:\/\/i0.wp.com\/www.moda.es\/blog\/wp-content\/uploads\/2017\/07\/gallery-1501262057-brioni-fw17-adv-campaign-4.jpg?fit=218%2C300\" data-large-file=\"https:\/\/i0.wp.com\/www.moda.es\/blog\/wp-content\/uploads\/2017\/07\/gallery-1501262057-brioni-fw17-adv-campaign-4.jpg?fit=640%2C880\" loading=\"lazy\" class=\"aligncenter size-medium wp-image-22387\" src=\"https:\/\/i0.wp.com\/www.moda.es\/blog\/wp-content\/uploads\/2017\/07\/gallery-1501262057-brioni-fw17-adv-campaign-4.jpg?resize=218%2C300\" alt=\"\" width=\"218\" height=\"300\" srcset=\"https:\/\/i0.wp.com\/www.moda.es\/blog\/wp-content\/uploads\/2017\/07\/gallery-1501262057-brioni-fw17-adv-campaign-4.jpg?resize=218%2C300 218w, https:\/\/i0.wp.com\/www.moda.es\/blog\/wp-content\/uploads\/2017\/07\/gallery-1501262057-brioni-fw17-adv-campaign-4.jpg?w=768 768w, https:\/\/i0.wp.com\/www.moda.es\/blog\/wp-content\/uploads\/2017\/07\/gallery-1501262057-brioni-fw17-adv-campaign-4.jpg?resize=745%2C1024 745w, https:\/\/i0.wp.com\/www.moda.es\/blog\/wp-content\/uploads\/2017\/07\/gallery-1501262057-brioni-fw17-adv-campaign-4.jpg?resize=420%2C577 420w\" sizes=\"(max-width: 218px) 100vw, 218px\" data-recalc-dims=\"1\" \/><\/a><\/p>\n<p>\u00a9Fashionista                             <\/p>\n","protected":false},"excerpt":{"rendered":"<p>Sir Anthony Hopkins es sin duda uno d elo mejores actores de nuestro tiempo. Desde sus asombrosos y espeluznantes miradas en El Silencio de los Corderos, hasta verle haciendo saltar cosas por los aires en el trailer de Transformers, la leyenda de la pantalla sabe c\u00f3mo capturar una audiencia. Y [&hellip;]<\/p>\n","protected":false},"author":3,"featured_media":22387,"comment_status":"open","ping_status":"open","sticky":false,"template":"","format":"standard","meta":{"jetpack_publicize_message":"","jetpack_is_tweetstorm":false,"jetpack_publicize_feature_enabled":true},"categories":[8,11,14],"tags":[1553,1349],"jetpack_publicize_connections":[],"jetpack_featured_media_url":"https:\/\/i0.wp.com\/www.moda.es\/blog\/wp-content\/uploads\/2017\/07\/gallery-1501262057-brioni-fw17-adv-campaign-4.jpg?fit=768%2C1055","jetpack_sharing_enabled":true,"jetpack_shortlink":"https:\/\/wp.me\/p4tJCC-5P4","jetpack-related-posts":[{"id":20845,"url":"http:\/\/www.moda.es\/blog\/los-integrantes-de-metallica-ahora-modelos\/","url_meta":{"origin":22386,"position":0},"title":"Los integrantes de Metallica, ahora modelos","date":"julio 4, 2016","format":false,"excerpt":"S\u00ed, lo has le\u00eddo bien.\u00a0La cl\u00e1sica casa de moda masculina italiana est\u00e1 llevando a cabo\u00a0un cambio de imagen extremo. \u00daltimamente se ha o\u00eddo hablar un mont\u00f3n dentro de los c\u00edrculos de moda sobre heavy metal \u00faltimamente, gracias a la afinidad de Demna Gvasalia hacia los pentagramas y las calaveras,\u00a0incluso\u00a0Marc Jacobs\u2026","rel":"","context":"En \u00abCampa\u00f1as\u00bb","img":{"alt_text":"","src":"https:\/\/i0.wp.com\/www.moda.es\/blog\/wp-content\/uploads\/2016\/07\/Captura-de-pantalla-2016-07-05-a-las-0.26.43.png?fit=415%2C519&resize=350%2C200","width":350,"height":200},"classes":[]},{"id":21165,"url":"http:\/\/www.moda.es\/blog\/justin-oshea-se-marcha-de-brioni\/","url_meta":{"origin":22386,"position":1},"title":"Justin O&#8217;Shea se marcha de Brioni","date":"octubre 4, 2016","format":false,"excerpt":"Justin O'Shea ha roto relaciones con Brioni, despu\u00e9s de haber mostrado s\u00f3lo una colecci\u00f3n para la marca de ropa masculina. O'Shea, quien fue designado como director creativo de la casa de moda italiana en marzo, no ten\u00eda experiencia en el dise\u00f1o cuando sucedi\u00f3 Brendan Mullane a principios de este a\u00f1o,\u2026","rel":"","context":"En \u00abActualidad\u00bb","img":{"alt_text":"","src":"https:\/\/i0.wp.com\/www.moda.es\/blog\/wp-content\/uploads\/2016\/10\/Captura-de-pantalla-2016-10-05-a-las-0.07.12.png?fit=619%2C408&resize=350%2C200","width":350,"height":200},"classes":[]},{"id":20469,"url":"http:\/\/www.moda.es\/blog\/justin-oshea-nuevo-director-creativo-de-brioni\/","url_meta":{"origin":22386,"position":2},"title":"Justin O\u00b4Shea, nuevo director creativo de Brioni","date":"marzo 26, 2016","format":false,"excerpt":"Justin O'Shea, el\u00a0ex director de moda de la empresa alemana de comercio electr\u00f3nico de lujo Mytheresa.com, ha sido nombrado director creativo de la etiqueta de ropa masculina italiana Brioni, en sustituci\u00f3n de Brendan Mullane que dej\u00f3 la compa\u00f1\u00eda en febrero por \"consentimiento mutuo\". \"El mercado de ropa masculina de hoy\u2026","rel":"","context":"En \u00abDestacados\u00bb","img":{"alt_text":"","src":"https:\/\/i0.wp.com\/www.moda.es\/blog\/wp-content\/uploads\/2016\/03\/Captura-de-pantalla-2016-03-26-a-las-15.53.44.png?fit=293%2C435&resize=350%2C200","width":350,"height":200},"classes":[]},{"id":20285,"url":"http:\/\/www.moda.es\/blog\/es-tiempo-de-cambios\/","url_meta":{"origin":22386,"position":3},"title":"Es tiempo de cambios&#8230;","date":"febrero 3, 2016","format":false,"excerpt":"... y es que el baile de sillas est\u00e1 servido. Stefano Pilati ha dimitido como director creativo de Ermenegildo Zegna, con efecto inmediato, degu\u00b4n ha confirmado la marca esta tarde. El anuncio se produce tras la renuncia de Pilati a Agnona, tambi\u00e9n controlada por Zegna, en julio pasado, cuando dijo\u2026","rel":"","context":"En \u00abDestacados\u00bb","img":{"alt_text":"","src":"https:\/\/i0.wp.com\/www.moda.es\/blog\/wp-content\/uploads\/2016\/02\/Captura-de-pantalla-2016-02-03-a-las-22.52.41.png?fit=451%2C757&resize=350%2C200","width":350,"height":200},"classes":[]},{"id":22481,"url":"http:\/\/www.moda.es\/blog\/la-nueva-y-sorprendente-campana-de-acne-studios\/","url_meta":{"origin":22386,"position":4},"title":"La nueva y sorprendente campa\u00f1a de Acne Studios","date":"agosto 19, 2017","format":false,"excerpt":"En 2014, Kordale Lewis y Kaleb Anthony se volvieron virales, con m\u00e1s de 50.000 visualizaciones para ser exactos, despu\u00e9s de sacar una foto tras conseguir que sus hijas estuvieran listos para la escuela por la ma\u00f1ana. Lo que la pareja de Atlanta pens\u00f3 que era una foto casual de su\u2026","rel":"","context":"En \u00abCampa\u00f1as\u00bb","img":{"alt_text":"","src":"https:\/\/i0.wp.com\/www.moda.es\/blog\/wp-content\/uploads\/2017\/08\/Captura-de-pantalla-2017-08-19-a-las-22.06.41.png?fit=567%2C565&resize=350%2C200","width":350,"height":200},"classes":[]},{"id":20715,"url":"http:\/\/www.moda.es\/blog\/alberta-ferreti-se-une-al-circuito-de-la-alta-costura\/","url_meta":{"origin":22386,"position":5},"title":"Alberta Ferreti se une al circuito de la Alta Costura","date":"mayo 30, 2016","format":false,"excerpt":"Alberta Ferreti pondr\u00e1 en escena el\u00a0primer desfile de la historia de\u00a0su l\u00ednea de edici\u00f3n limitada en la Semana de la Alta Costura de Par\u00eds este mes de julio. La l\u00ednea, que se introdujo en 2011,\u00a0ya se ha mostrado en presentaciones pero nunca antes hab\u00eda desfilado. Compuesta\u00a0por vestidos y trajes de\u2026","rel":"","context":"En \u00abActualidad\u00bb","img":{"alt_text":"","src":"https:\/\/i0.wp.com\/www.moda.es\/blog\/wp-content\/uploads\/2016\/05\/Captura-de-pantalla-2016-05-30-a-las-23.52.14.png?fit=289%2C432&resize=350%2C200","width":350,"height":200},"classes":[]}],"_links":{"self":[{"href":"http:\/\/www.moda.es\/blog\/wp-json\/wp\/v2\/posts\/22386"}],"collection":[{"href":"http:\/\/www.moda.es\/blog\/wp-json\/wp\/v2\/posts"}],"about":[{"href":"http:\/\/www.moda.es\/blog\/wp-json\/wp\/v2\/types\/post"}],"author":[{"embeddable":true,"href":"http:\/\/www.moda.es\/blog\/wp-json\/wp\/v2\/users\/3"}],"replies":[{"embeddable":true,"href":"http:\/\/www.moda.es\/blog\/wp-json\/wp\/v2\/comments?post=22386"}],"version-history":[{"count":7,"href":"http:\/\/www.moda.es\/blog\/wp-json\/wp\/v2\/posts\/22386\/revisions"}],"predecessor-version":[{"id":35709,"href":"http:\/\/www.moda.es\/blog\/wp-json\/wp\/v2\/posts\/22386\/revisions\/35709"}],"wp:featuredmedia":[{"embeddable":true,"href":"http:\/\/www.moda.es\/blog\/wp-json\/wp\/v2\/media\/22387"}],"wp:attachment":[{"href":"http:\/\/www.moda.es\/blog\/wp-json\/wp\/v2\/media?parent=22386"}],"wp:term":[{"taxonomy":"category","embeddable":true,"href":"http:\/\/www.moda.es\/blog\/wp-json\/wp\/v2\/categories?post=22386"},{"taxonomy":"post_tag","embeddable":true,"href":"http:\/\/www.moda.es\/blog\/wp-json\/wp\/v2\/tags?post=22386"}],"curies":[{"name":"wp","href":"https:\/\/api.w.org\/{rel}","templated":true}]}}