{"id":22348,"date":"2017-07-21T17:40:13","date_gmt":"2017-07-21T16:40:13","guid":{"rendered":"http:\/\/www.moda.es\/blog\/?p=22348"},"modified":"2020-04-27T15:51:52","modified_gmt":"2020-04-27T14:51:52","slug":"pirelli-muestra-pistas-de-su-calendario-2018","status":"publish","type":"post","link":"http:\/\/www.moda.es\/blog\/pirelli-muestra-pistas-de-su-calendario-2018\/","title":{"rendered":"Pirelli muestra pistas de su calendario 2018"},"content":{"rendered":"<p><strong>Pirelli<\/strong> ha presentado las primeras \u00a0im\u00e1genes de su calendario de 2018 con inspiraci\u00f3n en<strong> Alicia en el Pa\u00eds de las Maravillas.<\/strong><\/p>\n<p><a href=\"http:\/\/www.moda.es\/blog\/pirelli-muestra-pistas-de-su-calendario-2018\/captura-de-pantalla-2017-07-21-a-las-17-49-03\/\" rel=\"attachment wp-att-22349\"><img data-attachment-id=\"22349\" data-permalink=\"http:\/\/www.moda.es\/blog\/pirelli-muestra-pistas-de-su-calendario-2018\/captura-de-pantalla-2017-07-21-a-las-17-49-03\/\" data-orig-file=\"https:\/\/i0.wp.com\/www.moda.es\/blog\/wp-content\/uploads\/2017\/07\/Captura-de-pantalla-2017-07-21-a-las-17.49.03.png?fit=686%2C508\" data-orig-size=\"686,508\" data-comments-opened=\"1\" data-image-meta=\"{&quot;aperture&quot;:&quot;0&quot;,&quot;credit&quot;:&quot;&quot;,&quot;camera&quot;:&quot;&quot;,&quot;caption&quot;:&quot;&quot;,&quot;created_timestamp&quot;:&quot;0&quot;,&quot;copyright&quot;:&quot;&quot;,&quot;focal_length&quot;:&quot;0&quot;,&quot;iso&quot;:&quot;0&quot;,&quot;shutter_speed&quot;:&quot;0&quot;,&quot;title&quot;:&quot;&quot;,&quot;orientation&quot;:&quot;0&quot;}\" data-image-title=\"Captura de pantalla 2017-07-21 a las 17.49.03\" data-image-description=\"\" data-image-caption=\"\" data-medium-file=\"https:\/\/i0.wp.com\/www.moda.es\/blog\/wp-content\/uploads\/2017\/07\/Captura-de-pantalla-2017-07-21-a-las-17.49.03.png?fit=300%2C222\" data-large-file=\"https:\/\/i0.wp.com\/www.moda.es\/blog\/wp-content\/uploads\/2017\/07\/Captura-de-pantalla-2017-07-21-a-las-17.49.03.png?fit=640%2C474\" loading=\"lazy\" class=\"aligncenter size-medium wp-image-22349\" src=\"https:\/\/i0.wp.com\/www.moda.es\/blog\/wp-content\/uploads\/2017\/07\/Captura-de-pantalla-2017-07-21-a-las-17.49.03.png?resize=300%2C222\" alt=\"\" width=\"300\" height=\"222\" srcset=\"https:\/\/i0.wp.com\/www.moda.es\/blog\/wp-content\/uploads\/2017\/07\/Captura-de-pantalla-2017-07-21-a-las-17.49.03.png?resize=300%2C222 300w, https:\/\/i0.wp.com\/www.moda.es\/blog\/wp-content\/uploads\/2017\/07\/Captura-de-pantalla-2017-07-21-a-las-17.49.03.png?resize=420%2C311 420w, https:\/\/i0.wp.com\/www.moda.es\/blog\/wp-content\/uploads\/2017\/07\/Captura-de-pantalla-2017-07-21-a-las-17.49.03.png?w=686 686w\" sizes=\"(max-width: 300px) 100vw, 300px\" data-recalc-dims=\"1\" \/><\/a><\/p>\n<p>el nuevo calendario ha sido fotografiado a trav\u00e9s de la lente maravillosa de <strong>Tim Walker<\/strong> y dise\u00f1ado por el nuevo director de <strong>Vogue, Edward Enninful<\/strong> con el dise\u00f1o de decorado de<strong> Shona Heath<\/strong>.<\/p>\n<p><a href=\"http:\/\/www.moda.es\/blog\/pirelli-muestra-pistas-de-su-calendario-2018\/captura-de-pantalla-2017-07-21-a-las-17-49-11\/\" rel=\"attachment wp-att-22350\"><img data-attachment-id=\"22350\" data-permalink=\"http:\/\/www.moda.es\/blog\/pirelli-muestra-pistas-de-su-calendario-2018\/captura-de-pantalla-2017-07-21-a-las-17-49-11\/\" data-orig-file=\"https:\/\/i0.wp.com\/www.moda.es\/blog\/wp-content\/uploads\/2017\/07\/Captura-de-pantalla-2017-07-21-a-las-17.49.11.png?fit=683%2C510\" data-orig-size=\"683,510\" data-comments-opened=\"1\" data-image-meta=\"{&quot;aperture&quot;:&quot;0&quot;,&quot;credit&quot;:&quot;&quot;,&quot;camera&quot;:&quot;&quot;,&quot;caption&quot;:&quot;&quot;,&quot;created_timestamp&quot;:&quot;0&quot;,&quot;copyright&quot;:&quot;&quot;,&quot;focal_length&quot;:&quot;0&quot;,&quot;iso&quot;:&quot;0&quot;,&quot;shutter_speed&quot;:&quot;0&quot;,&quot;title&quot;:&quot;&quot;,&quot;orientation&quot;:&quot;0&quot;}\" data-image-title=\"Captura de pantalla 2017-07-21 a las 17.49.11\" data-image-description=\"\" data-image-caption=\"\" data-medium-file=\"https:\/\/i0.wp.com\/www.moda.es\/blog\/wp-content\/uploads\/2017\/07\/Captura-de-pantalla-2017-07-21-a-las-17.49.11.png?fit=300%2C224\" data-large-file=\"https:\/\/i0.wp.com\/www.moda.es\/blog\/wp-content\/uploads\/2017\/07\/Captura-de-pantalla-2017-07-21-a-las-17.49.11.png?fit=640%2C478\" loading=\"lazy\" class=\"aligncenter size-medium wp-image-22350\" src=\"https:\/\/i0.wp.com\/www.moda.es\/blog\/wp-content\/uploads\/2017\/07\/Captura-de-pantalla-2017-07-21-a-las-17.49.11.png?resize=300%2C224\" alt=\"\" width=\"300\" height=\"224\" srcset=\"https:\/\/i0.wp.com\/www.moda.es\/blog\/wp-content\/uploads\/2017\/07\/Captura-de-pantalla-2017-07-21-a-las-17.49.11.png?resize=300%2C224 300w, https:\/\/i0.wp.com\/www.moda.es\/blog\/wp-content\/uploads\/2017\/07\/Captura-de-pantalla-2017-07-21-a-las-17.49.11.png?resize=420%2C314 420w, https:\/\/i0.wp.com\/www.moda.es\/blog\/wp-content\/uploads\/2017\/07\/Captura-de-pantalla-2017-07-21-a-las-17.49.11.png?w=683 683w\" sizes=\"(max-width: 300px) 100vw, 300px\" data-recalc-dims=\"1\" \/><\/a><\/p>\n<p>El tr\u00edo est\u00e1 acompa\u00f1ado por un incoe\u00b4bile elenco de estrellas:<\/p>\n<p>Adwoa Aboah, Naomi Campbell y Sean \u00abDiddy\u00bb Combs, Slick Woods, Lupita Nyong&#8217;o, Whoopi Goldberg, Djimon Hounsou, Ru Paul, Adut Akech, Alpha Dia, Lil Yachty, Thando Hopa, Wilson Oryema, Zoe Bedeaux, Sasha Lane y Duckie Thot.<\/p>\n<p><a href=\"http:\/\/www.moda.es\/blog\/pirelli-muestra-pistas-de-su-calendario-2018\/captura-de-pantalla-2017-07-21-a-las-17-49-21\/\" rel=\"attachment wp-att-22351\"><img data-attachment-id=\"22351\" data-permalink=\"http:\/\/www.moda.es\/blog\/pirelli-muestra-pistas-de-su-calendario-2018\/captura-de-pantalla-2017-07-21-a-las-17-49-21\/\" data-orig-file=\"https:\/\/i0.wp.com\/www.moda.es\/blog\/wp-content\/uploads\/2017\/07\/Captura-de-pantalla-2017-07-21-a-las-17.49.21.png?fit=687%2C514\" data-orig-size=\"687,514\" data-comments-opened=\"1\" data-image-meta=\"{&quot;aperture&quot;:&quot;0&quot;,&quot;credit&quot;:&quot;&quot;,&quot;camera&quot;:&quot;&quot;,&quot;caption&quot;:&quot;&quot;,&quot;created_timestamp&quot;:&quot;0&quot;,&quot;copyright&quot;:&quot;&quot;,&quot;focal_length&quot;:&quot;0&quot;,&quot;iso&quot;:&quot;0&quot;,&quot;shutter_speed&quot;:&quot;0&quot;,&quot;title&quot;:&quot;&quot;,&quot;orientation&quot;:&quot;0&quot;}\" data-image-title=\"Captura de pantalla 2017-07-21 a las 17.49.21\" data-image-description=\"\" data-image-caption=\"\" data-medium-file=\"https:\/\/i0.wp.com\/www.moda.es\/blog\/wp-content\/uploads\/2017\/07\/Captura-de-pantalla-2017-07-21-a-las-17.49.21.png?fit=300%2C224\" data-large-file=\"https:\/\/i0.wp.com\/www.moda.es\/blog\/wp-content\/uploads\/2017\/07\/Captura-de-pantalla-2017-07-21-a-las-17.49.21.png?fit=640%2C479\" loading=\"lazy\" class=\"aligncenter size-medium wp-image-22351\" src=\"https:\/\/i0.wp.com\/www.moda.es\/blog\/wp-content\/uploads\/2017\/07\/Captura-de-pantalla-2017-07-21-a-las-17.49.21.png?resize=300%2C224\" alt=\"\" width=\"300\" height=\"224\" srcset=\"https:\/\/i0.wp.com\/www.moda.es\/blog\/wp-content\/uploads\/2017\/07\/Captura-de-pantalla-2017-07-21-a-las-17.49.21.png?resize=300%2C224 300w, https:\/\/i0.wp.com\/www.moda.es\/blog\/wp-content\/uploads\/2017\/07\/Captura-de-pantalla-2017-07-21-a-las-17.49.21.png?resize=420%2C314 420w, https:\/\/i0.wp.com\/www.moda.es\/blog\/wp-content\/uploads\/2017\/07\/Captura-de-pantalla-2017-07-21-a-las-17.49.21.png?w=687 687w\" sizes=\"(max-width: 300px) 100vw, 300px\" data-recalc-dims=\"1\" \/><\/a><\/p>\n<p>La est\u00e9tica del calendario del pr\u00f3ximo a\u00f1o es una evoluci\u00f3n, totalmente diferente, de la edici\u00f3n de <strong>2017,<\/strong> que fue fotografiado por <strong>Peter Lindbergh<\/strong>, y el de 2016, que fue creado \u00a0por la c\u00e1mara de <strong>Annie Leibovitz<\/strong>.<\/p>\n<p><a href=\"http:\/\/www.moda.es\/blog\/pirelli-muestra-pistas-de-su-calendario-2018\/captura-de-pantalla-2017-07-21-a-las-17-49-41\/\" rel=\"attachment wp-att-22353\"><img data-attachment-id=\"22353\" data-permalink=\"http:\/\/www.moda.es\/blog\/pirelli-muestra-pistas-de-su-calendario-2018\/captura-de-pantalla-2017-07-21-a-las-17-49-41\/\" data-orig-file=\"https:\/\/i0.wp.com\/www.moda.es\/blog\/wp-content\/uploads\/2017\/07\/Captura-de-pantalla-2017-07-21-a-las-17.49.41.png?fit=688%2C510\" data-orig-size=\"688,510\" data-comments-opened=\"1\" data-image-meta=\"{&quot;aperture&quot;:&quot;0&quot;,&quot;credit&quot;:&quot;&quot;,&quot;camera&quot;:&quot;&quot;,&quot;caption&quot;:&quot;&quot;,&quot;created_timestamp&quot;:&quot;0&quot;,&quot;copyright&quot;:&quot;&quot;,&quot;focal_length&quot;:&quot;0&quot;,&quot;iso&quot;:&quot;0&quot;,&quot;shutter_speed&quot;:&quot;0&quot;,&quot;title&quot;:&quot;&quot;,&quot;orientation&quot;:&quot;0&quot;}\" data-image-title=\"Captura de pantalla 2017-07-21 a las 17.49.41\" data-image-description=\"\" data-image-caption=\"\" data-medium-file=\"https:\/\/i0.wp.com\/www.moda.es\/blog\/wp-content\/uploads\/2017\/07\/Captura-de-pantalla-2017-07-21-a-las-17.49.41.png?fit=300%2C222\" data-large-file=\"https:\/\/i0.wp.com\/www.moda.es\/blog\/wp-content\/uploads\/2017\/07\/Captura-de-pantalla-2017-07-21-a-las-17.49.41.png?fit=640%2C474\" loading=\"lazy\" class=\"aligncenter size-medium wp-image-22353\" src=\"https:\/\/i0.wp.com\/www.moda.es\/blog\/wp-content\/uploads\/2017\/07\/Captura-de-pantalla-2017-07-21-a-las-17.49.41.png?resize=300%2C222\" alt=\"\" width=\"300\" height=\"222\" srcset=\"https:\/\/i0.wp.com\/www.moda.es\/blog\/wp-content\/uploads\/2017\/07\/Captura-de-pantalla-2017-07-21-a-las-17.49.41.png?resize=300%2C222 300w, https:\/\/i0.wp.com\/www.moda.es\/blog\/wp-content\/uploads\/2017\/07\/Captura-de-pantalla-2017-07-21-a-las-17.49.41.png?resize=420%2C311 420w, https:\/\/i0.wp.com\/www.moda.es\/blog\/wp-content\/uploads\/2017\/07\/Captura-de-pantalla-2017-07-21-a-las-17.49.41.png?w=688 688w\" sizes=\"(max-width: 300px) 100vw, 300px\" data-recalc-dims=\"1\" \/><\/a><\/p>\n<p>Ambos se compon\u00edan de im\u00e1genes en blanco y negro en las que los participantes ten\u00edan una sensaci\u00f3n de desnudarse para ellas. Algo totalmente opuesto a la visi\u00f3n saturada y de alto impacto de Walker para el pr\u00f3ximo a\u00f1o.<\/p>\n<p>&nbsp;<\/p>\n<p>&nbsp;<\/p>\n<p><a href=\"http:\/\/www.moda.es\/blog\/pirelli-muestra-pistas-de-su-calendario-2018\/captura-de-pantalla-2017-07-21-a-las-17-49-28\/\" rel=\"attachment wp-att-22352\"><img data-attachment-id=\"22352\" data-permalink=\"http:\/\/www.moda.es\/blog\/pirelli-muestra-pistas-de-su-calendario-2018\/captura-de-pantalla-2017-07-21-a-las-17-49-28\/\" data-orig-file=\"https:\/\/i0.wp.com\/www.moda.es\/blog\/wp-content\/uploads\/2017\/07\/Captura-de-pantalla-2017-07-21-a-las-17.49.28.png?fit=685%2C514\" data-orig-size=\"685,514\" data-comments-opened=\"1\" data-image-meta=\"{&quot;aperture&quot;:&quot;0&quot;,&quot;credit&quot;:&quot;&quot;,&quot;camera&quot;:&quot;&quot;,&quot;caption&quot;:&quot;&quot;,&quot;created_timestamp&quot;:&quot;0&quot;,&quot;copyright&quot;:&quot;&quot;,&quot;focal_length&quot;:&quot;0&quot;,&quot;iso&quot;:&quot;0&quot;,&quot;shutter_speed&quot;:&quot;0&quot;,&quot;title&quot;:&quot;&quot;,&quot;orientation&quot;:&quot;0&quot;}\" data-image-title=\"Captura de pantalla 2017-07-21 a las 17.49.28\" data-image-description=\"\" data-image-caption=\"\" data-medium-file=\"https:\/\/i0.wp.com\/www.moda.es\/blog\/wp-content\/uploads\/2017\/07\/Captura-de-pantalla-2017-07-21-a-las-17.49.28.png?fit=300%2C225\" data-large-file=\"https:\/\/i0.wp.com\/www.moda.es\/blog\/wp-content\/uploads\/2017\/07\/Captura-de-pantalla-2017-07-21-a-las-17.49.28.png?fit=640%2C480\" loading=\"lazy\" class=\"aligncenter size-medium wp-image-22352\" src=\"https:\/\/i0.wp.com\/www.moda.es\/blog\/wp-content\/uploads\/2017\/07\/Captura-de-pantalla-2017-07-21-a-las-17.49.28.png?resize=300%2C225\" alt=\"\" width=\"300\" height=\"225\" srcset=\"https:\/\/i0.wp.com\/www.moda.es\/blog\/wp-content\/uploads\/2017\/07\/Captura-de-pantalla-2017-07-21-a-las-17.49.28.png?resize=300%2C225 300w, https:\/\/i0.wp.com\/www.moda.es\/blog\/wp-content\/uploads\/2017\/07\/Captura-de-pantalla-2017-07-21-a-las-17.49.28.png?resize=420%2C315 420w, https:\/\/i0.wp.com\/www.moda.es\/blog\/wp-content\/uploads\/2017\/07\/Captura-de-pantalla-2017-07-21-a-las-17.49.28.png?w=685 685w\" sizes=\"(max-width: 300px) 100vw, 300px\" data-recalc-dims=\"1\" \/><\/a><a href=\"http:\/\/www.moda.es\/blog\/pirelli-muestra-pistas-de-su-calendario-2018\/captura-de-pantalla-2017-07-21-a-las-17-49-34\/\" rel=\"attachment wp-att-22356\"><img data-attachment-id=\"22356\" data-permalink=\"http:\/\/www.moda.es\/blog\/pirelli-muestra-pistas-de-su-calendario-2018\/captura-de-pantalla-2017-07-21-a-las-17-49-34\/\" data-orig-file=\"https:\/\/i0.wp.com\/www.moda.es\/blog\/wp-content\/uploads\/2017\/07\/Captura-de-pantalla-2017-07-21-a-las-17.49.34.png?fit=690%2C512\" data-orig-size=\"690,512\" data-comments-opened=\"1\" data-image-meta=\"{&quot;aperture&quot;:&quot;0&quot;,&quot;credit&quot;:&quot;&quot;,&quot;camera&quot;:&quot;&quot;,&quot;caption&quot;:&quot;&quot;,&quot;created_timestamp&quot;:&quot;0&quot;,&quot;copyright&quot;:&quot;&quot;,&quot;focal_length&quot;:&quot;0&quot;,&quot;iso&quot;:&quot;0&quot;,&quot;shutter_speed&quot;:&quot;0&quot;,&quot;title&quot;:&quot;&quot;,&quot;orientation&quot;:&quot;0&quot;}\" data-image-title=\"Captura de pantalla 2017-07-21 a las 17.49.34\" data-image-description=\"\" data-image-caption=\"\" data-medium-file=\"https:\/\/i0.wp.com\/www.moda.es\/blog\/wp-content\/uploads\/2017\/07\/Captura-de-pantalla-2017-07-21-a-las-17.49.34.png?fit=300%2C223\" data-large-file=\"https:\/\/i0.wp.com\/www.moda.es\/blog\/wp-content\/uploads\/2017\/07\/Captura-de-pantalla-2017-07-21-a-las-17.49.34.png?fit=640%2C475\" loading=\"lazy\" class=\"aligncenter size-medium wp-image-22356\" src=\"https:\/\/i0.wp.com\/www.moda.es\/blog\/wp-content\/uploads\/2017\/07\/Captura-de-pantalla-2017-07-21-a-las-17.49.34.png?resize=300%2C223\" alt=\"\" width=\"300\" height=\"223\" srcset=\"https:\/\/i0.wp.com\/www.moda.es\/blog\/wp-content\/uploads\/2017\/07\/Captura-de-pantalla-2017-07-21-a-las-17.49.34.png?resize=300%2C223 300w, https:\/\/i0.wp.com\/www.moda.es\/blog\/wp-content\/uploads\/2017\/07\/Captura-de-pantalla-2017-07-21-a-las-17.49.34.png?resize=420%2C312 420w, https:\/\/i0.wp.com\/www.moda.es\/blog\/wp-content\/uploads\/2017\/07\/Captura-de-pantalla-2017-07-21-a-las-17.49.34.png?w=690 690w\" sizes=\"(max-width: 300px) 100vw, 300px\" data-recalc-dims=\"1\" \/><\/a><\/p>\n<p>&nbsp;<\/p>\n<p>&nbsp;<\/p>\n<p>\u00a9Vogue UK                             <\/p>\n","protected":false},"excerpt":{"rendered":"<p>Pirelli ha presentado las primeras \u00a0im\u00e1genes de su calendario de 2018 con inspiraci\u00f3n en Alicia en el Pa\u00eds de las Maravillas. el nuevo calendario ha sido fotografiado a trav\u00e9s de la lente maravillosa de Tim Walker y dise\u00f1ado por el nuevo director de Vogue, Edward Enninful con el dise\u00f1o de [&hellip;]<\/p>\n","protected":false},"author":3,"featured_media":22349,"comment_status":"open","ping_status":"open","sticky":false,"template":"","format":"standard","meta":{"jetpack_publicize_message":"","jetpack_is_tweetstorm":false,"jetpack_publicize_feature_enabled":true},"categories":[3,11,15,17],"tags":[93,1040,1551,889],"jetpack_publicize_connections":[],"jetpack_featured_media_url":"https:\/\/i0.wp.com\/www.moda.es\/blog\/wp-content\/uploads\/2017\/07\/Captura-de-pantalla-2017-07-21-a-las-17.49.03.png?fit=686%2C508","jetpack_sharing_enabled":true,"jetpack_shortlink":"https:\/\/wp.me\/p4tJCC-5Os","jetpack-related-posts":[{"id":21024,"url":"http:\/\/www.moda.es\/blog\/tenemos-nuevo-calendario-pirelli\/","url_meta":{"origin":22348,"position":0},"title":"Tenemos nuevo calendario Pirelli","date":"agosto 30, 2016","format":false,"excerpt":"Ya podemos echar el primer vistazo al Calendario Pirelli 2017, y el elenco\u00a0de estrellas de las actrices de Hollywood que se anunci\u00f3 como los pr\u00f3ximos temas. Peter Lindbergh,\u00a0que ya fotografi\u00f3\u00a0el calendario en 1996 y 2002 y es famoso por sus im\u00e1genes de estilo cinematogr\u00e1fico, ha fotografiado a Charlotte Rampling, Uma\u2026","rel":"","context":"En \u00abActualidad\u00bb","img":{"alt_text":"","src":"https:\/\/i0.wp.com\/www.moda.es\/blog\/wp-content\/uploads\/2016\/08\/Captura-de-pantalla-2016-08-30-a-las-22.34.22.png?fit=603%2C449&resize=350%2C200","width":350,"height":200},"classes":[]},{"id":19818,"url":"http:\/\/www.moda.es\/blog\/el-nuevo-calendario-pirelli-sera-muy-diferente\/","url_meta":{"origin":22348,"position":1},"title":"El nuevo calendario Pirelli ser\u00e1 muy diferente","date":"septiembre 23, 2015","format":false,"excerpt":"El calendario Pirelli no es famoso precisamente por sus im\u00e1genes t\u00edmidas y retra\u00eddas. El a\u00f1o pasado Joan Smalls, Sasha Luss, Karen Elson y Isabeli Fontana posaron en topless, y Gigi Hadid hizo su debut, presumiendo de incre\u00edbles piernas pero, para 2016, la marca se dirige hacia una nueva direcci\u00f3n. Fotografiar\u2026","rel":"","context":"En \u00abActualidad\u00bb","img":{"alt_text":"","src":"https:\/\/i0.wp.com\/www.moda.es\/blog\/wp-content\/uploads\/2015\/09\/Captura-de-pantalla-2015-09-23-a-las-22.35.10.png?fit=327%2C504&resize=350%2C200","width":350,"height":200},"classes":[]},{"id":13723,"url":"http:\/\/www.moda.es\/blog\/50-anos-del-calendario-pirelli\/","url_meta":{"origin":22348,"position":2},"title":"50 a\u00f1os del calendario Pirelli","date":"agosto 14, 2013","format":false,"excerpt":"Uno de los calendarios m\u00e1s famosos cumple 50 a\u00f1os, y como un aniversario as\u00ed no se celebra todos los d\u00edas, qu\u00e9 mejor que hacer su propio homenaje rodeado algunas de las mejores top models de ayer y hoy. Miranda Kerr,\u00a0Helena Christensen y Alessandra Ambrosio son algunas de las modelos que\u2026","rel":"","context":"En \u00abActualidad\u00bb","img":{"alt_text":"","src":"https:\/\/i0.wp.com\/www.moda.es\/blog\/wp-content\/uploads\/2013\/08\/Calendario-Pirelli1.jpg?fit=500%2C333&resize=350%2C200","width":350,"height":200},"classes":[]},{"id":18542,"url":"http:\/\/www.moda.es\/blog\/descubre-el-calendario-pirelli-de-2015\/","url_meta":{"origin":22348,"position":3},"title":"Descubre el calendario Pirelli de 2015","date":"noviembre 20, 2014","format":false,"excerpt":"L\u00e1tex y super modelos. As\u00ed se resume el contenido de Calendar Girls 2015, la \u00faltima edici\u00f3n del esperad\u00edsimo Calendario Pirelli. La responsable del estilismo ha sido Carine Roitfeld, tras el objetivo se ha colocado Steven Meisel y Pat Macgrath estaba al mando del maquillaje. Un tr\u00edo de ases que ha\u2026","rel":"","context":"En \u00abActualidad\u00bb","img":{"alt_text":"","src":"https:\/\/i0.wp.com\/www.moda.es\/blog\/wp-content\/uploads\/2014\/11\/AdrianLima1.jpg?fit=650%2C975&resize=350%2C200","width":350,"height":200},"classes":[]},{"id":20022,"url":"http:\/\/www.moda.es\/blog\/el-calendario-pirelli-ya-esta-aqui\/","url_meta":{"origin":22348,"position":4},"title":"El calendario Pirelli ya est\u00e1 aqu\u00ed","date":"noviembre 30, 2015","format":false,"excerpt":"Las cuatro primeras im\u00e1genes del Calendario Pirelli 2016, fotografiado por Annie Leibovitz, se han dado a conocer hoy, junto con el mes que van a representar. \u00a0 Para el pr\u00f3ximo a\u00f1o, m\u00e1s que cualquier otro, la gran revelaci\u00f3n de este ir\u00f3nico calendario ha sido muy esperada debido a que la\u2026","rel":"","context":"En \u00abActualidad\u00bb","img":{"alt_text":"","src":"https:\/\/i0.wp.com\/www.moda.es\/blog\/wp-content\/uploads\/2015\/11\/Captura-de-pantalla-2015-11-30-a-las-22.51.47.png?fit=502%2C575&resize=350%2C200","width":350,"height":200},"classes":[]},{"id":83,"url":"http:\/\/www.moda.es\/blog\/la-mitologia-segun-karl\/","url_meta":{"origin":22348,"position":5},"title":"La mitolog\u00eda seg\u00fan Karl","date":"diciembre 3, 2010","format":false,"excerpt":"Diciembre,\u00a0desciende de manera dolorosa la temperatura, en Madrid\u00a0caen con ganas\u00a0los primeros copos de nieve... y en el g\u00e9lido Mosc\u00fa se descubr\u00eda el martes el nuevo Calendario Pirelli, para subir algunos grados el ambiente. Parece que no tiene mucho que ver con la moda porque no se ve ropa sino cuerpos\u2026","rel":"","context":"En \u00abDise\u00f1adores\u00bb","img":{"alt_text":"","src":"https:\/\/i0.wp.com\/www.moda.es\/blog\/wp-content\/uploads\/2010\/12\/PIRELLI-EPA_1775310a-sin111.jpg?fit=450%2C205&resize=350%2C200","width":350,"height":200},"classes":[]}],"_links":{"self":[{"href":"http:\/\/www.moda.es\/blog\/wp-json\/wp\/v2\/posts\/22348"}],"collection":[{"href":"http:\/\/www.moda.es\/blog\/wp-json\/wp\/v2\/posts"}],"about":[{"href":"http:\/\/www.moda.es\/blog\/wp-json\/wp\/v2\/types\/post"}],"author":[{"embeddable":true,"href":"http:\/\/www.moda.es\/blog\/wp-json\/wp\/v2\/users\/3"}],"replies":[{"embeddable":true,"href":"http:\/\/www.moda.es\/blog\/wp-json\/wp\/v2\/comments?post=22348"}],"version-history":[{"count":8,"href":"http:\/\/www.moda.es\/blog\/wp-json\/wp\/v2\/posts\/22348\/revisions"}],"predecessor-version":[{"id":35715,"href":"http:\/\/www.moda.es\/blog\/wp-json\/wp\/v2\/posts\/22348\/revisions\/35715"}],"wp:featuredmedia":[{"embeddable":true,"href":"http:\/\/www.moda.es\/blog\/wp-json\/wp\/v2\/media\/22349"}],"wp:attachment":[{"href":"http:\/\/www.moda.es\/blog\/wp-json\/wp\/v2\/media?parent=22348"}],"wp:term":[{"taxonomy":"category","embeddable":true,"href":"http:\/\/www.moda.es\/blog\/wp-json\/wp\/v2\/categories?post=22348"},{"taxonomy":"post_tag","embeddable":true,"href":"http:\/\/www.moda.es\/blog\/wp-json\/wp\/v2\/tags?post=22348"}],"curies":[{"name":"wp","href":"https:\/\/api.w.org\/{rel}","templated":true}]}}