{"id":22308,"date":"2017-07-13T20:11:57","date_gmt":"2017-07-13T19:11:57","guid":{"rendered":"http:\/\/www.moda.es\/blog\/?p=22308"},"modified":"2020-04-27T15:52:30","modified_gmt":"2020-04-27T14:52:30","slug":"tenemos-nueva-colaboracion-en-hm-2","status":"publish","type":"post","link":"http:\/\/www.moda.es\/blog\/tenemos-nueva-colaboracion-en-hm-2\/","title":{"rendered":"Tenemos nueva colaboraci\u00f3n en H&amp;M"},"content":{"rendered":"<p><strong>Erdem<\/strong> se une a las filas de colaboraciones de dise\u00f1adores de <strong>H&amp;M<\/strong> este a\u00f1o. Siguiendo las huellas de <strong>Karl Lagerfeld, Marni, Maison Margiela, Versace, Isabel Marant, Lanvin<\/strong> (entre otros) y, m\u00e1s recientemente, <strong>Kenzo<\/strong>, su dise\u00f1ador hom\u00f3nimo, <strong>Erdem Moralioglu<\/strong>, dar\u00e1 a conocer su colecci\u00f3n este oto\u00f1o.<br \/>\nAunque no hay datos de lo que podemos esperar, sabemos que una parte de la colaboraci\u00f3n incluir\u00e1 una <strong>edici\u00f3n masculina<\/strong>\u00a0(ser\u00e1 la primera vez que Moralioglu dise\u00f1a para hombre), que aterrizar\u00e1 el <strong>2 de noviembre<\/strong>; y que \u00abreinterpretar\u00e1 los temas de dise\u00f1o de algunas de sus colecciones m\u00e1s c\u00e9lebres, jugando con estampados, tejidos y la delicada artesan\u00eda\u00a0que han hecho su nombre\u00bb.<\/p>\n<p><a href=\"http:\/\/www.moda.es\/blog\/tenemos-nueva-colaboracion-en-hm-2\/captura-de-pantalla-2017-07-13-a-las-20-49-33\/\" rel=\"attachment wp-att-22309\"><img data-attachment-id=\"22309\" data-permalink=\"http:\/\/www.moda.es\/blog\/tenemos-nueva-colaboracion-en-hm-2\/captura-de-pantalla-2017-07-13-a-las-20-49-33\/\" data-orig-file=\"https:\/\/i0.wp.com\/www.moda.es\/blog\/wp-content\/uploads\/2017\/07\/Captura-de-pantalla-2017-07-13-a-las-20.49.33.png?fit=366%2C550\" data-orig-size=\"366,550\" data-comments-opened=\"1\" data-image-meta=\"{&quot;aperture&quot;:&quot;0&quot;,&quot;credit&quot;:&quot;&quot;,&quot;camera&quot;:&quot;&quot;,&quot;caption&quot;:&quot;&quot;,&quot;created_timestamp&quot;:&quot;0&quot;,&quot;copyright&quot;:&quot;&quot;,&quot;focal_length&quot;:&quot;0&quot;,&quot;iso&quot;:&quot;0&quot;,&quot;shutter_speed&quot;:&quot;0&quot;,&quot;title&quot;:&quot;&quot;,&quot;orientation&quot;:&quot;0&quot;}\" data-image-title=\"Captura de pantalla 2017-07-13 a las 20.49.33\" data-image-description=\"\" data-image-caption=\"\" data-medium-file=\"https:\/\/i0.wp.com\/www.moda.es\/blog\/wp-content\/uploads\/2017\/07\/Captura-de-pantalla-2017-07-13-a-las-20.49.33.png?fit=200%2C300\" data-large-file=\"https:\/\/i0.wp.com\/www.moda.es\/blog\/wp-content\/uploads\/2017\/07\/Captura-de-pantalla-2017-07-13-a-las-20.49.33.png?fit=366%2C550\" loading=\"lazy\" class=\"aligncenter size-medium wp-image-22309\" src=\"https:\/\/i0.wp.com\/www.moda.es\/blog\/wp-content\/uploads\/2017\/07\/Captura-de-pantalla-2017-07-13-a-las-20.49.33.png?resize=200%2C300\" alt=\"\" width=\"200\" height=\"300\" srcset=\"https:\/\/i0.wp.com\/www.moda.es\/blog\/wp-content\/uploads\/2017\/07\/Captura-de-pantalla-2017-07-13-a-las-20.49.33.png?resize=200%2C300 200w, https:\/\/i0.wp.com\/www.moda.es\/blog\/wp-content\/uploads\/2017\/07\/Captura-de-pantalla-2017-07-13-a-las-20.49.33.png?w=366 366w\" sizes=\"(max-width: 200px) 100vw, 200px\" data-recalc-dims=\"1\" \/><\/a><\/p>\n<p>\u00abEstoy feliz de colaborar con H&amp;M, y de explorar mi trabajo en una nueva escala, incluyendo una colecci\u00f3n de ropa de hombre que nunca he hecho antes\u00bb, dijo Moralioglu hoy.Para conmemorar la colaboraci\u00f3n, el dise\u00f1ador colabor\u00f3 \u200b\u200bcon el cineasta <strong>Baz Luhrmann<\/strong> para crear la campa\u00f1a. \u00abTambi\u00e9n es emocionante trabajar con Baz Luhrmann, uno de los narradores m\u00e1s importantes de nuestro tiempo\u00bb, agreg\u00f3.<\/p>\n<p><a href=\"http:\/\/www.moda.es\/blog\/tenemos-nueva-colaboracion-en-hm-2\/captura-de-pantalla-2017-07-13-a-las-20-49-54\/\" rel=\"attachment wp-att-22311\"><img data-attachment-id=\"22311\" data-permalink=\"http:\/\/www.moda.es\/blog\/tenemos-nueva-colaboracion-en-hm-2\/captura-de-pantalla-2017-07-13-a-las-20-49-54\/\" data-orig-file=\"https:\/\/i0.wp.com\/www.moda.es\/blog\/wp-content\/uploads\/2017\/07\/Captura-de-pantalla-2017-07-13-a-las-20.49.54.png?fit=368%2C522\" data-orig-size=\"368,522\" data-comments-opened=\"1\" data-image-meta=\"{&quot;aperture&quot;:&quot;0&quot;,&quot;credit&quot;:&quot;&quot;,&quot;camera&quot;:&quot;&quot;,&quot;caption&quot;:&quot;&quot;,&quot;created_timestamp&quot;:&quot;0&quot;,&quot;copyright&quot;:&quot;&quot;,&quot;focal_length&quot;:&quot;0&quot;,&quot;iso&quot;:&quot;0&quot;,&quot;shutter_speed&quot;:&quot;0&quot;,&quot;title&quot;:&quot;&quot;,&quot;orientation&quot;:&quot;0&quot;}\" data-image-title=\"Captura de pantalla 2017-07-13 a las 20.49.54\" data-image-description=\"\" data-image-caption=\"\" data-medium-file=\"https:\/\/i0.wp.com\/www.moda.es\/blog\/wp-content\/uploads\/2017\/07\/Captura-de-pantalla-2017-07-13-a-las-20.49.54.png?fit=211%2C300\" data-large-file=\"https:\/\/i0.wp.com\/www.moda.es\/blog\/wp-content\/uploads\/2017\/07\/Captura-de-pantalla-2017-07-13-a-las-20.49.54.png?fit=368%2C522\" loading=\"lazy\" class=\"aligncenter size-medium wp-image-22311\" src=\"https:\/\/i0.wp.com\/www.moda.es\/blog\/wp-content\/uploads\/2017\/07\/Captura-de-pantalla-2017-07-13-a-las-20.49.54.png?resize=211%2C300\" alt=\"\" width=\"211\" height=\"300\" srcset=\"https:\/\/i0.wp.com\/www.moda.es\/blog\/wp-content\/uploads\/2017\/07\/Captura-de-pantalla-2017-07-13-a-las-20.49.54.png?resize=211%2C300 211w, https:\/\/i0.wp.com\/www.moda.es\/blog\/wp-content\/uploads\/2017\/07\/Captura-de-pantalla-2017-07-13-a-las-20.49.54.png?w=368 368w\" sizes=\"(max-width: 211px) 100vw, 211px\" data-recalc-dims=\"1\" \/><\/a><\/p>\n<p>\u00abPara m\u00ed, la moda siempre es algo m\u00e1s que ropa, es<strong> una forma de expresi\u00f3n<\/strong>, una forma de arte independiente\u00bb, dijo Luhrmann, \u00abEstoy emocionado de colaborar con Erdem y H&amp;M para revelar la historia de esta colecci\u00f3n \u00fanica\u00bb.<\/p>\n<p>Mientras esperamos a ver art\u00edculos reales, podemos echar un vistazo a las creaciones de Erdem en las alfombras rojas. <strong>\u00a0Keira Knightley, Alexa Chung y Claire Foy,<\/strong> entre otras, son fans declaradas. Pero aunque es famoso por sus vestidos de fiesta, \u00a0el dise\u00f1ador tambi\u00e9n hace interesantes trajes de d\u00eda y accesorios muy codiciados.<\/p>\n<p>Como muchos dise\u00f1adores que han trabajado con H&amp;M antes de \u00e9l, la colaboraci\u00f3n ofrece a los fans de la moda la oportunidad de poseer una pieza de su casa de moda favorita en una fracci\u00f3n del precio. Interesante si consideramos que las piezas de Erdem pueden costar entre 495 y 4.000 euros.<\/p>\n<div class=\"jetpack-video-wrapper\"><span class=\"embed-youtube\" style=\"text-align:center; display: block;\"><iframe loading=\"lazy\" class=\"youtube-player\" width=\"640\" height=\"360\" src=\"https:\/\/www.youtube.com\/embed\/hgd9ox_AM5A?version=3&#038;rel=1&#038;showsearch=0&#038;showinfo=1&#038;iv_load_policy=1&#038;fs=1&#038;hl=es-ES&#038;autohide=2&#038;wmode=transparent\" allowfullscreen=\"true\" style=\"border:0;\" sandbox=\"allow-scripts allow-same-origin allow-popups allow-presentation\"><\/iframe><\/span><\/div>\n<p>\u00a9Vogue UK                             <\/p>\n","protected":false},"excerpt":{"rendered":"<p>Erdem se une a las filas de colaboraciones de dise\u00f1adores de H&amp;M este a\u00f1o. Siguiendo las huellas de Karl Lagerfeld, Marni, Maison Margiela, Versace, Isabel Marant, Lanvin (entre otros) y, m\u00e1s recientemente, Kenzo, su dise\u00f1ador hom\u00f3nimo, Erdem Moralioglu, dar\u00e1 a conocer su colecci\u00f3n este oto\u00f1o. Aunque no hay datos de [&hellip;]<\/p>\n","protected":false},"author":3,"featured_media":22309,"comment_status":"open","ping_status":"open","sticky":false,"template":"","format":"standard","meta":{"jetpack_publicize_message":"","jetpack_is_tweetstorm":false,"jetpack_publicize_feature_enabled":true},"categories":[3,10,11,14],"tags":[311,377,409,464,480,508,1550,587,926],"jetpack_publicize_connections":[],"jetpack_featured_media_url":"https:\/\/i0.wp.com\/www.moda.es\/blog\/wp-content\/uploads\/2017\/07\/Captura-de-pantalla-2017-07-13-a-las-20.49.33.png?fit=366%2C550","jetpack_sharing_enabled":true,"jetpack_shortlink":"https:\/\/wp.me\/p4tJCC-5NO","jetpack-related-posts":[{"id":13004,"url":"http:\/\/www.moda.es\/blog\/francia-conquista-suecia\/","url_meta":{"origin":22308,"position":0},"title":"Francia conquista Suecia","date":"junio 11, 2013","format":false,"excerpt":"O lo que es lo mismo: las plegarias de media poblaci\u00f3n femenina se han visto respondidas.\u00a0 Tras Karl Lagerfeld, Stella McCartney, Versace, Lanvin, Maison Martin Margiela y Marni y sus correspondientes y largu\u00edsimas colas y sus colecciones agotadas en horas y despu\u00e9s del rotundo \u00e9xito de la colecci\u00f3n de underwear\u2026","rel":"","context":"En \u00abActualidad\u00bb","img":{"alt_text":"","src":"https:\/\/i0.wp.com\/www.moda.es\/blog\/wp-content\/uploads\/2013\/06\/Isabel-Marant-HM-21.jpg?fit=400%2C534&resize=350%2C200","width":350,"height":200},"classes":[]},{"id":22622,"url":"http:\/\/www.moda.es\/blog\/echa-un-primer-vistazo-a-la-coleccion-de-erdem-para-hm\/","url_meta":{"origin":22308,"position":1},"title":"Echa un primer vistazo a la colecci\u00f3n de Erdem para H&amp;M","date":"octubre 13, 2017","format":false,"excerpt":"Desde H&M preguntaros a Erdem Moralioglu, \"\u00bfqu\u00e9 crees que podr\u00edas hacer?\" y \u00e9l les invit\u00f3 a su estudio y proyect\u00f3 \"un viejo video de Pet Shop Boys que Bruce Weber hab\u00eda dirigido en los a\u00f1os noventa, llamado 'Ser aburrido'. Se trataba de un grupo de j\u00f3venes con esmoquin desali\u00f1ado que\u2026","rel":"","context":"En \u00abActualidad\u00bb","img":{"alt_text":"","src":"https:\/\/i0.wp.com\/www.moda.es\/blog\/wp-content\/uploads\/2017\/10\/erdem-2.jpg?fit=405%2C607&resize=350%2C200","width":350,"height":200},"classes":[]},{"id":19576,"url":"http:\/\/www.moda.es\/blog\/erdem-se-suma-al-reto-eco\/","url_meta":{"origin":22308,"position":2},"title":"Erdem se suma al reto \u00abEco\u00bb","date":"julio 18, 2015","format":false,"excerpt":"Una de las razones por las que la vuelta de vacaciones en septiembre ser\u00e1 mejor que nunca es que Erdem Moralioglu y Livia Firth, directora creativa de Eco-Age, han anunciado durante la Semana de la Moda Berl\u00edn\u00a0que se han unido para crear por primera vez una colecci\u00f3n de vestidos de\u2026","rel":"","context":"En \u00abActualidad\u00bb","img":{"alt_text":"","src":"https:\/\/i0.wp.com\/www.moda.es\/blog\/wp-content\/uploads\/2015\/07\/Captura-de-pantalla-2015-07-18-a-las-12.04.16.png?fit=499%2C647&resize=350%2C200","width":350,"height":200},"classes":[]},{"id":20358,"url":"http:\/\/www.moda.es\/blog\/la-moda-esta-cambiando\/","url_meta":{"origin":22308,"position":3},"title":"La moda est\u00e1 cambiando","date":"febrero 28, 2016","format":false,"excerpt":"Y no, no nos referimos simplemente a los anuncios del nuevo formato de calendario de desfiles anunciado por Burberry o Tom Ford que coment\u00e1bamos hace unas semanas. Hablamos de las reacciones que ha provocado este anuncio. Karl Lagerfeld ha hablado por primera vez sobre el debate que actualmente hace estragos\u2026","rel":"","context":"En \u00abActualidad\u00bb","img":{"alt_text":"","src":"https:\/\/i0.wp.com\/www.moda.es\/blog\/wp-content\/uploads\/2016\/02\/Captura-de-pantalla-2016-02-28-a-las-3.17.47.png?fit=278%2C421&resize=350%2C200","width":350,"height":200},"classes":[]},{"id":17510,"url":"http:\/\/www.moda.es\/blog\/la-cara-mas-solidaria-de-la-moda\/","url_meta":{"origin":22308,"position":4},"title":"La cara m\u00e1s solidaria de la moda","date":"abril 19, 2014","format":false,"excerpt":"Victoria Beckham es s\u00f3lo uno de los nombres de dise\u00f1adores que crear\u00e1n colecciones de\u00a0piezas\u00a0 madre - hijo en exclusiva para la organizaci\u00f3n ben\u00e9fica Born Free. La brit\u00e1nica ha sorprendido en Twitter con la imagen de la modelo Sasha Pivovarova y su hija Mia vestidas a juego con vestidos dise\u00f1ados por\u2026","rel":"","context":"En \u00abActualidad\u00bb","img":{"alt_text":"","src":"https:\/\/i0.wp.com\/www.moda.es\/blog\/wp-content\/uploads\/2014\/04\/Born-Free-3.jpg?fit=650%2C975&resize=350%2C200","width":350,"height":200},"classes":[]},{"id":4316,"url":"http:\/\/www.moda.es\/blog\/la-medusa-se-democratiza-por-una-coleccion\/","url_meta":{"origin":22308,"position":5},"title":"La medusa se democratiza&#8230; por una colecci\u00f3n","date":"noviembre 16, 2011","format":false,"excerpt":"Las \u00faltimas noticias hacen pensar en que la casa de la Medusa est\u00e1 resurgiendo con m\u00e1s fuerza que nunca. Desde que muriera Gianni dram\u00e1ticamente asesinado a las puertas de su casa, y su hermana Donatella tomara las riendas de la firma, Versace hab\u00eda ido perdiendo algo del poder\u00edo que la\u2026","rel":"","context":"En \u00abColecciones\u00bb","img":{"alt_text":"","src":"https:\/\/i0.wp.com\/www.moda.es\/blog\/wp-content\/uploads\/2011\/11\/versace-for-hm-donatella-fall-winter-autumn-2011-BTS-560x360-e1321475857179.jpg?resize=350%2C200","width":350,"height":200},"classes":[]}],"_links":{"self":[{"href":"http:\/\/www.moda.es\/blog\/wp-json\/wp\/v2\/posts\/22308"}],"collection":[{"href":"http:\/\/www.moda.es\/blog\/wp-json\/wp\/v2\/posts"}],"about":[{"href":"http:\/\/www.moda.es\/blog\/wp-json\/wp\/v2\/types\/post"}],"author":[{"embeddable":true,"href":"http:\/\/www.moda.es\/blog\/wp-json\/wp\/v2\/users\/3"}],"replies":[{"embeddable":true,"href":"http:\/\/www.moda.es\/blog\/wp-json\/wp\/v2\/comments?post=22308"}],"version-history":[{"count":7,"href":"http:\/\/www.moda.es\/blog\/wp-json\/wp\/v2\/posts\/22308\/revisions"}],"predecessor-version":[{"id":35719,"href":"http:\/\/www.moda.es\/blog\/wp-json\/wp\/v2\/posts\/22308\/revisions\/35719"}],"wp:featuredmedia":[{"embeddable":true,"href":"http:\/\/www.moda.es\/blog\/wp-json\/wp\/v2\/media\/22309"}],"wp:attachment":[{"href":"http:\/\/www.moda.es\/blog\/wp-json\/wp\/v2\/media?parent=22308"}],"wp:term":[{"taxonomy":"category","embeddable":true,"href":"http:\/\/www.moda.es\/blog\/wp-json\/wp\/v2\/categories?post=22308"},{"taxonomy":"post_tag","embeddable":true,"href":"http:\/\/www.moda.es\/blog\/wp-json\/wp\/v2\/tags?post=22308"}],"curies":[{"name":"wp","href":"https:\/\/api.w.org\/{rel}","templated":true}]}}