{"id":22261,"date":"2017-06-27T23:06:08","date_gmt":"2017-06-27T22:06:08","guid":{"rendered":"http:\/\/www.moda.es\/blog\/?p=22261"},"modified":"2020-04-27T15:53:36","modified_gmt":"2020-04-27T14:53:36","slug":"descubre-la-ultima-coleccion-de-rihanna-para-manolo-blahnik","status":"publish","type":"post","link":"http:\/\/www.moda.es\/blog\/descubre-la-ultima-coleccion-de-rihanna-para-manolo-blahnik\/","title":{"rendered":"Descubre la \u00faltima colecci\u00f3n de Rihanna para Manolo Blahnik"},"content":{"rendered":"<p>Uniendo sus fuerzas para una <strong>tercera<\/strong> <strong>y \u00faltima colecci\u00f3n, Rihanna y Manolo Blahnik<\/strong> revelan<strong> So Stoned<\/strong>, una colecci\u00f3n de sandalias joya llenas de piedras y detalles.<\/p>\n<p><a href=\"http:\/\/www.moda.es\/blog\/descubre-la-ultima-coleccion-de-rihanna-para-manolo-blahnik\/captura-de-pantalla-2017-06-27-a-las-23-02-18\/\" rel=\"attachment wp-att-22263\"><img data-attachment-id=\"22263\" data-permalink=\"http:\/\/www.moda.es\/blog\/descubre-la-ultima-coleccion-de-rihanna-para-manolo-blahnik\/captura-de-pantalla-2017-06-27-a-las-23-02-18\/\" data-orig-file=\"https:\/\/i0.wp.com\/www.moda.es\/blog\/wp-content\/uploads\/2017\/06\/Captura-de-pantalla-2017-06-27-a-las-23.02.18.png?fit=363%2C546\" data-orig-size=\"363,546\" data-comments-opened=\"1\" data-image-meta=\"{&quot;aperture&quot;:&quot;0&quot;,&quot;credit&quot;:&quot;&quot;,&quot;camera&quot;:&quot;&quot;,&quot;caption&quot;:&quot;&quot;,&quot;created_timestamp&quot;:&quot;0&quot;,&quot;copyright&quot;:&quot;&quot;,&quot;focal_length&quot;:&quot;0&quot;,&quot;iso&quot;:&quot;0&quot;,&quot;shutter_speed&quot;:&quot;0&quot;,&quot;title&quot;:&quot;&quot;,&quot;orientation&quot;:&quot;0&quot;}\" data-image-title=\"Captura de pantalla 2017-06-27 a las 23.02.18\" data-image-description=\"\" data-image-caption=\"\" data-medium-file=\"https:\/\/i0.wp.com\/www.moda.es\/blog\/wp-content\/uploads\/2017\/06\/Captura-de-pantalla-2017-06-27-a-las-23.02.18.png?fit=199%2C300\" data-large-file=\"https:\/\/i0.wp.com\/www.moda.es\/blog\/wp-content\/uploads\/2017\/06\/Captura-de-pantalla-2017-06-27-a-las-23.02.18.png?fit=363%2C546\" loading=\"lazy\" class=\"aligncenter size-medium wp-image-22263\" src=\"https:\/\/i0.wp.com\/www.moda.es\/blog\/wp-content\/uploads\/2017\/06\/Captura-de-pantalla-2017-06-27-a-las-23.02.18.png?resize=199%2C300\" alt=\"\" width=\"199\" height=\"300\" srcset=\"https:\/\/i0.wp.com\/www.moda.es\/blog\/wp-content\/uploads\/2017\/06\/Captura-de-pantalla-2017-06-27-a-las-23.02.18.png?resize=199%2C300 199w, https:\/\/i0.wp.com\/www.moda.es\/blog\/wp-content\/uploads\/2017\/06\/Captura-de-pantalla-2017-06-27-a-las-23.02.18.png?w=363 363w\" sizes=\"(max-width: 199px) 100vw, 199px\" data-recalc-dims=\"1\" \/><\/a><\/p>\n<p>Con el lanzamiento previsto para julio, esta colecci\u00f3n de verano sigue las colecciones anteriores <strong>Denim Desserts<\/strong> y <strong>Savage,<\/strong> y no es menos glamurosa.<\/p>\n<p><a href=\"http:\/\/www.moda.es\/blog\/descubre-la-ultima-coleccion-de-rihanna-para-manolo-blahnik\/captura-de-pantalla-2017-06-27-a-las-23-02-36\/\" rel=\"attachment wp-att-22264\"><img data-attachment-id=\"22264\" data-permalink=\"http:\/\/www.moda.es\/blog\/descubre-la-ultima-coleccion-de-rihanna-para-manolo-blahnik\/captura-de-pantalla-2017-06-27-a-las-23-02-36\/\" data-orig-file=\"https:\/\/i0.wp.com\/www.moda.es\/blog\/wp-content\/uploads\/2017\/06\/Captura-de-pantalla-2017-06-27-a-las-23.02.36.png?fit=366%2C548\" data-orig-size=\"366,548\" data-comments-opened=\"1\" data-image-meta=\"{&quot;aperture&quot;:&quot;0&quot;,&quot;credit&quot;:&quot;&quot;,&quot;camera&quot;:&quot;&quot;,&quot;caption&quot;:&quot;&quot;,&quot;created_timestamp&quot;:&quot;0&quot;,&quot;copyright&quot;:&quot;&quot;,&quot;focal_length&quot;:&quot;0&quot;,&quot;iso&quot;:&quot;0&quot;,&quot;shutter_speed&quot;:&quot;0&quot;,&quot;title&quot;:&quot;&quot;,&quot;orientation&quot;:&quot;0&quot;}\" data-image-title=\"Captura de pantalla 2017-06-27 a las 23.02.36\" data-image-description=\"\" data-image-caption=\"\" data-medium-file=\"https:\/\/i0.wp.com\/www.moda.es\/blog\/wp-content\/uploads\/2017\/06\/Captura-de-pantalla-2017-06-27-a-las-23.02.36.png?fit=200%2C300\" data-large-file=\"https:\/\/i0.wp.com\/www.moda.es\/blog\/wp-content\/uploads\/2017\/06\/Captura-de-pantalla-2017-06-27-a-las-23.02.36.png?fit=366%2C548\" loading=\"lazy\" class=\"aligncenter size-medium wp-image-22264\" src=\"https:\/\/i0.wp.com\/www.moda.es\/blog\/wp-content\/uploads\/2017\/06\/Captura-de-pantalla-2017-06-27-a-las-23.02.36.png?resize=200%2C300\" alt=\"\" width=\"200\" height=\"300\" srcset=\"https:\/\/i0.wp.com\/www.moda.es\/blog\/wp-content\/uploads\/2017\/06\/Captura-de-pantalla-2017-06-27-a-las-23.02.36.png?resize=200%2C300 200w, https:\/\/i0.wp.com\/www.moda.es\/blog\/wp-content\/uploads\/2017\/06\/Captura-de-pantalla-2017-06-27-a-las-23.02.36.png?w=366 366w\" sizes=\"(max-width: 200px) 100vw, 200px\" data-recalc-dims=\"1\" \/><\/a><\/p>\n<p>La l\u00ednea So Stoned se compone de\u00df diferentes. Una mule de tac\u00f3n medio, una mule de tac\u00f3n alto, un tac\u00f3n alto y una sandalia gladiadora de tac\u00f3n. Cada una est\u00e1 confeccionada en <strong>PVC<\/strong> para que las correas se vean casi invisibles y los cristales Swarovski tomen el centro del escenario. Un tac\u00f3n de <strong>Perspex<\/strong> remata cada pieza.<\/p>\n<div data-carousel-extra='{\"blog_id\":1,\"permalink\":\"http:\\\/\\\/www.moda.es\\\/blog\\\/descubre-la-ultima-coleccion-de-rihanna-para-manolo-blahnik\\\/\"}' id='gallery-1' class='gallery galleryid-22261 gallery-columns-2 gallery-size-thumbnail'><figure class='gallery-item'>\n\t\t\t<div class='gallery-icon landscape'>\n\t\t\t\t<a href='http:\/\/www.moda.es\/blog\/descubre-la-ultima-coleccion-de-rihanna-para-manolo-blahnik\/captura-de-pantalla-2017-06-27-a-las-23-26-15\/'><img width=\"150\" height=\"150\" src=\"https:\/\/i0.wp.com\/www.moda.es\/blog\/wp-content\/uploads\/2017\/06\/Captura-de-pantalla-2017-06-27-a-las-23.26.15.png?resize=150%2C150\" class=\"attachment-thumbnail size-thumbnail\" alt=\"\" loading=\"lazy\" srcset=\"https:\/\/i0.wp.com\/www.moda.es\/blog\/wp-content\/uploads\/2017\/06\/Captura-de-pantalla-2017-06-27-a-las-23.26.15.png?resize=150%2C150 150w, https:\/\/i0.wp.com\/www.moda.es\/blog\/wp-content\/uploads\/2017\/06\/Captura-de-pantalla-2017-06-27-a-las-23.26.15.png?zoom=2&amp;resize=150%2C150 300w\" sizes=\"(max-width: 150px) 100vw, 150px\" data-attachment-id=\"22265\" data-permalink=\"http:\/\/www.moda.es\/blog\/descubre-la-ultima-coleccion-de-rihanna-para-manolo-blahnik\/captura-de-pantalla-2017-06-27-a-las-23-26-15\/\" data-orig-file=\"https:\/\/i0.wp.com\/www.moda.es\/blog\/wp-content\/uploads\/2017\/06\/Captura-de-pantalla-2017-06-27-a-las-23.26.15.png?fit=398%2C289\" data-orig-size=\"398,289\" data-comments-opened=\"1\" data-image-meta=\"{&quot;aperture&quot;:&quot;0&quot;,&quot;credit&quot;:&quot;&quot;,&quot;camera&quot;:&quot;&quot;,&quot;caption&quot;:&quot;&quot;,&quot;created_timestamp&quot;:&quot;0&quot;,&quot;copyright&quot;:&quot;&quot;,&quot;focal_length&quot;:&quot;0&quot;,&quot;iso&quot;:&quot;0&quot;,&quot;shutter_speed&quot;:&quot;0&quot;,&quot;title&quot;:&quot;&quot;,&quot;orientation&quot;:&quot;0&quot;}\" data-image-title=\"Captura de pantalla 2017-06-27 a las 23.26.15\" data-image-description=\"\" data-image-caption=\"\" data-medium-file=\"https:\/\/i0.wp.com\/www.moda.es\/blog\/wp-content\/uploads\/2017\/06\/Captura-de-pantalla-2017-06-27-a-las-23.26.15.png?fit=300%2C218\" data-large-file=\"https:\/\/i0.wp.com\/www.moda.es\/blog\/wp-content\/uploads\/2017\/06\/Captura-de-pantalla-2017-06-27-a-las-23.26.15.png?fit=398%2C289\" \/><\/a>\n\t\t\t<\/div><\/figure><figure class='gallery-item'>\n\t\t\t<div class='gallery-icon landscape'>\n\t\t\t\t<a href='http:\/\/www.moda.es\/blog\/descubre-la-ultima-coleccion-de-rihanna-para-manolo-blahnik\/captura-de-pantalla-2017-06-27-a-las-23-26-31\/'><img width=\"150\" height=\"150\" src=\"https:\/\/i0.wp.com\/www.moda.es\/blog\/wp-content\/uploads\/2017\/06\/Captura-de-pantalla-2017-06-27-a-las-23.26.31.png?resize=150%2C150\" class=\"attachment-thumbnail size-thumbnail\" alt=\"\" loading=\"lazy\" srcset=\"https:\/\/i0.wp.com\/www.moda.es\/blog\/wp-content\/uploads\/2017\/06\/Captura-de-pantalla-2017-06-27-a-las-23.26.31.png?resize=150%2C150 150w, https:\/\/i0.wp.com\/www.moda.es\/blog\/wp-content\/uploads\/2017\/06\/Captura-de-pantalla-2017-06-27-a-las-23.26.31.png?zoom=2&amp;resize=150%2C150 300w\" sizes=\"(max-width: 150px) 100vw, 150px\" data-attachment-id=\"22266\" data-permalink=\"http:\/\/www.moda.es\/blog\/descubre-la-ultima-coleccion-de-rihanna-para-manolo-blahnik\/captura-de-pantalla-2017-06-27-a-las-23-26-31\/\" data-orig-file=\"https:\/\/i0.wp.com\/www.moda.es\/blog\/wp-content\/uploads\/2017\/06\/Captura-de-pantalla-2017-06-27-a-las-23.26.31.png?fit=426%2C334\" data-orig-size=\"426,334\" data-comments-opened=\"1\" data-image-meta=\"{&quot;aperture&quot;:&quot;0&quot;,&quot;credit&quot;:&quot;&quot;,&quot;camera&quot;:&quot;&quot;,&quot;caption&quot;:&quot;&quot;,&quot;created_timestamp&quot;:&quot;0&quot;,&quot;copyright&quot;:&quot;&quot;,&quot;focal_length&quot;:&quot;0&quot;,&quot;iso&quot;:&quot;0&quot;,&quot;shutter_speed&quot;:&quot;0&quot;,&quot;title&quot;:&quot;&quot;,&quot;orientation&quot;:&quot;0&quot;}\" data-image-title=\"Captura de pantalla 2017-06-27 a las 23.26.31\" data-image-description=\"\" data-image-caption=\"\" data-medium-file=\"https:\/\/i0.wp.com\/www.moda.es\/blog\/wp-content\/uploads\/2017\/06\/Captura-de-pantalla-2017-06-27-a-las-23.26.31.png?fit=300%2C235\" data-large-file=\"https:\/\/i0.wp.com\/www.moda.es\/blog\/wp-content\/uploads\/2017\/06\/Captura-de-pantalla-2017-06-27-a-las-23.26.31.png?fit=426%2C334\" \/><\/a>\n\t\t\t<\/div><\/figure><figure class='gallery-item'>\n\t\t\t<div class='gallery-icon portrait'>\n\t\t\t\t<a href='http:\/\/www.moda.es\/blog\/descubre-la-ultima-coleccion-de-rihanna-para-manolo-blahnik\/captura-de-pantalla-2017-06-27-a-las-23-26-38\/'><img width=\"150\" height=\"150\" src=\"https:\/\/i0.wp.com\/www.moda.es\/blog\/wp-content\/uploads\/2017\/06\/Captura-de-pantalla-2017-06-27-a-las-23.26.38.png?resize=150%2C150\" class=\"attachment-thumbnail size-thumbnail\" alt=\"\" loading=\"lazy\" srcset=\"https:\/\/i0.wp.com\/www.moda.es\/blog\/wp-content\/uploads\/2017\/06\/Captura-de-pantalla-2017-06-27-a-las-23.26.38.png?resize=150%2C150 150w, https:\/\/i0.wp.com\/www.moda.es\/blog\/wp-content\/uploads\/2017\/06\/Captura-de-pantalla-2017-06-27-a-las-23.26.38.png?zoom=2&amp;resize=150%2C150 300w\" sizes=\"(max-width: 150px) 100vw, 150px\" data-attachment-id=\"22267\" data-permalink=\"http:\/\/www.moda.es\/blog\/descubre-la-ultima-coleccion-de-rihanna-para-manolo-blahnik\/captura-de-pantalla-2017-06-27-a-las-23-26-38\/\" data-orig-file=\"https:\/\/i0.wp.com\/www.moda.es\/blog\/wp-content\/uploads\/2017\/06\/Captura-de-pantalla-2017-06-27-a-las-23.26.38.png?fit=331%2C399\" data-orig-size=\"331,399\" data-comments-opened=\"1\" data-image-meta=\"{&quot;aperture&quot;:&quot;0&quot;,&quot;credit&quot;:&quot;&quot;,&quot;camera&quot;:&quot;&quot;,&quot;caption&quot;:&quot;&quot;,&quot;created_timestamp&quot;:&quot;0&quot;,&quot;copyright&quot;:&quot;&quot;,&quot;focal_length&quot;:&quot;0&quot;,&quot;iso&quot;:&quot;0&quot;,&quot;shutter_speed&quot;:&quot;0&quot;,&quot;title&quot;:&quot;&quot;,&quot;orientation&quot;:&quot;0&quot;}\" data-image-title=\"Captura de pantalla 2017-06-27 a las 23.26.38\" data-image-description=\"\" data-image-caption=\"\" data-medium-file=\"https:\/\/i0.wp.com\/www.moda.es\/blog\/wp-content\/uploads\/2017\/06\/Captura-de-pantalla-2017-06-27-a-las-23.26.38.png?fit=249%2C300\" data-large-file=\"https:\/\/i0.wp.com\/www.moda.es\/blog\/wp-content\/uploads\/2017\/06\/Captura-de-pantalla-2017-06-27-a-las-23.26.38.png?fit=331%2C399\" \/><\/a>\n\t\t\t<\/div><\/figure><figure class='gallery-item'>\n\t\t\t<div class='gallery-icon landscape'>\n\t\t\t\t<a href='http:\/\/www.moda.es\/blog\/descubre-la-ultima-coleccion-de-rihanna-para-manolo-blahnik\/captura-de-pantalla-2017-06-27-a-las-23-26-47\/'><img width=\"150\" height=\"150\" src=\"https:\/\/i0.wp.com\/www.moda.es\/blog\/wp-content\/uploads\/2017\/06\/Captura-de-pantalla-2017-06-27-a-las-23.26.47.png?resize=150%2C150\" class=\"attachment-thumbnail size-thumbnail\" alt=\"\" loading=\"lazy\" srcset=\"https:\/\/i0.wp.com\/www.moda.es\/blog\/wp-content\/uploads\/2017\/06\/Captura-de-pantalla-2017-06-27-a-las-23.26.47.png?resize=150%2C150 150w, https:\/\/i0.wp.com\/www.moda.es\/blog\/wp-content\/uploads\/2017\/06\/Captura-de-pantalla-2017-06-27-a-las-23.26.47.png?zoom=2&amp;resize=150%2C150 300w, https:\/\/i0.wp.com\/www.moda.es\/blog\/wp-content\/uploads\/2017\/06\/Captura-de-pantalla-2017-06-27-a-las-23.26.47.png?zoom=3&amp;resize=150%2C150 450w\" sizes=\"(max-width: 150px) 100vw, 150px\" data-attachment-id=\"22268\" data-permalink=\"http:\/\/www.moda.es\/blog\/descubre-la-ultima-coleccion-de-rihanna-para-manolo-blahnik\/captura-de-pantalla-2017-06-27-a-las-23-26-47\/\" data-orig-file=\"https:\/\/i0.wp.com\/www.moda.es\/blog\/wp-content\/uploads\/2017\/06\/Captura-de-pantalla-2017-06-27-a-las-23.26.47.png?fit=450%2C262\" data-orig-size=\"450,262\" data-comments-opened=\"1\" data-image-meta=\"{&quot;aperture&quot;:&quot;0&quot;,&quot;credit&quot;:&quot;&quot;,&quot;camera&quot;:&quot;&quot;,&quot;caption&quot;:&quot;&quot;,&quot;created_timestamp&quot;:&quot;0&quot;,&quot;copyright&quot;:&quot;&quot;,&quot;focal_length&quot;:&quot;0&quot;,&quot;iso&quot;:&quot;0&quot;,&quot;shutter_speed&quot;:&quot;0&quot;,&quot;title&quot;:&quot;&quot;,&quot;orientation&quot;:&quot;0&quot;}\" data-image-title=\"Captura de pantalla 2017-06-27 a las 23.26.47\" data-image-description=\"\" data-image-caption=\"\" data-medium-file=\"https:\/\/i0.wp.com\/www.moda.es\/blog\/wp-content\/uploads\/2017\/06\/Captura-de-pantalla-2017-06-27-a-las-23.26.47.png?fit=300%2C175\" data-large-file=\"https:\/\/i0.wp.com\/www.moda.es\/blog\/wp-content\/uploads\/2017\/06\/Captura-de-pantalla-2017-06-27-a-las-23.26.47.png?fit=450%2C262\" \/><\/a>\n\t\t\t<\/div><\/figure>\n\t\t<\/div>\n\n<p>Los cuatro modelos de la colecci\u00f3n son de<strong> edici\u00f3n limitada<\/strong> y s\u00f3lo estar\u00e1n disponibles en determinadas tiendas de Manolo Blahnik y en s boutique en l\u00ednea. Comienza a visitar Manoloblahnik.com en julio.<\/p>\n<p><a href=\"http:\/\/www.moda.es\/blog\/descubre-la-ultima-coleccion-de-rihanna-para-manolo-blahnik\/captura-de-pantalla-2017-06-27-a-las-23-02-28\/\" rel=\"attachment wp-att-22262\"><img data-attachment-id=\"22262\" data-permalink=\"http:\/\/www.moda.es\/blog\/descubre-la-ultima-coleccion-de-rihanna-para-manolo-blahnik\/captura-de-pantalla-2017-06-27-a-las-23-02-28\/\" data-orig-file=\"https:\/\/i0.wp.com\/www.moda.es\/blog\/wp-content\/uploads\/2017\/06\/Captura-de-pantalla-2017-06-27-a-las-23.02.28.png?fit=516%2C343\" data-orig-size=\"516,343\" data-comments-opened=\"1\" data-image-meta=\"{&quot;aperture&quot;:&quot;0&quot;,&quot;credit&quot;:&quot;&quot;,&quot;camera&quot;:&quot;&quot;,&quot;caption&quot;:&quot;&quot;,&quot;created_timestamp&quot;:&quot;0&quot;,&quot;copyright&quot;:&quot;&quot;,&quot;focal_length&quot;:&quot;0&quot;,&quot;iso&quot;:&quot;0&quot;,&quot;shutter_speed&quot;:&quot;0&quot;,&quot;title&quot;:&quot;&quot;,&quot;orientation&quot;:&quot;0&quot;}\" data-image-title=\"Captura de pantalla 2017-06-27 a las 23.02.28\" data-image-description=\"\" data-image-caption=\"\" data-medium-file=\"https:\/\/i0.wp.com\/www.moda.es\/blog\/wp-content\/uploads\/2017\/06\/Captura-de-pantalla-2017-06-27-a-las-23.02.28.png?fit=300%2C199\" data-large-file=\"https:\/\/i0.wp.com\/www.moda.es\/blog\/wp-content\/uploads\/2017\/06\/Captura-de-pantalla-2017-06-27-a-las-23.02.28.png?fit=516%2C343\" loading=\"lazy\" class=\"aligncenter size-medium wp-image-22262\" src=\"https:\/\/i0.wp.com\/www.moda.es\/blog\/wp-content\/uploads\/2017\/06\/Captura-de-pantalla-2017-06-27-a-las-23.02.28.png?resize=300%2C199\" alt=\"\" width=\"300\" height=\"199\" srcset=\"https:\/\/i0.wp.com\/www.moda.es\/blog\/wp-content\/uploads\/2017\/06\/Captura-de-pantalla-2017-06-27-a-las-23.02.28.png?resize=300%2C199 300w, https:\/\/i0.wp.com\/www.moda.es\/blog\/wp-content\/uploads\/2017\/06\/Captura-de-pantalla-2017-06-27-a-las-23.02.28.png?resize=420%2C279 420w, https:\/\/i0.wp.com\/www.moda.es\/blog\/wp-content\/uploads\/2017\/06\/Captura-de-pantalla-2017-06-27-a-las-23.02.28.png?w=516 516w\" sizes=\"(max-width: 300px) 100vw, 300px\" data-recalc-dims=\"1\" \/><\/a><\/p>\n<p>\u00a9Vogue UK                             <\/p>\n","protected":false},"excerpt":{"rendered":"<p>Uniendo sus fuerzas para una tercera y \u00faltima colecci\u00f3n, Rihanna y Manolo Blahnik revelan So Stoned, una colecci\u00f3n de sandalias joya llenas de piedras y detalles. Con el lanzamiento previsto para julio, esta colecci\u00f3n de verano sigue las colecciones anteriores Denim Desserts y Savage, y no es menos glamurosa. La [&hellip;]<\/p>\n","protected":false},"author":3,"featured_media":22262,"comment_status":"open","ping_status":"open","sticky":false,"template":"","format":"standard","meta":{"jetpack_publicize_message":"","jetpack_is_tweetstorm":false,"jetpack_publicize_feature_enabled":true},"categories":[2,11,14,17],"tags":[571,767],"jetpack_publicize_connections":[],"jetpack_featured_media_url":"https:\/\/i0.wp.com\/www.moda.es\/blog\/wp-content\/uploads\/2017\/06\/Captura-de-pantalla-2017-06-27-a-las-23.02.28.png?fit=516%2C343","jetpack_sharing_enabled":true,"jetpack_shortlink":"https:\/\/wp.me\/p4tJCC-5N3","jetpack-related-posts":[{"id":20375,"url":"http:\/\/www.moda.es\/blog\/el-triunfo-de-las-parejas-inesperadas-rihanna-y-manolo-blahnik\/","url_meta":{"origin":22261,"position":0},"title":"El triunfo de las parejas inesperadas: Rihanna y Manolo Blahnik","date":"marzo 6, 2016","format":false,"excerpt":"Porque ya se sabe que la ecuaci\u00f3n estrella del pop + dise\u00f1ador respetado siempre resulta en granito de ventas, \u00a0los \u00faltimos en sumarse a esta cuenta han sido Manolo Blahnik y Rihanna. \"Se trata de una colaboraci\u00f3n muy emocionante y estoy absolutamente encantado con el\u00a0resultado, trabajar con Rihanna ha sido\u2026","rel":"","context":"En \u00abAccesorios\u00bb","img":{"alt_text":"","src":"https:\/\/i0.wp.com\/www.moda.es\/blog\/wp-content\/uploads\/2016\/03\/Captura-de-pantalla-2016-03-06-a-las-3.04.17.png?fit=607%2C397&resize=350%2C200","width":350,"height":200},"classes":[]},{"id":21348,"url":"http:\/\/www.moda.es\/blog\/vuelven-rihanna-y-manolo-blahnik\/","url_meta":{"origin":22261,"position":1},"title":"Vuelven Rihanna y Manolo Blahnik","date":"noviembre 15, 2016","format":false,"excerpt":"Rihanna contin\u00faa su asociaci\u00f3n con Manolo Blahnik con su segunda colecci\u00f3n c\u00e1psula\u00a0a la que ha llamado\u00a0Savage. Despu\u00e9s del \u00e9xito de su primera colecci\u00f3n declinada en denim\u00a0la marca de calzado \u00a0lanzar\u00e1 tres nuevos\u00a0modelos\u00a0para tu armario de invierno. Cuando la estrella del pop se uni\u00f3 por primera vez con el legendario dise\u00f1ador,\u2026","rel":"","context":"En \u00abAccesorios\u00bb","img":{"alt_text":"","src":"https:\/\/i0.wp.com\/www.moda.es\/blog\/wp-content\/uploads\/2016\/11\/Captura-de-pantalla-2016-11-15-a-las-22.49.43.png?fit=541%2C529&resize=350%2C200","width":350,"height":200},"classes":[]},{"id":20700,"url":"http:\/\/www.moda.es\/blog\/descubre-la-coleccion-de-rihanna-para-dior\/","url_meta":{"origin":22261,"position":2},"title":"Descubre la colecci\u00f3n de Rihanna para Dior","date":"mayo 27, 2016","format":false,"excerpt":"Rihanna ha colaborado con Christian\u00a0Dior en una nueva colecci\u00f3n de gafas de sol, que ha llamado simplemente, Rihanna. La cantante, que ya es embajadora de la marca, ha mostrado una imagen de ella misma con\u00a0un par de la colecci\u00f3n de inspiraci\u00f3n futurista\u00a0en su cuenta de Instagram esta semana. \"El proceso\u2026","rel":"","context":"En \u00abAccesorios\u00bb","img":{"alt_text":"","src":"https:\/\/i0.wp.com\/www.moda.es\/blog\/wp-content\/uploads\/2016\/05\/Captura-de-pantalla-2016-05-26-a-las-23.27.41.png?fit=534%2C330&resize=350%2C200","width":350,"height":200},"classes":[]},{"id":20530,"url":"http:\/\/www.moda.es\/blog\/rihanna-se-atreve-con-el-mundo-de-la-cosmetica\/","url_meta":{"origin":22261,"position":3},"title":"Rihanna se atreve con el mundo de la cosm\u00e9tica","date":"abril 16, 2016","format":false,"excerpt":"Fenty Beauty, es el nombre de la \u00a0marca de maquillaje creada por Rihanna,\u00a0la primera de su nuevo proyecto cosm\u00e9tico. La cantante ha firmado un acuerdo con la divisi\u00f3n de Kendo de LVMH (que tambi\u00e9n produce Marc Jacobs Beauty) para crear una colecci\u00f3n completa de cosm\u00e9ticos que se pondr\u00e1\u00a0en marcha en\u2026","rel":"","context":"En \u00abActualidad\u00bb","img":{"alt_text":"","src":"https:\/\/i0.wp.com\/www.moda.es\/blog\/wp-content\/uploads\/2016\/04\/Captura-de-pantalla-2016-04-16-a-las-13.36.59.png?fit=294%2C434&resize=350%2C200","width":350,"height":200},"classes":[]},{"id":19657,"url":"http:\/\/www.moda.es\/blog\/manolo-blahnik-presenta-su-primera-coleccion-de-clutches\/","url_meta":{"origin":22261,"position":4},"title":"Manolo Blahnik presenta su primera colecci\u00f3n de clutches","date":"agosto 1, 2015","format":false,"excerpt":"Despu\u00e9s de haber hecho de sus zapatos algunos de los objetos m\u00e1s deseados del planeta, Manolo Blahnik ha vuelto a ejercer su magia en una nueva categor\u00eda para \u00e9l, lanz\u00e1ndose a presentar su primera colecci\u00f3n de bolsos. Y como la colecci\u00f3n llegar\u00e1 a las tiendas durante estos d\u00edas, la nueva\u2026","rel":"","context":"En \u00abAccesorios\u00bb","img":{"alt_text":"","src":"https:\/\/i0.wp.com\/www.moda.es\/blog\/wp-content\/uploads\/2015\/08\/Captura-de-pantalla-2015-08-01-a-las-16.34.34.png?fit=472%2C456&resize=350%2C200","width":350,"height":200},"classes":[]},{"id":15743,"url":"http:\/\/www.moda.es\/blog\/descubre-la-coleccion-de-zapatos-de-sarah-jessica-parker\/","url_meta":{"origin":22261,"position":5},"title":"Descubre la colecci\u00f3n de zapatos de Sarah Jessica Parker","date":"enero 29, 2014","format":false,"excerpt":"Los m\u00e9dicos le hab\u00edan recomendado que dejara de lleva tacones pero eso no ha impedido que protagonicen su primera colecci\u00f3n de calzado. Sarah Jessica Parker\u00a0ha desvelado finalmente su colecci\u00f3n de calzado debut a todas sus fans. Una amplia gama de zapatos para la pr\u00f3xima primavera presidida por el estilo femenino\u2026","rel":"","context":"En \u00abAccesorios\u00bb","img":{"alt_text":"","src":"https:\/\/i0.wp.com\/www.moda.es\/blog\/wp-content\/uploads\/2014\/01\/SJP-321.jpg?fit=500%2C750&resize=350%2C200","width":350,"height":200},"classes":[]}],"_links":{"self":[{"href":"http:\/\/www.moda.es\/blog\/wp-json\/wp\/v2\/posts\/22261"}],"collection":[{"href":"http:\/\/www.moda.es\/blog\/wp-json\/wp\/v2\/posts"}],"about":[{"href":"http:\/\/www.moda.es\/blog\/wp-json\/wp\/v2\/types\/post"}],"author":[{"embeddable":true,"href":"http:\/\/www.moda.es\/blog\/wp-json\/wp\/v2\/users\/3"}],"replies":[{"embeddable":true,"href":"http:\/\/www.moda.es\/blog\/wp-json\/wp\/v2\/comments?post=22261"}],"version-history":[{"count":8,"href":"http:\/\/www.moda.es\/blog\/wp-json\/wp\/v2\/posts\/22261\/revisions"}],"predecessor-version":[{"id":35726,"href":"http:\/\/www.moda.es\/blog\/wp-json\/wp\/v2\/posts\/22261\/revisions\/35726"}],"wp:featuredmedia":[{"embeddable":true,"href":"http:\/\/www.moda.es\/blog\/wp-json\/wp\/v2\/media\/22262"}],"wp:attachment":[{"href":"http:\/\/www.moda.es\/blog\/wp-json\/wp\/v2\/media?parent=22261"}],"wp:term":[{"taxonomy":"category","embeddable":true,"href":"http:\/\/www.moda.es\/blog\/wp-json\/wp\/v2\/categories?post=22261"},{"taxonomy":"post_tag","embeddable":true,"href":"http:\/\/www.moda.es\/blog\/wp-json\/wp\/v2\/tags?post=22261"}],"curies":[{"name":"wp","href":"https:\/\/api.w.org\/{rel}","templated":true}]}}