{"id":22246,"date":"2017-06-24T15:46:01","date_gmt":"2017-06-24T14:46:01","guid":{"rendered":"http:\/\/www.moda.es\/blog\/?p=22246"},"modified":"2020-04-27T15:53:45","modified_gmt":"2020-04-27T14:53:45","slug":"reformation-reune-106-piezas-vintage-para-su-proxima-coleccion","status":"publish","type":"post","link":"http:\/\/www.moda.es\/blog\/reformation-reune-106-piezas-vintage-para-su-proxima-coleccion\/","title":{"rendered":"Reformation re\u00fane 106 piezas vintage para su pr\u00f3xima colecci\u00f3n"},"content":{"rendered":"<p>Hay un cierto <em>je ne sais quoi vintage<\/em> en <strong>Rrformation, <\/strong>la marca\u00a0de la ropa con sede en Los \u00c1ngeles que se ha inclinado hacia un negocio de prendas sostenibles. Sus piezas, que abarcan desde bodys hasta vestidos de fiesta, se ven abrumadoramente contempor\u00e1neas, pero la simplicidad de la marca parece denotar otra \u00e9poca.<\/p>\n<p><a href=\"http:\/\/www.moda.es\/blog\/reformation-reune-106-piezas-vintage-para-su-proxima-coleccion\/captura-de-pantalla-2017-06-22-a-las-22-36-47\/\" rel=\"attachment wp-att-22249\"><img data-attachment-id=\"22249\" data-permalink=\"http:\/\/www.moda.es\/blog\/reformation-reune-106-piezas-vintage-para-su-proxima-coleccion\/captura-de-pantalla-2017-06-22-a-las-22-36-47\/\" data-orig-file=\"https:\/\/i0.wp.com\/www.moda.es\/blog\/wp-content\/uploads\/2017\/06\/Captura-de-pantalla-2017-06-22-a-las-22.36.47.png?fit=819%2C557\" data-orig-size=\"819,557\" data-comments-opened=\"1\" data-image-meta=\"{&quot;aperture&quot;:&quot;0&quot;,&quot;credit&quot;:&quot;&quot;,&quot;camera&quot;:&quot;&quot;,&quot;caption&quot;:&quot;&quot;,&quot;created_timestamp&quot;:&quot;0&quot;,&quot;copyright&quot;:&quot;&quot;,&quot;focal_length&quot;:&quot;0&quot;,&quot;iso&quot;:&quot;0&quot;,&quot;shutter_speed&quot;:&quot;0&quot;,&quot;title&quot;:&quot;&quot;,&quot;orientation&quot;:&quot;0&quot;}\" data-image-title=\"Captura de pantalla 2017-06-22 a las 22.36.47\" data-image-description=\"\" data-image-caption=\"\" data-medium-file=\"https:\/\/i0.wp.com\/www.moda.es\/blog\/wp-content\/uploads\/2017\/06\/Captura-de-pantalla-2017-06-22-a-las-22.36.47.png?fit=300%2C204\" data-large-file=\"https:\/\/i0.wp.com\/www.moda.es\/blog\/wp-content\/uploads\/2017\/06\/Captura-de-pantalla-2017-06-22-a-las-22.36.47.png?fit=640%2C435\" loading=\"lazy\" class=\"aligncenter size-medium wp-image-22249\" src=\"https:\/\/i0.wp.com\/www.moda.es\/blog\/wp-content\/uploads\/2017\/06\/Captura-de-pantalla-2017-06-22-a-las-22.36.47.png?resize=300%2C204\" alt=\"\" width=\"300\" height=\"204\" srcset=\"https:\/\/i0.wp.com\/www.moda.es\/blog\/wp-content\/uploads\/2017\/06\/Captura-de-pantalla-2017-06-22-a-las-22.36.47.png?resize=300%2C204 300w, https:\/\/i0.wp.com\/www.moda.es\/blog\/wp-content\/uploads\/2017\/06\/Captura-de-pantalla-2017-06-22-a-las-22.36.47.png?resize=768%2C522 768w, https:\/\/i0.wp.com\/www.moda.es\/blog\/wp-content\/uploads\/2017\/06\/Captura-de-pantalla-2017-06-22-a-las-22.36.47.png?resize=420%2C286 420w, https:\/\/i0.wp.com\/www.moda.es\/blog\/wp-content\/uploads\/2017\/06\/Captura-de-pantalla-2017-06-22-a-las-22.36.47.png?w=819 819w\" sizes=\"(max-width: 300px) 100vw, 300px\" data-recalc-dims=\"1\" \/><\/a><\/p>\n<p>Reformation est\u00e1 muy comprometido con lo <strong>vintage.<\/strong> Sus tiendas de ladrillo en Nueva York, Los \u00c1ngeles y San Francisco ofrecen una selecci\u00f3n amplia de piezas vintage, incluyendo vestidos, camisetas, jeans y m\u00e1s. Pero para el deleite de aquellos de nosotros que tenemos que comprar digitalmente, <strong>la marca est\u00e1 trayendo su est\u00e9tica a su sitio web<\/strong>.<\/p>\n<p><a href=\"http:\/\/www.moda.es\/blog\/reformation-reune-106-piezas-vintage-para-su-proxima-coleccion\/captura-de-pantalla-2017-06-22-a-las-22-36-16\/\" rel=\"attachment wp-att-22250\"><img data-attachment-id=\"22250\" data-permalink=\"http:\/\/www.moda.es\/blog\/reformation-reune-106-piezas-vintage-para-su-proxima-coleccion\/captura-de-pantalla-2017-06-22-a-las-22-36-16\/\" data-orig-file=\"https:\/\/i0.wp.com\/www.moda.es\/blog\/wp-content\/uploads\/2017\/06\/Captura-de-pantalla-2017-06-22-a-las-22.36.16.png?fit=422%2C566\" data-orig-size=\"422,566\" data-comments-opened=\"1\" data-image-meta=\"{&quot;aperture&quot;:&quot;0&quot;,&quot;credit&quot;:&quot;&quot;,&quot;camera&quot;:&quot;&quot;,&quot;caption&quot;:&quot;&quot;,&quot;created_timestamp&quot;:&quot;0&quot;,&quot;copyright&quot;:&quot;&quot;,&quot;focal_length&quot;:&quot;0&quot;,&quot;iso&quot;:&quot;0&quot;,&quot;shutter_speed&quot;:&quot;0&quot;,&quot;title&quot;:&quot;&quot;,&quot;orientation&quot;:&quot;0&quot;}\" data-image-title=\"Captura de pantalla 2017-06-22 a las 22.36.16\" data-image-description=\"\" data-image-caption=\"\" data-medium-file=\"https:\/\/i0.wp.com\/www.moda.es\/blog\/wp-content\/uploads\/2017\/06\/Captura-de-pantalla-2017-06-22-a-las-22.36.16.png?fit=224%2C300\" data-large-file=\"https:\/\/i0.wp.com\/www.moda.es\/blog\/wp-content\/uploads\/2017\/06\/Captura-de-pantalla-2017-06-22-a-las-22.36.16.png?fit=422%2C566\" loading=\"lazy\" class=\"aligncenter size-medium wp-image-22250\" src=\"https:\/\/i0.wp.com\/www.moda.es\/blog\/wp-content\/uploads\/2017\/06\/Captura-de-pantalla-2017-06-22-a-las-22.36.16.png?resize=224%2C300\" alt=\"\" width=\"224\" height=\"300\" srcset=\"https:\/\/i0.wp.com\/www.moda.es\/blog\/wp-content\/uploads\/2017\/06\/Captura-de-pantalla-2017-06-22-a-las-22.36.16.png?resize=224%2C300 224w, https:\/\/i0.wp.com\/www.moda.es\/blog\/wp-content\/uploads\/2017\/06\/Captura-de-pantalla-2017-06-22-a-las-22.36.16.png?resize=420%2C563 420w, https:\/\/i0.wp.com\/www.moda.es\/blog\/wp-content\/uploads\/2017\/06\/Captura-de-pantalla-2017-06-22-a-las-22.36.16.png?w=422 422w\" sizes=\"(max-width: 224px) 100vw, 224px\" data-recalc-dims=\"1\" \/><\/a><\/p>\n<p>El jueves, Reformation lanz\u00f3 una colecci\u00f3n compuesta por 106 piezas elegidas a mano y \u00fanicas, con un precio de 78 a 428 d\u00f3lares, disponible exclusivamente en su sitio web. Los estilos van desde los vestidos a las blusas de lino con volantes, y todo de dise\u00f1adores como <strong>Saint Laurent<\/strong> y <strong>Chanel<\/strong>. Tambi\u00e9n hay una selecci\u00f3n de accesorios, incluyendo un bolso cruzado de <strong>Salvatore Ferragamo<\/strong>.<\/p>\n<p><a href=\"http:\/\/www.moda.es\/blog\/reformation-reune-106-piezas-vintage-para-su-proxima-coleccion\/captura-de-pantalla-2017-06-22-a-las-22-36-06\/\" rel=\"attachment wp-att-22251\"><img data-attachment-id=\"22251\" data-permalink=\"http:\/\/www.moda.es\/blog\/reformation-reune-106-piezas-vintage-para-su-proxima-coleccion\/captura-de-pantalla-2017-06-22-a-las-22-36-06\/\" data-orig-file=\"https:\/\/i0.wp.com\/www.moda.es\/blog\/wp-content\/uploads\/2017\/06\/Captura-de-pantalla-2017-06-22-a-las-22.36.06.png?fit=424%2C563\" data-orig-size=\"424,563\" data-comments-opened=\"1\" data-image-meta=\"{&quot;aperture&quot;:&quot;0&quot;,&quot;credit&quot;:&quot;&quot;,&quot;camera&quot;:&quot;&quot;,&quot;caption&quot;:&quot;&quot;,&quot;created_timestamp&quot;:&quot;0&quot;,&quot;copyright&quot;:&quot;&quot;,&quot;focal_length&quot;:&quot;0&quot;,&quot;iso&quot;:&quot;0&quot;,&quot;shutter_speed&quot;:&quot;0&quot;,&quot;title&quot;:&quot;&quot;,&quot;orientation&quot;:&quot;0&quot;}\" data-image-title=\"Captura de pantalla 2017-06-22 a las 22.36.06\" data-image-description=\"\" data-image-caption=\"\" data-medium-file=\"https:\/\/i0.wp.com\/www.moda.es\/blog\/wp-content\/uploads\/2017\/06\/Captura-de-pantalla-2017-06-22-a-las-22.36.06.png?fit=226%2C300\" data-large-file=\"https:\/\/i0.wp.com\/www.moda.es\/blog\/wp-content\/uploads\/2017\/06\/Captura-de-pantalla-2017-06-22-a-las-22.36.06.png?fit=424%2C563\" loading=\"lazy\" class=\"aligncenter size-medium wp-image-22251\" src=\"https:\/\/i0.wp.com\/www.moda.es\/blog\/wp-content\/uploads\/2017\/06\/Captura-de-pantalla-2017-06-22-a-las-22.36.06.png?resize=226%2C300\" alt=\"\" width=\"226\" height=\"300\" srcset=\"https:\/\/i0.wp.com\/www.moda.es\/blog\/wp-content\/uploads\/2017\/06\/Captura-de-pantalla-2017-06-22-a-las-22.36.06.png?resize=226%2C300 226w, https:\/\/i0.wp.com\/www.moda.es\/blog\/wp-content\/uploads\/2017\/06\/Captura-de-pantalla-2017-06-22-a-las-22.36.06.png?resize=420%2C558 420w, https:\/\/i0.wp.com\/www.moda.es\/blog\/wp-content\/uploads\/2017\/06\/Captura-de-pantalla-2017-06-22-a-las-22.36.06.png?w=424 424w\" sizes=\"(max-width: 226px) 100vw, 226px\" data-recalc-dims=\"1\" \/><\/a><\/p>\n<p>Cada pieza es \u00fanica, as\u00ed que si vas a ir de compras, tienes que hacerlo r\u00e1pido. Entraven <strong>TheReformation.com<\/strong> ahora para ver todas las maravillas disponibles.<\/p>\n<p><a href=\"http:\/\/www.moda.es\/blog\/reformation-reune-106-piezas-vintage-para-su-proxima-coleccion\/captura-de-pantalla-2017-06-22-a-las-22-35-43\/\" rel=\"attachment wp-att-22252\"><img data-attachment-id=\"22252\" data-permalink=\"http:\/\/www.moda.es\/blog\/reformation-reune-106-piezas-vintage-para-su-proxima-coleccion\/captura-de-pantalla-2017-06-22-a-las-22-35-43\/\" data-orig-file=\"https:\/\/i0.wp.com\/www.moda.es\/blog\/wp-content\/uploads\/2017\/06\/Captura-de-pantalla-2017-06-22-a-las-22.35.43.png?fit=419%2C568\" data-orig-size=\"419,568\" data-comments-opened=\"1\" data-image-meta=\"{&quot;aperture&quot;:&quot;0&quot;,&quot;credit&quot;:&quot;&quot;,&quot;camera&quot;:&quot;&quot;,&quot;caption&quot;:&quot;&quot;,&quot;created_timestamp&quot;:&quot;0&quot;,&quot;copyright&quot;:&quot;&quot;,&quot;focal_length&quot;:&quot;0&quot;,&quot;iso&quot;:&quot;0&quot;,&quot;shutter_speed&quot;:&quot;0&quot;,&quot;title&quot;:&quot;&quot;,&quot;orientation&quot;:&quot;0&quot;}\" data-image-title=\"Captura de pantalla 2017-06-22 a las 22.35.43\" data-image-description=\"\" data-image-caption=\"\" data-medium-file=\"https:\/\/i0.wp.com\/www.moda.es\/blog\/wp-content\/uploads\/2017\/06\/Captura-de-pantalla-2017-06-22-a-las-22.35.43.png?fit=221%2C300\" data-large-file=\"https:\/\/i0.wp.com\/www.moda.es\/blog\/wp-content\/uploads\/2017\/06\/Captura-de-pantalla-2017-06-22-a-las-22.35.43.png?fit=419%2C568\" loading=\"lazy\" class=\"aligncenter size-medium wp-image-22252\" src=\"https:\/\/i0.wp.com\/www.moda.es\/blog\/wp-content\/uploads\/2017\/06\/Captura-de-pantalla-2017-06-22-a-las-22.35.43.png?resize=221%2C300\" alt=\"\" width=\"221\" height=\"300\" srcset=\"https:\/\/i0.wp.com\/www.moda.es\/blog\/wp-content\/uploads\/2017\/06\/Captura-de-pantalla-2017-06-22-a-las-22.35.43.png?resize=221%2C300 221w, https:\/\/i0.wp.com\/www.moda.es\/blog\/wp-content\/uploads\/2017\/06\/Captura-de-pantalla-2017-06-22-a-las-22.35.43.png?w=419 419w\" sizes=\"(max-width: 221px) 100vw, 221px\" data-recalc-dims=\"1\" \/><\/a><\/p>\n<div data-carousel-extra='{\"blog_id\":1,\"permalink\":\"http:\\\/\\\/www.moda.es\\\/blog\\\/reformation-reune-106-piezas-vintage-para-su-proxima-coleccion\\\/\"}' id='gallery-1' class='gallery galleryid-22246 gallery-columns-2 gallery-size-thumbnail'><figure class='gallery-item'>\n\t\t\t<div class='gallery-icon portrait'>\n\t\t\t\t<a href='http:\/\/www.moda.es\/blog\/reformation-reune-106-piezas-vintage-para-su-proxima-coleccion\/captura-de-pantalla-2017-06-22-a-las-22-37-02\/'><img width=\"150\" height=\"150\" src=\"https:\/\/i0.wp.com\/www.moda.es\/blog\/wp-content\/uploads\/2017\/06\/Captura-de-pantalla-2017-06-22-a-las-22.37.02.png?resize=150%2C150\" class=\"attachment-thumbnail size-thumbnail\" alt=\"\" loading=\"lazy\" srcset=\"https:\/\/i0.wp.com\/www.moda.es\/blog\/wp-content\/uploads\/2017\/06\/Captura-de-pantalla-2017-06-22-a-las-22.37.02.png?resize=150%2C150 150w, https:\/\/i0.wp.com\/www.moda.es\/blog\/wp-content\/uploads\/2017\/06\/Captura-de-pantalla-2017-06-22-a-las-22.37.02.png?zoom=2&amp;resize=150%2C150 300w\" sizes=\"(max-width: 150px) 100vw, 150px\" data-attachment-id=\"22253\" data-permalink=\"http:\/\/www.moda.es\/blog\/reformation-reune-106-piezas-vintage-para-su-proxima-coleccion\/captura-de-pantalla-2017-06-22-a-las-22-37-02\/\" data-orig-file=\"https:\/\/i0.wp.com\/www.moda.es\/blog\/wp-content\/uploads\/2017\/06\/Captura-de-pantalla-2017-06-22-a-las-22.37.02.png?fit=424%2C568\" data-orig-size=\"424,568\" data-comments-opened=\"1\" data-image-meta=\"{&quot;aperture&quot;:&quot;0&quot;,&quot;credit&quot;:&quot;&quot;,&quot;camera&quot;:&quot;&quot;,&quot;caption&quot;:&quot;&quot;,&quot;created_timestamp&quot;:&quot;0&quot;,&quot;copyright&quot;:&quot;&quot;,&quot;focal_length&quot;:&quot;0&quot;,&quot;iso&quot;:&quot;0&quot;,&quot;shutter_speed&quot;:&quot;0&quot;,&quot;title&quot;:&quot;&quot;,&quot;orientation&quot;:&quot;0&quot;}\" data-image-title=\"Captura de pantalla 2017-06-22 a las 22.37.02\" data-image-description=\"\" data-image-caption=\"\" data-medium-file=\"https:\/\/i0.wp.com\/www.moda.es\/blog\/wp-content\/uploads\/2017\/06\/Captura-de-pantalla-2017-06-22-a-las-22.37.02.png?fit=224%2C300\" data-large-file=\"https:\/\/i0.wp.com\/www.moda.es\/blog\/wp-content\/uploads\/2017\/06\/Captura-de-pantalla-2017-06-22-a-las-22.37.02.png?fit=424%2C568\" \/><\/a>\n\t\t\t<\/div><\/figure><figure class='gallery-item'>\n\t\t\t<div class='gallery-icon portrait'>\n\t\t\t\t<a href='http:\/\/www.moda.es\/blog\/reformation-reune-106-piezas-vintage-para-su-proxima-coleccion\/captura-de-pantalla-2017-06-22-a-las-22-37-11\/'><img width=\"150\" height=\"150\" src=\"https:\/\/i0.wp.com\/www.moda.es\/blog\/wp-content\/uploads\/2017\/06\/Captura-de-pantalla-2017-06-22-a-las-22.37.11.png?resize=150%2C150\" class=\"attachment-thumbnail size-thumbnail\" alt=\"\" loading=\"lazy\" srcset=\"https:\/\/i0.wp.com\/www.moda.es\/blog\/wp-content\/uploads\/2017\/06\/Captura-de-pantalla-2017-06-22-a-las-22.37.11.png?resize=150%2C150 150w, https:\/\/i0.wp.com\/www.moda.es\/blog\/wp-content\/uploads\/2017\/06\/Captura-de-pantalla-2017-06-22-a-las-22.37.11.png?zoom=2&amp;resize=150%2C150 300w\" sizes=\"(max-width: 150px) 100vw, 150px\" data-attachment-id=\"22254\" data-permalink=\"http:\/\/www.moda.es\/blog\/reformation-reune-106-piezas-vintage-para-su-proxima-coleccion\/captura-de-pantalla-2017-06-22-a-las-22-37-11\/\" data-orig-file=\"https:\/\/i0.wp.com\/www.moda.es\/blog\/wp-content\/uploads\/2017\/06\/Captura-de-pantalla-2017-06-22-a-las-22.37.11.png?fit=419%2C562\" data-orig-size=\"419,562\" data-comments-opened=\"1\" data-image-meta=\"{&quot;aperture&quot;:&quot;0&quot;,&quot;credit&quot;:&quot;&quot;,&quot;camera&quot;:&quot;&quot;,&quot;caption&quot;:&quot;&quot;,&quot;created_timestamp&quot;:&quot;0&quot;,&quot;copyright&quot;:&quot;&quot;,&quot;focal_length&quot;:&quot;0&quot;,&quot;iso&quot;:&quot;0&quot;,&quot;shutter_speed&quot;:&quot;0&quot;,&quot;title&quot;:&quot;&quot;,&quot;orientation&quot;:&quot;0&quot;}\" data-image-title=\"Captura de pantalla 2017-06-22 a las 22.37.11\" data-image-description=\"\" data-image-caption=\"\" data-medium-file=\"https:\/\/i0.wp.com\/www.moda.es\/blog\/wp-content\/uploads\/2017\/06\/Captura-de-pantalla-2017-06-22-a-las-22.37.11.png?fit=224%2C300\" data-large-file=\"https:\/\/i0.wp.com\/www.moda.es\/blog\/wp-content\/uploads\/2017\/06\/Captura-de-pantalla-2017-06-22-a-las-22.37.11.png?fit=419%2C562\" \/><\/a>\n\t\t\t<\/div><\/figure><figure class='gallery-item'>\n\t\t\t<div class='gallery-icon portrait'>\n\t\t\t\t<a href='http:\/\/www.moda.es\/blog\/reformation-reune-106-piezas-vintage-para-su-proxima-coleccion\/captura-de-pantalla-2017-06-22-a-las-22-35-54\/'><img width=\"150\" height=\"150\" src=\"https:\/\/i0.wp.com\/www.moda.es\/blog\/wp-content\/uploads\/2017\/06\/Captura-de-pantalla-2017-06-22-a-las-22.35.54.png?resize=150%2C150\" class=\"attachment-thumbnail size-thumbnail\" alt=\"\" loading=\"lazy\" srcset=\"https:\/\/i0.wp.com\/www.moda.es\/blog\/wp-content\/uploads\/2017\/06\/Captura-de-pantalla-2017-06-22-a-las-22.35.54.png?resize=150%2C150 150w, https:\/\/i0.wp.com\/www.moda.es\/blog\/wp-content\/uploads\/2017\/06\/Captura-de-pantalla-2017-06-22-a-las-22.35.54.png?zoom=2&amp;resize=150%2C150 300w\" sizes=\"(max-width: 150px) 100vw, 150px\" data-attachment-id=\"22255\" data-permalink=\"http:\/\/www.moda.es\/blog\/reformation-reune-106-piezas-vintage-para-su-proxima-coleccion\/captura-de-pantalla-2017-06-22-a-las-22-35-54\/\" data-orig-file=\"https:\/\/i0.wp.com\/www.moda.es\/blog\/wp-content\/uploads\/2017\/06\/Captura-de-pantalla-2017-06-22-a-las-22.35.54.png?fit=424%2C567\" data-orig-size=\"424,567\" data-comments-opened=\"1\" data-image-meta=\"{&quot;aperture&quot;:&quot;0&quot;,&quot;credit&quot;:&quot;&quot;,&quot;camera&quot;:&quot;&quot;,&quot;caption&quot;:&quot;&quot;,&quot;created_timestamp&quot;:&quot;0&quot;,&quot;copyright&quot;:&quot;&quot;,&quot;focal_length&quot;:&quot;0&quot;,&quot;iso&quot;:&quot;0&quot;,&quot;shutter_speed&quot;:&quot;0&quot;,&quot;title&quot;:&quot;&quot;,&quot;orientation&quot;:&quot;0&quot;}\" data-image-title=\"Captura de pantalla 2017-06-22 a las 22.35.54\" data-image-description=\"\" data-image-caption=\"\" data-medium-file=\"https:\/\/i0.wp.com\/www.moda.es\/blog\/wp-content\/uploads\/2017\/06\/Captura-de-pantalla-2017-06-22-a-las-22.35.54.png?fit=224%2C300\" data-large-file=\"https:\/\/i0.wp.com\/www.moda.es\/blog\/wp-content\/uploads\/2017\/06\/Captura-de-pantalla-2017-06-22-a-las-22.35.54.png?fit=424%2C567\" \/><\/a>\n\t\t\t<\/div><\/figure><figure class='gallery-item'>\n\t\t\t<div class='gallery-icon portrait'>\n\t\t\t\t<a href='http:\/\/www.moda.es\/blog\/reformation-reune-106-piezas-vintage-para-su-proxima-coleccion\/captura-de-pantalla-2017-06-22-a-las-22-35-33\/'><img width=\"150\" height=\"150\" src=\"https:\/\/i0.wp.com\/www.moda.es\/blog\/wp-content\/uploads\/2017\/06\/Captura-de-pantalla-2017-06-22-a-las-22.35.33.png?resize=150%2C150\" class=\"attachment-thumbnail size-thumbnail\" alt=\"\" loading=\"lazy\" srcset=\"https:\/\/i0.wp.com\/www.moda.es\/blog\/wp-content\/uploads\/2017\/06\/Captura-de-pantalla-2017-06-22-a-las-22.35.33.png?resize=150%2C150 150w, https:\/\/i0.wp.com\/www.moda.es\/blog\/wp-content\/uploads\/2017\/06\/Captura-de-pantalla-2017-06-22-a-las-22.35.33.png?zoom=2&amp;resize=150%2C150 300w\" sizes=\"(max-width: 150px) 100vw, 150px\" data-attachment-id=\"22256\" data-permalink=\"http:\/\/www.moda.es\/blog\/reformation-reune-106-piezas-vintage-para-su-proxima-coleccion\/captura-de-pantalla-2017-06-22-a-las-22-35-33\/\" data-orig-file=\"https:\/\/i0.wp.com\/www.moda.es\/blog\/wp-content\/uploads\/2017\/06\/Captura-de-pantalla-2017-06-22-a-las-22.35.33.png?fit=379%2C563\" data-orig-size=\"379,563\" data-comments-opened=\"1\" data-image-meta=\"{&quot;aperture&quot;:&quot;0&quot;,&quot;credit&quot;:&quot;&quot;,&quot;camera&quot;:&quot;&quot;,&quot;caption&quot;:&quot;&quot;,&quot;created_timestamp&quot;:&quot;0&quot;,&quot;copyright&quot;:&quot;&quot;,&quot;focal_length&quot;:&quot;0&quot;,&quot;iso&quot;:&quot;0&quot;,&quot;shutter_speed&quot;:&quot;0&quot;,&quot;title&quot;:&quot;&quot;,&quot;orientation&quot;:&quot;0&quot;}\" data-image-title=\"Captura de pantalla 2017-06-22 a las 22.35.33\" data-image-description=\"\" data-image-caption=\"\" data-medium-file=\"https:\/\/i0.wp.com\/www.moda.es\/blog\/wp-content\/uploads\/2017\/06\/Captura-de-pantalla-2017-06-22-a-las-22.35.33.png?fit=202%2C300\" data-large-file=\"https:\/\/i0.wp.com\/www.moda.es\/blog\/wp-content\/uploads\/2017\/06\/Captura-de-pantalla-2017-06-22-a-las-22.35.33.png?fit=379%2C563\" \/><\/a>\n\t\t\t<\/div><\/figure>\n\t\t<\/div>\n\n<p>\u00a9Fashionista                             <\/p>\n","protected":false},"excerpt":{"rendered":"<p>Hay un cierto je ne sais quoi vintage en Rrformation, la marca\u00a0de la ropa con sede en Los \u00c1ngeles que se ha inclinado hacia un negocio de prendas sostenibles. Sus piezas, que abarcan desde bodys hasta vestidos de fiesta, se ven abrumadoramente contempor\u00e1neas, pero la simplicidad de la marca parece [&hellip;]<\/p>\n","protected":false},"author":3,"featured_media":22249,"comment_status":"open","ping_status":"open","sticky":false,"template":"","format":"standard","meta":{"jetpack_publicize_message":"","jetpack_is_tweetstorm":false,"jetpack_publicize_feature_enabled":true},"categories":[3,10,11,14],"tags":[182,1470,792,794],"jetpack_publicize_connections":[],"jetpack_featured_media_url":"https:\/\/i0.wp.com\/www.moda.es\/blog\/wp-content\/uploads\/2017\/06\/Captura-de-pantalla-2017-06-22-a-las-22.36.47.png?fit=819%2C557","jetpack_sharing_enabled":true,"jetpack_shortlink":"https:\/\/wp.me\/p4tJCC-5MO","jetpack-related-posts":[{"id":22029,"url":"http:\/\/www.moda.es\/blog\/reformation-presenta-su-primera-coleccion-de-bano\/","url_meta":{"origin":22246,"position":0},"title":"Reformation presenta su primera colecci\u00f3n de ba\u00f1o","date":"abril 13, 2017","format":false,"excerpt":"Desde su creaci\u00f3n en 2009, el sello eco-friendly de Los \u00c1ngeles, Reformation, se ha convertido en una gran referencia\u00a0 para vestidos bonitos, de precio accesible, de inspiraci\u00f3n vintage, dulces, sexy o alguna combinaci\u00f3n de los tres. Adem\u00e1s sus piezas dominan Instagram en los meses de verano, gracias a sus legiones\u2026","rel":"","context":"En \u00abColecciones\u00bb","img":{"alt_text":"","src":"https:\/\/i0.wp.com\/www.moda.es\/blog\/wp-content\/uploads\/2017\/04\/Captura-de-pantalla-2017-04-13-a-las-16.39.28.png?fit=782%2C607&resize=350%2C200","width":350,"height":200},"classes":[]},{"id":21306,"url":"http:\/\/www.moda.es\/blog\/net-a-porter-se-reforma\/","url_meta":{"origin":22246,"position":1},"title":"Net-A-Porter se \u00abReforma\u00bb","date":"noviembre 8, 2016","format":false,"excerpt":"Net-A-Porter y Reformation han colaborado en una edici\u00f3n exclusiva para la temporada de fiesta, siendo\u00a0la primera vez que la marca americana\u00a0de moda sostenible\u00a0estar\u00e1\u00a0disponible para comprar a nivel mundial. \u201cReformation es una marca con una gran conciencia eco que no es normalmente algo que vaya de la mano con la moda.\u2026","rel":"","context":"En \u00abActualidad\u00bb","img":{"alt_text":"","src":"https:\/\/i0.wp.com\/www.moda.es\/blog\/wp-content\/uploads\/2016\/11\/Captura-de-pantalla-2016-11-08-a-las-19.57.32.png?fit=368%2C452&resize=350%2C200","width":350,"height":200},"classes":[]},{"id":22689,"url":"http:\/\/www.moda.es\/blog\/novias-alternativas-es-vuestro-momento\/","url_meta":{"origin":22246,"position":2},"title":"Novias alternativas, es vuestro momento","date":"octubre 30, 2017","format":false,"excerpt":"French Connection es la \u00faltima marca low cost que da el s\u00ed quiero a la moda nupcial a precios asequibles con una colecci\u00f3n de primavera \/ verano 2018 que se lanzar\u00e1 el pr\u00f3ximo mes de febrero. \"En los \u00faltimos a\u00f1os, hemos visto clientes haciendo compras de las principales colecciones de\u2026","rel":"","context":"En \u00abColecciones\u00bb","img":{"alt_text":"","src":"https:\/\/i0.wp.com\/www.moda.es\/blog\/wp-content\/uploads\/2017\/10\/Captura-de-pantalla-2017-10-30-a-las-23.13.50.png?fit=687%2C453&resize=350%2C200","width":350,"height":200},"classes":[]},{"id":22659,"url":"http:\/\/www.moda.es\/blog\/descubre-la-coleccion-de-burberry-para-net-a-porter\/","url_meta":{"origin":22246,"position":3},"title":"Descubre la colecci\u00f3n de Burberry para Net-a-Porter","date":"octubre 20, 2017","format":false,"excerpt":"Burberry ha elegido Net-A-Porter para lanzar la primera colecci\u00f3n c\u00e1psula inspirada en su September Collection. La marca brit\u00e1nica lleva mucho tiempo colaborando con la p\u00e1gina Net-a-Porter (se lleva distribuyendo all\u00ed desde 2005, de hecho), pero esta nueva edici\u00f3n exclusiva para el boutique de lujo en l\u00ednea supone la primera vez\u2026","rel":"","context":"En \u00abColecciones\u00bb","img":{"alt_text":"","src":"https:\/\/i0.wp.com\/www.moda.es\/blog\/wp-content\/uploads\/2017\/10\/bbnap3.jpg?fit=1020%2C1064&resize=350%2C200","width":350,"height":200},"classes":[]},{"id":22184,"url":"http:\/\/www.moda.es\/blog\/la-marca-de-alexa-chung-ya-esta-aqui\/","url_meta":{"origin":22246,"position":4},"title":"La marca de Alexa Chung ya est\u00e1 aqu\u00ed","date":"mayo 30, 2017","format":false,"excerpt":"Llevamos meses esper\u00e1ndola y al fin es una realidad. Para Alexa Chung\u00a0llevar a cabo el\u00a0papel de colaboradora de moda - ya ha pasado de\u00a0Madewell a Superga y, m\u00e1s recientemente por\u00a0Marks & Spencer - no es nuevo. Pero esta semana esa colaboraci\u00f3n es distinta, pues la modelo y presentadora\u00a0entra \u00a0oficialmente en\u2026","rel":"","context":"En \u00abColecciones\u00bb","img":{"alt_text":"","src":"https:\/\/i0.wp.com\/www.moda.es\/blog\/wp-content\/uploads\/2017\/05\/Captura-de-pantalla-2017-05-30-a-las-22.46.07.png?fit=360%2C469&resize=350%2C200","width":350,"height":200},"classes":[]},{"id":5536,"url":"http:\/\/www.moda.es\/blog\/estampados-a-go-go-anna-studio\/","url_meta":{"origin":22246,"position":5},"title":"Estampados a go-g\u00f3, Anna Studio","date":"febrero 15, 2012","format":false,"excerpt":"Los estampados hacen esta marca, o se podr\u00eda decir al rev\u00e9s. Anna Studio profesa un amor sin tapujos por los estampados de car\u00e1cter na\u00eff y marcada inspiraci\u00f3n retro. Fundada en 2005 por Anna Harari, esta firma de pr\u00eat-\u00e0-porter urbano y actual, desde 2009 baila al ritmo de las creaciones Sarah\u2026","rel":"","context":"En \u00abFirmas\u00bb","img":{"alt_text":"","src":"https:\/\/i0.wp.com\/www.moda.es\/blog\/wp-content\/uploads\/2012\/02\/424187_342340559133445_129743923726444_1129974_856117086_n-e1329267607476.jpg?resize=350%2C200","width":350,"height":200},"classes":[]}],"_links":{"self":[{"href":"http:\/\/www.moda.es\/blog\/wp-json\/wp\/v2\/posts\/22246"}],"collection":[{"href":"http:\/\/www.moda.es\/blog\/wp-json\/wp\/v2\/posts"}],"about":[{"href":"http:\/\/www.moda.es\/blog\/wp-json\/wp\/v2\/types\/post"}],"author":[{"embeddable":true,"href":"http:\/\/www.moda.es\/blog\/wp-json\/wp\/v2\/users\/3"}],"replies":[{"embeddable":true,"href":"http:\/\/www.moda.es\/blog\/wp-json\/wp\/v2\/comments?post=22246"}],"version-history":[{"count":8,"href":"http:\/\/www.moda.es\/blog\/wp-json\/wp\/v2\/posts\/22246\/revisions"}],"predecessor-version":[{"id":35727,"href":"http:\/\/www.moda.es\/blog\/wp-json\/wp\/v2\/posts\/22246\/revisions\/35727"}],"wp:featuredmedia":[{"embeddable":true,"href":"http:\/\/www.moda.es\/blog\/wp-json\/wp\/v2\/media\/22249"}],"wp:attachment":[{"href":"http:\/\/www.moda.es\/blog\/wp-json\/wp\/v2\/media?parent=22246"}],"wp:term":[{"taxonomy":"category","embeddable":true,"href":"http:\/\/www.moda.es\/blog\/wp-json\/wp\/v2\/categories?post=22246"},{"taxonomy":"post_tag","embeddable":true,"href":"http:\/\/www.moda.es\/blog\/wp-json\/wp\/v2\/tags?post=22246"}],"curies":[{"name":"wp","href":"https:\/\/api.w.org\/{rel}","templated":true}]}}