{"id":22074,"date":"2017-04-26T20:47:00","date_gmt":"2017-04-26T19:47:00","guid":{"rendered":"http:\/\/www.moda.es\/blog\/?p=22074"},"modified":"2020-04-27T15:58:32","modified_gmt":"2020-04-27T14:58:32","slug":"lvmh-adquirira-christian-dior","status":"publish","type":"post","link":"http:\/\/www.moda.es\/blog\/lvmh-adquirira-christian-dior\/","title":{"rendered":"LVMH adquirir\u00e1 Christian Dior"},"content":{"rendered":"<p>El <strong>Grupo LVMH<\/strong> ha anunciado esta ma\u00f1ana que planea\u00a0integrar toda la marca\u00a0<strong>Christian Dior<\/strong> en el grupo de marcas de lujo.<\/p>\n<p>La noticia puede parecer confusa para muchos, que cre\u00edan que el conglomerado franc\u00e9s ya controlaba Dior junto con otras casas de dise\u00f1o como <strong>C\u00e9line, Givenchy y Fendi,<\/strong>\u00a0pero en realidad Christian Dior es el principal holding de LVMH, que a su vez controla otras marcas.<\/p>\n<p><a href=\"http:\/\/www.moda.es\/blog\/lvmh-adquirira-christian-dior\/captura-de-pantalla-2017-04-26-a-las-21-42-11\/\" rel=\"attachment wp-att-22075\"><img data-attachment-id=\"22075\" data-permalink=\"http:\/\/www.moda.es\/blog\/lvmh-adquirira-christian-dior\/captura-de-pantalla-2017-04-26-a-las-21-42-11\/\" data-orig-file=\"https:\/\/i0.wp.com\/www.moda.es\/blog\/wp-content\/uploads\/2017\/04\/Captura-de-pantalla-2017-04-26-a-las-21.42.11.png?fit=365%2C550\" data-orig-size=\"365,550\" data-comments-opened=\"1\" data-image-meta=\"{&quot;aperture&quot;:&quot;0&quot;,&quot;credit&quot;:&quot;&quot;,&quot;camera&quot;:&quot;&quot;,&quot;caption&quot;:&quot;&quot;,&quot;created_timestamp&quot;:&quot;0&quot;,&quot;copyright&quot;:&quot;&quot;,&quot;focal_length&quot;:&quot;0&quot;,&quot;iso&quot;:&quot;0&quot;,&quot;shutter_speed&quot;:&quot;0&quot;,&quot;title&quot;:&quot;&quot;,&quot;orientation&quot;:&quot;0&quot;}\" data-image-title=\"Captura de pantalla 2017-04-26 a las 21.42.11\" data-image-description=\"\" data-image-caption=\"\" data-medium-file=\"https:\/\/i0.wp.com\/www.moda.es\/blog\/wp-content\/uploads\/2017\/04\/Captura-de-pantalla-2017-04-26-a-las-21.42.11.png?fit=199%2C300\" data-large-file=\"https:\/\/i0.wp.com\/www.moda.es\/blog\/wp-content\/uploads\/2017\/04\/Captura-de-pantalla-2017-04-26-a-las-21.42.11.png?fit=365%2C550\" loading=\"lazy\" class=\"aligncenter size-medium wp-image-22075\" src=\"https:\/\/i0.wp.com\/www.moda.es\/blog\/wp-content\/uploads\/2017\/04\/Captura-de-pantalla-2017-04-26-a-las-21.42.11.png?resize=199%2C300\" alt=\"\" width=\"199\" height=\"300\" srcset=\"https:\/\/i0.wp.com\/www.moda.es\/blog\/wp-content\/uploads\/2017\/04\/Captura-de-pantalla-2017-04-26-a-las-21.42.11.png?resize=199%2C300 199w, https:\/\/i0.wp.com\/www.moda.es\/blog\/wp-content\/uploads\/2017\/04\/Captura-de-pantalla-2017-04-26-a-las-21.42.11.png?w=365 365w\" sizes=\"(max-width: 199px) 100vw, 199px\" data-recalc-dims=\"1\" \/><\/a><\/p>\n<p>Cualquier confusi\u00f3n es perdonable, ya que <strong>Bernard Arnault<\/strong>, presidente y consejero delegado de LVMH, es tambi\u00e9n el presidente y accionista mayoritario de Dior. Adem\u00e1s de racionalizar el negocio y simplificar su estructura para el beneficio del mercado, la medida tambi\u00e9n permitir\u00e1 \u00abel fortalecimiento de la divisi\u00f3n de moda y marroquiner\u00eda de LVMH gracias a la adquisici\u00f3n de <strong>Christian Dior Couture<\/strong>, una de las marcas m\u00e1s emblem\u00e1ticas del mundo\u00bb, explic\u00f3 Arnault .<\/p>\n<p>El acuerdo de <strong>13.000 millones de euros<\/strong> se realizar\u00e1 a trav\u00e9s de \u00abuna oferta p\u00fablica simplificada por el grupo familiar Arnault sobre\u00a0acciones de Christian Dior, que actualmente no tiene, y tomar forma de una oferta primaria que consta de 172 \u20ac por acci\u00f3n en efectivo y 0.192 acciones de <strong>Herm\u00e8s International<\/strong> por cada acci\u00f3n de Christian Dior, y se completar\u00eda con dos ofertas secundarias, en efectivo y en acciones de Herm\u00e8s respectivamente \u00ab, inform\u00f3 LVMH en un comunicado.<\/p>\n<p>La marca espera que el acuerdo, que unir\u00e1 Christian Dior maquillaje y fragancias, la alta costura, marroquiner\u00eda, pr\u00eat-\u00e0-porter de hombre y mujer y las empresas de zapatos bajo\u00a0un mismo techo se cierre\u00a0a<strong> finales de mayo o principios de junio<\/strong>.<\/p>\n<p>\u00a9Vogue UK                             <\/p>\n","protected":false},"excerpt":{"rendered":"<p>El Grupo LVMH ha anunciado esta ma\u00f1ana que planea\u00a0integrar toda la marca\u00a0Christian Dior en el grupo de marcas de lujo. La noticia puede parecer confusa para muchos, que cre\u00edan que el conglomerado franc\u00e9s ya controlaba Dior junto con otras casas de dise\u00f1o como C\u00e9line, Givenchy y Fendi,\u00a0pero en realidad Christian [&hellip;]<\/p>\n","protected":false},"author":3,"featured_media":22075,"comment_status":"open","ping_status":"open","sticky":false,"template":"","format":"standard","meta":{"jetpack_publicize_message":"","jetpack_is_tweetstorm":false,"jetpack_publicize_feature_enabled":true},"categories":[3,11,14],"tags":[124,179,193,324,354,368,387,1258],"jetpack_publicize_connections":[],"jetpack_featured_media_url":"https:\/\/i0.wp.com\/www.moda.es\/blog\/wp-content\/uploads\/2017\/04\/Captura-de-pantalla-2017-04-26-a-las-21.42.11.png?fit=365%2C550","jetpack_sharing_enabled":true,"jetpack_shortlink":"https:\/\/wp.me\/p4tJCC-5K2","jetpack-related-posts":[{"id":10001,"url":"http:\/\/www.moda.es\/blog\/lios-de-faldas\/","url_meta":{"origin":22074,"position":0},"title":"L\u00edos de faldas","date":"enero 4, 2013","format":false,"excerpt":"Pasarelas, celebrities, lentejuelas, frivolidad, joyas, fiestas, modelos, luces, c\u00e1maras, acci\u00f3n y mucho glamour. S\u00ed, eso se supone que es la moda, pero no es oro todo lo que reluce, y ya se sabe que en todos sitios cuecen habas. Tras quedar zanjada de manera m\u00e1s o menos amistosa la disputa\u2026","rel":"","context":"En \u00abActualidad\u00bb","img":{"alt_text":"","src":"https:\/\/i0.wp.com\/www.moda.es\/blog\/wp-content\/uploads\/2013\/01\/John-Galliano2.jpg?fit=500%2C333&resize=350%2C200","width":350,"height":200},"classes":[]},{"id":18054,"url":"http:\/\/www.moda.es\/blog\/christian-dior-colabora-con-la-fundacion-princess-grace\/","url_meta":{"origin":22074,"position":1},"title":"Christian Dior colabora con la fundaci\u00f3n Princess Grace","date":"agosto 11, 2014","format":false,"excerpt":"Christian Dior se ha vuelto a unir, y no es la primera vez, con la familia Real de M\u00f3naco: la marca francesa ha firmado un acuerdo de colaboraci\u00f3n de tres a\u00f1os con The Princess Grace Foundation-USA. \u00a0 La marca de lujo francesa, que fue lucida muchas veces por la princesa\u2026","rel":"","context":"En \u00abActualidad\u00bb","img":{"alt_text":"","src":"https:\/\/i0.wp.com\/www.moda.es\/blog\/wp-content\/uploads\/2014\/08\/grace-4.jpg?fit=650%2C975&resize=350%2C200","width":350,"height":200},"classes":[]},{"id":21934,"url":"http:\/\/www.moda.es\/blog\/givenchy-nombra-a-su-primera-directora-creativa-femenina\/","url_meta":{"origin":22074,"position":2},"title":"Givenchy nombra a su primera directora creativa femenina","date":"marzo 22, 2017","format":false,"excerpt":"En sus 65 a\u00f1os de existencia, la casa Givenchy - conocida por su ropa de mujer - nunca ha tenido una mujer en su tim\u00f3n. Todo eso cambiar\u00e1 el 2 de mayo, cuando Clare Waight Keller, antes de Chlo\u00e9, llegue\u00a0para reemplazar a Riccardo Tisci. (Algo nos dice que los ejecutivos\u2026","rel":"","context":"En \u00abActualidad\u00bb","img":{"alt_text":"","src":"https:\/\/i0.wp.com\/www.moda.es\/blog\/wp-content\/uploads\/2017\/03\/Captura-de-pantalla-2017-03-22-a-las-21.18.28.png?fit=422%2C424&resize=350%2C200","width":350,"height":200},"classes":[]},{"id":20534,"url":"http:\/\/www.moda.es\/blog\/raf-simons-la-vida-despues-de-dior\/","url_meta":{"origin":22074,"position":3},"title":"Raf Simons: la vida despu\u00e9s de Dior","date":"abril 17, 2016","format":false,"excerpt":"Porque la vida siempre tiene que continuar, Raf Simons sigue adelante con sus proyectos despu\u00e9s de su salida\u00a0Dior. El dise\u00f1ador ha revelado que mostrar\u00e1 la nueva\u00a0colecci\u00f3n masculina\u00a0de la temporada primavera - verano 2017\u00a0en la pr\u00f3xima edici\u00f3n de Pitti este mes de junio. \"Florencia tiene un lugar especial en mi coraz\u00f3n,\u2026","rel":"","context":"En \u00abActualidad\u00bb","img":{"alt_text":"","src":"https:\/\/i0.wp.com\/www.moda.es\/blog\/wp-content\/uploads\/2016\/04\/Captura-de-pantalla-2016-04-17-a-las-22.17.37.png?fit=287%2C431&resize=350%2C200","width":350,"height":200},"classes":[]},{"id":19919,"url":"http:\/\/www.moda.es\/blog\/raf-simons-abandona-dior\/","url_meta":{"origin":22074,"position":4},"title":"Raf Simons abandona Dior","date":"octubre 24, 2015","format":false,"excerpt":"Tres a\u00f1os, s\u00f3lo tres a\u00f1os ha estado Raf Simons a los mandos de la casa de los sue\u00f1os. El rusos llevaba semanas circulando entre los c\u00edrculos de la moda y ahora, aparentemente por razones personales, ha decidido dejar Christian Dior. La noticia ha sido confirmada en un comunicado de Sidney\u2026","rel":"","context":"En \u00abActualidad\u00bb","img":{"alt_text":"","src":"https:\/\/i0.wp.com\/www.moda.es\/blog\/wp-content\/uploads\/2015\/10\/Captura-de-pantalla-2015-10-24-a-las-15.50.34.png?fit=323%2C485&resize=350%2C200","width":350,"height":200},"classes":[]},{"id":21748,"url":"http:\/\/www.moda.es\/blog\/riccardo-tisci-abandona-givenchy\/","url_meta":{"origin":22074,"position":5},"title":"Riccardo Tisci abandona Givenchy","date":"febrero 3, 2017","format":false,"excerpt":"Riccardo Tisci\u00a0ha dejado su papel en Givenchy despu\u00e9s de 12 a\u00f1os al tim\u00f3n\u00a0seg\u00fan se ha\u00a0confirmado desde la casa:\u00a0\"El cap\u00edtulo que Riccardo Tisci ha escrito con la casa Givenchy en los \u00faltimos 12 a\u00f1os representa una visi\u00f3n incre\u00edble\u00a0que ha sostenido su continuo\u00a0\u00e9xito, y me gustar\u00eda darle las gracias calurosamente por su\u2026","rel":"","context":"En \u00abActualidad\u00bb","img":{"alt_text":"","src":"https:\/\/i0.wp.com\/www.moda.es\/blog\/wp-content\/uploads\/2017\/02\/Captura-de-pantalla-2017-02-03-a-las-21.37.52.png?fit=597%2C329&resize=350%2C200","width":350,"height":200},"classes":[]}],"_links":{"self":[{"href":"http:\/\/www.moda.es\/blog\/wp-json\/wp\/v2\/posts\/22074"}],"collection":[{"href":"http:\/\/www.moda.es\/blog\/wp-json\/wp\/v2\/posts"}],"about":[{"href":"http:\/\/www.moda.es\/blog\/wp-json\/wp\/v2\/types\/post"}],"author":[{"embeddable":true,"href":"http:\/\/www.moda.es\/blog\/wp-json\/wp\/v2\/users\/3"}],"replies":[{"embeddable":true,"href":"http:\/\/www.moda.es\/blog\/wp-json\/wp\/v2\/comments?post=22074"}],"version-history":[{"count":7,"href":"http:\/\/www.moda.es\/blog\/wp-json\/wp\/v2\/posts\/22074\/revisions"}],"predecessor-version":[{"id":35757,"href":"http:\/\/www.moda.es\/blog\/wp-json\/wp\/v2\/posts\/22074\/revisions\/35757"}],"wp:featuredmedia":[{"embeddable":true,"href":"http:\/\/www.moda.es\/blog\/wp-json\/wp\/v2\/media\/22075"}],"wp:attachment":[{"href":"http:\/\/www.moda.es\/blog\/wp-json\/wp\/v2\/media?parent=22074"}],"wp:term":[{"taxonomy":"category","embeddable":true,"href":"http:\/\/www.moda.es\/blog\/wp-json\/wp\/v2\/categories?post=22074"},{"taxonomy":"post_tag","embeddable":true,"href":"http:\/\/www.moda.es\/blog\/wp-json\/wp\/v2\/tags?post=22074"}],"curies":[{"name":"wp","href":"https:\/\/api.w.org\/{rel}","templated":true}]}}