{"id":21959,"date":"2017-03-29T20:47:10","date_gmt":"2017-03-29T19:47:10","guid":{"rendered":"http:\/\/www.moda.es\/blog\/?p=21959"},"modified":"2020-04-27T16:00:42","modified_gmt":"2020-04-27T15:00:42","slug":"tenemos-las-primeras-pistas-de-la-coleccion-coach-x-rodarte","status":"publish","type":"post","link":"http:\/\/www.moda.es\/blog\/tenemos-las-primeras-pistas-de-la-coleccion-coach-x-rodarte\/","title":{"rendered":"Tenemos las primeras pistas de la colecci\u00f3n Coach x Rodarte"},"content":{"rendered":"<p>Ninguna colaboraci\u00f3n nos ha confundido y entusiasmado tanto como <strong>el d\u00fao entre Coach y Rodarte<\/strong>: la noticia se dio a principios de este a\u00f1o con detalles escasos m\u00e1s all\u00e1 del hecho de que ambas marcas se hab\u00edan asociado\u00a0y que podr\u00edamos esperar una colecci\u00f3n maravillosa en alg\u00fan momento de esta <strong>primavera.<\/strong><\/p>\n<p><a href=\"http:\/\/www.moda.es\/blog\/tenemos-las-primeras-pistas-de-la-coleccion-coach-x-rodarte\/captura-de-pantalla-2017-03-29-a-las-21-23-37\/\" rel=\"attachment wp-att-21963\"><img data-attachment-id=\"21963\" data-permalink=\"http:\/\/www.moda.es\/blog\/tenemos-las-primeras-pistas-de-la-coleccion-coach-x-rodarte\/captura-de-pantalla-2017-03-29-a-las-21-23-37\/\" data-orig-file=\"https:\/\/i0.wp.com\/www.moda.es\/blog\/wp-content\/uploads\/2017\/03\/Captura-de-pantalla-2017-03-29-a-las-21.23.37.png?fit=459%2C598\" data-orig-size=\"459,598\" data-comments-opened=\"1\" data-image-meta=\"{&quot;aperture&quot;:&quot;0&quot;,&quot;credit&quot;:&quot;&quot;,&quot;camera&quot;:&quot;&quot;,&quot;caption&quot;:&quot;&quot;,&quot;created_timestamp&quot;:&quot;0&quot;,&quot;copyright&quot;:&quot;&quot;,&quot;focal_length&quot;:&quot;0&quot;,&quot;iso&quot;:&quot;0&quot;,&quot;shutter_speed&quot;:&quot;0&quot;,&quot;title&quot;:&quot;&quot;,&quot;orientation&quot;:&quot;0&quot;}\" data-image-title=\"Captura de pantalla 2017-03-29 a las 21.23.37\" data-image-description=\"\" data-image-caption=\"\" data-medium-file=\"https:\/\/i0.wp.com\/www.moda.es\/blog\/wp-content\/uploads\/2017\/03\/Captura-de-pantalla-2017-03-29-a-las-21.23.37.png?fit=230%2C300\" data-large-file=\"https:\/\/i0.wp.com\/www.moda.es\/blog\/wp-content\/uploads\/2017\/03\/Captura-de-pantalla-2017-03-29-a-las-21.23.37.png?fit=459%2C598\" loading=\"lazy\" class=\"aligncenter size-medium wp-image-21963\" src=\"https:\/\/i0.wp.com\/www.moda.es\/blog\/wp-content\/uploads\/2017\/03\/Captura-de-pantalla-2017-03-29-a-las-21.23.37.png?resize=230%2C300\" alt=\"\" width=\"230\" height=\"300\" srcset=\"https:\/\/i0.wp.com\/www.moda.es\/blog\/wp-content\/uploads\/2017\/03\/Captura-de-pantalla-2017-03-29-a-las-21.23.37.png?resize=230%2C300 230w, https:\/\/i0.wp.com\/www.moda.es\/blog\/wp-content\/uploads\/2017\/03\/Captura-de-pantalla-2017-03-29-a-las-21.23.37.png?resize=420%2C547 420w, https:\/\/i0.wp.com\/www.moda.es\/blog\/wp-content\/uploads\/2017\/03\/Captura-de-pantalla-2017-03-29-a-las-21.23.37.png?w=459 459w\" sizes=\"(max-width: 230px) 100vw, 230px\" data-recalc-dims=\"1\" \/><\/a><\/p>\n<p>Bueno, pues ya es\u00a0primavera y tenemos las primeras piezas para empezar a so\u00f1ar porque la colecci\u00f3n es mucho m\u00e1s buena de lo que podr\u00edamos haber imaginado.<\/p>\n<p><a href=\"http:\/\/www.moda.es\/blog\/tenemos-las-primeras-pistas-de-la-coleccion-coach-x-rodarte\/captura-de-pantalla-2017-03-29-a-las-21-23-27\/\" rel=\"attachment wp-att-21960\"><img data-attachment-id=\"21960\" data-permalink=\"http:\/\/www.moda.es\/blog\/tenemos-las-primeras-pistas-de-la-coleccion-coach-x-rodarte\/captura-de-pantalla-2017-03-29-a-las-21-23-27\/\" data-orig-file=\"https:\/\/i0.wp.com\/www.moda.es\/blog\/wp-content\/uploads\/2017\/03\/Captura-de-pantalla-2017-03-29-a-las-21.23.27.png?fit=458%2C597\" data-orig-size=\"458,597\" data-comments-opened=\"1\" data-image-meta=\"{&quot;aperture&quot;:&quot;0&quot;,&quot;credit&quot;:&quot;&quot;,&quot;camera&quot;:&quot;&quot;,&quot;caption&quot;:&quot;&quot;,&quot;created_timestamp&quot;:&quot;0&quot;,&quot;copyright&quot;:&quot;&quot;,&quot;focal_length&quot;:&quot;0&quot;,&quot;iso&quot;:&quot;0&quot;,&quot;shutter_speed&quot;:&quot;0&quot;,&quot;title&quot;:&quot;&quot;,&quot;orientation&quot;:&quot;0&quot;}\" data-image-title=\"Captura de pantalla 2017-03-29 a las 21.23.27\" data-image-description=\"\" data-image-caption=\"\" data-medium-file=\"https:\/\/i0.wp.com\/www.moda.es\/blog\/wp-content\/uploads\/2017\/03\/Captura-de-pantalla-2017-03-29-a-las-21.23.27.png?fit=230%2C300\" data-large-file=\"https:\/\/i0.wp.com\/www.moda.es\/blog\/wp-content\/uploads\/2017\/03\/Captura-de-pantalla-2017-03-29-a-las-21.23.27.png?fit=458%2C597\" loading=\"lazy\" class=\"aligncenter size-medium wp-image-21960\" src=\"https:\/\/i0.wp.com\/www.moda.es\/blog\/wp-content\/uploads\/2017\/03\/Captura-de-pantalla-2017-03-29-a-las-21.23.27.png?resize=230%2C300\" alt=\"\" width=\"230\" height=\"300\" srcset=\"https:\/\/i0.wp.com\/www.moda.es\/blog\/wp-content\/uploads\/2017\/03\/Captura-de-pantalla-2017-03-29-a-las-21.23.27.png?resize=230%2C300 230w, https:\/\/i0.wp.com\/www.moda.es\/blog\/wp-content\/uploads\/2017\/03\/Captura-de-pantalla-2017-03-29-a-las-21.23.27.png?resize=420%2C547 420w, https:\/\/i0.wp.com\/www.moda.es\/blog\/wp-content\/uploads\/2017\/03\/Captura-de-pantalla-2017-03-29-a-las-21.23.27.png?w=458 458w\" sizes=\"(max-width: 230px) 100vw, 230px\" data-recalc-dims=\"1\" \/><\/a><br \/>\nAun\u00a0que se inform\u00f3 originalmente de que la colecci\u00f3n s\u00f3lo contendr\u00eda 15 piezas,\u00a0al\u00a0final se compone de <strong>casi 40<\/strong>, incluyendo prendas como vestidos o chaquetas goteras as\u00ed como <strong>accesorios.<\/strong><\/p>\n<p><a href=\"http:\/\/www.moda.es\/blog\/tenemos-las-primeras-pistas-de-la-coleccion-coach-x-rodarte\/captura-de-pantalla-2017-03-29-a-las-21-23-05\/\" rel=\"attachment wp-att-21961\"><img data-attachment-id=\"21961\" data-permalink=\"http:\/\/www.moda.es\/blog\/tenemos-las-primeras-pistas-de-la-coleccion-coach-x-rodarte\/captura-de-pantalla-2017-03-29-a-las-21-23-05\/\" data-orig-file=\"https:\/\/i0.wp.com\/www.moda.es\/blog\/wp-content\/uploads\/2017\/03\/Captura-de-pantalla-2017-03-29-a-las-21.23.05.png?fit=461%2C602\" data-orig-size=\"461,602\" data-comments-opened=\"1\" data-image-meta=\"{&quot;aperture&quot;:&quot;0&quot;,&quot;credit&quot;:&quot;&quot;,&quot;camera&quot;:&quot;&quot;,&quot;caption&quot;:&quot;&quot;,&quot;created_timestamp&quot;:&quot;0&quot;,&quot;copyright&quot;:&quot;&quot;,&quot;focal_length&quot;:&quot;0&quot;,&quot;iso&quot;:&quot;0&quot;,&quot;shutter_speed&quot;:&quot;0&quot;,&quot;title&quot;:&quot;&quot;,&quot;orientation&quot;:&quot;0&quot;}\" data-image-title=\"Captura de pantalla 2017-03-29 a las 21.23.05\" data-image-description=\"\" data-image-caption=\"\" data-medium-file=\"https:\/\/i0.wp.com\/www.moda.es\/blog\/wp-content\/uploads\/2017\/03\/Captura-de-pantalla-2017-03-29-a-las-21.23.05.png?fit=230%2C300\" data-large-file=\"https:\/\/i0.wp.com\/www.moda.es\/blog\/wp-content\/uploads\/2017\/03\/Captura-de-pantalla-2017-03-29-a-las-21.23.05.png?fit=461%2C602\" loading=\"lazy\" class=\"aligncenter size-medium wp-image-21961\" src=\"https:\/\/i0.wp.com\/www.moda.es\/blog\/wp-content\/uploads\/2017\/03\/Captura-de-pantalla-2017-03-29-a-las-21.23.05.png?resize=230%2C300\" alt=\"\" width=\"230\" height=\"300\" srcset=\"https:\/\/i0.wp.com\/www.moda.es\/blog\/wp-content\/uploads\/2017\/03\/Captura-de-pantalla-2017-03-29-a-las-21.23.05.png?resize=230%2C300 230w, https:\/\/i0.wp.com\/www.moda.es\/blog\/wp-content\/uploads\/2017\/03\/Captura-de-pantalla-2017-03-29-a-las-21.23.05.png?resize=420%2C548 420w, https:\/\/i0.wp.com\/www.moda.es\/blog\/wp-content\/uploads\/2017\/03\/Captura-de-pantalla-2017-03-29-a-las-21.23.05.png?w=461 461w\" sizes=\"(max-width: 230px) 100vw, 230px\" data-recalc-dims=\"1\" \/><\/a><\/p>\n<p>La colaboraci\u00f3n se construye entre\u00a0dos firmas con una fuerte identidad: la experiencia de Coach en la fabricaci\u00f3n de piezas de cuero y la inclinaci\u00f3n de Rodarte por\u00a0las piezas m\u00e1s bellamente decoradas. Los bolsos se han decorado con aplicaciones\u00a0florales; algunos anuncios de Coach\u00a0de los<strong> a\u00f1os 70<\/strong>\u00a0con el slogan \u00abEsto es un bolso\u00a0de Coach\u00bb se se han aplicado a\u00a0 camisetas y sudaderas\u00a0con un estilo como si fuera interpretado por una lente de <strong>Magritte<\/strong> por las hermanas\u00a0<strong>Mulleavy.<\/strong> \u00abEst\u00e1bamos mirando los archivos con Stuart [Vevers] y nos encantaron las campa\u00f1as y los bolsos de los a\u00f1os 70, que estaban conectadas con nuestro esp\u00edritu de dise\u00f1o y perspectiva \u00fanica\u00bb, dijeron las dise\u00f1adoras de Rodarte.<\/p>\n<p>&nbsp;<\/p>\n<p><a href=\"http:\/\/www.moda.es\/blog\/tenemos-las-primeras-pistas-de-la-coleccion-coach-x-rodarte\/captura-de-pantalla-2017-03-29-a-las-21-23-48\/\" rel=\"attachment wp-att-21962\"><img data-attachment-id=\"21962\" data-permalink=\"http:\/\/www.moda.es\/blog\/tenemos-las-primeras-pistas-de-la-coleccion-coach-x-rodarte\/captura-de-pantalla-2017-03-29-a-las-21-23-48\/\" data-orig-file=\"https:\/\/i0.wp.com\/www.moda.es\/blog\/wp-content\/uploads\/2017\/03\/Captura-de-pantalla-2017-03-29-a-las-21.23.48.png?fit=456%2C602\" data-orig-size=\"456,602\" data-comments-opened=\"1\" data-image-meta=\"{&quot;aperture&quot;:&quot;0&quot;,&quot;credit&quot;:&quot;&quot;,&quot;camera&quot;:&quot;&quot;,&quot;caption&quot;:&quot;&quot;,&quot;created_timestamp&quot;:&quot;0&quot;,&quot;copyright&quot;:&quot;&quot;,&quot;focal_length&quot;:&quot;0&quot;,&quot;iso&quot;:&quot;0&quot;,&quot;shutter_speed&quot;:&quot;0&quot;,&quot;title&quot;:&quot;&quot;,&quot;orientation&quot;:&quot;0&quot;}\" data-image-title=\"Captura de pantalla 2017-03-29 a las 21.23.48\" data-image-description=\"\" data-image-caption=\"\" data-medium-file=\"https:\/\/i0.wp.com\/www.moda.es\/blog\/wp-content\/uploads\/2017\/03\/Captura-de-pantalla-2017-03-29-a-las-21.23.48.png?fit=227%2C300\" data-large-file=\"https:\/\/i0.wp.com\/www.moda.es\/blog\/wp-content\/uploads\/2017\/03\/Captura-de-pantalla-2017-03-29-a-las-21.23.48.png?fit=456%2C602\" loading=\"lazy\" class=\"aligncenter size-medium wp-image-21962\" src=\"https:\/\/i0.wp.com\/www.moda.es\/blog\/wp-content\/uploads\/2017\/03\/Captura-de-pantalla-2017-03-29-a-las-21.23.48.png?resize=227%2C300\" alt=\"\" width=\"227\" height=\"300\" srcset=\"https:\/\/i0.wp.com\/www.moda.es\/blog\/wp-content\/uploads\/2017\/03\/Captura-de-pantalla-2017-03-29-a-las-21.23.48.png?resize=227%2C300 227w, https:\/\/i0.wp.com\/www.moda.es\/blog\/wp-content\/uploads\/2017\/03\/Captura-de-pantalla-2017-03-29-a-las-21.23.48.png?resize=420%2C554 420w, https:\/\/i0.wp.com\/www.moda.es\/blog\/wp-content\/uploads\/2017\/03\/Captura-de-pantalla-2017-03-29-a-las-21.23.48.png?w=456 456w\" sizes=\"(max-width: 227px) 100vw, 227px\" data-recalc-dims=\"1\" \/><\/a><br \/>\nSe espera que la colecci\u00f3n se ponga a la venta online el 12 de abril y llegue a las tiendas el d\u00eda 14.<\/p>\n<p>\u00a9Coach                             <\/p>\n","protected":false},"excerpt":{"rendered":"<p>Ninguna colaboraci\u00f3n nos ha confundido y entusiasmado tanto como el d\u00fao entre Coach y Rodarte: la noticia se dio a principios de este a\u00f1o con detalles escasos m\u00e1s all\u00e1 del hecho de que ambas marcas se hab\u00edan asociado\u00a0y que podr\u00edamos esperar una colecci\u00f3n maravillosa en alg\u00fan momento de esta primavera. [&hellip;]<\/p>\n","protected":false},"author":3,"featured_media":21960,"comment_status":"open","ping_status":"open","sticky":false,"template":"","format":"standard","meta":{"jetpack_publicize_message":"","jetpack_is_tweetstorm":false,"jetpack_publicize_feature_enabled":true},"categories":[3,10,11,14],"tags":[211,776],"jetpack_publicize_connections":[],"jetpack_featured_media_url":"https:\/\/i0.wp.com\/www.moda.es\/blog\/wp-content\/uploads\/2017\/03\/Captura-de-pantalla-2017-03-29-a-las-21.23.27.png?fit=458%2C597","jetpack_sharing_enabled":true,"jetpack_shortlink":"https:\/\/wp.me\/p4tJCC-5Ib","jetpack-related-posts":[{"id":19878,"url":"http:\/\/www.moda.es\/blog\/rodarte-anuncia-una-colaboracion-con-other-stories\/","url_meta":{"origin":21959,"position":0},"title":"Rodarte anuncia una colaboraci\u00f3n con &amp; Other Stories","date":"octubre 13, 2015","format":false,"excerpt":"Rodarte se ha asociado con una de nuestras marcas favoritas, & Other Stories, para crear una nueva colecci\u00f3n c\u00e1psula,\u00a0elevando a\u00fan m\u00e1s el list\u00f3n de las colaboraciones de la marca y difuminando poco a poco la l\u00ednea que separa la alta moda con el \"low cost\". La colecci\u00f3n, que aterrizar\u00e1 online\u2026","rel":"","context":"En \u00abColecciones\u00bb","img":{"alt_text":"","src":"https:\/\/i0.wp.com\/www.moda.es\/blog\/wp-content\/uploads\/2015\/10\/Captura-de-pantalla-2015-10-13-a-las-23.39.14.png?fit=320%2C481&resize=350%2C200","width":350,"height":200},"classes":[]},{"id":14003,"url":"http:\/\/www.moda.es\/blog\/rodarte-y-su-fantasia\/","url_meta":{"origin":21959,"position":1},"title":"Rodarte y su fantas\u00eda","date":"septiembre 1, 2013","format":false,"excerpt":"\u00a0 \u00a0 Lo \u00faltimo en grandes colaboraciones fashion viene en forma de corto de 13 minutos. Lo firma Rodarte, lo protagonia Elijah Wood y Sidney Williams y lo dirige Todd Cole. Las dise\u00f1adoras de Rodarte, Kate y Laura Mulleavy, son conocidas por llevar su est\u00e9tica caprichosa m\u00e1s all\u00e1 de la\u2026","rel":"","context":"En \u00abAccesorios\u00bb","img":{"alt_text":"","src":"https:\/\/i0.wp.com\/www.moda.es\/blog\/wp-content\/uploads\/2013\/09\/rodarte1.jpg?fit=500%2C400&resize=350%2C200","width":350,"height":200},"classes":[]},{"id":20351,"url":"http:\/\/www.moda.es\/blog\/que-podemos-esperar-de-la-colaboracion-entre-other-stories-y-rodarte\/","url_meta":{"origin":21959,"position":2},"title":"\u00bfQu\u00e9 podemos esperar de la colaboraci\u00f3n entre &amp; Other Stories y Rodarte?","date":"febrero 26, 2016","format":false,"excerpt":"Apenas quedan unas semanas. El pr\u00f3ximo 17 de marzo al fin veremos en las tiendas y online la colecci\u00f3n que las chicas de Rodarte (Laura y\u00a0Kate Mulleavy) han creado para & Other Stories. Las creadoras que han llenado las alfombras rojas con sus et\u00e9reos modelos de los que\u00a0Keira Knightley, Natalie\u2026","rel":"","context":"En \u00abActualidad\u00bb","img":{"alt_text":"","src":"https:\/\/i0.wp.com\/www.moda.es\/blog\/wp-content\/uploads\/2016\/02\/Captura-de-pantalla-2016-02-26-a-las-4.23.42.png?fit=367%2C589&resize=350%2C200","width":350,"height":200},"classes":[]},{"id":459,"url":"http:\/\/www.moda.es\/blog\/el-cisne-de-rodarte\/","url_meta":{"origin":21959,"position":3},"title":"El cisne de Rodarte","date":"enero 3, 2011","format":false,"excerpt":"Aguardando a que se estrene el esperado \u00faltimo film de Darren Aronofsky, El cisne negro,\u00a0(previsto en nuestro pa\u00eds para febrero) y atrapada por\u00a0su tr\u00e1iler, nos podemos entretener un poco\u00a0con la\u00a0historia que hay detr\u00e1s del vestuario\u00a0que luce Natalie Portman. Las hermanas Laura y Kate Mulleavy o, en una palabra, Rodarte, han\u00a0puesto\u00a0toda\u2026","rel":"","context":"En \u00abDise\u00f1adores\u00bb","img":{"alt_text":"","src":"https:\/\/i0.wp.com\/www.moda.es\/blog\/wp-content\/uploads\/2011\/01\/natalie11.jpg?fit=400%2C600&resize=350%2C200","width":350,"height":200},"classes":[]},{"id":7285,"url":"http:\/\/www.moda.es\/blog\/rodarte-baila-con-nueva-york\/","url_meta":{"origin":21959,"position":4},"title":"Rodarte baila con Nueva York","date":"mayo 31, 2012","format":false,"excerpt":"La relaci\u00f3n de Rodarte con el ballet no es nada nuevo. Las hermanas Mulleavy crearon hace un par de a\u00f1os el vestuario de Natalie Portman en el film psicol\u00f3gico de Cisne Negro, en parte, ellas fueron responsables de las transformaci\u00f3n de la actriz en el cisne. Ahora su conquista ha\u2026","rel":"","context":"En \u00abFirmas\u00bb","img":{"alt_text":"","src":"https:\/\/i0.wp.com\/www.moda.es\/blog\/wp-content\/uploads\/2012\/05\/tumblr_m42po1CFCW1qgn23wo1_1280-e13384213797851.jpg?fit=500%2C394&resize=350%2C200","width":350,"height":200},"classes":[]},{"id":863,"url":"http:\/\/www.moda.es\/blog\/semana-de-la-moda-infinita-2\/","url_meta":{"origin":21959,"position":5},"title":"Semana de la moda infinita (2)","date":"febrero 18, 2011","format":false,"excerpt":"Ayer os hablaba con algo de detalle sobre el desfile de Proenza Schouler. Hoy me gustar\u00eda detenerme en dos de mis dise\u00f1adores (mejor dicho, tres por las hermanas Mulleavy)\u00a0favoritos: Marc Jacobs y Rodarte.\u00a0 Otro giro de 180 grados en Marc Jacobs. Si en la colecci\u00f3n Primavera\/ Verano 2011 volv\u00eda la\u2026","rel":"","context":"En \u00abPasarelas\u00bb","img":{"alt_text":"","src":"https:\/\/i0.wp.com\/www.thefashionpolice.net\/wp-content\/uploads\/2011\/02\/marc-jacobs-fall-2011-runway.jpg?resize=350%2C200","width":350,"height":200},"classes":[]}],"_links":{"self":[{"href":"http:\/\/www.moda.es\/blog\/wp-json\/wp\/v2\/posts\/21959"}],"collection":[{"href":"http:\/\/www.moda.es\/blog\/wp-json\/wp\/v2\/posts"}],"about":[{"href":"http:\/\/www.moda.es\/blog\/wp-json\/wp\/v2\/types\/post"}],"author":[{"embeddable":true,"href":"http:\/\/www.moda.es\/blog\/wp-json\/wp\/v2\/users\/3"}],"replies":[{"embeddable":true,"href":"http:\/\/www.moda.es\/blog\/wp-json\/wp\/v2\/comments?post=21959"}],"version-history":[{"count":7,"href":"http:\/\/www.moda.es\/blog\/wp-json\/wp\/v2\/posts\/21959\/revisions"}],"predecessor-version":[{"id":35771,"href":"http:\/\/www.moda.es\/blog\/wp-json\/wp\/v2\/posts\/21959\/revisions\/35771"}],"wp:featuredmedia":[{"embeddable":true,"href":"http:\/\/www.moda.es\/blog\/wp-json\/wp\/v2\/media\/21960"}],"wp:attachment":[{"href":"http:\/\/www.moda.es\/blog\/wp-json\/wp\/v2\/media?parent=21959"}],"wp:term":[{"taxonomy":"category","embeddable":true,"href":"http:\/\/www.moda.es\/blog\/wp-json\/wp\/v2\/categories?post=21959"},{"taxonomy":"post_tag","embeddable":true,"href":"http:\/\/www.moda.es\/blog\/wp-json\/wp\/v2\/tags?post=21959"}],"curies":[{"name":"wp","href":"https:\/\/api.w.org\/{rel}","templated":true}]}}