{"id":21863,"date":"2017-03-09T21:53:20","date_gmt":"2017-03-09T20:53:20","guid":{"rendered":"http:\/\/www.moda.es\/blog\/?p=21863"},"modified":"2020-04-27T16:02:45","modified_gmt":"2020-04-27T15:02:45","slug":"las-campanas-de-saint-laurent-denunciadas-por-sexistas","status":"publish","type":"post","link":"http:\/\/www.moda.es\/blog\/las-campanas-de-saint-laurent-denunciadas-por-sexistas\/","title":{"rendered":"Las campa\u00f1as de Saint Laurent denunciadas por sexistas"},"content":{"rendered":"<p>En plena semana de la moda, \u00a0la Autorit\u00e9 de R\u00e9gulation Professionnelle de la Publicit\u00e9 (ARPP) ha pedido a <strong>Saint Laurent<\/strong> que modifique dos de sus nuevos anuncios despu\u00e9s de recibir 50 denuncias que califican las im\u00e1genes\u00a0de \u00abdegradantes para las mujeres\u00bb.<\/p>\n<p><a href=\"http:\/\/www.moda.es\/blog\/las-campanas-de-saint-laurent-denunciadas-por-sexistas\/captura-de-pantalla-2017-03-09-a-las-21-31-59\/\" rel=\"attachment wp-att-21865\"><img data-attachment-id=\"21865\" data-permalink=\"http:\/\/www.moda.es\/blog\/las-campanas-de-saint-laurent-denunciadas-por-sexistas\/captura-de-pantalla-2017-03-09-a-las-21-31-59\/\" data-orig-file=\"https:\/\/i0.wp.com\/www.moda.es\/blog\/wp-content\/uploads\/2017\/03\/Captura-de-pantalla-2017-03-09-a-las-21.31.59.png?fit=604%2C515\" data-orig-size=\"604,515\" data-comments-opened=\"1\" data-image-meta=\"{&quot;aperture&quot;:&quot;0&quot;,&quot;credit&quot;:&quot;&quot;,&quot;camera&quot;:&quot;&quot;,&quot;caption&quot;:&quot;&quot;,&quot;created_timestamp&quot;:&quot;0&quot;,&quot;copyright&quot;:&quot;&quot;,&quot;focal_length&quot;:&quot;0&quot;,&quot;iso&quot;:&quot;0&quot;,&quot;shutter_speed&quot;:&quot;0&quot;,&quot;title&quot;:&quot;&quot;,&quot;orientation&quot;:&quot;0&quot;}\" data-image-title=\"Captura de pantalla 2017-03-09 a las 21.31.59\" data-image-description=\"\" data-image-caption=\"\" data-medium-file=\"https:\/\/i0.wp.com\/www.moda.es\/blog\/wp-content\/uploads\/2017\/03\/Captura-de-pantalla-2017-03-09-a-las-21.31.59.png?fit=300%2C256\" data-large-file=\"https:\/\/i0.wp.com\/www.moda.es\/blog\/wp-content\/uploads\/2017\/03\/Captura-de-pantalla-2017-03-09-a-las-21.31.59.png?fit=604%2C515\" loading=\"lazy\" class=\"aligncenter size-medium wp-image-21865\" src=\"https:\/\/i0.wp.com\/www.moda.es\/blog\/wp-content\/uploads\/2017\/03\/Captura-de-pantalla-2017-03-09-a-las-21.31.59.png?resize=300%2C256\" alt=\"\" width=\"300\" height=\"256\" srcset=\"https:\/\/i0.wp.com\/www.moda.es\/blog\/wp-content\/uploads\/2017\/03\/Captura-de-pantalla-2017-03-09-a-las-21.31.59.png?resize=300%2C256 300w, https:\/\/i0.wp.com\/www.moda.es\/blog\/wp-content\/uploads\/2017\/03\/Captura-de-pantalla-2017-03-09-a-las-21.31.59.png?resize=420%2C358 420w, https:\/\/i0.wp.com\/www.moda.es\/blog\/wp-content\/uploads\/2017\/03\/Captura-de-pantalla-2017-03-09-a-las-21.31.59.png?w=604 604w\" sizes=\"(max-width: 300px) 100vw, 300px\" data-recalc-dims=\"1\" \/><\/a><\/p>\n<p>Las im\u00e1genes son de la campa\u00f1a <strong>primavera &#8211; verano 2017<\/strong> para la casa, que est\u00e1 bajo la direcci\u00f3n creativa de <strong>Anthony Vaccarello<\/strong>. Las dos im\u00e1genes muestran una mujer con tacones sobre patines sentada en\u00a0un taburete y otra de una mujer con medias de red con las piernas extendidas hacia la c\u00e1mara. Los usuarios de Twitter se apresuraron a plantear sus preocupaciones aunque la casa no ha twitteado desde el <strong>3 de marzo<\/strong>.<br \/>\n\u00abPedimos a la marca y al publicador de anuncios que realicen cambios en estas im\u00e1genes tan pronto como sea posible\u00bb, ha declarado<strong>\u00a0Stephane Martin<\/strong>, directora de ARPP, aunque las modificaciones solicitadas no se conocen en este momento. Agreg\u00f3 que los anuncios infring\u00edan las normas establecidas por su organismo que est\u00e1n en vigor para <strong>preservar la \u00abdignidad y respeto en la representaci\u00f3n de la persona\u00bb.<\/strong><\/p>\n<p>Por el momento desde Saint Laurent no se ha respondido a las peticiones de la ARPP. Ma\u00f1ana, un comit\u00e9 de \u00e9tica independiente \u00a0decidir\u00e1 si hay fundamento para las quejas y, en caso afirmativo, tendr\u00e1\u00a0derecho a pedir a la marca que retire los anuncios.<\/p>\n<p>\u00bfQu\u00e9 opinas? \u00bfCrees que las protestas tienen fundamento?<\/p>\n<p><a href=\"http:\/\/www.moda.es\/blog\/las-campanas-de-saint-laurent-denunciadas-por-sexistas\/captura-de-pantalla-2017-03-09-a-las-21-32-13\/\" rel=\"attachment wp-att-21864\"><img data-attachment-id=\"21864\" data-permalink=\"http:\/\/www.moda.es\/blog\/las-campanas-de-saint-laurent-denunciadas-por-sexistas\/captura-de-pantalla-2017-03-09-a-las-21-32-13\/\" data-orig-file=\"https:\/\/i0.wp.com\/www.moda.es\/blog\/wp-content\/uploads\/2017\/03\/Captura-de-pantalla-2017-03-09-a-las-21.32.13.png?fit=542%2C468\" data-orig-size=\"542,468\" data-comments-opened=\"1\" data-image-meta=\"{&quot;aperture&quot;:&quot;0&quot;,&quot;credit&quot;:&quot;&quot;,&quot;camera&quot;:&quot;&quot;,&quot;caption&quot;:&quot;&quot;,&quot;created_timestamp&quot;:&quot;0&quot;,&quot;copyright&quot;:&quot;&quot;,&quot;focal_length&quot;:&quot;0&quot;,&quot;iso&quot;:&quot;0&quot;,&quot;shutter_speed&quot;:&quot;0&quot;,&quot;title&quot;:&quot;&quot;,&quot;orientation&quot;:&quot;0&quot;}\" data-image-title=\"Captura de pantalla 2017-03-09 a las 21.32.13\" data-image-description=\"\" data-image-caption=\"\" data-medium-file=\"https:\/\/i0.wp.com\/www.moda.es\/blog\/wp-content\/uploads\/2017\/03\/Captura-de-pantalla-2017-03-09-a-las-21.32.13.png?fit=300%2C259\" data-large-file=\"https:\/\/i0.wp.com\/www.moda.es\/blog\/wp-content\/uploads\/2017\/03\/Captura-de-pantalla-2017-03-09-a-las-21.32.13.png?fit=542%2C468\" loading=\"lazy\" class=\"aligncenter size-medium wp-image-21864\" src=\"https:\/\/i0.wp.com\/www.moda.es\/blog\/wp-content\/uploads\/2017\/03\/Captura-de-pantalla-2017-03-09-a-las-21.32.13.png?resize=300%2C259\" alt=\"\" width=\"300\" height=\"259\" srcset=\"https:\/\/i0.wp.com\/www.moda.es\/blog\/wp-content\/uploads\/2017\/03\/Captura-de-pantalla-2017-03-09-a-las-21.32.13.png?resize=300%2C259 300w, https:\/\/i0.wp.com\/www.moda.es\/blog\/wp-content\/uploads\/2017\/03\/Captura-de-pantalla-2017-03-09-a-las-21.32.13.png?resize=420%2C363 420w, https:\/\/i0.wp.com\/www.moda.es\/blog\/wp-content\/uploads\/2017\/03\/Captura-de-pantalla-2017-03-09-a-las-21.32.13.png?w=542 542w\" sizes=\"(max-width: 300px) 100vw, 300px\" data-recalc-dims=\"1\" \/><\/a><\/p>\n<p>\u00a9Vogue UK                             <\/p>\n","protected":false},"excerpt":{"rendered":"<p>En plena semana de la moda, \u00a0la Autorit\u00e9 de R\u00e9gulation Professionnelle de la Publicit\u00e9 (ARPP) ha pedido a Saint Laurent que modifique dos de sus nuevos anuncios despu\u00e9s de recibir 50 denuncias que califican las im\u00e1genes\u00a0de \u00abdegradantes para las mujeres\u00bb. Las im\u00e1genes son de la campa\u00f1a primavera &#8211; verano 2017 [&hellip;]<\/p>\n","protected":false},"author":3,"featured_media":21864,"comment_status":"open","ping_status":"open","sticky":false,"template":"","format":"standard","meta":{"jetpack_publicize_message":"","jetpack_is_tweetstorm":false,"jetpack_publicize_feature_enabled":true},"categories":[3,8,11,14],"tags":[94,792],"jetpack_publicize_connections":[],"jetpack_featured_media_url":"https:\/\/i0.wp.com\/www.moda.es\/blog\/wp-content\/uploads\/2017\/03\/Captura-de-pantalla-2017-03-09-a-las-21.32.13.png?fit=542%2C468","jetpack_sharing_enabled":true,"jetpack_shortlink":"https:\/\/wp.me\/p4tJCC-5GD","jetpack-related-posts":[{"id":20829,"url":"http:\/\/www.moda.es\/blog\/el-nuevo-estilo-de-saint-laurent\/","url_meta":{"origin":21863,"position":0},"title":"El nuevo estilo de Saint Laurent","date":"junio 28, 2016","format":false,"excerpt":"\u00bfQu\u00e9 podemos esperar de Anthony Vaccarello en su nuevo papel como director creativo de Saint Laurent? Una sola palabra: sexy. Desde que reemplaz\u00f3 a Hedi Slimane en abril, se ha hablado mucho de la inclinaci\u00f3n de Vaccarello hacia las\u00a0siluetas torso desnudo\u00a0que hacen que la ropa interior sea ompletamente redundante. \u00bfC\u00f3mo\u2026","rel":"","context":"En \u00abActualidad\u00bb","img":{"alt_text":"","src":"https:\/\/i0.wp.com\/www.moda.es\/blog\/wp-content\/uploads\/2016\/06\/Captura-de-pantalla-2016-06-28-a-las-21.38.20.png?fit=548%2C360&resize=350%2C200","width":350,"height":200},"classes":[]},{"id":21083,"url":"http:\/\/www.moda.es\/blog\/anthony-vaccarello-nos-da-pistas-de-su-primera-coleccion-para-saint-laurent\/","url_meta":{"origin":21863,"position":1},"title":"Anthony Vaccarello nos da pistas de su primera colecci\u00f3n para Saint Laurent","date":"septiembre 17, 2016","format":false,"excerpt":"El jueves por la ma\u00f1ana, a menos de dos semanas para\u00a0la Semana de la Moda de Par\u00eds, Anthony Vaccarello nos dio un adelanto de lo que le espera a\u00a0Saint Laurent cuando llegue la primavera de 2017. Es\u00a0algo mejor\u00a0de lo que el director creativo revel\u00f3\u00a0en junio, pues entonces no hab\u00eda apenas\u00a0ropa.\u2026","rel":"","context":"En \u00abActualidad\u00bb","img":{"alt_text":"","src":"https:\/\/i0.wp.com\/www.moda.es\/blog\/wp-content\/uploads\/2016\/09\/Captura-de-pantalla-2016-09-17-a-las-18.03.14.png?fit=611%2C452&resize=350%2C200","width":350,"height":200},"classes":[]},{"id":20493,"url":"http:\/\/www.moda.es\/blog\/anthony-vacarello-nuevo-director-creativo-de-saint-laurent\/","url_meta":{"origin":21863,"position":2},"title":"Anthony Vacarello nuevo director creativo de Saint Laurent","date":"abril 4, 2016","format":false,"excerpt":"Anthony Vaccarello\u00a0ha sido nombrado director creativo de Yves Saint Laurent\u00a0con efecto inmediato, confirmando los rumores generalizados de que el dise\u00f1ador suceder\u00eda a Hedi Slimane. En el d\u00eda de hoy se ha confirmado\u00a0que Vaccarello abandonaba\u00a0su papel como director creativo de la l\u00ednea Versus de Versace, allanando el camino para su llegada\u2026","rel":"","context":"En \u00abActualidad\u00bb","img":{"alt_text":"","src":"https:\/\/i0.wp.com\/www.moda.es\/blog\/wp-content\/uploads\/2016\/04\/Captura-de-pantalla-2016-04-04-a-las-22.47.49.png?fit=291%2C435&resize=350%2C200","width":350,"height":200},"classes":[]},{"id":21123,"url":"http:\/\/www.moda.es\/blog\/el-gran-debut-de-vaccarello-en-ysl\/","url_meta":{"origin":21863,"position":3},"title":"El gran debut de Vaccarello en YSL","date":"septiembre 29, 2016","format":false,"excerpt":"El desfile m\u00e1s esperado de la Semana de la Moda de Par\u00eds ha sido el del debut de Anthony Vaccarello en Yves Saint Laurent, y no ha decepcionado. Para empezar a recuperado a Yves. Desus\u00e9 de a\u00f1os de un sucinto Saint Laurent instaurado por Hedi Slimane un gran ne\u00f3n con\u2026","rel":"","context":"En \u00abDise\u00f1adores\u00bb","img":{"alt_text":"","src":"https:\/\/i0.wp.com\/www.moda.es\/blog\/wp-content\/uploads\/2016\/09\/Captura-de-pantalla-2016-09-29-a-las-20.12.39.png?fit=619%2C408&resize=350%2C200","width":350,"height":200},"classes":[]},{"id":20203,"url":"http:\/\/www.moda.es\/blog\/vacarello-como-sustituto-de-slimane\/","url_meta":{"origin":21863,"position":4},"title":"\u00bfVacarello como sustituto de Slimane?","date":"enero 15, 2016","format":false,"excerpt":"Aunque Yves Saint Laurent fue muy insistente hace s\u00f3lo una semana sobre los rumores de\u00a0la salida de su director creativo, Hedi Slimane, diciendo que eran\u00a0s\u00f3lo \"falsas especulaciones\", los rumores no van a desaparecer, \u00a0y esta vez, \u00a0adem\u00e1s hay un sucesor\u00a0en debate:\u00a0Antony Vaccarello. Las negociaciones del contrato de Slimane todav\u00eda no\u2026","rel":"","context":"En \u00abActualidad\u00bb","img":{"alt_text":"","src":"https:\/\/i0.wp.com\/www.moda.es\/blog\/wp-content\/uploads\/2016\/01\/Captura-de-pantalla-2016-01-15-a-las-22.52.09.png?fit=300%2C451&resize=350%2C200","width":350,"height":200},"classes":[]},{"id":20489,"url":"http:\/\/www.moda.es\/blog\/hedi-slimane-abandona-saint-laurent\/","url_meta":{"origin":21863,"position":5},"title":"Hedi Slimane abandona Saint Laurent","date":"abril 2, 2016","format":false,"excerpt":"Hedi Slimane,ha abandonado su papel de director creativo\u00a0de\u00a0Saint Laurent\u00a0seg\u00fan ha anunciado el\u00a0\u00a0propietario de Kering. El anuncio se ha producido en el momento en el que finalizaba su contrato con la \u00a0confirmando los rumores que han estado circulando por la industria de la moda desde finales del a\u00f1o pasado. \"Lo que\u2026","rel":"","context":"En \u00abActualidad\u00bb","img":{"alt_text":"","src":"https:\/\/i0.wp.com\/www.moda.es\/blog\/wp-content\/uploads\/2016\/04\/Captura-de-pantalla-2016-04-02-a-las-18.25.45.png?fit=778%2C517&resize=350%2C200","width":350,"height":200},"classes":[]}],"_links":{"self":[{"href":"http:\/\/www.moda.es\/blog\/wp-json\/wp\/v2\/posts\/21863"}],"collection":[{"href":"http:\/\/www.moda.es\/blog\/wp-json\/wp\/v2\/posts"}],"about":[{"href":"http:\/\/www.moda.es\/blog\/wp-json\/wp\/v2\/types\/post"}],"author":[{"embeddable":true,"href":"http:\/\/www.moda.es\/blog\/wp-json\/wp\/v2\/users\/3"}],"replies":[{"embeddable":true,"href":"http:\/\/www.moda.es\/blog\/wp-json\/wp\/v2\/comments?post=21863"}],"version-history":[{"count":7,"href":"http:\/\/www.moda.es\/blog\/wp-json\/wp\/v2\/posts\/21863\/revisions"}],"predecessor-version":[{"id":35786,"href":"http:\/\/www.moda.es\/blog\/wp-json\/wp\/v2\/posts\/21863\/revisions\/35786"}],"wp:featuredmedia":[{"embeddable":true,"href":"http:\/\/www.moda.es\/blog\/wp-json\/wp\/v2\/media\/21864"}],"wp:attachment":[{"href":"http:\/\/www.moda.es\/blog\/wp-json\/wp\/v2\/media?parent=21863"}],"wp:term":[{"taxonomy":"category","embeddable":true,"href":"http:\/\/www.moda.es\/blog\/wp-json\/wp\/v2\/categories?post=21863"},{"taxonomy":"post_tag","embeddable":true,"href":"http:\/\/www.moda.es\/blog\/wp-json\/wp\/v2\/tags?post=21863"}],"curies":[{"name":"wp","href":"https:\/\/api.w.org\/{rel}","templated":true}]}}