{"id":21808,"date":"2017-02-24T18:37:06","date_gmt":"2017-02-24T17:37:06","guid":{"rendered":"http:\/\/www.moda.es\/blog\/?p=21808"},"modified":"2020-04-27T16:03:33","modified_gmt":"2020-04-27T15:03:33","slug":"descubre-tu-nuevo-capricho-de-chanel","status":"publish","type":"post","link":"http:\/\/www.moda.es\/blog\/descubre-tu-nuevo-capricho-de-chanel\/","title":{"rendered":"Descubre tu nuevo capricho de Chanel"},"content":{"rendered":"<p><strong>Coco Chanel<\/strong> (Gabrielle) ha inspirado muchos bolsos ic\u00f3nicos y fragancias, la mayor\u00eda de los cuales tienen un nombre dulce, de dos s\u00edlabas.<\/p>\n<p>Sin embargo, el\u00a0nuevo bolso de la\u00a0casa de moda tomar\u00e1 el nombre de pila de su fundadora. Hoy, Chanel ha presentado\u00a0los detalles de su pr\u00f3xima l\u00ednea <strong>Gabrielle,<\/strong> el primer modelo de bolso de la marca (nuevo) desde el Boy de <strong>2011.<\/strong> La gama cuenta con bolsos de hombro acolchados, con cadenas en las\u00a0correas y mini mochilas en forma de saco\u00a0hechas en piel de cordero negra cl\u00e1sica, cueros ex\u00f3ticos en una elegante gama de colores.<\/p>\n<p>La colecci\u00f3n\u00a0llegar\u00e1 a las tiendas esta primavera, algunos ya en marzo y costar\u00e1n <strong>entre 3.000 y 33.000 euros<\/strong>, dependiendo del modelo\u00a0y el material.<\/p>\n<p><a href=\"http:\/\/www.moda.es\/blog\/descubre-tu-nuevo-capricho-de-chanel\/captura-de-pantalla-2017-02-24-a-las-18-25-10\/\" rel=\"attachment wp-att-21813\"><img data-attachment-id=\"21813\" data-permalink=\"http:\/\/www.moda.es\/blog\/descubre-tu-nuevo-capricho-de-chanel\/captura-de-pantalla-2017-02-24-a-las-18-25-10\/\" data-orig-file=\"https:\/\/i0.wp.com\/www.moda.es\/blog\/wp-content\/uploads\/2017\/02\/Captura-de-pantalla-2017-02-24-a-las-18.25.10.png?fit=559%2C303\" data-orig-size=\"559,303\" data-comments-opened=\"1\" data-image-meta=\"{&quot;aperture&quot;:&quot;0&quot;,&quot;credit&quot;:&quot;&quot;,&quot;camera&quot;:&quot;&quot;,&quot;caption&quot;:&quot;&quot;,&quot;created_timestamp&quot;:&quot;0&quot;,&quot;copyright&quot;:&quot;&quot;,&quot;focal_length&quot;:&quot;0&quot;,&quot;iso&quot;:&quot;0&quot;,&quot;shutter_speed&quot;:&quot;0&quot;,&quot;title&quot;:&quot;&quot;,&quot;orientation&quot;:&quot;0&quot;}\" data-image-title=\"Captura de pantalla 2017-02-24 a las 18.25.10\" data-image-description=\"\" data-image-caption=\"\" data-medium-file=\"https:\/\/i0.wp.com\/www.moda.es\/blog\/wp-content\/uploads\/2017\/02\/Captura-de-pantalla-2017-02-24-a-las-18.25.10.png?fit=300%2C163\" data-large-file=\"https:\/\/i0.wp.com\/www.moda.es\/blog\/wp-content\/uploads\/2017\/02\/Captura-de-pantalla-2017-02-24-a-las-18.25.10.png?fit=559%2C303\" loading=\"lazy\" class=\"aligncenter size-medium wp-image-21813\" src=\"https:\/\/i0.wp.com\/www.moda.es\/blog\/wp-content\/uploads\/2017\/02\/Captura-de-pantalla-2017-02-24-a-las-18.25.10.png?resize=300%2C163\" alt=\"\" width=\"300\" height=\"163\" srcset=\"https:\/\/i0.wp.com\/www.moda.es\/blog\/wp-content\/uploads\/2017\/02\/Captura-de-pantalla-2017-02-24-a-las-18.25.10.png?resize=300%2C163 300w, https:\/\/i0.wp.com\/www.moda.es\/blog\/wp-content\/uploads\/2017\/02\/Captura-de-pantalla-2017-02-24-a-las-18.25.10.png?resize=420%2C228 420w, https:\/\/i0.wp.com\/www.moda.es\/blog\/wp-content\/uploads\/2017\/02\/Captura-de-pantalla-2017-02-24-a-las-18.25.10.png?w=559 559w\" sizes=\"(max-width: 300px) 100vw, 300px\" data-recalc-dims=\"1\" \/><\/a><\/p>\n<p>\u00abGabrielle no es un simple nombre: es una invitaci\u00f3n a todas las mujeres para que tengan fe en qui\u00e9nes son y <strong>escuchen su propia voz<\/strong>\u00ab, escribi\u00f3 la marca en un comunicado de prensa. Chanel no est\u00e1 ciega al efecto que el clima pol\u00edtico actual ha tenido en los habitantes del mundo de la moda.<\/p>\n<p>La marca acompa\u00f1\u00f3 su noticia de lanzamiento con un video titulado <em>Gabrielle, A Rebel At Heart<\/em>. La 18\u00aa entrega de la popular serie <em>Inside Chanel<\/em> de la marca y el primero de cuatro episodios que se centrar\u00e1 en Gabrielle Chanel. Estos v\u00eddeos explican c\u00f3mo la vida de la dise\u00f1adora se puede resumir en tres verbos: <strong>elegir, desear y ser<\/strong>.<\/p>\n<p>No te pierdas el v\u00eddeo.<\/p>\n<div class=\"jetpack-video-wrapper\"><span class=\"embed-youtube\" style=\"text-align:center; display: block;\"><iframe loading=\"lazy\" class=\"youtube-player\" width=\"640\" height=\"360\" src=\"https:\/\/www.youtube.com\/embed\/l6hSh_J8oZU?version=3&#038;rel=1&#038;showsearch=0&#038;showinfo=1&#038;iv_load_policy=1&#038;fs=1&#038;hl=es-ES&#038;autohide=2&#038;wmode=transparent\" allowfullscreen=\"true\" style=\"border:0;\" sandbox=\"allow-scripts allow-same-origin allow-popups allow-presentation\"><\/iframe><\/span><\/div>\n<div data-carousel-extra='{\"blog_id\":1,\"permalink\":\"http:\\\/\\\/www.moda.es\\\/blog\\\/descubre-tu-nuevo-capricho-de-chanel\\\/\"}' id='gallery-1' class='gallery galleryid-21808 gallery-columns-2 gallery-size-thumbnail'><figure class='gallery-item'>\n\t\t\t<div class='gallery-icon portrait'>\n\t\t\t\t<a href='http:\/\/www.moda.es\/blog\/descubre-tu-nuevo-capricho-de-chanel\/captura-de-pantalla-2017-02-24-a-las-18-24-39\/'><img width=\"150\" height=\"150\" src=\"https:\/\/i0.wp.com\/www.moda.es\/blog\/wp-content\/uploads\/2017\/02\/Captura-de-pantalla-2017-02-24-a-las-18.24.39.png?resize=150%2C150\" class=\"attachment-thumbnail size-thumbnail\" alt=\"\" loading=\"lazy\" srcset=\"https:\/\/i0.wp.com\/www.moda.es\/blog\/wp-content\/uploads\/2017\/02\/Captura-de-pantalla-2017-02-24-a-las-18.24.39.png?w=364 364w, https:\/\/i0.wp.com\/www.moda.es\/blog\/wp-content\/uploads\/2017\/02\/Captura-de-pantalla-2017-02-24-a-las-18.24.39.png?resize=150%2C150 150w, https:\/\/i0.wp.com\/www.moda.es\/blog\/wp-content\/uploads\/2017\/02\/Captura-de-pantalla-2017-02-24-a-las-18.24.39.png?resize=298%2C300 298w\" sizes=\"(max-width: 150px) 100vw, 150px\" data-attachment-id=\"21809\" data-permalink=\"http:\/\/www.moda.es\/blog\/descubre-tu-nuevo-capricho-de-chanel\/captura-de-pantalla-2017-02-24-a-las-18-24-39\/\" data-orig-file=\"https:\/\/i0.wp.com\/www.moda.es\/blog\/wp-content\/uploads\/2017\/02\/Captura-de-pantalla-2017-02-24-a-las-18.24.39.png?fit=364%2C367\" data-orig-size=\"364,367\" data-comments-opened=\"1\" data-image-meta=\"{&quot;aperture&quot;:&quot;0&quot;,&quot;credit&quot;:&quot;&quot;,&quot;camera&quot;:&quot;&quot;,&quot;caption&quot;:&quot;&quot;,&quot;created_timestamp&quot;:&quot;0&quot;,&quot;copyright&quot;:&quot;&quot;,&quot;focal_length&quot;:&quot;0&quot;,&quot;iso&quot;:&quot;0&quot;,&quot;shutter_speed&quot;:&quot;0&quot;,&quot;title&quot;:&quot;&quot;,&quot;orientation&quot;:&quot;0&quot;}\" data-image-title=\"Captura de pantalla 2017-02-24 a las 18.24.39\" data-image-description=\"\" data-image-caption=\"\" data-medium-file=\"https:\/\/i0.wp.com\/www.moda.es\/blog\/wp-content\/uploads\/2017\/02\/Captura-de-pantalla-2017-02-24-a-las-18.24.39.png?fit=298%2C300\" data-large-file=\"https:\/\/i0.wp.com\/www.moda.es\/blog\/wp-content\/uploads\/2017\/02\/Captura-de-pantalla-2017-02-24-a-las-18.24.39.png?fit=364%2C367\" \/><\/a>\n\t\t\t<\/div><\/figure><figure class='gallery-item'>\n\t\t\t<div class='gallery-icon landscape'>\n\t\t\t\t<a href='http:\/\/www.moda.es\/blog\/descubre-tu-nuevo-capricho-de-chanel\/captura-de-pantalla-2017-02-24-a-las-18-24-29\/'><img width=\"150\" height=\"150\" src=\"https:\/\/i0.wp.com\/www.moda.es\/blog\/wp-content\/uploads\/2017\/02\/Captura-de-pantalla-2017-02-24-a-las-18.24.29.png?resize=150%2C150\" class=\"attachment-thumbnail size-thumbnail\" alt=\"\" loading=\"lazy\" srcset=\"https:\/\/i0.wp.com\/www.moda.es\/blog\/wp-content\/uploads\/2017\/02\/Captura-de-pantalla-2017-02-24-a-las-18.24.29.png?resize=150%2C150 150w, https:\/\/i0.wp.com\/www.moda.es\/blog\/wp-content\/uploads\/2017\/02\/Captura-de-pantalla-2017-02-24-a-las-18.24.29.png?zoom=2&amp;resize=150%2C150 300w, https:\/\/i0.wp.com\/www.moda.es\/blog\/wp-content\/uploads\/2017\/02\/Captura-de-pantalla-2017-02-24-a-las-18.24.29.png?zoom=3&amp;resize=150%2C150 450w\" sizes=\"(max-width: 150px) 100vw, 150px\" data-attachment-id=\"21810\" data-permalink=\"http:\/\/www.moda.es\/blog\/descubre-tu-nuevo-capricho-de-chanel\/captura-de-pantalla-2017-02-24-a-las-18-24-29\/\" data-orig-file=\"https:\/\/i0.wp.com\/www.moda.es\/blog\/wp-content\/uploads\/2017\/02\/Captura-de-pantalla-2017-02-24-a-las-18.24.29.png?fit=455%2C392\" data-orig-size=\"455,392\" data-comments-opened=\"1\" data-image-meta=\"{&quot;aperture&quot;:&quot;0&quot;,&quot;credit&quot;:&quot;&quot;,&quot;camera&quot;:&quot;&quot;,&quot;caption&quot;:&quot;&quot;,&quot;created_timestamp&quot;:&quot;0&quot;,&quot;copyright&quot;:&quot;&quot;,&quot;focal_length&quot;:&quot;0&quot;,&quot;iso&quot;:&quot;0&quot;,&quot;shutter_speed&quot;:&quot;0&quot;,&quot;title&quot;:&quot;&quot;,&quot;orientation&quot;:&quot;0&quot;}\" data-image-title=\"Captura de pantalla 2017-02-24 a las 18.24.29\" data-image-description=\"\" data-image-caption=\"\" data-medium-file=\"https:\/\/i0.wp.com\/www.moda.es\/blog\/wp-content\/uploads\/2017\/02\/Captura-de-pantalla-2017-02-24-a-las-18.24.29.png?fit=300%2C258\" data-large-file=\"https:\/\/i0.wp.com\/www.moda.es\/blog\/wp-content\/uploads\/2017\/02\/Captura-de-pantalla-2017-02-24-a-las-18.24.29.png?fit=455%2C392\" \/><\/a>\n\t\t\t<\/div><\/figure><figure class='gallery-item'>\n\t\t\t<div class='gallery-icon landscape'>\n\t\t\t\t<a href='http:\/\/www.moda.es\/blog\/descubre-tu-nuevo-capricho-de-chanel\/captura-de-pantalla-2017-02-24-a-las-18-24-47\/'><img width=\"150\" height=\"150\" src=\"https:\/\/i0.wp.com\/www.moda.es\/blog\/wp-content\/uploads\/2017\/02\/Captura-de-pantalla-2017-02-24-a-las-18.24.47.png?resize=150%2C150\" class=\"attachment-thumbnail size-thumbnail\" alt=\"\" loading=\"lazy\" srcset=\"https:\/\/i0.wp.com\/www.moda.es\/blog\/wp-content\/uploads\/2017\/02\/Captura-de-pantalla-2017-02-24-a-las-18.24.47.png?resize=150%2C150 150w, https:\/\/i0.wp.com\/www.moda.es\/blog\/wp-content\/uploads\/2017\/02\/Captura-de-pantalla-2017-02-24-a-las-18.24.47.png?zoom=2&amp;resize=150%2C150 300w\" sizes=\"(max-width: 150px) 100vw, 150px\" data-attachment-id=\"21811\" data-permalink=\"http:\/\/www.moda.es\/blog\/descubre-tu-nuevo-capricho-de-chanel\/captura-de-pantalla-2017-02-24-a-las-18-24-47\/\" data-orig-file=\"https:\/\/i0.wp.com\/www.moda.es\/blog\/wp-content\/uploads\/2017\/02\/Captura-de-pantalla-2017-02-24-a-las-18.24.47.png?fit=415%2C329\" data-orig-size=\"415,329\" data-comments-opened=\"1\" data-image-meta=\"{&quot;aperture&quot;:&quot;0&quot;,&quot;credit&quot;:&quot;&quot;,&quot;camera&quot;:&quot;&quot;,&quot;caption&quot;:&quot;&quot;,&quot;created_timestamp&quot;:&quot;0&quot;,&quot;copyright&quot;:&quot;&quot;,&quot;focal_length&quot;:&quot;0&quot;,&quot;iso&quot;:&quot;0&quot;,&quot;shutter_speed&quot;:&quot;0&quot;,&quot;title&quot;:&quot;&quot;,&quot;orientation&quot;:&quot;0&quot;}\" data-image-title=\"Captura de pantalla 2017-02-24 a las 18.24.47\" data-image-description=\"\" data-image-caption=\"\" data-medium-file=\"https:\/\/i0.wp.com\/www.moda.es\/blog\/wp-content\/uploads\/2017\/02\/Captura-de-pantalla-2017-02-24-a-las-18.24.47.png?fit=300%2C238\" data-large-file=\"https:\/\/i0.wp.com\/www.moda.es\/blog\/wp-content\/uploads\/2017\/02\/Captura-de-pantalla-2017-02-24-a-las-18.24.47.png?fit=415%2C329\" \/><\/a>\n\t\t\t<\/div><\/figure><figure class='gallery-item'>\n\t\t\t<div class='gallery-icon landscape'>\n\t\t\t\t<a href='http:\/\/www.moda.es\/blog\/descubre-tu-nuevo-capricho-de-chanel\/captura-de-pantalla-2017-02-24-a-las-18-25-02\/'><img width=\"150\" height=\"150\" src=\"https:\/\/i0.wp.com\/www.moda.es\/blog\/wp-content\/uploads\/2017\/02\/Captura-de-pantalla-2017-02-24-a-las-18.25.02.png?resize=150%2C150\" class=\"attachment-thumbnail size-thumbnail\" alt=\"\" loading=\"lazy\" srcset=\"https:\/\/i0.wp.com\/www.moda.es\/blog\/wp-content\/uploads\/2017\/02\/Captura-de-pantalla-2017-02-24-a-las-18.25.02.png?resize=150%2C150 150w, https:\/\/i0.wp.com\/www.moda.es\/blog\/wp-content\/uploads\/2017\/02\/Captura-de-pantalla-2017-02-24-a-las-18.25.02.png?zoom=2&amp;resize=150%2C150 300w\" sizes=\"(max-width: 150px) 100vw, 150px\" data-attachment-id=\"21812\" data-permalink=\"http:\/\/www.moda.es\/blog\/descubre-tu-nuevo-capricho-de-chanel\/captura-de-pantalla-2017-02-24-a-las-18-25-02\/\" data-orig-file=\"https:\/\/i0.wp.com\/www.moda.es\/blog\/wp-content\/uploads\/2017\/02\/Captura-de-pantalla-2017-02-24-a-las-18.25.02.png?fit=394%2C306\" data-orig-size=\"394,306\" data-comments-opened=\"1\" data-image-meta=\"{&quot;aperture&quot;:&quot;0&quot;,&quot;credit&quot;:&quot;&quot;,&quot;camera&quot;:&quot;&quot;,&quot;caption&quot;:&quot;&quot;,&quot;created_timestamp&quot;:&quot;0&quot;,&quot;copyright&quot;:&quot;&quot;,&quot;focal_length&quot;:&quot;0&quot;,&quot;iso&quot;:&quot;0&quot;,&quot;shutter_speed&quot;:&quot;0&quot;,&quot;title&quot;:&quot;&quot;,&quot;orientation&quot;:&quot;0&quot;}\" data-image-title=\"Captura de pantalla 2017-02-24 a las 18.25.02\" data-image-description=\"\" data-image-caption=\"\" data-medium-file=\"https:\/\/i0.wp.com\/www.moda.es\/blog\/wp-content\/uploads\/2017\/02\/Captura-de-pantalla-2017-02-24-a-las-18.25.02.png?fit=300%2C233\" data-large-file=\"https:\/\/i0.wp.com\/www.moda.es\/blog\/wp-content\/uploads\/2017\/02\/Captura-de-pantalla-2017-02-24-a-las-18.25.02.png?fit=394%2C306\" \/><\/a>\n\t\t\t<\/div><\/figure>\n\t\t<\/div>\n\n<p>\u00a9The Fashion Spot                             <\/p>\n","protected":false},"excerpt":{"rendered":"<p>Coco Chanel (Gabrielle) ha inspirado muchos bolsos ic\u00f3nicos y fragancias, la mayor\u00eda de los cuales tienen un nombre dulce, de dos s\u00edlabas. Sin embargo, el\u00a0nuevo bolso de la\u00a0casa de moda tomar\u00e1 el nombre de pila de su fundadora. Hoy, Chanel ha presentado\u00a0los detalles de su pr\u00f3xima l\u00ednea Gabrielle, el primer [&hellip;]<\/p>\n","protected":false},"author":3,"featured_media":21809,"comment_status":"open","ping_status":"open","sticky":false,"template":"","format":"standard","meta":{"jetpack_publicize_message":"","jetpack_is_tweetstorm":false,"jetpack_publicize_feature_enabled":true},"categories":[3,10,11,14],"tags":[182,215],"jetpack_publicize_connections":[],"jetpack_featured_media_url":"https:\/\/i0.wp.com\/www.moda.es\/blog\/wp-content\/uploads\/2017\/02\/Captura-de-pantalla-2017-02-24-a-las-18.24.39.png?fit=364%2C367","jetpack_sharing_enabled":true,"jetpack_shortlink":"https:\/\/wp.me\/p4tJCC-5FK","jetpack-related-posts":[{"id":21891,"url":"http:\/\/www.moda.es\/blog\/pharrell-williams-primer-hombre-que-protagoniza-una-campana-de-bolsos-de-chanel\/","url_meta":{"origin":21808,"position":0},"title":"Pharrell Williams, primer hombre que protagoniza una campa\u00f1a de bolsos de Chanel","date":"marzo 14, 2017","format":false,"excerpt":"Pharrell Williams, la rara musa masculina de Chanel, presenta\u00a0el nuevo\u00a0bolso Gabrielle en la \u00faltima campa\u00f1a de la casa francesa. A pesar de que ya ha aparecido en anuncios \u00a0de la marca antes, esta la primera vez que \u00e9l o cualquier hombre ha protagonizado una campa\u00f1a de bolsos de Chanel. Karl\u2026","rel":"","context":"En \u00abActualidad\u00bb","img":{"alt_text":"","src":"https:\/\/i0.wp.com\/www.moda.es\/blog\/wp-content\/uploads\/2017\/03\/Captura-de-pantalla-2017-03-14-a-las-23.02.12.png?fit=1196%2C707&resize=350%2C200","width":350,"height":200},"classes":[]},{"id":19106,"url":"http:\/\/www.moda.es\/blog\/la-santa-trinidad-de-karl-lagerfeld\/","url_meta":{"origin":21808,"position":1},"title":"La santa trinidad de Karl Lagerfeld","date":"marzo 5, 2015","format":false,"excerpt":"Un creador como Karl Lagerfeld no puede hacer las cosas a medias. \u00bfPor qu\u00e9 crear un it bag para esta temporada pudiendo crear tres? Y para presentarlos como se merece ha escogido a\u00a0 tres it girls. En primer lugar es Kristen Stewart quien representa el 11.12, la \u00faltima actualizaci\u00f3n del\u2026","rel":"","context":"En \u00abAccesorios\u00bb","img":{"alt_text":"","src":"https:\/\/i0.wp.com\/www.moda.es\/blog\/wp-content\/uploads\/2015\/03\/klt3.jpg?fit=650%2C923&resize=350%2C200","width":350,"height":200},"classes":[]},{"id":22064,"url":"http:\/\/www.moda.es\/blog\/cara-delevigne-sigue-siendo-musa-de-chanel\/","url_meta":{"origin":21808,"position":2},"title":"Cara Delevigne sigue siendo musa de Chanel","date":"abril 25, 2017","format":false,"excerpt":"Chanel ha anunciado\u00a0que este es el a\u00f1o de Gabrielle, conocida como Coco\u00a0por\u00a0sus amigos. La famosa casa de moda ha lanzado\u00a0un nuevo bolso hom\u00f3nimo y tendr\u00e1 innumerables proyectos en los pr\u00f3ximos meses. As\u00ed, se van a\u00a0lanzar cuatro videos teaser para su pr\u00f3xima campa\u00f1a, con la musa de Chanel, Cara Delevingne. Otros\u2026","rel":"","context":"En \u00abAccesorios\u00bb","img":{"alt_text":"","src":"https:\/\/i0.wp.com\/www.moda.es\/blog\/wp-content\/uploads\/2017\/04\/Captura-de-pantalla-2017-04-25-a-las-22.24.50.png?fit=356%2C479&resize=350%2C200","width":350,"height":200},"classes":[]},{"id":21868,"url":"http:\/\/www.moda.es\/blog\/ysl-chanel-y-los-museos\/","url_meta":{"origin":21808,"position":3},"title":"YSL, Chanel y los museos","date":"marzo 10, 2017","format":false,"excerpt":"Moda-adictos est\u00e1is de enhorabuena porque dos de los mayores iconos de la moda, Saint Laurent y Chanel van a abrir sus propios museos. O al menos Saint Laurent. La capital internacional de la moda abrir\u00e1 finalmente su primer museo dedicado exclusivamente al arte de la moda, y\u00a0llevar\u00e1 el nombre de\u2026","rel":"","context":"En \u00abActualidad\u00bb","img":{"alt_text":"","src":"https:\/\/i0.wp.com\/www.moda.es\/blog\/wp-content\/uploads\/2017\/03\/Captura-de-pantalla-2017-03-10-a-las-20.13.01.png?fit=693%2C459&resize=350%2C200","width":350,"height":200},"classes":[]},{"id":12487,"url":"http:\/\/www.moda.es\/blog\/100-anos-de-chanel\/","url_meta":{"origin":21808,"position":4},"title":"100 a\u00f1os de Chanel","date":"mayo 10, 2013","format":false,"excerpt":"1913 es el a\u00f1o, Francia el lugar, Keira Knightley la flamante actriz principal y los inicios de Madame Coco Chanel los que se celebran en este genial cortometraje rodado bajo la direcci\u00f3n creativa de Karl Lagerfeld para celebrar los 100 a\u00f1os de la apertura de la primera boutique Chanel. Once\u2026","rel":"","context":"En \u00abCine y Moda\u00bb","img":{"alt_text":"","src":"https:\/\/i0.wp.com\/www.moda.es\/blog\/wp-content\/uploads\/2013\/05\/Chanel-32.jpg?fit=300%2C215&resize=350%2C200","width":350,"height":200},"classes":[]},{"id":12099,"url":"http:\/\/www.moda.es\/blog\/los-bolsos-mas-deseados-de-esta-primavera\/","url_meta":{"origin":21808,"position":5},"title":"Los bolsos m\u00e1s deseados de esta primavera","date":"abril 19, 2013","format":false,"excerpt":"Amar\u00e1s el low cost sobre todas las cosas, por supuesto, pero de vez en cuando, y porque a nadie le amarga un dulce, no est\u00e1 mal hacer una inversi\u00f3n en un buen bolso, uno de esos que no pasan desapercibidos, que te durar\u00e1n para toda la vida y que adem\u00e1s,\u2026","rel":"","context":"En \u00abAccesorios\u00bb","img":{"alt_text":"","src":"https:\/\/i0.wp.com\/www.moda.es\/blog\/wp-content\/uploads\/2013\/04\/Alice-Chloe1.jpg?fit=300%2C300&resize=350%2C200","width":350,"height":200},"classes":[]}],"_links":{"self":[{"href":"http:\/\/www.moda.es\/blog\/wp-json\/wp\/v2\/posts\/21808"}],"collection":[{"href":"http:\/\/www.moda.es\/blog\/wp-json\/wp\/v2\/posts"}],"about":[{"href":"http:\/\/www.moda.es\/blog\/wp-json\/wp\/v2\/types\/post"}],"author":[{"embeddable":true,"href":"http:\/\/www.moda.es\/blog\/wp-json\/wp\/v2\/users\/3"}],"replies":[{"embeddable":true,"href":"http:\/\/www.moda.es\/blog\/wp-json\/wp\/v2\/comments?post=21808"}],"version-history":[{"count":7,"href":"http:\/\/www.moda.es\/blog\/wp-json\/wp\/v2\/posts\/21808\/revisions"}],"predecessor-version":[{"id":35791,"href":"http:\/\/www.moda.es\/blog\/wp-json\/wp\/v2\/posts\/21808\/revisions\/35791"}],"wp:featuredmedia":[{"embeddable":true,"href":"http:\/\/www.moda.es\/blog\/wp-json\/wp\/v2\/media\/21809"}],"wp:attachment":[{"href":"http:\/\/www.moda.es\/blog\/wp-json\/wp\/v2\/media?parent=21808"}],"wp:term":[{"taxonomy":"category","embeddable":true,"href":"http:\/\/www.moda.es\/blog\/wp-json\/wp\/v2\/categories?post=21808"},{"taxonomy":"post_tag","embeddable":true,"href":"http:\/\/www.moda.es\/blog\/wp-json\/wp\/v2\/tags?post=21808"}],"curies":[{"name":"wp","href":"https:\/\/api.w.org\/{rel}","templated":true}]}}