{"id":21534,"date":"2016-12-31T17:27:05","date_gmt":"2016-12-31T16:27:05","guid":{"rendered":"http:\/\/www.moda.es\/blog\/?p=21534"},"modified":"2020-04-27T16:07:43","modified_gmt":"2020-04-27T15:07:43","slug":"2016-un-ano-de-moda","status":"publish","type":"post","link":"http:\/\/www.moda.es\/blog\/2016-un-ano-de-moda\/","title":{"rendered":"2016: Un a\u00f1o de moda"},"content":{"rendered":"<p>La moda es cambio, eso est\u00e1 claro y no habr\u00eda a\u00f1o de moda que se precie si no estuviera lleno de ellos.<\/p>\n<p>En 2016 hemos perdido\u00a0a muchos\u00a0grandes de la moda, la m\u00e1s reciente<strong> Franca Sozzani<\/strong>, ha habido muchos movimientos creativos, y colaboraciones\u00a0de moda que han hecho que\u00a0todo el mundo saliera corriendo a las tiendas (Kenzo x H&amp;M, Rihanna para Manolo Blahnik o Gigi HAdid para Tommy Hilfiger entre otros)<\/p>\n<p><a href=\"http:\/\/www.moda.es\/blog\/2016-un-ano-de-moda\/captura-de-pantalla-2016-12-31-a-las-17-03-06\/\" rel=\"attachment wp-att-21535\"><img data-attachment-id=\"21535\" data-permalink=\"http:\/\/www.moda.es\/blog\/2016-un-ano-de-moda\/captura-de-pantalla-2016-12-31-a-las-17-03-06\/\" data-orig-file=\"https:\/\/i0.wp.com\/www.moda.es\/blog\/wp-content\/uploads\/2016\/12\/Captura-de-pantalla-2016-12-31-a-las-17.03.06.png?fit=351%2C525\" data-orig-size=\"351,525\" data-comments-opened=\"1\" data-image-meta=\"{&quot;aperture&quot;:&quot;0&quot;,&quot;credit&quot;:&quot;&quot;,&quot;camera&quot;:&quot;&quot;,&quot;caption&quot;:&quot;&quot;,&quot;created_timestamp&quot;:&quot;0&quot;,&quot;copyright&quot;:&quot;&quot;,&quot;focal_length&quot;:&quot;0&quot;,&quot;iso&quot;:&quot;0&quot;,&quot;shutter_speed&quot;:&quot;0&quot;,&quot;title&quot;:&quot;&quot;,&quot;orientation&quot;:&quot;0&quot;}\" data-image-title=\"Captura de pantalla 2016-12-31 a las 17.03.06\" data-image-description=\"\" data-image-caption=\"\" data-medium-file=\"https:\/\/i0.wp.com\/www.moda.es\/blog\/wp-content\/uploads\/2016\/12\/Captura-de-pantalla-2016-12-31-a-las-17.03.06.png?fit=201%2C300\" data-large-file=\"https:\/\/i0.wp.com\/www.moda.es\/blog\/wp-content\/uploads\/2016\/12\/Captura-de-pantalla-2016-12-31-a-las-17.03.06.png?fit=351%2C525\" loading=\"lazy\" class=\"aligncenter size-medium wp-image-21535\" src=\"https:\/\/i0.wp.com\/www.moda.es\/blog\/wp-content\/uploads\/2016\/12\/Captura-de-pantalla-2016-12-31-a-las-17.03.06.png?resize=201%2C300\" alt=\"\" width=\"201\" height=\"300\" srcset=\"https:\/\/i0.wp.com\/www.moda.es\/blog\/wp-content\/uploads\/2016\/12\/Captura-de-pantalla-2016-12-31-a-las-17.03.06.png?resize=201%2C300 201w, https:\/\/i0.wp.com\/www.moda.es\/blog\/wp-content\/uploads\/2016\/12\/Captura-de-pantalla-2016-12-31-a-las-17.03.06.png?w=351 351w\" sizes=\"(max-width: 201px) 100vw, 201px\" data-recalc-dims=\"1\" \/><\/a><\/p>\n<p>En enero, <strong>Dolce &amp; Gabbana<\/strong> debut\u00f3 con una l\u00ednea de hijabs y abayas con estampados florales. El movimiento hacia de la casa la primera marca en responder a las ansias de moda de\u00a0las mujeres musulmanas.<\/p>\n<p>A finales de enero,<strong> Grace Coddington<\/strong> renunci\u00f3 como directora creativa de Vogue, despu\u00e9s de casi 30 a\u00f1os en la revista.\u00a0M\u00e1s adelante supimos que pronto se empezar\u00eda rodar la biopic sobre <strong>Alexander McQueen<\/strong> (no podemos esperar para verla), y que la super modelo <strong>Cindy Crawford<\/strong> anunciaba su retirada. Mientras, <strong>Gigi Hadid<\/strong> recib\u00eda el\u00a0<strong>Premio Internacional a la\u00a0Modelo del A\u00f1o<\/strong> en los <strong>Fashion Awards<\/strong>.<\/p>\n<p><a href=\"http:\/\/www.moda.es\/blog\/2016-un-ano-de-moda\/captura-de-pantalla-2016-12-31-a-las-17-25-21\/\" rel=\"attachment wp-att-21538\"><img data-attachment-id=\"21538\" data-permalink=\"http:\/\/www.moda.es\/blog\/2016-un-ano-de-moda\/captura-de-pantalla-2016-12-31-a-las-17-25-21\/\" data-orig-file=\"https:\/\/i0.wp.com\/www.moda.es\/blog\/wp-content\/uploads\/2016\/12\/Captura-de-pantalla-2016-12-31-a-las-17.25.21.png?fit=350%2C525\" data-orig-size=\"350,525\" data-comments-opened=\"1\" data-image-meta=\"{&quot;aperture&quot;:&quot;0&quot;,&quot;credit&quot;:&quot;&quot;,&quot;camera&quot;:&quot;&quot;,&quot;caption&quot;:&quot;&quot;,&quot;created_timestamp&quot;:&quot;0&quot;,&quot;copyright&quot;:&quot;&quot;,&quot;focal_length&quot;:&quot;0&quot;,&quot;iso&quot;:&quot;0&quot;,&quot;shutter_speed&quot;:&quot;0&quot;,&quot;title&quot;:&quot;&quot;,&quot;orientation&quot;:&quot;0&quot;}\" data-image-title=\"Captura de pantalla 2016-12-31 a las 17.25.21\" data-image-description=\"\" data-image-caption=\"\" data-medium-file=\"https:\/\/i0.wp.com\/www.moda.es\/blog\/wp-content\/uploads\/2016\/12\/Captura-de-pantalla-2016-12-31-a-las-17.25.21.png?fit=200%2C300\" data-large-file=\"https:\/\/i0.wp.com\/www.moda.es\/blog\/wp-content\/uploads\/2016\/12\/Captura-de-pantalla-2016-12-31-a-las-17.25.21.png?fit=350%2C525\" loading=\"lazy\" class=\"aligncenter size-medium wp-image-21538\" src=\"https:\/\/i0.wp.com\/www.moda.es\/blog\/wp-content\/uploads\/2016\/12\/Captura-de-pantalla-2016-12-31-a-las-17.25.21.png?resize=200%2C300\" alt=\"\" width=\"200\" height=\"300\" srcset=\"https:\/\/i0.wp.com\/www.moda.es\/blog\/wp-content\/uploads\/2016\/12\/Captura-de-pantalla-2016-12-31-a-las-17.25.21.png?resize=200%2C300 200w, https:\/\/i0.wp.com\/www.moda.es\/blog\/wp-content\/uploads\/2016\/12\/Captura-de-pantalla-2016-12-31-a-las-17.25.21.png?w=350 350w\" sizes=\"(max-width: 200px) 100vw, 200px\" data-recalc-dims=\"1\" \/><\/a><\/p>\n<p>&nbsp;<\/p>\n<p>En mayo, <strong>Vogue Inglaterra<\/strong> revel\u00f3 la portada de su edici\u00f3n del centenario, que cont\u00f3 con la <strong>Duquesa de Cambridge<\/strong> en su primer editorial de moda.<\/p>\n<p><a href=\"http:\/\/www.moda.es\/blog\/2016-un-ano-de-moda\/captura-de-pantalla-2016-12-31-a-las-17-27-42\/\" rel=\"attachment wp-att-21543\"><img data-attachment-id=\"21543\" data-permalink=\"http:\/\/www.moda.es\/blog\/2016-un-ano-de-moda\/captura-de-pantalla-2016-12-31-a-las-17-27-42\/\" data-orig-file=\"https:\/\/i0.wp.com\/www.moda.es\/blog\/wp-content\/uploads\/2016\/12\/Captura-de-pantalla-2016-12-31-a-las-17.27.42.png?fit=353%2C457\" data-orig-size=\"353,457\" data-comments-opened=\"1\" data-image-meta=\"{&quot;aperture&quot;:&quot;0&quot;,&quot;credit&quot;:&quot;&quot;,&quot;camera&quot;:&quot;&quot;,&quot;caption&quot;:&quot;&quot;,&quot;created_timestamp&quot;:&quot;0&quot;,&quot;copyright&quot;:&quot;&quot;,&quot;focal_length&quot;:&quot;0&quot;,&quot;iso&quot;:&quot;0&quot;,&quot;shutter_speed&quot;:&quot;0&quot;,&quot;title&quot;:&quot;&quot;,&quot;orientation&quot;:&quot;0&quot;}\" data-image-title=\"Captura de pantalla 2016-12-31 a las 17.27.42\" data-image-description=\"\" data-image-caption=\"\" data-medium-file=\"https:\/\/i0.wp.com\/www.moda.es\/blog\/wp-content\/uploads\/2016\/12\/Captura-de-pantalla-2016-12-31-a-las-17.27.42.png?fit=232%2C300\" data-large-file=\"https:\/\/i0.wp.com\/www.moda.es\/blog\/wp-content\/uploads\/2016\/12\/Captura-de-pantalla-2016-12-31-a-las-17.27.42.png?fit=353%2C457\" loading=\"lazy\" class=\"aligncenter size-medium wp-image-21543\" src=\"https:\/\/i0.wp.com\/www.moda.es\/blog\/wp-content\/uploads\/2016\/12\/Captura-de-pantalla-2016-12-31-a-las-17.27.42.png?resize=232%2C300\" alt=\"\" width=\"232\" height=\"300\" srcset=\"https:\/\/i0.wp.com\/www.moda.es\/blog\/wp-content\/uploads\/2016\/12\/Captura-de-pantalla-2016-12-31-a-las-17.27.42.png?resize=232%2C300 232w, https:\/\/i0.wp.com\/www.moda.es\/blog\/wp-content\/uploads\/2016\/12\/Captura-de-pantalla-2016-12-31-a-las-17.27.42.png?w=353 353w\" sizes=\"(max-width: 232px) 100vw, 232px\" data-recalc-dims=\"1\" \/><\/a><\/p>\n<p>Adem\u00e1s, <strong>Raf Simons<\/strong> se puso a los mandos de <strong>Calvin Klein<\/strong> y <strong>Hedi Slimane<\/strong> abandon\u00f3 <strong>Saint Laurent<\/strong> (por decir s\u00f3lo dos de los muchos movimientos de creadores en las grandes firmas).<\/p>\n<p><a href=\"http:\/\/www.moda.es\/blog\/2016-un-ano-de-moda\/captura-de-pantalla-2016-12-31-a-las-17-21-19\/\" rel=\"attachment wp-att-21536\"><img data-attachment-id=\"21536\" data-permalink=\"http:\/\/www.moda.es\/blog\/2016-un-ano-de-moda\/captura-de-pantalla-2016-12-31-a-las-17-21-19\/\" data-orig-file=\"https:\/\/i0.wp.com\/www.moda.es\/blog\/wp-content\/uploads\/2016\/12\/Captura-de-pantalla-2016-12-31-a-las-17.21.19.png?fit=347%2C519\" data-orig-size=\"347,519\" data-comments-opened=\"1\" data-image-meta=\"{&quot;aperture&quot;:&quot;0&quot;,&quot;credit&quot;:&quot;&quot;,&quot;camera&quot;:&quot;&quot;,&quot;caption&quot;:&quot;&quot;,&quot;created_timestamp&quot;:&quot;0&quot;,&quot;copyright&quot;:&quot;&quot;,&quot;focal_length&quot;:&quot;0&quot;,&quot;iso&quot;:&quot;0&quot;,&quot;shutter_speed&quot;:&quot;0&quot;,&quot;title&quot;:&quot;&quot;,&quot;orientation&quot;:&quot;0&quot;}\" data-image-title=\"Captura de pantalla 2016-12-31 a las 17.21.19\" data-image-description=\"\" data-image-caption=\"\" data-medium-file=\"https:\/\/i0.wp.com\/www.moda.es\/blog\/wp-content\/uploads\/2016\/12\/Captura-de-pantalla-2016-12-31-a-las-17.21.19.png?fit=201%2C300\" data-large-file=\"https:\/\/i0.wp.com\/www.moda.es\/blog\/wp-content\/uploads\/2016\/12\/Captura-de-pantalla-2016-12-31-a-las-17.21.19.png?fit=347%2C519\" loading=\"lazy\" class=\"aligncenter size-medium wp-image-21536\" src=\"https:\/\/i0.wp.com\/www.moda.es\/blog\/wp-content\/uploads\/2016\/12\/Captura-de-pantalla-2016-12-31-a-las-17.21.19.png?resize=201%2C300\" alt=\"\" width=\"201\" height=\"300\" srcset=\"https:\/\/i0.wp.com\/www.moda.es\/blog\/wp-content\/uploads\/2016\/12\/Captura-de-pantalla-2016-12-31-a-las-17.21.19.png?resize=201%2C300 201w, https:\/\/i0.wp.com\/www.moda.es\/blog\/wp-content\/uploads\/2016\/12\/Captura-de-pantalla-2016-12-31-a-las-17.21.19.png?w=347 347w\" sizes=\"(max-width: 201px) 100vw, 201px\" data-recalc-dims=\"1\" \/><\/a><\/p>\n<p>\u00a1Vamos a por un 2017 lleno de moda!<\/p>\n<p>\u00a9Glamour UK                             <\/p>\n","protected":false},"excerpt":{"rendered":"<p>La moda es cambio, eso est\u00e1 claro y no habr\u00eda a\u00f1o de moda que se precie si no estuviera lleno de ellos. En 2016 hemos perdido\u00a0a muchos\u00a0grandes de la moda, la m\u00e1s reciente Franca Sozzani, ha habido muchos movimientos creativos, y colaboraciones\u00a0de moda que han hecho que\u00a0todo el mundo saliera [&hellip;]<\/p>\n","protected":false},"author":3,"featured_media":21535,"comment_status":"open","ping_status":"open","sticky":false,"template":"","format":"standard","meta":{"jetpack_publicize_message":"","jetpack_is_tweetstorm":false,"jetpack_publicize_feature_enabled":true},"categories":[11,12,14,17],"tags":[63,155,203,1465,1270,384,747,792],"jetpack_publicize_connections":[],"jetpack_featured_media_url":"https:\/\/i0.wp.com\/www.moda.es\/blog\/wp-content\/uploads\/2016\/12\/Captura-de-pantalla-2016-12-31-a-las-17.03.06.png?fit=351%2C525","jetpack_sharing_enabled":true,"jetpack_shortlink":"https:\/\/wp.me\/p4tJCC-5Bk","jetpack-related-posts":[{"id":21205,"url":"http:\/\/www.moda.es\/blog\/gigi-hadid-nueva-imagen-de-reebok\/","url_meta":{"origin":21534,"position":0},"title":"Gigi Hadid nueva imagen de Reebok","date":"octubre 8, 2016","format":false,"excerpt":"No es ning\u00fan secreto que Gigi Hadid es una gran fan\u00a0del fitness. Sus rutinas de entrenamiento y sus look s de gimnasio atraen\u00a0tanta atenci\u00f3n como sus m\u00e1s recientes desfiles de moda, colaboraciones y apariciones\u00a0p\u00fablicas con Zayn Malik. Por lo tanto, era s\u00f3lo cuesti\u00f3n de tiempo que una de las marcas\u2026","rel":"","context":"En \u00abActualidad\u00bb","img":{"alt_text":"","src":"https:\/\/i0.wp.com\/www.moda.es\/blog\/wp-content\/uploads\/2016\/10\/Captura-de-pantalla-2016-10-08-a-las-17.31.54.png?fit=915%2C602&resize=350%2C200","width":350,"height":200},"classes":[]},{"id":20670,"url":"http:\/\/www.moda.es\/blog\/gigi-hadid-ya-es-disenadora\/","url_meta":{"origin":21534,"position":1},"title":"Gigi Hadid ya es dise\u00f1adora","date":"mayo 17, 2016","format":false,"excerpt":"Era s\u00f3lo cuesti\u00f3n de tiempo que Gigi Hadid probara suerte\u00a0en el dise\u00f1o teniendo en cuenta que ya ha conquistado el resto del mundo de la moda, \u00bfverdad? La supermodelo va a crear\u00a0una colecci\u00f3n para una marca que realmente le gusta: Tommy Hilfiger. Gigi utiliza\u00a0la ic\u00f3nica marca\u00a0estadounidense tanto en la calle\u2026","rel":"","context":"En \u00abActualidad\u00bb","img":{"alt_text":"","src":"https:\/\/i0.wp.com\/www.moda.es\/blog\/wp-content\/uploads\/2016\/05\/Captura-de-pantalla-2016-05-17-a-las-22.13.43.png?fit=606%2C559&resize=350%2C200","width":350,"height":200},"classes":[]},{"id":21433,"url":"http:\/\/www.moda.es\/blog\/gigi-hadid-se-desnuda-para-stuart-weitzman\/","url_meta":{"origin":21534,"position":2},"title":"Gigi Hadid se desnuda para Stuart Weitzman","date":"diciembre 14, 2016","format":false,"excerpt":"Para la campa\u00f1a de la primavera de 2017 de Stuart Weitzman, la modelo Gigi Hadid\u00a0ha sido fotografiada\u00a0con el bot\u00edn Clinger de mediana altura de la marca (en un acabado satinado nuevo, actualmente disponible para \u00a8pre-encargar\u201d\u00a0a trav\u00e9s de su web) y\u2026 bueno\u2026 no mucho m\u00e1s que un maquillaje sexy una melena\u2026","rel":"","context":"En \u00abActualidad\u00bb","img":{"alt_text":"","src":"https:\/\/i0.wp.com\/www.moda.es\/blog\/wp-content\/uploads\/2016\/12\/Captura-de-pantalla-2016-12-14-a-las-21.49.13.png?fit=525%2C358&resize=350%2C200","width":350,"height":200},"classes":[]},{"id":22474,"url":"http:\/\/www.moda.es\/blog\/bella-hadid-en-la-portada-del-primer-numero-de-septiembre-de-vogue-arabia\/","url_meta":{"origin":21534,"position":3},"title":"Bella Hadid en la portada del primer n\u00famero de septiembre de Vogue Arabia","date":"agosto 19, 2017","format":false,"excerpt":"Cuando Vogue Arabia present\u00f3 su edici\u00f3n impresa en marzo, rompi\u00f3\u00a0muchas barreras dentro de las publicaciones de Cond\u00e9 Nast International. Adem\u00e1s de ser la \u00fanica edici\u00f3n de Vogue que se lanza digitalmente primero, es tambi\u00e9n la primera Vogue que representa una regi\u00f3n entera. Adem\u00e1s ha sido la primera revista de moda\u2026","rel":"","context":"En \u00abActualidad\u00bb","img":{"alt_text":"","src":"https:\/\/i0.wp.com\/www.moda.es\/blog\/wp-content\/uploads\/2017\/08\/bella4.jpg?fit=933%2C1200&resize=350%2C200","width":350,"height":200},"classes":[]},{"id":22216,"url":"http:\/\/www.moda.es\/blog\/gigi-hadid-ahora-disena-gafas\/","url_meta":{"origin":21534,"position":4},"title":"Gigi Hadid ahora dise\u00f1a gafas","date":"junio 9, 2017","format":false,"excerpt":"Gigi Hadid ya ha demostrado su fuerza en la\u00a0moda dentro y fuera de la pasarela. Pero ahora va a \u00a0canalizar su sentido del estilo\u00a0en un sentido totalmente nuevo y muy visual a trav\u00e9s de su reci\u00e9n anunciada colecci\u00f3n c\u00e1psula con Vogue Eyewear. La modelo anuncia la colaboraci\u00f3n ayer en su\u2026","rel":"","context":"En \u00abAccesorios\u00bb","img":{"alt_text":"","src":"https:\/\/i0.wp.com\/www.moda.es\/blog\/wp-content\/uploads\/2017\/06\/Captura-de-pantalla-2017-06-09-a-las-18.04.00.png?fit=583%2C403&resize=350%2C200","width":350,"height":200},"classes":[]},{"id":20082,"url":"http:\/\/www.moda.es\/blog\/descubre-la-coleccion-de-gigi-hadid-para-tommy\/","url_meta":{"origin":21534,"position":5},"title":"Descubre la colecci\u00f3n de Gigi Hadid para Tommy","date":"diciembre 17, 2015","format":false,"excerpt":"No contenta con la conquista de la pasarela, Gigi Hadid ha querido trasladar\u00a0su talento tambi\u00e9n al dise\u00f1o de moda, colaborando en una colecci\u00f3n c\u00e1psula con Tommy Hilfiger. \"Nunca pens\u00e9 que iba a ser llamada para\u00a0dise\u00f1ar una colecci\u00f3n c\u00e1psula, todav\u00eda es como un sue\u00f1o que Tommy se acercara a m\u00ed para\u2026","rel":"","context":"En \u00abActualidad\u00bb","img":{"alt_text":"","src":"https:\/\/i0.wp.com\/www.moda.es\/blog\/wp-content\/uploads\/2015\/12\/Captura-de-pantalla-2015-12-17-a-las-23.06.49.png?fit=290%2C438&resize=350%2C200","width":350,"height":200},"classes":[]}],"_links":{"self":[{"href":"http:\/\/www.moda.es\/blog\/wp-json\/wp\/v2\/posts\/21534"}],"collection":[{"href":"http:\/\/www.moda.es\/blog\/wp-json\/wp\/v2\/posts"}],"about":[{"href":"http:\/\/www.moda.es\/blog\/wp-json\/wp\/v2\/types\/post"}],"author":[{"embeddable":true,"href":"http:\/\/www.moda.es\/blog\/wp-json\/wp\/v2\/users\/3"}],"replies":[{"embeddable":true,"href":"http:\/\/www.moda.es\/blog\/wp-json\/wp\/v2\/comments?post=21534"}],"version-history":[{"count":11,"href":"http:\/\/www.moda.es\/blog\/wp-json\/wp\/v2\/posts\/21534\/revisions"}],"predecessor-version":[{"id":35817,"href":"http:\/\/www.moda.es\/blog\/wp-json\/wp\/v2\/posts\/21534\/revisions\/35817"}],"wp:featuredmedia":[{"embeddable":true,"href":"http:\/\/www.moda.es\/blog\/wp-json\/wp\/v2\/media\/21535"}],"wp:attachment":[{"href":"http:\/\/www.moda.es\/blog\/wp-json\/wp\/v2\/media?parent=21534"}],"wp:term":[{"taxonomy":"category","embeddable":true,"href":"http:\/\/www.moda.es\/blog\/wp-json\/wp\/v2\/categories?post=21534"},{"taxonomy":"post_tag","embeddable":true,"href":"http:\/\/www.moda.es\/blog\/wp-json\/wp\/v2\/tags?post=21534"}],"curies":[{"name":"wp","href":"https:\/\/api.w.org\/{rel}","templated":true}]}}