{"id":21479,"date":"2016-12-20T20:24:06","date_gmt":"2016-12-20T19:24:06","guid":{"rendered":"http:\/\/www.moda.es\/blog\/?p=21479"},"modified":"2020-04-27T16:08:30","modified_gmt":"2020-04-27T15:08:30","slug":"candice-swanepoel-o-como-estar-orgullosa-de-la-maternidad","status":"publish","type":"post","link":"http:\/\/www.moda.es\/blog\/candice-swanepoel-o-como-estar-orgullosa-de-la-maternidad\/","title":{"rendered":"Candice Swanepoel o c\u00f3mo estar orgullosa de la maternidad"},"content":{"rendered":"<p>La modelo\u00a0<strong>Candice Swanepoel<\/strong>\u00a0ha reaccionado y llamado\u00a0hip\u00f3critas a aquellos que tienen un problema con las mujeres que amamantan en p\u00fablico, pero no parpadean un segundo al ver\u00a0fotograf\u00edas de desnudos\u00a0en las revistas.<\/p>\n<p>La modelo comparti\u00f3\u00a0su opini\u00f3n en su perfil\u00a0de <strong>Instagram,<\/strong> donde\u00a0tambi\u00e9n ha compartido\u00a0im\u00e1genes de su hijo, <strong>Anac\u00e3,<\/strong> que naci\u00f3 en <strong>octubre.<\/strong><\/p>\n<p><a href=\"http:\/\/www.moda.es\/blog\/candice-swanepoel-o-como-estar-orgullosa-de-la-maternidad\/captura-de-pantalla-2016-12-20-a-las-20-16-42\/\" rel=\"attachment wp-att-21481\"><img data-attachment-id=\"21481\" data-permalink=\"http:\/\/www.moda.es\/blog\/candice-swanepoel-o-como-estar-orgullosa-de-la-maternidad\/captura-de-pantalla-2016-12-20-a-las-20-16-42\/\" data-orig-file=\"https:\/\/i0.wp.com\/www.moda.es\/blog\/wp-content\/uploads\/2016\/12\/Captura-de-pantalla-2016-12-20-a-las-20.16.42.png?fit=527%2C677\" data-orig-size=\"527,677\" data-comments-opened=\"1\" data-image-meta=\"{&quot;aperture&quot;:&quot;0&quot;,&quot;credit&quot;:&quot;&quot;,&quot;camera&quot;:&quot;&quot;,&quot;caption&quot;:&quot;&quot;,&quot;created_timestamp&quot;:&quot;0&quot;,&quot;copyright&quot;:&quot;&quot;,&quot;focal_length&quot;:&quot;0&quot;,&quot;iso&quot;:&quot;0&quot;,&quot;shutter_speed&quot;:&quot;0&quot;,&quot;title&quot;:&quot;&quot;,&quot;orientation&quot;:&quot;0&quot;}\" data-image-title=\"Captura de pantalla 2016-12-20 a las 20.16.42\" data-image-description=\"\" data-image-caption=\"\" data-medium-file=\"https:\/\/i0.wp.com\/www.moda.es\/blog\/wp-content\/uploads\/2016\/12\/Captura-de-pantalla-2016-12-20-a-las-20.16.42.png?fit=234%2C300\" data-large-file=\"https:\/\/i0.wp.com\/www.moda.es\/blog\/wp-content\/uploads\/2016\/12\/Captura-de-pantalla-2016-12-20-a-las-20.16.42.png?fit=527%2C677\" loading=\"lazy\" class=\"aligncenter size-medium wp-image-21481\" src=\"https:\/\/i0.wp.com\/www.moda.es\/blog\/wp-content\/uploads\/2016\/12\/Captura-de-pantalla-2016-12-20-a-las-20.16.42.png?resize=234%2C300\" alt=\"\" width=\"234\" height=\"300\" srcset=\"https:\/\/i0.wp.com\/www.moda.es\/blog\/wp-content\/uploads\/2016\/12\/Captura-de-pantalla-2016-12-20-a-las-20.16.42.png?resize=234%2C300 234w, https:\/\/i0.wp.com\/www.moda.es\/blog\/wp-content\/uploads\/2016\/12\/Captura-de-pantalla-2016-12-20-a-las-20.16.42.png?resize=420%2C540 420w, https:\/\/i0.wp.com\/www.moda.es\/blog\/wp-content\/uploads\/2016\/12\/Captura-de-pantalla-2016-12-20-a-las-20.16.42.png?w=527 527w\" sizes=\"(max-width: 234px) 100vw, 234px\" data-recalc-dims=\"1\" \/><\/a><br \/>\n\u00abMuchas mujeres hoy est\u00e1n avergonzadas por dar el pecho\u00a0en p\u00fablico, o incluso son expulsadas de los lugares p\u00fablicos para alimentar a sus hijos. Me han hecho sentir la necesidad de cubrirme y sentirme avergonzada de alg\u00fan modo\u00a0por alimentar a mi beb\u00e9 en lugares p\u00fablicos, pero sin embargo,<strong>\u00a0\u00bfno sienten nada por ver los\u00a0editoriales en <em>topless<\/em> que he hecho en nombre del arte?<\/strong>\u00bb ha escrito el \u00e1ngel de Victora&#8217;s Secret\u00a0junto a una fotograf\u00eda de su hijo amamantando.<\/p>\n<p><a href=\"http:\/\/www.moda.es\/blog\/candice-swanepoel-o-como-estar-orgullosa-de-la-maternidad\/captura-de-pantalla-2016-12-20-a-las-20-19-08\/\" rel=\"attachment wp-att-21480\"><img data-attachment-id=\"21480\" data-permalink=\"http:\/\/www.moda.es\/blog\/candice-swanepoel-o-como-estar-orgullosa-de-la-maternidad\/captura-de-pantalla-2016-12-20-a-las-20-19-08\/\" data-orig-file=\"https:\/\/i0.wp.com\/www.moda.es\/blog\/wp-content\/uploads\/2016\/12\/Captura-de-pantalla-2016-12-20-a-las-20.19.08.png?fit=367%2C549\" data-orig-size=\"367,549\" data-comments-opened=\"1\" data-image-meta=\"{&quot;aperture&quot;:&quot;0&quot;,&quot;credit&quot;:&quot;&quot;,&quot;camera&quot;:&quot;&quot;,&quot;caption&quot;:&quot;&quot;,&quot;created_timestamp&quot;:&quot;0&quot;,&quot;copyright&quot;:&quot;&quot;,&quot;focal_length&quot;:&quot;0&quot;,&quot;iso&quot;:&quot;0&quot;,&quot;shutter_speed&quot;:&quot;0&quot;,&quot;title&quot;:&quot;&quot;,&quot;orientation&quot;:&quot;0&quot;}\" data-image-title=\"Captura de pantalla 2016-12-20 a las 20.19.08\" data-image-description=\"\" data-image-caption=\"\" data-medium-file=\"https:\/\/i0.wp.com\/www.moda.es\/blog\/wp-content\/uploads\/2016\/12\/Captura-de-pantalla-2016-12-20-a-las-20.19.08.png?fit=201%2C300\" data-large-file=\"https:\/\/i0.wp.com\/www.moda.es\/blog\/wp-content\/uploads\/2016\/12\/Captura-de-pantalla-2016-12-20-a-las-20.19.08.png?fit=367%2C549\" loading=\"lazy\" class=\"aligncenter size-medium wp-image-21480\" src=\"https:\/\/i0.wp.com\/www.moda.es\/blog\/wp-content\/uploads\/2016\/12\/Captura-de-pantalla-2016-12-20-a-las-20.19.08.png?resize=201%2C300\" alt=\"\" width=\"201\" height=\"300\" srcset=\"https:\/\/i0.wp.com\/www.moda.es\/blog\/wp-content\/uploads\/2016\/12\/Captura-de-pantalla-2016-12-20-a-las-20.19.08.png?resize=201%2C300 201w, https:\/\/i0.wp.com\/www.moda.es\/blog\/wp-content\/uploads\/2016\/12\/Captura-de-pantalla-2016-12-20-a-las-20.19.08.png?w=367 367w\" sizes=\"(max-width: 201px) 100vw, 201px\" data-recalc-dims=\"1\" \/><\/a><\/p>\n<p>\u00abEl mundo ha sido <strong>desensibilizado<\/strong> <strong>a la sexualizaci\u00f3n de los senos y a la violencia en la televisi\u00f3n<\/strong>,\u00a0\u00bfpor qu\u00e9 deber\u00eda ser diferente cuando se trata de la lactancia materna? La lactancia materna no es sexual es <strong>natural. <\/strong>Los que sienten que est\u00e1 mal alimentar a su hijo en p\u00fablico necesitan educaci\u00f3n sobre los beneficios que la lactancia materna tiene sobre la madre y el ni\u00f1o y, a su vez, en la sociedad en su conjunto\u00bb, concluy\u00f3, firmando con el hashtag <strong>#mothernature. <\/strong>No podemos estar m\u00e1s de acuerdo con este alegato\u00a0liberador y respetuoso con los derechos de las mujeres.<\/p>\n<p>Swanepoel, quien se ha tomado\u00a0un descanso del desfile de \u00e1ngeles de este a\u00f1o, pues tuvo lugar un mes despu\u00e9s del nacimiento de su hijo, no es la primera estrella para utilizar su fama para promover la lactancia. <strong>Miranda Kerr, Gisele B\u00fcndchen y Natalia Vodianova<\/strong>\u00a0tambi\u00e9n han compartido fotograf\u00edas de ellas mismas\u00a0amamantando a sus reci\u00e9n nacidos en sus redes\u00a0sociales.<\/p>\n<p>\u00a9Vogue UK                             <\/p>\n","protected":false},"excerpt":{"rendered":"<p>La modelo\u00a0Candice Swanepoel\u00a0ha reaccionado y llamado\u00a0hip\u00f3critas a aquellos que tienen un problema con las mujeres que amamantan en p\u00fablico, pero no parpadean un segundo al ver\u00a0fotograf\u00edas de desnudos\u00a0en las revistas. La modelo comparti\u00f3\u00a0su opini\u00f3n en su perfil\u00a0de Instagram, donde\u00a0tambi\u00e9n ha compartido\u00a0im\u00e1genes de su hijo, Anac\u00e3, que naci\u00f3 en octubre. \u00abMuchas [&hellip;]<\/p>\n","protected":false},"author":3,"featured_media":21480,"comment_status":"open","ping_status":"open","sticky":false,"template":"","format":"standard","meta":{"jetpack_publicize_message":"","jetpack_is_tweetstorm":false,"jetpack_publicize_feature_enabled":true},"categories":[3,11,16,17],"tags":[161,352,622,652],"jetpack_publicize_connections":[],"jetpack_featured_media_url":"https:\/\/i0.wp.com\/www.moda.es\/blog\/wp-content\/uploads\/2016\/12\/Captura-de-pantalla-2016-12-20-a-las-20.19.08.png?fit=367%2C549","jetpack_sharing_enabled":true,"jetpack_shortlink":"https:\/\/wp.me\/p4tJCC-5Ar","jetpack-related-posts":[{"id":18843,"url":"http:\/\/www.moda.es\/blog\/el-debut-como-disenadora-de-candice-swanepoel\/","url_meta":{"origin":21479,"position":0},"title":"El debut como dise\u00f1adora de Candice Swanepoel","date":"enero 29, 2015","format":false,"excerpt":"La top model sudafricana ha dise\u00f1ado una colecci\u00f3n c\u00e1psula para la marca denim Mother con el fin de recaudar dinero para mothers2mothers. A sus 26 a\u00f1os de edad, la supermodelo ha dise\u00f1ado una colecci\u00f3n c\u00e1psula de siete piezas para la marca de vaqueros de alta gama y parte de los\u2026","rel":"","context":"En \u00abActualidad\u00bb","img":{"alt_text":"","src":"https:\/\/i0.wp.com\/www.moda.es\/blog\/wp-content\/uploads\/2015\/01\/csj3.jpg?fit=650%2C430&resize=350%2C200","width":350,"height":200},"classes":[]},{"id":18100,"url":"http:\/\/www.moda.es\/blog\/candice-swanepoel-imagen-de-la-coleccion-de-victorias-secret-sport\/","url_meta":{"origin":21479,"position":1},"title":"Candice Swanepoel, imagen de la colecci\u00f3n de Victoria&#8217;s Secret Sport","date":"agosto 21, 2014","format":false,"excerpt":"Porque la tendencia al fitness en las marcas de moda es, de cada vez m\u00e1s frecuente, casi obvia e inevitable, Victoria's Secret ha publicado por primera vez el cat\u00e1logo de su l\u00ednea deportiva Victoria's Secret Sport. En las im\u00e1genes, los \u00e1ngeles de la marca, Candice Swanepoel y Lily Aldridge que\u2026","rel":"","context":"En \u00abCampa\u00f1as\u00bb","img":{"alt_text":"","src":"https:\/\/i0.wp.com\/www.moda.es\/blog\/wp-content\/uploads\/2014\/08\/cvs.jpg?fit=650%2C975&resize=350%2C200","width":350,"height":200},"classes":[]},{"id":10093,"url":"http:\/\/www.moda.es\/blog\/empieza-a-pensar-en-el-verano\/","url_meta":{"origin":21479,"position":2},"title":"Empieza a pensar en el verano","date":"enero 10, 2013","format":false,"excerpt":"Rayos de sol, arena blanca, palmeras, fiestas, color, m\u00fasica \u00a1y bikinis! De acuerdo, la temperatura ah\u00ed fuera no es la m\u00e1s agradable, \u00bfpero no est\u00e1s harta de este ambiente gris?\u00a0 Victoria Secret ya nos est\u00e1 hablando de vacaciones en la presentaci\u00f3n de su nueva colecci\u00f3n de ba\u00f1o, Victoria Secret Swim\u2026","rel":"","context":"En \u00abColecciones\u00bb","img":{"alt_text":"","src":"https:\/\/i0.wp.com\/www.moda.es\/blog\/wp-content\/uploads\/2013\/01\/Victoria-Secret-Swim-2013-31.jpg?fit=439%2C300&resize=350%2C200","width":350,"height":200},"classes":[]},{"id":14488,"url":"http:\/\/www.moda.es\/blog\/el-sujetador-de-los-10-millones-de-dolares\/","url_meta":{"origin":21479,"position":3},"title":"El sujetador de los 10 millones de d\u00f3lares","date":"octubre 18, 2013","format":false,"excerpt":"La temporada de desfiles ya se nos ha olvidado y a\u00fan falta mucho para que vuelva a empezar. No pasa nada. Vemos la luz al final del t\u00fanel, exactamenete el pr\u00f3ximo 10 de diciembre. Victoria Secret celebra su famos\u00edsimo show y por el momento se ha confirmado la participaci\u00f3n de\u2026","rel":"","context":"En \u00abActualidad\u00bb","img":{"alt_text":"","src":"https:\/\/i0.wp.com\/www.moda.es\/blog\/wp-content\/uploads\/2013\/10\/candice_sweanopel1.jpg?fit=500%2C382&resize=350%2C200","width":350,"height":200},"classes":[]},{"id":18967,"url":"http:\/\/www.moda.es\/blog\/los-vaqueros-de-joan-smalls\/","url_meta":{"origin":21479,"position":4},"title":"Los vaqueros de Joan Smalls","date":"febrero 18, 2015","format":false,"excerpt":"Joan Smalls ha seguido los pasos\u00a0 de su compa\u00f1era en Victoria Secret, Candice Swanepoel, y ha dise\u00f1ado su propia colecci\u00f3n de denim. La modelo ha creado una colecci\u00f3n de diecis\u00e9is piezas para la marca True Religion. Desde el denim m\u00e1s tradicional a las opciones m\u00e1s contempor\u00e1neos perfectas para conseguir el\u2026","rel":"","context":"En \u00abColecciones\u00bb","img":{"alt_text":"","src":"https:\/\/i0.wp.com\/www.moda.es\/blog\/wp-content\/uploads\/2015\/02\/joan-smalls-2.jpg?fit=426%2C639&resize=350%2C200","width":350,"height":200},"classes":[]},{"id":18279,"url":"http:\/\/www.moda.es\/blog\/el-libro-de-la-belleza\/","url_meta":{"origin":21479,"position":5},"title":"El libro de la belleza","date":"septiembre 12, 2014","format":false,"excerpt":"Las famsoas modelos deVictoria's Secret han participado en un nuevo libro del fot\u00f3grafo Russell James. Adriana Lima, Alessandra Ambrosio, Candice Swanepoel, Behati Prinsloo y Lily Aldridge entre otras\u00a0 han sido fotografiadas llevando incluso menos ropa de lo que la lucen en la vibrante pasarela de la marca. \u00a0 \"En las\u2026","rel":"","context":"En \u00abActualidad\u00bb","img":{"alt_text":"","src":"https:\/\/i0.wp.com\/www.moda.es\/blog\/wp-content\/uploads\/2014\/09\/vas6.jpg?fit=650%2C975&resize=350%2C200","width":350,"height":200},"classes":[]}],"_links":{"self":[{"href":"http:\/\/www.moda.es\/blog\/wp-json\/wp\/v2\/posts\/21479"}],"collection":[{"href":"http:\/\/www.moda.es\/blog\/wp-json\/wp\/v2\/posts"}],"about":[{"href":"http:\/\/www.moda.es\/blog\/wp-json\/wp\/v2\/types\/post"}],"author":[{"embeddable":true,"href":"http:\/\/www.moda.es\/blog\/wp-json\/wp\/v2\/users\/3"}],"replies":[{"embeddable":true,"href":"http:\/\/www.moda.es\/blog\/wp-json\/wp\/v2\/comments?post=21479"}],"version-history":[{"count":9,"href":"http:\/\/www.moda.es\/blog\/wp-json\/wp\/v2\/posts\/21479\/revisions"}],"predecessor-version":[{"id":35822,"href":"http:\/\/www.moda.es\/blog\/wp-json\/wp\/v2\/posts\/21479\/revisions\/35822"}],"wp:featuredmedia":[{"embeddable":true,"href":"http:\/\/www.moda.es\/blog\/wp-json\/wp\/v2\/media\/21480"}],"wp:attachment":[{"href":"http:\/\/www.moda.es\/blog\/wp-json\/wp\/v2\/media?parent=21479"}],"wp:term":[{"taxonomy":"category","embeddable":true,"href":"http:\/\/www.moda.es\/blog\/wp-json\/wp\/v2\/categories?post=21479"},{"taxonomy":"post_tag","embeddable":true,"href":"http:\/\/www.moda.es\/blog\/wp-json\/wp\/v2\/tags?post=21479"}],"curies":[{"name":"wp","href":"https:\/\/api.w.org\/{rel}","templated":true}]}}