{"id":21393,"date":"2016-11-25T19:59:53","date_gmt":"2016-11-25T18:59:53","guid":{"rendered":"http:\/\/www.moda.es\/blog\/?p=21393"},"modified":"2020-04-27T16:10:03","modified_gmt":"2020-04-27T15:10:03","slug":"escribe-tus-mensajes-mas-fashion","status":"publish","type":"post","link":"http:\/\/www.moda.es\/blog\/escribe-tus-mensajes-mas-fashion\/","title":{"rendered":"Escribe tus mensajes m\u00e1s fashion"},"content":{"rendered":"<p>En el espacio de unos a\u00f1os, los emojis se han convertido en parte integral de la forma en que nos comunicamos, incluso <strong>Oxford Dictionaries\u00a0<\/strong>ha nombrado \u00ab\ud83d\ude02\u00bb (cara con l\u00e1grimas de risa) su Palabra \u00a0del A\u00f1o 2015.<\/p>\n<p>La <strong>moda<\/strong>\u00a0no iba a quedarse atr\u00e1s y ha sido r\u00e1pida en su respuesta: Karl Lagerfeld y Versace, Harper&#8217;s Bazaar y Jordan Brand han lanzado su propio abecedario emoji, y ahora Comme des Gar\u00e7ons ha hecho lo mismo.<\/p>\n<p>Usando\u00a0el famoso logo de la marca del coraz\u00f3n negro, que fue originalmente dise\u00f1ado por el artista polaco <strong>Filip Pagowski<\/strong>. \u00abRecuerdo haber trabajado en algo &#8230; no conectado a nada\u00bb, dijo Pagowski en una entrevista. \u00abTengo esta idea de un coraz\u00f3n rojo con ojos. Lo dibuj\u00e9 instant\u00e1neamente y fue el primer borrador. Lo present\u00e9 para otro proyecto de CdG\u00a0que al final nunca lleg\u00f3 a llevarse a cabo, pero eventualmente resurgi\u00f3. Redise\u00f1\u00e1ndolo con\u00a0l\u00edneas m\u00e1s amplias\u00a0result\u00f3 un logotipo para la l\u00ednea de PLAY. \u00bb<\/p>\n<p>Poco podr\u00eda imaginar\u00a0Pagowski que su dise\u00f1o ser\u00eda un d\u00eda \u00abemojado\u00bb. Lanzado ya\u00a0en la App Store de iPhone, la app Emoji Comme des Gar\u00e7ons cuesta s\u00f3lo 1 euros\u00a0\u00a0y se puede agregar a tu teclado <strong>iMessage<\/strong>\u00a0aunque no es apto para WhatsApp.<\/p>\n<p>&nbsp;<\/p>\n<p><a href=\"http:\/\/www.moda.es\/blog\/escribe-tus-mensajes-mas-fashion\/captura-de-pantalla-2016-11-25-a-las-19-48-37\/\" rel=\"attachment wp-att-21394\"><img data-attachment-id=\"21394\" data-permalink=\"http:\/\/www.moda.es\/blog\/escribe-tus-mensajes-mas-fashion\/captura-de-pantalla-2016-11-25-a-las-19-48-37\/\" data-orig-file=\"https:\/\/i0.wp.com\/www.moda.es\/blog\/wp-content\/uploads\/2016\/11\/Captura-de-pantalla-2016-11-25-a-las-19.48.37.png?fit=524%2C670\" data-orig-size=\"524,670\" data-comments-opened=\"1\" data-image-meta=\"{&quot;aperture&quot;:&quot;0&quot;,&quot;credit&quot;:&quot;&quot;,&quot;camera&quot;:&quot;&quot;,&quot;caption&quot;:&quot;&quot;,&quot;created_timestamp&quot;:&quot;0&quot;,&quot;copyright&quot;:&quot;&quot;,&quot;focal_length&quot;:&quot;0&quot;,&quot;iso&quot;:&quot;0&quot;,&quot;shutter_speed&quot;:&quot;0&quot;,&quot;title&quot;:&quot;&quot;,&quot;orientation&quot;:&quot;0&quot;}\" data-image-title=\"Captura de pantalla 2016-11-25 a las 19.48.37\" data-image-description=\"\" data-image-caption=\"\" data-medium-file=\"https:\/\/i0.wp.com\/www.moda.es\/blog\/wp-content\/uploads\/2016\/11\/Captura-de-pantalla-2016-11-25-a-las-19.48.37.png?fit=235%2C300\" data-large-file=\"https:\/\/i0.wp.com\/www.moda.es\/blog\/wp-content\/uploads\/2016\/11\/Captura-de-pantalla-2016-11-25-a-las-19.48.37.png?fit=524%2C670\" loading=\"lazy\" class=\"aligncenter size-medium wp-image-21394\" src=\"https:\/\/i0.wp.com\/www.moda.es\/blog\/wp-content\/uploads\/2016\/11\/Captura-de-pantalla-2016-11-25-a-las-19.48.37.png?resize=235%2C300\" alt=\"Captura de pantalla 2016-11-25 a las 19.48.37\" width=\"235\" height=\"300\" srcset=\"https:\/\/i0.wp.com\/www.moda.es\/blog\/wp-content\/uploads\/2016\/11\/Captura-de-pantalla-2016-11-25-a-las-19.48.37.png?resize=235%2C300 235w, https:\/\/i0.wp.com\/www.moda.es\/blog\/wp-content\/uploads\/2016\/11\/Captura-de-pantalla-2016-11-25-a-las-19.48.37.png?resize=420%2C537 420w, https:\/\/i0.wp.com\/www.moda.es\/blog\/wp-content\/uploads\/2016\/11\/Captura-de-pantalla-2016-11-25-a-las-19.48.37.png?w=524 524w\" sizes=\"(max-width: 235px) 100vw, 235px\" data-recalc-dims=\"1\" \/><\/a><\/p>\n<p>\u00a9Dazed                             <\/p>\n","protected":false},"excerpt":{"rendered":"<p>En el espacio de unos a\u00f1os, los emojis se han convertido en parte integral de la forma en que nos comunicamos, incluso Oxford Dictionaries\u00a0ha nombrado \u00ab\ud83d\ude02\u00bb (cara con l\u00e1grimas de risa) su Palabra \u00a0del A\u00f1o 2015. La moda\u00a0no iba a quedarse atr\u00e1s y ha sido r\u00e1pida en su respuesta: Karl [&hellip;]<\/p>\n","protected":false},"author":3,"featured_media":21394,"comment_status":"open","ping_status":"open","sticky":false,"template":"","format":"standard","meta":{"jetpack_publicize_message":"","jetpack_is_tweetstorm":false,"jetpack_publicize_feature_enabled":true},"categories":[11,14],"tags":[221],"jetpack_publicize_connections":[],"jetpack_featured_media_url":"https:\/\/i0.wp.com\/www.moda.es\/blog\/wp-content\/uploads\/2016\/11\/Captura-de-pantalla-2016-11-25-a-las-19.48.37.png?fit=524%2C670","jetpack_sharing_enabled":true,"jetpack_shortlink":"https:\/\/wp.me\/p4tJCC-5z3","jetpack-related-posts":[{"id":12910,"url":"http:\/\/www.moda.es\/blog\/converse-y-comme-des-garcons\/","url_meta":{"origin":21393,"position":0},"title":"Converse y Comme des Gar\u00e7ons","date":"junio 3, 2013","format":false,"excerpt":"A algunos les parecen cursis y otros pueblan de ellos decorados y looks. A Comme des Gar\u00e7ons le gustan y a Converse tambi\u00e9n y por ello han poblado de ellos su \u00faltima colecci\u00f3n. Hablo de corazones y de la colaboraci\u00f3n entre una marca referente en el mundo de la moda\u2026","rel":"","context":"En \u00abActualidad\u00bb","img":{"alt_text":"","src":"https:\/\/i0.wp.com\/www.moda.es\/blog\/wp-content\/uploads\/2013\/06\/Converse-11.jpg?fit=500%2C375&resize=350%2C200","width":350,"height":200},"classes":[]},{"id":18963,"url":"http:\/\/www.moda.es\/blog\/un-nuevo-duo-de-moda\/","url_meta":{"origin":21393,"position":1},"title":"Un nuevo d\u00fao de moda","date":"febrero 18, 2015","format":false,"excerpt":"Pocas cosas son tan valiosas como tener un mentor durante los primeros d\u00edas de tu carrera, y para Phoebe English llegaron de forma muy\u00a0 inspiradora con el CEO de Comme des Gar\u00e7ons, Adrian Joffe.\u00a0 Juntos han desvvelado la \u00faltima instalaci\u00f3n de English en la tienda del museo CDG Trading de\u2026","rel":"","context":"En \u00abActualidad\u00bb","img":{"alt_text":"","src":"https:\/\/i0.wp.com\/www.moda.es\/blog\/wp-content\/uploads\/2015\/02\/cdg.jpg?fit=650%2C975&resize=350%2C200","width":350,"height":200},"classes":[]},{"id":13105,"url":"http:\/\/www.moda.es\/blog\/resumen-de-la-semana-22-de-junio\/","url_meta":{"origin":21393,"position":2},"title":"Resumen de la semana. 22 de junio","date":"junio 22, 2013","format":false,"excerpt":"\u00a1El verano oficialmente ya est\u00e1 aqu\u00ed! \u00bfno empiezas a oler a vacaciones? \u00a1Est\u00e1n muy cerca! Mientras, mira todo lo que ha pasado esta semana en el mundo de la moda. Que KarlLagerfeld es todo un personaje ya lo sab\u00edamos, pero la expresi\u00f3n se vuelve literal ahora que tiene su propio\u2026","rel":"","context":"En \u00abAccesorios\u00bb","img":{"alt_text":"","src":"https:\/\/i0.wp.com\/www.moda.es\/blog\/wp-content\/uploads\/2013\/06\/Lagerfeld1.jpg?fit=400%2C440&resize=350%2C200","width":350,"height":200},"classes":[]},{"id":22078,"url":"http:\/\/www.moda.es\/blog\/tenemos-todas-las-claves-de-la-gala-met\/","url_meta":{"origin":21393,"position":3},"title":"Tenemos todas las claves de la Gala MET","date":"abril 27, 2017","format":false,"excerpt":"\u00bfEst\u00e1s listo para el primer lunes de mayo? Mientras que muchos en Europa\u00a0disfrutar\u00e1n del puente del d\u00eda del trabajo, para los amantes de la moda es una cosa completamente diferente: es el d\u00eda de la Gala Met. El tema de este a\u00f1o, tanto para la exposici\u00f3n anual del Instituto del\u2026","rel":"","context":"En \u00abAlfombra Roja\u00bb","img":{"alt_text":"","src":"https:\/\/i0.wp.com\/www.moda.es\/blog\/wp-content\/uploads\/2017\/04\/Captura-de-pantalla-2017-04-27-a-las-23.22.20.png?fit=363%2C544&resize=350%2C200","width":350,"height":200},"classes":[]},{"id":20310,"url":"http:\/\/www.moda.es\/blog\/pharrell-nuevo-propietario-de-g-star-raw\/","url_meta":{"origin":21393,"position":4},"title":"Pharrell, nuevo propietario de G Star Raw","date":"febrero 12, 2016","format":false,"excerpt":"Pharrell Williams se ha convertido en co-propietario de la marca de denim\u00a0G Star Raw. El cantante est\u00e1 \"listo para sumergirse\u00a0en la empresa en muchos niveles creativos,\u00a0tanto\u00a0colecciones, como\u00a0publicidad y estrategia de negocios\", seg\u00fan un comunicado de la marca. \"G-Star es una empresa independiente y con visi\u00f3n de futuro\", ha afirmado\u00a0Williams. \"Creo\u2026","rel":"","context":"En \u00abActualidad\u00bb","img":{"alt_text":"","src":"https:\/\/i0.wp.com\/www.moda.es\/blog\/wp-content\/uploads\/2016\/02\/Captura-de-pantalla-2016-02-11-a-las-23.47.53.png?fit=288%2C437&resize=350%2C200","width":350,"height":200},"classes":[]},{"id":11347,"url":"http:\/\/www.moda.es\/blog\/paris-mon-amour\/","url_meta":{"origin":21393,"position":5},"title":"Par\u00eds, mon amour","date":"marzo 9, 2013","format":false,"excerpt":"La temporada de desfiles nos abandona... Al menos hasta la pr\u00f3xima Alta Costura de Par\u00eds, pero eso ser\u00e1 en julio. Mientras, Paris Fashion Week nos deja despu\u00e9s de seis intensos d\u00edas llenos de moda y nuevas creaciones. \u00a0 \u00bfQuieres saner cu\u00e1les son las tendencias estrella que nos han propuesto los\u2026","rel":"","context":"En \u00abDise\u00f1adores\u00bb","img":{"alt_text":"","src":"https:\/\/i0.wp.com\/www.moda.es\/blog\/wp-content\/uploads\/2013\/03\/Christian-Dior.jpg?resize=350%2C200","width":350,"height":200},"classes":[]}],"_links":{"self":[{"href":"http:\/\/www.moda.es\/blog\/wp-json\/wp\/v2\/posts\/21393"}],"collection":[{"href":"http:\/\/www.moda.es\/blog\/wp-json\/wp\/v2\/posts"}],"about":[{"href":"http:\/\/www.moda.es\/blog\/wp-json\/wp\/v2\/types\/post"}],"author":[{"embeddable":true,"href":"http:\/\/www.moda.es\/blog\/wp-json\/wp\/v2\/users\/3"}],"replies":[{"embeddable":true,"href":"http:\/\/www.moda.es\/blog\/wp-json\/wp\/v2\/comments?post=21393"}],"version-history":[{"count":7,"href":"http:\/\/www.moda.es\/blog\/wp-json\/wp\/v2\/posts\/21393\/revisions"}],"predecessor-version":[{"id":35832,"href":"http:\/\/www.moda.es\/blog\/wp-json\/wp\/v2\/posts\/21393\/revisions\/35832"}],"wp:featuredmedia":[{"embeddable":true,"href":"http:\/\/www.moda.es\/blog\/wp-json\/wp\/v2\/media\/21394"}],"wp:attachment":[{"href":"http:\/\/www.moda.es\/blog\/wp-json\/wp\/v2\/media?parent=21393"}],"wp:term":[{"taxonomy":"category","embeddable":true,"href":"http:\/\/www.moda.es\/blog\/wp-json\/wp\/v2\/categories?post=21393"},{"taxonomy":"post_tag","embeddable":true,"href":"http:\/\/www.moda.es\/blog\/wp-json\/wp\/v2\/tags?post=21393"}],"curies":[{"name":"wp","href":"https:\/\/api.w.org\/{rel}","templated":true}]}}