{"id":21388,"date":"2016-11-24T21:53:47","date_gmt":"2016-11-24T20:53:47","guid":{"rendered":"http:\/\/www.moda.es\/blog\/?p=21388"},"modified":"2020-04-27T16:10:12","modified_gmt":"2020-04-27T15:10:12","slug":"descubre-el-diario-de-caroline-de-maigret","status":"publish","type":"post","link":"http:\/\/www.moda.es\/blog\/descubre-el-diario-de-caroline-de-maigret\/","title":{"rendered":"Descubre el diario de Caroline de Maigret"},"content":{"rendered":"<p>Los lazos de <strong>Caroline de Maigret<\/strong> con la <em>maison<\/em> <strong>Chanel<\/strong>\u00a0tienen ya un largo camino.<\/p>\n<p>En <strong>1998, Karl Lagerfeld\u00a0<\/strong>cont\u00f3 con la joven\u00a0modelo para\u00a0la\u00a0presentaci\u00f3n de\u00a0su colecci\u00f3n ready to wear primavera &#8211; verano \u00a0en el Op\u00e9ra Bastille. Inmediatamente, el\u00a0dise\u00f1ador\u00a0qued\u00f3 cautivado por\u00a0su estilo y personalidad. No s\u00f3lo tiene una carrera como\u00a0modelo, Caroline de Maigret tambi\u00e9n lanz\u00f3 un sello de m\u00fasica y se convirti\u00f3 en<strong> productora, autora y fot\u00f3grafa<\/strong>. A lo largo de los a\u00f1os, ha perseguido una pasi\u00f3n por la <strong>creatividad<\/strong> ilimitada, y en el proceso ha formado un estilo de vida a medida.<\/p>\n<p>Lagerfeld la present\u00f3 m\u00e1s adelante en su libro,\u00a0<em>The Little Black Jacket<\/em> y despu\u00e9s se hizo habitual\u00a0de la <strong>primera fila<\/strong> en cada desfile, surgiendo\u00a0como un icono l\u00edder de la<strong> elegancia parisina<\/strong>. Convertirse en portavoz y embajadora de Chanel\u00a0fue una evoluci\u00f3n natural de esta colaboraci\u00f3n continua.<\/p>\n<p>Esta semana, Chanel presenta orgullosamente una plataforma dedicada al estilo de vida narrada por Caroline de Maigret.<strong> CdMdiary by\u00a0Caroline de Maigret<\/strong>\u00a0ha sido creado con el prop\u00f3sito de compartir un estilo de vida que incorpora varias facetas de nuestro tiempo.<\/p>\n<p>Este lanzamiento se acompa\u00f1ar\u00e1 por un evento especial en la boutique Chanel del\u00a0 <strong>51 de Avenue Montaigne<\/strong>, que luego viajar\u00e1 a ciudades de todo el mundo. Incluir\u00e1 lo esencial de Caroline: una chaqueta, un peque\u00f1o vestido negro, prendas de punto, pantalones y blusas, as\u00ed como una selecci\u00f3n de las nuevas piezas y accesorios que ella ama ahora. Caroline tambi\u00e9n dirigir\u00e1 un taller para compartir su forma de ver\u00a0el <strong>estilo,<\/strong>\u00a0de crear un look y de desarrollar el allure\u00a0que transmite personalidad.<\/p>\n<p>La plataforma CdMdiary de Caroline de Maigret ya se puede visitar\u00a0en <strong>www.cdmdiary.com<\/strong>.<\/p>\n<p><img data-attachment-id=\"21390\" data-permalink=\"http:\/\/www.moda.es\/blog\/descubre-el-diario-de-caroline-de-maigret\/captura-de-pantalla-2016-11-24-a-las-20-42-50\/\" data-orig-file=\"https:\/\/i0.wp.com\/www.moda.es\/blog\/wp-content\/uploads\/2016\/11\/Captura-de-pantalla-2016-11-24-a-las-20.42.50.png?fit=739%2C365\" data-orig-size=\"739,365\" data-comments-opened=\"1\" data-image-meta=\"{&quot;aperture&quot;:&quot;0&quot;,&quot;credit&quot;:&quot;&quot;,&quot;camera&quot;:&quot;&quot;,&quot;caption&quot;:&quot;&quot;,&quot;created_timestamp&quot;:&quot;0&quot;,&quot;copyright&quot;:&quot;&quot;,&quot;focal_length&quot;:&quot;0&quot;,&quot;iso&quot;:&quot;0&quot;,&quot;shutter_speed&quot;:&quot;0&quot;,&quot;title&quot;:&quot;&quot;,&quot;orientation&quot;:&quot;0&quot;}\" data-image-title=\"Captura de pantalla 2016-11-24 a las 20.42.50\" data-image-description=\"\" data-image-caption=\"\" data-medium-file=\"https:\/\/i0.wp.com\/www.moda.es\/blog\/wp-content\/uploads\/2016\/11\/Captura-de-pantalla-2016-11-24-a-las-20.42.50.png?fit=300%2C148\" data-large-file=\"https:\/\/i0.wp.com\/www.moda.es\/blog\/wp-content\/uploads\/2016\/11\/Captura-de-pantalla-2016-11-24-a-las-20.42.50.png?fit=640%2C316\" loading=\"lazy\" class=\"aligncenter size-medium wp-image-21390\" src=\"https:\/\/i0.wp.com\/www.moda.es\/blog\/wp-content\/uploads\/2016\/11\/Captura-de-pantalla-2016-11-24-a-las-20.42.50.png?resize=300%2C148\" alt=\"Captura de pantalla 2016-11-24 a las 20.42.50\" width=\"300\" height=\"148\" srcset=\"https:\/\/i0.wp.com\/www.moda.es\/blog\/wp-content\/uploads\/2016\/11\/Captura-de-pantalla-2016-11-24-a-las-20.42.50.png?resize=300%2C148 300w, https:\/\/i0.wp.com\/www.moda.es\/blog\/wp-content\/uploads\/2016\/11\/Captura-de-pantalla-2016-11-24-a-las-20.42.50.png?resize=420%2C207 420w, https:\/\/i0.wp.com\/www.moda.es\/blog\/wp-content\/uploads\/2016\/11\/Captura-de-pantalla-2016-11-24-a-las-20.42.50.png?w=739 739w\" sizes=\"(max-width: 300px) 100vw, 300px\" data-recalc-dims=\"1\" \/><\/p>\n<p>\u00a9Sidewalk<a href=\"http:\/\/www.moda.es\/blog\/descubre-el-diario-de-caroline-de-maigret\/captura-de-pantalla-2016-11-24-a-las-20-42-50\/\" rel=\"attachment wp-att-21390\"><br \/>\n<\/a>                             <\/p>\n","protected":false},"excerpt":{"rendered":"<p>Los lazos de Caroline de Maigret con la maison Chanel\u00a0tienen ya un largo camino. En 1998, Karl Lagerfeld\u00a0cont\u00f3 con la joven\u00a0modelo para\u00a0la\u00a0presentaci\u00f3n de\u00a0su colecci\u00f3n ready to wear primavera &#8211; verano \u00a0en el Op\u00e9ra Bastille. Inmediatamente, el\u00a0dise\u00f1ador\u00a0qued\u00f3 cautivado por\u00a0su estilo y personalidad. No s\u00f3lo tiene una carrera como\u00a0modelo, Caroline de Maigret [&hellip;]<\/p>\n","protected":false},"author":3,"featured_media":21390,"comment_status":"open","ping_status":"open","sticky":false,"template":"","format":"standard","meta":{"jetpack_publicize_message":"","jetpack_is_tweetstorm":false,"jetpack_publicize_feature_enabled":true},"categories":[3,11,14,16,17],"tags":[171,182,464],"jetpack_publicize_connections":[],"jetpack_featured_media_url":"https:\/\/i0.wp.com\/www.moda.es\/blog\/wp-content\/uploads\/2016\/11\/Captura-de-pantalla-2016-11-24-a-las-20.42.50.png?fit=739%2C365","jetpack_sharing_enabled":true,"jetpack_shortlink":"https:\/\/wp.me\/p4tJCC-5yY","jetpack-related-posts":[{"id":22064,"url":"http:\/\/www.moda.es\/blog\/cara-delevigne-sigue-siendo-musa-de-chanel\/","url_meta":{"origin":21388,"position":0},"title":"Cara Delevigne sigue siendo musa de Chanel","date":"abril 25, 2017","format":false,"excerpt":"Chanel ha anunciado\u00a0que este es el a\u00f1o de Gabrielle, conocida como Coco\u00a0por\u00a0sus amigos. La famosa casa de moda ha lanzado\u00a0un nuevo bolso hom\u00f3nimo y tendr\u00e1 innumerables proyectos en los pr\u00f3ximos meses. As\u00ed, se van a\u00a0lanzar cuatro videos teaser para su pr\u00f3xima campa\u00f1a, con la musa de Chanel, Cara Delevingne. Otros\u2026","rel":"","context":"En \u00abAccesorios\u00bb","img":{"alt_text":"","src":"https:\/\/i0.wp.com\/www.moda.es\/blog\/wp-content\/uploads\/2017\/04\/Captura-de-pantalla-2017-04-25-a-las-22.24.50.png?fit=356%2C479&resize=350%2C200","width":350,"height":200},"classes":[]},{"id":21891,"url":"http:\/\/www.moda.es\/blog\/pharrell-williams-primer-hombre-que-protagoniza-una-campana-de-bolsos-de-chanel\/","url_meta":{"origin":21388,"position":1},"title":"Pharrell Williams, primer hombre que protagoniza una campa\u00f1a de bolsos de Chanel","date":"marzo 14, 2017","format":false,"excerpt":"Pharrell Williams, la rara musa masculina de Chanel, presenta\u00a0el nuevo\u00a0bolso Gabrielle en la \u00faltima campa\u00f1a de la casa francesa. A pesar de que ya ha aparecido en anuncios \u00a0de la marca antes, esta la primera vez que \u00e9l o cualquier hombre ha protagonizado una campa\u00f1a de bolsos de Chanel. Karl\u2026","rel":"","context":"En \u00abActualidad\u00bb","img":{"alt_text":"","src":"https:\/\/i0.wp.com\/www.moda.es\/blog\/wp-content\/uploads\/2017\/03\/Captura-de-pantalla-2017-03-14-a-las-23.02.12.png?fit=1196%2C707&resize=350%2C200","width":350,"height":200},"classes":[]},{"id":15279,"url":"http:\/\/www.moda.es\/blog\/lo-ultimo-de-marc-jacobs-para-louis-vuitton\/","url_meta":{"origin":21388,"position":2},"title":"Lo \u00faltimo de Marc Jacobs para Louis Vuitton","date":"diciembre 20, 2013","format":false,"excerpt":"Como un artista al que publican una obra p\u00f3stuma, se ha presentado la \u00faltima campa\u00f1a de Marc Jacobs para Louis Vuitton. El gran dise\u00f1ador (c\u00f3mo le vamos a echar de menos), ha dedicado este trabajo final a sus musas de la moda de Catherine Deneuve (God save the Queen, cada\u2026","rel":"","context":"En \u00abCampa\u00f1as\u00bb","img":{"alt_text":"","src":"https:\/\/i0.wp.com\/www.moda.es\/blog\/wp-content\/uploads\/2013\/12\/Louis-Vuitton-91.jpg?fit=500%2C750&resize=350%2C200","width":350,"height":200},"classes":[]},{"id":21244,"url":"http:\/\/www.moda.es\/blog\/vas-a-querer-reservar-una-habitacion\/","url_meta":{"origin":21388,"position":3},"title":"Vas a querer reservar una habitaci\u00f3n&#8230;","date":"octubre 18, 2016","format":false,"excerpt":"...en el hotel de Karl Lagerfeld. Esto no es nuevo para el creador, su\u00a0hotel de lujo de 270 habitaciones en Macao\u00a0se va a abrir en\u00a02017,\u00a0pero ahora Lagerfeld ha revelado que est\u00e1 expandiendo dr\u00e1sticamente sus planes de hosteler\u00eda. El dise\u00f1ador de Chanel y Fendi\u00a0prepara el lanzamiento de Karl Lagerfeld Hotels and\u2026","rel":"","context":"En \u00abActualidad\u00bb","img":{"alt_text":"","src":"https:\/\/i0.wp.com\/www.moda.es\/blog\/wp-content\/uploads\/2016\/10\/Captura-de-pantalla-2016-10-18-a-las-23.06.47.png?fit=523%2C346&resize=350%2C200","width":350,"height":200},"classes":[]},{"id":11234,"url":"http:\/\/www.moda.es\/blog\/karl-lagerfeld-a-ritmo-de-samba\/","url_meta":{"origin":21388,"position":4},"title":"Karl Lagerfeld, a ritmo de samba","date":"febrero 28, 2013","format":false,"excerpt":"\u00a0 El k\u00e1iser literalmente no para. Entre el desfile de Fendi en Mil\u00e1n, el pr\u00f3ximo show de Chanel en Par\u00eds, el lanzamiento de la nueva boutique high tech de la marca en la capital francesa o su colaboraci\u00f3n con las l\u00edneas de maquillaje de Shu Uemura o los relojes Fossil,\u2026","rel":"","context":"En \u00abDise\u00f1adores\u00bb","img":{"alt_text":"","src":"https:\/\/i0.wp.com\/www.moda.es\/blog\/wp-content\/uploads\/2013\/03\/Karl-Lagerfeld1.jpg?fit=426%2C639&resize=350%2C200","width":350,"height":200},"classes":[]},{"id":19106,"url":"http:\/\/www.moda.es\/blog\/la-santa-trinidad-de-karl-lagerfeld\/","url_meta":{"origin":21388,"position":5},"title":"La santa trinidad de Karl Lagerfeld","date":"marzo 5, 2015","format":false,"excerpt":"Un creador como Karl Lagerfeld no puede hacer las cosas a medias. \u00bfPor qu\u00e9 crear un it bag para esta temporada pudiendo crear tres? Y para presentarlos como se merece ha escogido a\u00a0 tres it girls. En primer lugar es Kristen Stewart quien representa el 11.12, la \u00faltima actualizaci\u00f3n del\u2026","rel":"","context":"En \u00abAccesorios\u00bb","img":{"alt_text":"","src":"https:\/\/i0.wp.com\/www.moda.es\/blog\/wp-content\/uploads\/2015\/03\/klt3.jpg?fit=650%2C923&resize=350%2C200","width":350,"height":200},"classes":[]}],"_links":{"self":[{"href":"http:\/\/www.moda.es\/blog\/wp-json\/wp\/v2\/posts\/21388"}],"collection":[{"href":"http:\/\/www.moda.es\/blog\/wp-json\/wp\/v2\/posts"}],"about":[{"href":"http:\/\/www.moda.es\/blog\/wp-json\/wp\/v2\/types\/post"}],"author":[{"embeddable":true,"href":"http:\/\/www.moda.es\/blog\/wp-json\/wp\/v2\/users\/3"}],"replies":[{"embeddable":true,"href":"http:\/\/www.moda.es\/blog\/wp-json\/wp\/v2\/comments?post=21388"}],"version-history":[{"count":8,"href":"http:\/\/www.moda.es\/blog\/wp-json\/wp\/v2\/posts\/21388\/revisions"}],"predecessor-version":[{"id":35833,"href":"http:\/\/www.moda.es\/blog\/wp-json\/wp\/v2\/posts\/21388\/revisions\/35833"}],"wp:featuredmedia":[{"embeddable":true,"href":"http:\/\/www.moda.es\/blog\/wp-json\/wp\/v2\/media\/21390"}],"wp:attachment":[{"href":"http:\/\/www.moda.es\/blog\/wp-json\/wp\/v2\/media?parent=21388"}],"wp:term":[{"taxonomy":"category","embeddable":true,"href":"http:\/\/www.moda.es\/blog\/wp-json\/wp\/v2\/categories?post=21388"},{"taxonomy":"post_tag","embeddable":true,"href":"http:\/\/www.moda.es\/blog\/wp-json\/wp\/v2\/tags?post=21388"}],"curies":[{"name":"wp","href":"https:\/\/api.w.org\/{rel}","templated":true}]}}