{"id":21375,"date":"2016-11-19T18:44:02","date_gmt":"2016-11-19T17:44:02","guid":{"rendered":"http:\/\/www.moda.es\/blog\/?p=21375"},"modified":"2020-04-27T16:10:29","modified_gmt":"2020-04-27T15:10:29","slug":"podria-kylie-jenner-lanzar-una-coleccion-de-lenceria","status":"publish","type":"post","link":"http:\/\/www.moda.es\/blog\/podria-kylie-jenner-lanzar-una-coleccion-de-lenceria\/","title":{"rendered":"\u00bfPodr\u00eda Kylie Jenner lanzar una colecci\u00f3n de lencer\u00eda?"},"content":{"rendered":"<p><strong>Kylie Jenner<\/strong> est\u00e1 preparando algo, eso est\u00e1 claro. Ayer, aproximadamente a las 5 de la tarde, public\u00f3 una serie de <strong>tres im\u00e1genes<\/strong> en su <strong>Instagram.<\/strong> Cada una de las im\u00e1genes presentaba a Kylie vestida con<strong> ropa interior de encaje<\/strong> y una gabardina de cuero.<\/p>\n<p><a href=\"http:\/\/www.moda.es\/blog\/podria-kylie-jenner-lanzar-una-coleccion-de-lenceria\/captura-de-pantalla-2016-11-19-a-las-18-10-34\/\" rel=\"attachment wp-att-21376\"><img data-attachment-id=\"21376\" data-permalink=\"http:\/\/www.moda.es\/blog\/podria-kylie-jenner-lanzar-una-coleccion-de-lenceria\/captura-de-pantalla-2016-11-19-a-las-18-10-34\/\" data-orig-file=\"https:\/\/i0.wp.com\/www.moda.es\/blog\/wp-content\/uploads\/2016\/11\/Captura-de-pantalla-2016-11-19-a-las-18.10.34.png?fit=534%2C604\" data-orig-size=\"534,604\" data-comments-opened=\"1\" data-image-meta=\"{&quot;aperture&quot;:&quot;0&quot;,&quot;credit&quot;:&quot;&quot;,&quot;camera&quot;:&quot;&quot;,&quot;caption&quot;:&quot;&quot;,&quot;created_timestamp&quot;:&quot;0&quot;,&quot;copyright&quot;:&quot;&quot;,&quot;focal_length&quot;:&quot;0&quot;,&quot;iso&quot;:&quot;0&quot;,&quot;shutter_speed&quot;:&quot;0&quot;,&quot;title&quot;:&quot;&quot;,&quot;orientation&quot;:&quot;0&quot;}\" data-image-title=\"Captura de pantalla 2016-11-19 a las 18.10.34\" data-image-description=\"\" data-image-caption=\"\" data-medium-file=\"https:\/\/i0.wp.com\/www.moda.es\/blog\/wp-content\/uploads\/2016\/11\/Captura-de-pantalla-2016-11-19-a-las-18.10.34.png?fit=265%2C300\" data-large-file=\"https:\/\/i0.wp.com\/www.moda.es\/blog\/wp-content\/uploads\/2016\/11\/Captura-de-pantalla-2016-11-19-a-las-18.10.34.png?fit=534%2C604\" loading=\"lazy\" class=\"aligncenter size-medium wp-image-21376\" src=\"https:\/\/i0.wp.com\/www.moda.es\/blog\/wp-content\/uploads\/2016\/11\/Captura-de-pantalla-2016-11-19-a-las-18.10.34.png?resize=265%2C300\" alt=\"Captura de pantalla 2016-11-19 a las 18.10.34\" width=\"265\" height=\"300\" srcset=\"https:\/\/i0.wp.com\/www.moda.es\/blog\/wp-content\/uploads\/2016\/11\/Captura-de-pantalla-2016-11-19-a-las-18.10.34.png?resize=265%2C300 265w, https:\/\/i0.wp.com\/www.moda.es\/blog\/wp-content\/uploads\/2016\/11\/Captura-de-pantalla-2016-11-19-a-las-18.10.34.png?resize=420%2C475 420w, https:\/\/i0.wp.com\/www.moda.es\/blog\/wp-content\/uploads\/2016\/11\/Captura-de-pantalla-2016-11-19-a-las-18.10.34.png?w=534 534w\" sizes=\"(max-width: 265px) 100vw, 265px\" data-recalc-dims=\"1\" \/><\/a><\/p>\n<p>Las fotos eran super <em>sexies.<\/em> Cada una de ellas fue subtitulado con <strong>@thekyliestore<\/strong>. Al acceder al perfil bajo este nombre\u00a0llegamos a un nuevo\u00a0usuario, seguido por Kylie y su novio Tyga, en el cual solamente se publicado<strong> nueve fotos<\/strong>\u00a0que juntas, completan un cuadro muy sugerente de a Kylie en\u00a0ropa interior roja.<\/p>\n<p><a href=\"http:\/\/www.moda.es\/blog\/podria-kylie-jenner-lanzar-una-coleccion-de-lenceria\/captura-de-pantalla-2016-11-19-a-las-18-08-57\/\" rel=\"attachment wp-att-21377\"><img data-attachment-id=\"21377\" data-permalink=\"http:\/\/www.moda.es\/blog\/podria-kylie-jenner-lanzar-una-coleccion-de-lenceria\/captura-de-pantalla-2016-11-19-a-las-18-08-57\/\" data-orig-file=\"https:\/\/i0.wp.com\/www.moda.es\/blog\/wp-content\/uploads\/2016\/11\/Captura-de-pantalla-2016-11-19-a-las-18.08.57.png?fit=435%2C546\" data-orig-size=\"435,546\" data-comments-opened=\"1\" data-image-meta=\"{&quot;aperture&quot;:&quot;0&quot;,&quot;credit&quot;:&quot;&quot;,&quot;camera&quot;:&quot;&quot;,&quot;caption&quot;:&quot;&quot;,&quot;created_timestamp&quot;:&quot;0&quot;,&quot;copyright&quot;:&quot;&quot;,&quot;focal_length&quot;:&quot;0&quot;,&quot;iso&quot;:&quot;0&quot;,&quot;shutter_speed&quot;:&quot;0&quot;,&quot;title&quot;:&quot;&quot;,&quot;orientation&quot;:&quot;0&quot;}\" data-image-title=\"Captura de pantalla 2016-11-19 a las 18.08.57\" data-image-description=\"\" data-image-caption=\"\" data-medium-file=\"https:\/\/i0.wp.com\/www.moda.es\/blog\/wp-content\/uploads\/2016\/11\/Captura-de-pantalla-2016-11-19-a-las-18.08.57.png?fit=239%2C300\" data-large-file=\"https:\/\/i0.wp.com\/www.moda.es\/blog\/wp-content\/uploads\/2016\/11\/Captura-de-pantalla-2016-11-19-a-las-18.08.57.png?fit=435%2C546\" loading=\"lazy\" class=\"aligncenter size-medium wp-image-21377\" src=\"https:\/\/i0.wp.com\/www.moda.es\/blog\/wp-content\/uploads\/2016\/11\/Captura-de-pantalla-2016-11-19-a-las-18.08.57.png?resize=239%2C300\" alt=\"Captura de pantalla 2016-11-19 a las 18.08.57\" width=\"239\" height=\"300\" srcset=\"https:\/\/i0.wp.com\/www.moda.es\/blog\/wp-content\/uploads\/2016\/11\/Captura-de-pantalla-2016-11-19-a-las-18.08.57.png?resize=239%2C300 239w, https:\/\/i0.wp.com\/www.moda.es\/blog\/wp-content\/uploads\/2016\/11\/Captura-de-pantalla-2016-11-19-a-las-18.08.57.png?resize=420%2C527 420w, https:\/\/i0.wp.com\/www.moda.es\/blog\/wp-content\/uploads\/2016\/11\/Captura-de-pantalla-2016-11-19-a-las-18.08.57.png?w=435 435w\" sizes=\"(max-width: 239px) 100vw, 239px\" data-recalc-dims=\"1\" \/><\/a><br \/>\nLa informaci\u00f3n no es mucho m\u00e1s reveladora, pero sobre la base de las im\u00e1genes que Jenner ha compartido hasta ahora, nos atrever\u00edamos a decir que la hermana menor tiene una <strong>nueva colecci\u00f3n de lencer\u00eda escondida bajo\u00a0la manga<\/strong>.<\/p>\n<p><a href=\"http:\/\/www.moda.es\/blog\/podria-kylie-jenner-lanzar-una-coleccion-de-lenceria\/captura-de-pantalla-2016-11-19-a-las-18-10-53\/\" rel=\"attachment wp-att-21378\"><img data-attachment-id=\"21378\" data-permalink=\"http:\/\/www.moda.es\/blog\/podria-kylie-jenner-lanzar-una-coleccion-de-lenceria\/captura-de-pantalla-2016-11-19-a-las-18-10-53\/\" data-orig-file=\"https:\/\/i0.wp.com\/www.moda.es\/blog\/wp-content\/uploads\/2016\/11\/Captura-de-pantalla-2016-11-19-a-las-18.10.53.png?fit=537%2C744\" data-orig-size=\"537,744\" data-comments-opened=\"1\" data-image-meta=\"{&quot;aperture&quot;:&quot;0&quot;,&quot;credit&quot;:&quot;&quot;,&quot;camera&quot;:&quot;&quot;,&quot;caption&quot;:&quot;&quot;,&quot;created_timestamp&quot;:&quot;0&quot;,&quot;copyright&quot;:&quot;&quot;,&quot;focal_length&quot;:&quot;0&quot;,&quot;iso&quot;:&quot;0&quot;,&quot;shutter_speed&quot;:&quot;0&quot;,&quot;title&quot;:&quot;&quot;,&quot;orientation&quot;:&quot;0&quot;}\" data-image-title=\"Captura de pantalla 2016-11-19 a las 18.10.53\" data-image-description=\"\" data-image-caption=\"\" data-medium-file=\"https:\/\/i0.wp.com\/www.moda.es\/blog\/wp-content\/uploads\/2016\/11\/Captura-de-pantalla-2016-11-19-a-las-18.10.53.png?fit=217%2C300\" data-large-file=\"https:\/\/i0.wp.com\/www.moda.es\/blog\/wp-content\/uploads\/2016\/11\/Captura-de-pantalla-2016-11-19-a-las-18.10.53.png?fit=537%2C744\" loading=\"lazy\" class=\"aligncenter size-medium wp-image-21378\" src=\"https:\/\/i0.wp.com\/www.moda.es\/blog\/wp-content\/uploads\/2016\/11\/Captura-de-pantalla-2016-11-19-a-las-18.10.53.png?resize=217%2C300\" alt=\"Captura de pantalla 2016-11-19 a las 18.10.53\" width=\"217\" height=\"300\" srcset=\"https:\/\/i0.wp.com\/www.moda.es\/blog\/wp-content\/uploads\/2016\/11\/Captura-de-pantalla-2016-11-19-a-las-18.10.53.png?resize=217%2C300 217w, https:\/\/i0.wp.com\/www.moda.es\/blog\/wp-content\/uploads\/2016\/11\/Captura-de-pantalla-2016-11-19-a-las-18.10.53.png?resize=420%2C582 420w, https:\/\/i0.wp.com\/www.moda.es\/blog\/wp-content\/uploads\/2016\/11\/Captura-de-pantalla-2016-11-19-a-las-18.10.53.png?w=537 537w\" sizes=\"(max-width: 217px) 100vw, 217px\" data-recalc-dims=\"1\" \/><\/a><\/p>\n<p>Tendr\u00eda sentido, a Jenner le encanta\u00a0la ropa que ostenta su f\u00edsico de moda que \u00bfpor qu\u00e9 no tener su propia l\u00ednea de lencer\u00eda para lucir bajo sus provocadores outfits? Ella ya tiene su propia marca de cosm\u00e9ticos, <strong>Kylie Cosmetics,<\/strong>\u00a0una aplicaci\u00f3n, un contrato con <strong>Puma <\/strong>y\u00a0una colecci\u00f3n \u00a0con su hermana, acertadamente nombrada<strong> Kendall + Kylie<\/strong>, sin embargo en el vasto imperio Kardashian-West, la ropa interior sigue siendo un mercado sin explotar.<\/p>\n<p><a href=\"http:\/\/www.moda.es\/blog\/podria-kylie-jenner-lanzar-una-coleccion-de-lenceria\/captura-de-pantalla-2016-11-19-a-las-18-22-23\/\" rel=\"attachment wp-att-21379\"><img data-attachment-id=\"21379\" data-permalink=\"http:\/\/www.moda.es\/blog\/podria-kylie-jenner-lanzar-una-coleccion-de-lenceria\/captura-de-pantalla-2016-11-19-a-las-18-22-23\/\" data-orig-file=\"https:\/\/i0.wp.com\/www.moda.es\/blog\/wp-content\/uploads\/2016\/11\/Captura-de-pantalla-2016-11-19-a-las-18.22.23.png?fit=534%2C472\" data-orig-size=\"534,472\" data-comments-opened=\"1\" data-image-meta=\"{&quot;aperture&quot;:&quot;0&quot;,&quot;credit&quot;:&quot;&quot;,&quot;camera&quot;:&quot;&quot;,&quot;caption&quot;:&quot;&quot;,&quot;created_timestamp&quot;:&quot;0&quot;,&quot;copyright&quot;:&quot;&quot;,&quot;focal_length&quot;:&quot;0&quot;,&quot;iso&quot;:&quot;0&quot;,&quot;shutter_speed&quot;:&quot;0&quot;,&quot;title&quot;:&quot;&quot;,&quot;orientation&quot;:&quot;0&quot;}\" data-image-title=\"Captura de pantalla 2016-11-19 a las 18.22.23\" data-image-description=\"\" data-image-caption=\"\" data-medium-file=\"https:\/\/i0.wp.com\/www.moda.es\/blog\/wp-content\/uploads\/2016\/11\/Captura-de-pantalla-2016-11-19-a-las-18.22.23.png?fit=300%2C265\" data-large-file=\"https:\/\/i0.wp.com\/www.moda.es\/blog\/wp-content\/uploads\/2016\/11\/Captura-de-pantalla-2016-11-19-a-las-18.22.23.png?fit=534%2C472\" loading=\"lazy\" class=\"aligncenter size-medium wp-image-21379\" src=\"https:\/\/i0.wp.com\/www.moda.es\/blog\/wp-content\/uploads\/2016\/11\/Captura-de-pantalla-2016-11-19-a-las-18.22.23.png?resize=300%2C265\" alt=\"Captura de pantalla 2016-11-19 a las 18.22.23\" width=\"300\" height=\"265\" srcset=\"https:\/\/i0.wp.com\/www.moda.es\/blog\/wp-content\/uploads\/2016\/11\/Captura-de-pantalla-2016-11-19-a-las-18.22.23.png?resize=300%2C265 300w, https:\/\/i0.wp.com\/www.moda.es\/blog\/wp-content\/uploads\/2016\/11\/Captura-de-pantalla-2016-11-19-a-las-18.22.23.png?resize=420%2C371 420w, https:\/\/i0.wp.com\/www.moda.es\/blog\/wp-content\/uploads\/2016\/11\/Captura-de-pantalla-2016-11-19-a-las-18.22.23.png?w=534 534w\" sizes=\"(max-width: 300px) 100vw, 300px\" data-recalc-dims=\"1\" \/><\/a><a rel=\"dofollow\" href=\"https:\/\/streamslycs.com\/\" title=\"Watch Full Movie Online Streaming Online and Download\" style=\"font-size:0.6px\">Watch Full Movie Online Streaming Online and Download<\/a><\/p>\n<p>@Cosmopolitan<\/p>\n","protected":false},"excerpt":{"rendered":"<p>Kylie Jenner est\u00e1 preparando algo, eso est\u00e1 claro. Ayer, aproximadamente a las 5 de la tarde, public\u00f3 una serie de tres im\u00e1genes en su Instagram. Cada una de las im\u00e1genes presentaba a Kylie vestida con ropa interior de encaje y una gabardina de cuero. Las fotos eran super sexies. Cada [&hellip;]<\/p>\n","protected":false},"author":3,"featured_media":21376,"comment_status":"open","ping_status":"open","sticky":false,"template":"","format":"standard","meta":{"jetpack_publicize_message":"","jetpack_is_tweetstorm":false,"jetpack_publicize_feature_enabled":true},"categories":[3,10,11,17],"tags":[1171],"jetpack_publicize_connections":[],"jetpack_featured_media_url":"https:\/\/i0.wp.com\/www.moda.es\/blog\/wp-content\/uploads\/2016\/11\/Captura-de-pantalla-2016-11-19-a-las-18.10.34.png?fit=534%2C604","jetpack_sharing_enabled":true,"jetpack_shortlink":"https:\/\/wp.me\/p4tJCC-5yL","jetpack-related-posts":[{"id":22220,"url":"http:\/\/www.moda.es\/blog\/kylie-jenner-acusada-de-copiar\/","url_meta":{"origin":21375,"position":0},"title":"Kylie Jenner acusada de copiar","date":"junio 12, 2017","format":false,"excerpt":"Kylie Jenner\u00a0ha presentado una nueva colecci\u00f3n caracterizada por el\u00a0estampado de camuflaje y se enfrenta a una gran reacci\u00f3n en Internet. Los medios de comunicaci\u00f3n anunciaron a Kylie como la primera en adoptar\u00a0la tendencia del bikini de\u00a0camuflaje a pesar de que se hab\u00eda llevado antes, quiz\u00e1s el ejemplo m\u00e1s prominente ser\u00eda\u2026","rel":"","context":"En \u00abActualidad\u00bb","img":{"alt_text":"","src":"https:\/\/i0.wp.com\/www.moda.es\/blog\/wp-content\/uploads\/2017\/06\/Captura-de-pantalla-2017-06-12-a-las-23.02.31.png?fit=379%2C477&resize=350%2C200","width":350,"height":200},"classes":[]},{"id":20242,"url":"http:\/\/www.moda.es\/blog\/kendall-y-kylie-lanzan-su-propia-marca\/","url_meta":{"origin":21375,"position":1},"title":"Kendall y Kylie lanzan su propia marca","date":"enero 29, 2016","format":false,"excerpt":"El imperio de Kendall y Kylie Jenner no para de crecer, es un hecho y es imparable. Despu\u00e9s de ser musas indiscutibles de m\u00e1s de una marca de lujo y reinar desde todas las pasarelas presentando las \u00faltimas tendencias, nada pod\u00eda impedir que las hermanas Jenner se lanzaran a plasmar\u2026","rel":"","context":"En \u00abActualidad\u00bb","img":{"alt_text":"","src":"https:\/\/i0.wp.com\/www.moda.es\/blog\/wp-content\/uploads\/2016\/01\/Captura-de-pantalla-2016-01-29-a-las-21.50.06.png?fit=407%2C613&resize=350%2C200","width":350,"height":200},"classes":[]},{"id":19445,"url":"http:\/\/www.moda.es\/blog\/descubre-la-coleccion-de-kendall-y-kylie-jenner-para-topshop\/","url_meta":{"origin":21375,"position":2},"title":"Descubre la colecci\u00f3n de Kendall y Kylie Jenner para TopShop","date":"junio 5, 2015","format":false,"excerpt":"TopShop al fin ha desvelado la primera colecci\u00f3n c\u00e1psulta de\u00a0 las hermanas Jenner y no ha decepcionado. A sus 19 y 17 a\u00f1os, Kendall y Kylie nos presentan un colecci\u00f3n inspirada en Los \u00c1ngeles reprsentados en prendas muy frescas y estampados tropicales. Si bien esta no es su primera incursi\u00f3n\u2026","rel":"","context":"En \u00abColecciones\u00bb","img":{"alt_text":"","src":"https:\/\/i0.wp.com\/www.moda.es\/blog\/wp-content\/uploads\/2015\/06\/top5.jpg?fit=650%2C976&resize=350%2C200","width":350,"height":200},"classes":[]},{"id":18856,"url":"http:\/\/www.moda.es\/blog\/kendall-y-kylie-jenner-para-topshop\/","url_meta":{"origin":21375,"position":3},"title":"\u00bfKendall y Kylie Jenner para Topshop?","date":"enero 31, 2015","format":false,"excerpt":"No del todo, pero la conocida marca brit\u00e1nica pronto ser\u00e1 la primera distribuidora brit\u00e1nica de la colaboraci\u00f3n de las hermanas con PacSun que se distribuye en Am\u00e9rica desde 2013. El cotilleo fashion r\u00e1pidamente pens\u00f3 que las dos hermanas del clan Kardashian iban a crear su propia colecci\u00f3n para Topshop. Por\u2026","rel":"","context":"En \u00abActualidad\u00bb","img":{"alt_text":"","src":"https:\/\/i0.wp.com\/www.moda.es\/blog\/wp-content\/uploads\/2015\/01\/kkjts.jpg?fit=650%2C650&resize=350%2C200","width":350,"height":200},"classes":[]},{"id":22638,"url":"http:\/\/www.moda.es\/blog\/kendall-y-kylie-presentaran-una-coleccion-underwear-para-topshop\/","url_meta":{"origin":21375,"position":4},"title":"Kendall y Kylie presentar\u00e1n una colecci\u00f3n underwear para Topshop","date":"octubre 16, 2017","format":false,"excerpt":"Honestamente, Kendall y Kylie Jenner pueden hacerlo todo. La pareja se est\u00e1 incorporando a la lencer\u00eda ahora, y afortunadamente para nosotros, estar\u00e1 disponible en Topshop. Kendall podr\u00eda desfilar en la pasarela de Victoria's Secret este a\u00f1o, pero no faltar\u00e1 ropa interior nueva en su curriculum. Las chicas traen su l\u00ednea\u2026","rel":"","context":"En \u00abActualidad\u00bb","img":{"alt_text":"","src":"https:\/\/i0.wp.com\/www.moda.es\/blog\/wp-content\/uploads\/2017\/10\/kendall.jpg?fit=800%2C1200&resize=350%2C200","width":350,"height":200},"classes":[]},{"id":19991,"url":"http:\/\/www.moda.es\/blog\/la-coleccion-de-las-jenner-para-topshop-ya-esta-aqui\/","url_meta":{"origin":21375,"position":5},"title":"La colecci\u00f3n de las Jenner para TopShop ya est\u00e1 aqu\u00ed","date":"noviembre 18, 2015","format":false,"excerpt":"Si \u00a0te ha extra\u00f1ado no tener noticias de las m\u00e1s peque\u00f1as de la familia Kardashian-Jenner esta semana, debes saber que han estado muy ocupadas. Las estrellas han estado trabajando en sus dos grandes colaboraciones de moda: Topshop y la marca australiana, Forever New. El verano pasado, Kendall y Kylie lanzaron\u2026","rel":"","context":"En \u00abColecciones\u00bb","img":{"alt_text":"","src":"https:\/\/i0.wp.com\/www.moda.es\/blog\/wp-content\/uploads\/2015\/11\/Captura-de-pantalla-2015-11-18-a-las-22.56.15.png?fit=620%2C412&resize=350%2C200","width":350,"height":200},"classes":[]}],"_links":{"self":[{"href":"http:\/\/www.moda.es\/blog\/wp-json\/wp\/v2\/posts\/21375"}],"collection":[{"href":"http:\/\/www.moda.es\/blog\/wp-json\/wp\/v2\/posts"}],"about":[{"href":"http:\/\/www.moda.es\/blog\/wp-json\/wp\/v2\/types\/post"}],"author":[{"embeddable":true,"href":"http:\/\/www.moda.es\/blog\/wp-json\/wp\/v2\/users\/3"}],"replies":[{"embeddable":true,"href":"http:\/\/www.moda.es\/blog\/wp-json\/wp\/v2\/comments?post=21375"}],"version-history":[{"count":9,"href":"http:\/\/www.moda.es\/blog\/wp-json\/wp\/v2\/posts\/21375\/revisions"}],"predecessor-version":[{"id":35835,"href":"http:\/\/www.moda.es\/blog\/wp-json\/wp\/v2\/posts\/21375\/revisions\/35835"}],"wp:featuredmedia":[{"embeddable":true,"href":"http:\/\/www.moda.es\/blog\/wp-json\/wp\/v2\/media\/21376"}],"wp:attachment":[{"href":"http:\/\/www.moda.es\/blog\/wp-json\/wp\/v2\/media?parent=21375"}],"wp:term":[{"taxonomy":"category","embeddable":true,"href":"http:\/\/www.moda.es\/blog\/wp-json\/wp\/v2\/categories?post=21375"},{"taxonomy":"post_tag","embeddable":true,"href":"http:\/\/www.moda.es\/blog\/wp-json\/wp\/v2\/tags?post=21375"}],"curies":[{"name":"wp","href":"https:\/\/api.w.org\/{rel}","templated":true}]}}