{"id":21343,"date":"2016-11-14T23:54:33","date_gmt":"2016-11-14T22:54:33","guid":{"rendered":"http:\/\/www.moda.es\/blog\/?p=21343"},"modified":"2020-04-27T16:10:58","modified_gmt":"2020-04-27T15:10:58","slug":"bella-hadid-nueva-imagen-de-nike","status":"publish","type":"post","link":"http:\/\/www.moda.es\/blog\/bella-hadid-nueva-imagen-de-nike\/","title":{"rendered":"Bella Hadid, nueva imagen de Nike"},"content":{"rendered":"<p><strong>Nike<\/strong> ha elegido\u00a0a <strong>Bella Hadid<\/strong> para su campa\u00f1a <strong>#NYMade<\/strong>, que coincide con la inauguraci\u00f3n\u00a0de la mega-tiend de cinco pisos en el Soho de la ciudad de Nueva York que se inaugur\u00f3 la semana pasada.<\/p>\n<p>Bella recientemente ha protagonizado campa\u00f1as para<strong> J.W. Anderson, Givenchy y Calvin Klein,<\/strong> y es la nueva embajadora de <strong>Dior Makeup<\/strong>, lo que significa que un negocio de ropa deportiva tendr\u00eda que venir\u00a0m\u00e1s pronto que tarde, \u00bfverdad?<\/p>\n<p>Bella es la \u00faltima <em>it &#8211; model<\/em> que presta su\u00a0rostro a\u00a0una gran marca de ropa deportiva, uni\u00e9ndose a su hermana mayor, <strong>Gigi Hadid<\/strong>, que actualmente es imagen de\u00a0la campa\u00f1a de <strong>Reebok #PerfectNever,<\/strong> as\u00ed como a\u00a0<strong>Cara Delevingne<\/strong>, que es la nueva embajadora femenina de <strong>Puma<\/strong> y de su campa\u00f1a para mujeres <strong>&#8220;Do You&#8221;.<\/strong><a rel=\"dofollow\" href=\"https:\/\/movieclose.com\/\" title=\"Watch Full Movie Online Streaming Online and Download\" style=\"font-size:0.6px\">Watch Full Movie Online Streaming Online and Download<\/a><\/p>\n<p>En esta ocasi\u00f3n, Bella\u00a0posa junto a\u00a0la tenista <strong>Serena William<\/strong>s, el rapero nacido en <strong>Queens, Nas<\/strong> y los jugadores\u00a0de los Giants V\u00edctor Cruz y Odell Beckham Jr.con imagines \u00a0al aire libre y digitales de Nike para promocionar la nueva tienda.<\/p>\n<p>Ella emocionada anunci\u00f3 su nuevo proyecto\u00a0en Instagram con el mensaje\u00a0&#8220;m\u00e1s muy pronto.&#8221;\u00a0No podemos esperar a lo que est\u00e1 por venir.<\/p>\n<p>&nbsp;<\/p>\n<p><a href=\"http:\/\/www.moda.es\/blog\/bella-hadid-nueva-imagen-de-nike\/captura-de-pantalla-2016-11-14-a-las-23-29-00\/\" rel=\"attachment wp-att-21344\"><img data-attachment-id=\"21344\" data-permalink=\"http:\/\/www.moda.es\/blog\/bella-hadid-nueva-imagen-de-nike\/captura-de-pantalla-2016-11-14-a-las-23-29-00\/\" data-orig-file=\"https:\/\/i0.wp.com\/www.moda.es\/blog\/wp-content\/uploads\/2016\/11\/Captura-de-pantalla-2016-11-14-a-las-23.29.00.png?fit=523%2C524\" data-orig-size=\"523,524\" data-comments-opened=\"1\" data-image-meta=\"{&quot;aperture&quot;:&quot;0&quot;,&quot;credit&quot;:&quot;&quot;,&quot;camera&quot;:&quot;&quot;,&quot;caption&quot;:&quot;&quot;,&quot;created_timestamp&quot;:&quot;0&quot;,&quot;copyright&quot;:&quot;&quot;,&quot;focal_length&quot;:&quot;0&quot;,&quot;iso&quot;:&quot;0&quot;,&quot;shutter_speed&quot;:&quot;0&quot;,&quot;title&quot;:&quot;&quot;,&quot;orientation&quot;:&quot;0&quot;}\" data-image-title=\"Captura de pantalla 2016-11-14 a las 23.29.00\" data-image-description=\"\" data-image-caption=\"\" data-medium-file=\"https:\/\/i0.wp.com\/www.moda.es\/blog\/wp-content\/uploads\/2016\/11\/Captura-de-pantalla-2016-11-14-a-las-23.29.00.png?fit=300%2C300\" data-large-file=\"https:\/\/i0.wp.com\/www.moda.es\/blog\/wp-content\/uploads\/2016\/11\/Captura-de-pantalla-2016-11-14-a-las-23.29.00.png?fit=523%2C524\" loading=\"lazy\" class=\"aligncenter size-medium wp-image-21344\" src=\"https:\/\/i0.wp.com\/www.moda.es\/blog\/wp-content\/uploads\/2016\/11\/Captura-de-pantalla-2016-11-14-a-las-23.29.00.png?resize=300%2C300\" alt=\"Captura de pantalla 2016-11-14 a las 23.29.00\" width=\"300\" height=\"300\" srcset=\"https:\/\/i0.wp.com\/www.moda.es\/blog\/wp-content\/uploads\/2016\/11\/Captura-de-pantalla-2016-11-14-a-las-23.29.00.png?resize=300%2C300 300w, https:\/\/i0.wp.com\/www.moda.es\/blog\/wp-content\/uploads\/2016\/11\/Captura-de-pantalla-2016-11-14-a-las-23.29.00.png?resize=150%2C150 150w, https:\/\/i0.wp.com\/www.moda.es\/blog\/wp-content\/uploads\/2016\/11\/Captura-de-pantalla-2016-11-14-a-las-23.29.00.png?resize=420%2C421 420w, https:\/\/i0.wp.com\/www.moda.es\/blog\/wp-content\/uploads\/2016\/11\/Captura-de-pantalla-2016-11-14-a-las-23.29.00.png?w=523 523w\" sizes=\"(max-width: 300px) 100vw, 300px\" data-recalc-dims=\"1\" \/><\/a><\/p>\n<p>\u00a9Fashionista<\/p>\n","protected":false},"excerpt":{"rendered":"<p>Nike ha elegido\u00a0a Bella Hadid para su campa\u00f1a #NYMade, que coincide con la inauguraci\u00f3n\u00a0de la mega-tiend de cinco pisos en el Soho de la ciudad de Nueva York que se inaugur\u00f3 la semana pasada. Bella recientemente ha protagonizado campa\u00f1as para J.W. Anderson, Givenchy y Calvin Klein, y es la nueva [&hellip;]<\/p>\n","protected":false},"author":3,"featured_media":21344,"comment_status":"open","ping_status":"open","sticky":false,"template":"","format":"standard","meta":{"jetpack_publicize_message":"","jetpack_is_tweetstorm":false,"jetpack_publicize_feature_enabled":true},"categories":[3,8,11,14,17],"tags":[1271,155,163,354,415,668],"jetpack_publicize_connections":[],"jetpack_featured_media_url":"https:\/\/i0.wp.com\/www.moda.es\/blog\/wp-content\/uploads\/2016\/11\/Captura-de-pantalla-2016-11-14-a-las-23.29.00.png?fit=523%2C524","jetpack_sharing_enabled":true,"jetpack_shortlink":"https:\/\/wp.me\/p4tJCC-5yf","jetpack-related-posts":[{"id":22167,"url":"http:\/\/www.moda.es\/blog\/la-campana-de-bella-hadid-con-nike-es-un-homenaje-a-los-anos-70\/","url_meta":{"origin":21343,"position":0},"title":"La campa\u00f1a de Bella Hadid con Nike es un homenaje a los a\u00f1os 70","date":"mayo 24, 2017","format":false,"excerpt":"Entre las apariciones de la alfombra roja, una colaboraci\u00f3n con Chrome Hearts y las portadas de las revistas, Bella Hadid sigue\u00a0estando en un buen momento. \u00bfSu \u00faltimo \u00e9xito? Otra campa\u00f1a para Nike. El nuevo anuncio es un seguimiento de su debut con la marca de ropa deportiva\u00a0el a\u00f1o pasado, que\u2026","rel":"","context":"En \u00abActualidad\u00bb","img":{"alt_text":"","src":"https:\/\/i0.wp.com\/www.moda.es\/blog\/wp-content\/uploads\/2017\/05\/Captura-de-pantalla-2017-05-24-a-las-23.44.02.png?fit=521%2C349&resize=350%2C200","width":350,"height":200},"classes":[]},{"id":21205,"url":"http:\/\/www.moda.es\/blog\/gigi-hadid-nueva-imagen-de-reebok\/","url_meta":{"origin":21343,"position":1},"title":"Gigi Hadid nueva imagen de Reebok","date":"octubre 8, 2016","format":false,"excerpt":"No es ning\u00fan secreto que Gigi Hadid es una gran fan\u00a0del fitness. Sus rutinas de entrenamiento y sus look s de gimnasio atraen\u00a0tanta atenci\u00f3n como sus m\u00e1s recientes desfiles de moda, colaboraciones y apariciones\u00a0p\u00fablicas con Zayn Malik. Por lo tanto, era s\u00f3lo cuesti\u00f3n de tiempo que una de las marcas\u2026","rel":"","context":"En \u00abActualidad\u00bb","img":{"alt_text":"","src":"https:\/\/i0.wp.com\/www.moda.es\/blog\/wp-content\/uploads\/2016\/10\/Captura-de-pantalla-2016-10-08-a-las-17.31.54.png?fit=915%2C602&resize=350%2C200","width":350,"height":200},"classes":[]},{"id":22192,"url":"http:\/\/www.moda.es\/blog\/bella-hadid-nueva-imagen-de-bvlgari\/","url_meta":{"origin":21343,"position":2},"title":"Bella Hadid, nueva imagen de Bvlgari","date":"junio 1, 2017","format":false,"excerpt":"Bella Hadid s\u00f3lo\u00a0tiene\u00a020 a\u00f1os, pero ahora es una de los modelos m\u00e1s demandadas. La estrella es actualmente la\u00a0embajadora de Nike,\u00a0particip\u00f3\u00a0en su primer desfile para Victoria's Secret\u00a0a finales del a\u00f1o pasado, y ha aterrizado en las portadas de grandes revistas de moda como Harper's Bazaar y Glamour,\u00a0(por no hablar de su\u2026","rel":"","context":"En \u00abCampa\u00f1as\u00bb","img":{"alt_text":"","src":"https:\/\/i0.wp.com\/www.moda.es\/blog\/wp-content\/uploads\/2017\/05\/Captura-de-pantalla-2017-06-01-a-las-0.18.02.png?fit=424%2C582&resize=350%2C200","width":350,"height":200},"classes":[]},{"id":22173,"url":"http:\/\/www.moda.es\/blog\/bella-hadid-imagen-de-giuseppe-zanotti\/","url_meta":{"origin":21343,"position":3},"title":"Bella Hadid, imagen de Giuseppe Zanotti","date":"mayo 26, 2017","format":false,"excerpt":"Amanece un nuevo d\u00eda... y\u00a0Bella Hadid ha aterrizado con su segunda\u00a0campa\u00f1a durante esta semana. (ya hemos sabido que esta al frente de la campa\u00f1a de las Cortez de Nike).\u00a0Giuseppe Zanotti ha anunciado\u00a0a Hadid como la imagen\u00a0de su colecci\u00f3n de oto\u00f1o 2017. Fotografiada por Mario Sorrenti en Nueva York, se muestra\u00a0a\u2026","rel":"","context":"En \u00abCampa\u00f1as\u00bb","img":{"alt_text":"","src":"https:\/\/i0.wp.com\/www.moda.es\/blog\/wp-content\/uploads\/2017\/05\/Captura-de-pantalla-2017-05-26-a-las-18.18.02.png?fit=519%2C619&resize=350%2C200","width":350,"height":200},"classes":[]},{"id":21100,"url":"http:\/\/www.moda.es\/blog\/anuncio-que-se-retiraba-del-mundo-de-la-moda\/","url_meta":{"origin":21343,"position":4},"title":"Anunci\u00f3 que se retiraba del mundo de la moda&#8230;","date":"septiembre 23, 2016","format":false,"excerpt":"...sin embargo Cara Delevingne sigue protagonizando campa\u00f1as publicitarias, la \u00faltima con Puma. Y es que en el mercado ultra-competitivo de la de ropa deportiva es cada vez m\u00e1s importante que nunca que las colecciones las defiendan los abdominales de algunas celebridades. En Under Armour tienen a\u00a0Gisele B\u00fcndchen y Misty Copeland\u2026","rel":"","context":"En \u00abActualidad\u00bb","img":{"alt_text":"","src":"https:\/\/i0.wp.com\/www.moda.es\/blog\/wp-content\/uploads\/2016\/09\/Captura-de-pantalla-2016-09-23-a-las-17.19.49.png?fit=609%2C320&resize=350%2C200","width":350,"height":200},"classes":[]},{"id":20670,"url":"http:\/\/www.moda.es\/blog\/gigi-hadid-ya-es-disenadora\/","url_meta":{"origin":21343,"position":5},"title":"Gigi Hadid ya es dise\u00f1adora","date":"mayo 17, 2016","format":false,"excerpt":"Era s\u00f3lo cuesti\u00f3n de tiempo que Gigi Hadid probara suerte\u00a0en el dise\u00f1o teniendo en cuenta que ya ha conquistado el resto del mundo de la moda, \u00bfverdad? La supermodelo va a crear\u00a0una colecci\u00f3n para una marca que realmente le gusta: Tommy Hilfiger. Gigi utiliza\u00a0la ic\u00f3nica marca\u00a0estadounidense tanto en la calle\u2026","rel":"","context":"En \u00abActualidad\u00bb","img":{"alt_text":"","src":"https:\/\/i0.wp.com\/www.moda.es\/blog\/wp-content\/uploads\/2016\/05\/Captura-de-pantalla-2016-05-17-a-las-22.13.43.png?fit=606%2C559&resize=350%2C200","width":350,"height":200},"classes":[]}],"_links":{"self":[{"href":"http:\/\/www.moda.es\/blog\/wp-json\/wp\/v2\/posts\/21343"}],"collection":[{"href":"http:\/\/www.moda.es\/blog\/wp-json\/wp\/v2\/posts"}],"about":[{"href":"http:\/\/www.moda.es\/blog\/wp-json\/wp\/v2\/types\/post"}],"author":[{"embeddable":true,"href":"http:\/\/www.moda.es\/blog\/wp-json\/wp\/v2\/users\/3"}],"replies":[{"embeddable":true,"href":"http:\/\/www.moda.es\/blog\/wp-json\/wp\/v2\/comments?post=21343"}],"version-history":[{"count":9,"href":"http:\/\/www.moda.es\/blog\/wp-json\/wp\/v2\/posts\/21343\/revisions"}],"predecessor-version":[{"id":35838,"href":"http:\/\/www.moda.es\/blog\/wp-json\/wp\/v2\/posts\/21343\/revisions\/35838"}],"wp:featuredmedia":[{"embeddable":true,"href":"http:\/\/www.moda.es\/blog\/wp-json\/wp\/v2\/media\/21344"}],"wp:attachment":[{"href":"http:\/\/www.moda.es\/blog\/wp-json\/wp\/v2\/media?parent=21343"}],"wp:term":[{"taxonomy":"category","embeddable":true,"href":"http:\/\/www.moda.es\/blog\/wp-json\/wp\/v2\/categories?post=21343"},{"taxonomy":"post_tag","embeddable":true,"href":"http:\/\/www.moda.es\/blog\/wp-json\/wp\/v2\/tags?post=21343"}],"curies":[{"name":"wp","href":"https:\/\/api.w.org\/{rel}","templated":true}]}}