{"id":21165,"date":"2016-10-04T23:28:45","date_gmt":"2016-10-04T22:28:45","guid":{"rendered":"http:\/\/www.moda.es\/blog\/?p=21165"},"modified":"2020-04-27T16:14:28","modified_gmt":"2020-04-27T15:14:28","slug":"justin-oshea-se-marcha-de-brioni","status":"publish","type":"post","link":"http:\/\/www.moda.es\/blog\/justin-oshea-se-marcha-de-brioni\/","title":{"rendered":"Justin O&#8217;Shea se marcha de Brioni"},"content":{"rendered":"<p><strong>Justin O&#8217;Shea<\/strong> ha roto relaciones con <strong>Brioni<\/strong>, despu\u00e9s de haber mostrado s\u00f3lo una colecci\u00f3n para la marca de ropa masculina.<\/p>\n<p>O&#8217;Shea, quien fue designado como director creativo de la casa de moda italiana en marzo, no ten\u00eda experiencia en el dise\u00f1o cuando sucedi\u00f3 <strong>Brendan Mullane<\/strong> a principios de este a\u00f1o, pero anteriormente hab\u00eda sido el director mundial de la compa\u00f1\u00eda de moda de lujo alemana \u00a0de comercio electr\u00f3nico <strong>Mytheresa. com<\/strong>. El empresario mostr\u00f3 su primera colecci\u00f3n\u00a0de la etiqueta en la semana de la Costura de Par\u00eds \u00a0en julio.<\/p>\n<p>En un comunicado difundido por Brioni, su CEO <strong>Gianluca Flore<\/strong> agradeci\u00f3 a O&#8217;Shea su \u00abcolaboraci\u00f3n\u00bb durante su breve mandato:\u00a0\u00abLa estrategia de revitalizaci\u00f3n de Brioni que se inici\u00f3 a principios de este a\u00f1o va a continuar siendo implementada a trav\u00e9s de un plan a largo plazo con el objetivo de establecer a\u00fan m\u00e1s la marca como l\u00edder en la categor\u00eda de la ropa masculina de lujo\u00bb, se asegura en\u00a0el comunicado.<\/p>\n<p>Cuando su nombramiento fue anunciado en marzo, O&#8217;Shea dijo que estaba \u00abfascinado por la <strong>herencia \u00fanica y rica<\/strong> de Brioni\u00bb, revelando su deseo de \u00abreinterpretar todos estos elementos y hacer que sean relevantes para el cliente de hoy en d\u00eda\u00bb.<\/p>\n<p>\u00abDesafiar los l\u00edmites ha sido siempre el ADN de Brioni y esta elecci\u00f3n\u00a0lo\u00a0confirma una vez m\u00e1s,\u00bb dijo Flore en el momento del nombramiento. \u00abJustin pronto emergi\u00f3 como la mejor opci\u00f3n para la direcci\u00f3n creativa de la marca como lo ha demostrado su\u00a0comprensi\u00f3n exacta del patrimonio de la empresa y un enfoque firme sobre la manera de <strong>reforzar nuestros valores fundamentales<\/strong>\u00ab.<\/p>\n<p>Pronto se comunicar\u00e1 qui\u00e9n ocupar\u00e1 su puesto&#8230;<\/p>\n<p>&nbsp;<\/p>\n<p><a href=\"http:\/\/www.moda.es\/blog\/justin-oshea-se-marcha-de-brioni\/captura-de-pantalla-2016-10-05-a-las-0-07-12\/\" rel=\"attachment wp-att-21166\"><img data-attachment-id=\"21166\" data-permalink=\"http:\/\/www.moda.es\/blog\/justin-oshea-se-marcha-de-brioni\/captura-de-pantalla-2016-10-05-a-las-0-07-12\/\" data-orig-file=\"https:\/\/i0.wp.com\/www.moda.es\/blog\/wp-content\/uploads\/2016\/10\/Captura-de-pantalla-2016-10-05-a-las-0.07.12.png?fit=619%2C408\" data-orig-size=\"619,408\" data-comments-opened=\"1\" data-image-meta=\"{&quot;aperture&quot;:&quot;0&quot;,&quot;credit&quot;:&quot;&quot;,&quot;camera&quot;:&quot;&quot;,&quot;caption&quot;:&quot;&quot;,&quot;created_timestamp&quot;:&quot;0&quot;,&quot;copyright&quot;:&quot;&quot;,&quot;focal_length&quot;:&quot;0&quot;,&quot;iso&quot;:&quot;0&quot;,&quot;shutter_speed&quot;:&quot;0&quot;,&quot;title&quot;:&quot;&quot;,&quot;orientation&quot;:&quot;0&quot;}\" data-image-title=\"Captura de pantalla 2016-10-05 a las 0.07.12\" data-image-description=\"\" data-image-caption=\"\" data-medium-file=\"https:\/\/i0.wp.com\/www.moda.es\/blog\/wp-content\/uploads\/2016\/10\/Captura-de-pantalla-2016-10-05-a-las-0.07.12.png?fit=300%2C198\" data-large-file=\"https:\/\/i0.wp.com\/www.moda.es\/blog\/wp-content\/uploads\/2016\/10\/Captura-de-pantalla-2016-10-05-a-las-0.07.12.png?fit=619%2C408\" loading=\"lazy\" class=\"aligncenter size-medium wp-image-21166\" src=\"https:\/\/i0.wp.com\/www.moda.es\/blog\/wp-content\/uploads\/2016\/10\/Captura-de-pantalla-2016-10-05-a-las-0.07.12.png?resize=300%2C198\" alt=\"Captura de pantalla 2016-10-05 a las 0.07.12\" width=\"300\" height=\"198\" srcset=\"https:\/\/i0.wp.com\/www.moda.es\/blog\/wp-content\/uploads\/2016\/10\/Captura-de-pantalla-2016-10-05-a-las-0.07.12.png?resize=300%2C198 300w, https:\/\/i0.wp.com\/www.moda.es\/blog\/wp-content\/uploads\/2016\/10\/Captura-de-pantalla-2016-10-05-a-las-0.07.12.png?resize=420%2C277 420w, https:\/\/i0.wp.com\/www.moda.es\/blog\/wp-content\/uploads\/2016\/10\/Captura-de-pantalla-2016-10-05-a-las-0.07.12.png?w=619 619w\" sizes=\"(max-width: 300px) 100vw, 300px\" data-recalc-dims=\"1\" \/><\/a><\/p>\n<p>&nbsp;<\/p>\n<p>\u00a9Vogue UK                             <\/p>\n","protected":false},"excerpt":{"rendered":"<p>Justin O&#8217;Shea ha roto relaciones con Brioni, despu\u00e9s de haber mostrado s\u00f3lo una colecci\u00f3n para la marca de ropa masculina. O&#8217;Shea, quien fue designado como director creativo de la casa de moda italiana en marzo, no ten\u00eda experiencia en el dise\u00f1o cuando sucedi\u00f3 Brendan Mullane a principios de este a\u00f1o, [&hellip;]<\/p>\n","protected":false},"author":3,"featured_media":21166,"comment_status":"open","ping_status":"open","sticky":false,"template":"","format":"standard","meta":{"jetpack_publicize_message":"","jetpack_is_tweetstorm":false,"jetpack_publicize_feature_enabled":true},"categories":[3,11,12,14],"tags":[1349,1380],"jetpack_publicize_connections":[],"jetpack_featured_media_url":"https:\/\/i0.wp.com\/www.moda.es\/blog\/wp-content\/uploads\/2016\/10\/Captura-de-pantalla-2016-10-05-a-las-0.07.12.png?fit=619%2C408","jetpack_sharing_enabled":true,"jetpack_shortlink":"https:\/\/wp.me\/p4tJCC-5vn","jetpack-related-posts":[{"id":20469,"url":"http:\/\/www.moda.es\/blog\/justin-oshea-nuevo-director-creativo-de-brioni\/","url_meta":{"origin":21165,"position":0},"title":"Justin O\u00b4Shea, nuevo director creativo de Brioni","date":"marzo 26, 2016","format":false,"excerpt":"Justin O'Shea, el\u00a0ex director de moda de la empresa alemana de comercio electr\u00f3nico de lujo Mytheresa.com, ha sido nombrado director creativo de la etiqueta de ropa masculina italiana Brioni, en sustituci\u00f3n de Brendan Mullane que dej\u00f3 la compa\u00f1\u00eda en febrero por \"consentimiento mutuo\". \"El mercado de ropa masculina de hoy\u2026","rel":"","context":"En \u00abDestacados\u00bb","img":{"alt_text":"","src":"https:\/\/i0.wp.com\/www.moda.es\/blog\/wp-content\/uploads\/2016\/03\/Captura-de-pantalla-2016-03-26-a-las-15.53.44.png?fit=293%2C435&resize=350%2C200","width":350,"height":200},"classes":[]},{"id":20845,"url":"http:\/\/www.moda.es\/blog\/los-integrantes-de-metallica-ahora-modelos\/","url_meta":{"origin":21165,"position":1},"title":"Los integrantes de Metallica, ahora modelos","date":"julio 4, 2016","format":false,"excerpt":"S\u00ed, lo has le\u00eddo bien.\u00a0La cl\u00e1sica casa de moda masculina italiana est\u00e1 llevando a cabo\u00a0un cambio de imagen extremo. \u00daltimamente se ha o\u00eddo hablar un mont\u00f3n dentro de los c\u00edrculos de moda sobre heavy metal \u00faltimamente, gracias a la afinidad de Demna Gvasalia hacia los pentagramas y las calaveras,\u00a0incluso\u00a0Marc Jacobs\u2026","rel":"","context":"En \u00abCampa\u00f1as\u00bb","img":{"alt_text":"","src":"https:\/\/i0.wp.com\/www.moda.es\/blog\/wp-content\/uploads\/2016\/07\/Captura-de-pantalla-2016-07-05-a-las-0.26.43.png?fit=415%2C519&resize=350%2C200","width":350,"height":200},"classes":[]},{"id":20715,"url":"http:\/\/www.moda.es\/blog\/alberta-ferreti-se-une-al-circuito-de-la-alta-costura\/","url_meta":{"origin":21165,"position":2},"title":"Alberta Ferreti se une al circuito de la Alta Costura","date":"mayo 30, 2016","format":false,"excerpt":"Alberta Ferreti pondr\u00e1 en escena el\u00a0primer desfile de la historia de\u00a0su l\u00ednea de edici\u00f3n limitada en la Semana de la Alta Costura de Par\u00eds este mes de julio. La l\u00ednea, que se introdujo en 2011,\u00a0ya se ha mostrado en presentaciones pero nunca antes hab\u00eda desfilado. Compuesta\u00a0por vestidos y trajes de\u2026","rel":"","context":"En \u00abActualidad\u00bb","img":{"alt_text":"","src":"https:\/\/i0.wp.com\/www.moda.es\/blog\/wp-content\/uploads\/2016\/05\/Captura-de-pantalla-2016-05-30-a-las-23.52.14.png?fit=289%2C432&resize=350%2C200","width":350,"height":200},"classes":[]},{"id":22386,"url":"http:\/\/www.moda.es\/blog\/anthony-hopkins-es-ahora-modelo\/","url_meta":{"origin":21165,"position":3},"title":"Anthony Hopkins es ahora modelo","date":"julio 31, 2017","format":false,"excerpt":"Sir Anthony Hopkins es sin duda uno d elo mejores actores de nuestro tiempo. Desde sus asombrosos y espeluznantes miradas en El Silencio de los Corderos, hasta verle haciendo saltar cosas por los aires en el trailer de Transformers, la leyenda de la pantalla sabe c\u00f3mo capturar una audiencia. Y\u2026","rel":"","context":"En \u00abCampa\u00f1as\u00bb","img":{"alt_text":"","src":"https:\/\/i0.wp.com\/www.moda.es\/blog\/wp-content\/uploads\/2017\/07\/gallery-1501262057-brioni-fw17-adv-campaign-4.jpg?fit=768%2C1055&resize=350%2C200","width":350,"height":200},"classes":[]},{"id":20285,"url":"http:\/\/www.moda.es\/blog\/es-tiempo-de-cambios\/","url_meta":{"origin":21165,"position":4},"title":"Es tiempo de cambios&#8230;","date":"febrero 3, 2016","format":false,"excerpt":"... y es que el baile de sillas est\u00e1 servido. Stefano Pilati ha dimitido como director creativo de Ermenegildo Zegna, con efecto inmediato, degu\u00b4n ha confirmado la marca esta tarde. El anuncio se produce tras la renuncia de Pilati a Agnona, tambi\u00e9n controlada por Zegna, en julio pasado, cuando dijo\u2026","rel":"","context":"En \u00abDestacados\u00bb","img":{"alt_text":"","src":"https:\/\/i0.wp.com\/www.moda.es\/blog\/wp-content\/uploads\/2016\/02\/Captura-de-pantalla-2016-02-03-a-las-22.52.41.png?fit=451%2C757&resize=350%2C200","width":350,"height":200},"classes":[]},{"id":22196,"url":"http:\/\/www.moda.es\/blog\/lindsay-lohan-presentara-su-primera-coleccion-de-joyeria\/","url_meta":{"origin":21165,"position":5},"title":"Lindsay Lohan presentar\u00e1 su primera colecci\u00f3n de joyer\u00eda","date":"junio 2, 2017","format":false,"excerpt":"Lindsay Lohan est\u00e1 preparando el lanzamiento de\u00a0su propia l\u00ednea de joyer\u00eda. La actriz ha hecho varias apariciones p\u00fablicas recientemente en el sur de Francia, \u00a0asistiendo al Festival de Cine de Cannes y al Gran Premio de M\u00f3naco\u00a0y este tour se ha acompa\u00f1ado de varias im\u00e1genes en su perfil de\u00a0Instagram,\u00a0acompa\u00f1adas del\u2026","rel":"","context":"En \u00abAccesorios\u00bb","img":{"alt_text":"","src":"https:\/\/i0.wp.com\/www.moda.es\/blog\/wp-content\/uploads\/2017\/06\/Captura-de-pantalla-2017-06-02-a-las-18.59.10.png?fit=519%2C521&resize=350%2C200","width":350,"height":200},"classes":[]}],"_links":{"self":[{"href":"http:\/\/www.moda.es\/blog\/wp-json\/wp\/v2\/posts\/21165"}],"collection":[{"href":"http:\/\/www.moda.es\/blog\/wp-json\/wp\/v2\/posts"}],"about":[{"href":"http:\/\/www.moda.es\/blog\/wp-json\/wp\/v2\/types\/post"}],"author":[{"embeddable":true,"href":"http:\/\/www.moda.es\/blog\/wp-json\/wp\/v2\/users\/3"}],"replies":[{"embeddable":true,"href":"http:\/\/www.moda.es\/blog\/wp-json\/wp\/v2\/comments?post=21165"}],"version-history":[{"count":7,"href":"http:\/\/www.moda.es\/blog\/wp-json\/wp\/v2\/posts\/21165\/revisions"}],"predecessor-version":[{"id":35860,"href":"http:\/\/www.moda.es\/blog\/wp-json\/wp\/v2\/posts\/21165\/revisions\/35860"}],"wp:featuredmedia":[{"embeddable":true,"href":"http:\/\/www.moda.es\/blog\/wp-json\/wp\/v2\/media\/21166"}],"wp:attachment":[{"href":"http:\/\/www.moda.es\/blog\/wp-json\/wp\/v2\/media?parent=21165"}],"wp:term":[{"taxonomy":"category","embeddable":true,"href":"http:\/\/www.moda.es\/blog\/wp-json\/wp\/v2\/categories?post=21165"},{"taxonomy":"post_tag","embeddable":true,"href":"http:\/\/www.moda.es\/blog\/wp-json\/wp\/v2\/tags?post=21165"}],"curies":[{"name":"wp","href":"https:\/\/api.w.org\/{rel}","templated":true}]}}