{"id":21161,"date":"2016-10-03T23:16:58","date_gmt":"2016-10-03T22:16:58","guid":{"rendered":"http:\/\/www.moda.es\/blog\/?p=21161"},"modified":"2020-04-27T16:14:36","modified_gmt":"2020-04-27T15:14:36","slug":"descubre-el-ultimo-proyecto-de-gigi-hadid","status":"publish","type":"post","link":"http:\/\/www.moda.es\/blog\/descubre-el-ultimo-proyecto-de-gigi-hadid\/","title":{"rendered":"Descubre el \u00faltimo proyecto de Gigi Hadid"},"content":{"rendered":"<p><strong>Gigi Hadid<\/strong> tiene otra colaboraci\u00f3n como\u00a0dise\u00f1adora que a\u00f1adir a su curriculum. La modelo sha dise\u00f1ado unas botas\u00a0con su mismo nombre para\u00a0<strong>Stuart Weitzman<\/strong> que seguramente ser\u00e1n el zapato de la temporada. Anteriormente hab\u00eda protagonizado una serie de anuncios de la marca, pero este nuevo proyecto lleva\u00a0su asociaci\u00f3n al siguiente nivel.<\/p>\n<p><a href=\"http:\/\/www.moda.es\/blog\/descubre-el-ultimo-proyecto-de-gigi-hadid\/captura-de-pantalla-2016-10-03-a-las-23-00-05\/\" rel=\"attachment wp-att-21162\"><img data-attachment-id=\"21162\" data-permalink=\"http:\/\/www.moda.es\/blog\/descubre-el-ultimo-proyecto-de-gigi-hadid\/captura-de-pantalla-2016-10-03-a-las-23-00-05\/\" data-orig-file=\"https:\/\/i0.wp.com\/www.moda.es\/blog\/wp-content\/uploads\/2016\/10\/Captura-de-pantalla-2016-10-03-a-las-23.00.05.png?fit=526%2C710\" data-orig-size=\"526,710\" data-comments-opened=\"1\" data-image-meta=\"{&quot;aperture&quot;:&quot;0&quot;,&quot;credit&quot;:&quot;&quot;,&quot;camera&quot;:&quot;&quot;,&quot;caption&quot;:&quot;&quot;,&quot;created_timestamp&quot;:&quot;0&quot;,&quot;copyright&quot;:&quot;&quot;,&quot;focal_length&quot;:&quot;0&quot;,&quot;iso&quot;:&quot;0&quot;,&quot;shutter_speed&quot;:&quot;0&quot;,&quot;title&quot;:&quot;&quot;,&quot;orientation&quot;:&quot;0&quot;}\" data-image-title=\"Captura de pantalla 2016-10-03 a las 23.00.05\" data-image-description=\"\" data-image-caption=\"\" data-medium-file=\"https:\/\/i0.wp.com\/www.moda.es\/blog\/wp-content\/uploads\/2016\/10\/Captura-de-pantalla-2016-10-03-a-las-23.00.05.png?fit=222%2C300\" data-large-file=\"https:\/\/i0.wp.com\/www.moda.es\/blog\/wp-content\/uploads\/2016\/10\/Captura-de-pantalla-2016-10-03-a-las-23.00.05.png?fit=526%2C710\" loading=\"lazy\" class=\"aligncenter size-medium wp-image-21162\" src=\"https:\/\/i0.wp.com\/www.moda.es\/blog\/wp-content\/uploads\/2016\/10\/Captura-de-pantalla-2016-10-03-a-las-23.00.05.png?resize=222%2C300\" alt=\"Captura de pantalla 2016-10-03 a las 23.00.05\" width=\"222\" height=\"300\" srcset=\"https:\/\/i0.wp.com\/www.moda.es\/blog\/wp-content\/uploads\/2016\/10\/Captura-de-pantalla-2016-10-03-a-las-23.00.05.png?resize=222%2C300 222w, https:\/\/i0.wp.com\/www.moda.es\/blog\/wp-content\/uploads\/2016\/10\/Captura-de-pantalla-2016-10-03-a-las-23.00.05.png?resize=420%2C567 420w, https:\/\/i0.wp.com\/www.moda.es\/blog\/wp-content\/uploads\/2016\/10\/Captura-de-pantalla-2016-10-03-a-las-23.00.05.png?w=526 526w\" sizes=\"(max-width: 222px) 100vw, 222px\" data-recalc-dims=\"1\" \/><\/a><\/p>\n<p>Stuart Weitzman todav\u00eda no ha publicado ning\u00fan detalle espec\u00edfico sobre el nuevo modelo, pero estamos deseando tener informaci\u00f3n. \u00bfSe tratar\u00e1 de una versi\u00f3n de sus queridas <strong>botas sobre la rodilla con tac\u00f3n de aguja<\/strong>, o podr\u00eda ser un bot\u00edn al tobillo de tac\u00f3n ancho? \u00bfEstar\u00e1n confeccionados en terciopelo, ante\u00a0o cuero? No podemos saberlo\u00a0por el momento. Una cosa es segura y es que esta colaboraci\u00f3n no podr\u00eda ser un m\u00e1s perfecta, Gigi ya ha sido imagen de una campa\u00f1a de y la marca y posee una amplia\u00a0colecci\u00f3n de zapatos Stuart Weitzman\u00a0que combina con todo\u00a0desde jeans ajustados hasta mini faldas, por lo que esperamos un modelo vers\u00e1til y apto para cualquier ocasi\u00f3n.<\/p>\n<p>A sus <strong>21 a\u00f1os<\/strong> ya cuenta con otra colecci\u00f3n c\u00e1psula para <strong>Tommy Hilfiger<\/strong> que est\u00e1 siendo un gran \u00e9xito. \u00bfEs la uni\u00f3n de modelo de pasarela y dise\u00f1adora el nuevo t\u00e1ndem perfecto? De hecho su novio,\u00a0Zayn Malik presenta su colecci\u00f3n para Giuseppe Zanotti\u00a0el pr\u00f3ximo a\u00f1o. \u00bfHablar\u00e1n juntos sobre dise\u00f1o y tendencias?<\/p>\n<p>Estamos deseando ver las botas de Gigi para Stuart Weitzman y a\u00f1adirlas a nuestra lista de deseos.<\/p>\n<p>\u00a9Fashionista                             <\/p>\n","protected":false},"excerpt":{"rendered":"<p>Gigi Hadid tiene otra colaboraci\u00f3n como\u00a0dise\u00f1adora que a\u00f1adir a su curriculum. La modelo sha dise\u00f1ado unas botas\u00a0con su mismo nombre para\u00a0Stuart Weitzman que seguramente ser\u00e1n el zapato de la temporada. Anteriormente hab\u00eda protagonizado una serie de anuncios de la marca, pero este nuevo proyecto lleva\u00a0su asociaci\u00f3n al siguiente nivel. Stuart [&hellip;]<\/p>\n","protected":false},"author":3,"featured_media":21162,"comment_status":"open","ping_status":"open","sticky":false,"template":"","format":"standard","meta":{"jetpack_publicize_message":"","jetpack_is_tweetstorm":false,"jetpack_publicize_feature_enabled":true},"categories":[2,3,8,11,14,17],"tags":[1270,849,895],"jetpack_publicize_connections":[],"jetpack_featured_media_url":"https:\/\/i0.wp.com\/www.moda.es\/blog\/wp-content\/uploads\/2016\/10\/Captura-de-pantalla-2016-10-03-a-las-23.00.05.png?fit=526%2C710","jetpack_sharing_enabled":true,"jetpack_shortlink":"https:\/\/wp.me\/p4tJCC-5vj","jetpack-related-posts":[{"id":21433,"url":"http:\/\/www.moda.es\/blog\/gigi-hadid-se-desnuda-para-stuart-weitzman\/","url_meta":{"origin":21161,"position":0},"title":"Gigi Hadid se desnuda para Stuart Weitzman","date":"diciembre 14, 2016","format":false,"excerpt":"Para la campa\u00f1a de la primavera de 2017 de Stuart Weitzman, la modelo Gigi Hadid\u00a0ha sido fotografiada\u00a0con el bot\u00edn Clinger de mediana altura de la marca (en un acabado satinado nuevo, actualmente disponible para \u00a8pre-encargar\u201d\u00a0a trav\u00e9s de su web) y\u2026 bueno\u2026 no mucho m\u00e1s que un maquillaje sexy una melena\u2026","rel":"","context":"En \u00abActualidad\u00bb","img":{"alt_text":"","src":"https:\/\/i0.wp.com\/www.moda.es\/blog\/wp-content\/uploads\/2016\/12\/Captura-de-pantalla-2016-12-14-a-las-21.49.13.png?fit=525%2C358&resize=350%2C200","width":350,"height":200},"classes":[]},{"id":20948,"url":"http:\/\/www.moda.es\/blog\/stuart-weitzman-abandona-la-direccion-creativa-de-su-marca\/","url_meta":{"origin":21161,"position":1},"title":"Stuart Weitzman abandona la direcci\u00f3n creativa de su marca","date":"agosto 11, 2016","format":false,"excerpt":"Stuart Weitzman, el dise\u00f1ador detr\u00e1s del ahora omnipresente tac\u00f3n\u00a0\u00a0Nudista,\u00a0ha anunciado en un comunicado que abandona\u00a0su puesto de director creativo y presidente ejecutivo de la marca del mismo nombre. Weitzman ha dise\u00f1ado zapatos con\u00a0su nombre durante\u00a0m\u00e1s de 25 a\u00f1os. Ahora va a ser reemplazado por Giovanni Morelli, quien recientemente fue el\u2026","rel":"","context":"En \u00abAccesorios\u00bb","img":{"alt_text":"","src":"https:\/\/i0.wp.com\/www.moda.es\/blog\/wp-content\/uploads\/2016\/08\/Captura-de-pantalla-2016-08-11-a-las-23.24.43.png?fit=645%2C362&resize=350%2C200","width":350,"height":200},"classes":[]},{"id":14172,"url":"http:\/\/www.moda.es\/blog\/kate-moss-pasea-con-stuart-weitzman\/","url_meta":{"origin":21161,"position":2},"title":"Kate Moss pasea con Stuart Weitzman","date":"septiembre 19, 2013","format":false,"excerpt":"Durante el mes de junio llegaron algunas pinceladas de Kate Moss con botas alt\u00edsimas y abrigo de pelo. Hoy llega el resultado de ese trabajo en forma de una campa\u00f1a en blanco y negro de Stuart Weitzman. Una Kate Moss muy sofisticada, sentada en un Rolls Royce, se impacienta en\u2026","rel":"","context":"En \u00abAccesorios\u00bb","img":{"alt_text":"","src":"https:\/\/i0.wp.com\/www.moda.es\/blog\/wp-content\/uploads\/2013\/09\/Stuart-Weitzman-51.jpg?fit=500%2C284&resize=350%2C200","width":350,"height":200},"classes":[]},{"id":22216,"url":"http:\/\/www.moda.es\/blog\/gigi-hadid-ahora-disena-gafas\/","url_meta":{"origin":21161,"position":3},"title":"Gigi Hadid ahora dise\u00f1a gafas","date":"junio 9, 2017","format":false,"excerpt":"Gigi Hadid ya ha demostrado su fuerza en la\u00a0moda dentro y fuera de la pasarela. Pero ahora va a \u00a0canalizar su sentido del estilo\u00a0en un sentido totalmente nuevo y muy visual a trav\u00e9s de su reci\u00e9n anunciada colecci\u00f3n c\u00e1psula con Vogue Eyewear. La modelo anuncia la colaboraci\u00f3n ayer en su\u2026","rel":"","context":"En \u00abAccesorios\u00bb","img":{"alt_text":"","src":"https:\/\/i0.wp.com\/www.moda.es\/blog\/wp-content\/uploads\/2017\/06\/Captura-de-pantalla-2017-06-09-a-las-18.04.00.png?fit=583%2C403&resize=350%2C200","width":350,"height":200},"classes":[]},{"id":17873,"url":"http:\/\/www.moda.es\/blog\/gisele-bundchen-para-stuart-weitzman\/","url_meta":{"origin":21161,"position":4},"title":"Gisele B\u00fcndchen para Stuart Weitzman","date":"junio 17, 2014","format":false,"excerpt":"No, no est\u00e1s teniendo un deja vu, es que la pr\u00f3xima campa\u00f1a de Stuart Weitzman con Gisele B\u00fcndchen es exacta a la protagonizada por Kate Moss. Si algo funciona, \u00bfpor qu\u00e9 abandonarlo? Eso es lo que deben haber pensado en la casa porque la est\u00e9tica es la misma que hemos\u2026","rel":"","context":"En \u00abCampa\u00f1as\u00bb","img":{"alt_text":"","src":"https:\/\/i0.wp.com\/www.moda.es\/blog\/wp-content\/uploads\/2014\/06\/bundchen-2.jpg?fit=650%2C510&resize=350%2C200","width":350,"height":200},"classes":[]},{"id":18652,"url":"http:\/\/www.moda.es\/blog\/giselle-bundchen-para-stuart-weitzman\/","url_meta":{"origin":21161,"position":5},"title":"Giselle B\u00fcndchen para Stuart Weitzman","date":"diciembre 19, 2014","format":false,"excerpt":"\u00bfTe ha gustado la campa\u00f1a de Chaenl N\u00ba5 con Gisele B\u00fcndchen? Porque yo todav\u00eda no lo he decidido... La que s\u00ed me gusta es la nueva que ha protagonizado para Stuart Weitzman, a pesar de que se parezca peligrosamente a todas las que ya realiz\u00f3 Kate Moss. Gisele Bundchen vuelve\u2026","rel":"","context":"En \u00abActualidad\u00bb","img":{"alt_text":"","src":"https:\/\/i0.wp.com\/www.moda.es\/blog\/wp-content\/uploads\/2014\/12\/gbsw.jpg?fit=650%2C433&resize=350%2C200","width":350,"height":200},"classes":[]}],"_links":{"self":[{"href":"http:\/\/www.moda.es\/blog\/wp-json\/wp\/v2\/posts\/21161"}],"collection":[{"href":"http:\/\/www.moda.es\/blog\/wp-json\/wp\/v2\/posts"}],"about":[{"href":"http:\/\/www.moda.es\/blog\/wp-json\/wp\/v2\/types\/post"}],"author":[{"embeddable":true,"href":"http:\/\/www.moda.es\/blog\/wp-json\/wp\/v2\/users\/3"}],"replies":[{"embeddable":true,"href":"http:\/\/www.moda.es\/blog\/wp-json\/wp\/v2\/comments?post=21161"}],"version-history":[{"count":7,"href":"http:\/\/www.moda.es\/blog\/wp-json\/wp\/v2\/posts\/21161\/revisions"}],"predecessor-version":[{"id":35861,"href":"http:\/\/www.moda.es\/blog\/wp-json\/wp\/v2\/posts\/21161\/revisions\/35861"}],"wp:featuredmedia":[{"embeddable":true,"href":"http:\/\/www.moda.es\/blog\/wp-json\/wp\/v2\/media\/21162"}],"wp:attachment":[{"href":"http:\/\/www.moda.es\/blog\/wp-json\/wp\/v2\/media?parent=21161"}],"wp:term":[{"taxonomy":"category","embeddable":true,"href":"http:\/\/www.moda.es\/blog\/wp-json\/wp\/v2\/categories?post=21161"},{"taxonomy":"post_tag","embeddable":true,"href":"http:\/\/www.moda.es\/blog\/wp-json\/wp\/v2\/tags?post=21161"}],"curies":[{"name":"wp","href":"https:\/\/api.w.org\/{rel}","templated":true}]}}