{"id":21087,"date":"2016-09-19T22:32:25","date_gmt":"2016-09-19T21:32:25","guid":{"rendered":"http:\/\/www.moda.es\/blog\/?p=21087"},"modified":"2020-04-27T16:15:34","modified_gmt":"2020-04-27T15:15:34","slug":"ralph-lauren-tambien-se-sube-al-carro-del-lujo-instantaneo","status":"publish","type":"post","link":"http:\/\/www.moda.es\/blog\/ralph-lauren-tambien-se-sube-al-carro-del-lujo-instantaneo\/","title":{"rendered":"Ralph Lauren tambi\u00e9n se sube al carro del lujo instant\u00e1neo"},"content":{"rendered":"<p><strong>Ralph Lauren<\/strong> es la \u00faltima marca que ha\u00a0adoptado el nuevo concepto <strong><em>m\u00edralo ahora, \u00a0c\u00f3mpralo ahora<\/em><\/strong>.<br \/>\nLa semana pasada,\u00a0\u00a0Ralph Lauren present\u00f3 el desfile de su \u00faltima colecci\u00f3n que ya est\u00e1 disponible en sus tiendas, en su boutique online \u00a0y en\u00a0sus mayoristas colaboradores.<br \/>\nSeg\u00fan Lauren, la \u00e9poca en la que se mostraba la ropa \u00a0y \u00abhab\u00eda que esperar seis meses para la entrega se\u00a0ha acabado. Con Internet, las redes sociales &#8230; se\u00a0tiene que cambiar\u00bb.<\/p>\n<p>\u00abSiempre he visto\u00a0el negocio como una <strong>evoluci\u00f3n.<\/strong> Nunca estamos parados, y nunca estamos persiguiendo a nadie. Todo es un cap\u00edtulo nuevo,\u00bb continu\u00f3 Lauren.\u00a0Adem\u00e1s de la pasarela dirigida al consumidor de Ralph Lauren, que se celebr\u00f3\u00a0de la tienda insignia de<strong> Madison Avenue<\/strong> de la marca\u00a0aunque\u00a0tambi\u00e9n hubo el desfile\u00a0tradicional.<\/p>\n<p>Lauren no est\u00e1 solo en este nuevo camino. <strong>Tom Ford, Burberry \u00a0y Tommy Hilfiger<\/strong> se encuentran entre algunos de los nombres grandes que experimentan con la idea.<\/p>\n<p><strong>Club Monaco<\/strong>, propiedad de Ralph Lauren, tambi\u00e9n debut\u00f3 con una colecci\u00f3n que se pondr\u00eda a la venta inmediatamente\u00a0durante su primera aparici\u00f3n en la<strong> Semana de la Moda de Nueva York<\/strong>. 35 looks de hombre y mujer que se\u00a0mostraron como\u00a0parte de lo que la marca\u00a0ha denominado \u00abLa Colecci\u00f3n de Oto\u00f1o de la Semana de la Moda de Nueva York.\u00bb<\/p>\n<p>Hoy mismo Burberry ha presentado su llamada<strong> Colecci\u00f3n de Septiembre<\/strong> y ma\u00f1ana podr\u00e1 adquirirse en todas sus boutiques, de hecho, ya est\u00e1 a la venta en su web. \u00bfC\u00f3mo saldr\u00e1 este nuevo experimento del fashion business?<\/p>\n<p><a href=\"http:\/\/www.moda.es\/blog\/ralph-lauren-tambien-se-sube-al-carro-del-lujo-instantaneo\/captura-de-pantalla-2016-09-19-a-las-22-53-08\/\" rel=\"attachment wp-att-21088\"><img data-attachment-id=\"21088\" data-permalink=\"http:\/\/www.moda.es\/blog\/ralph-lauren-tambien-se-sube-al-carro-del-lujo-instantaneo\/captura-de-pantalla-2016-09-19-a-las-22-53-08\/\" data-orig-file=\"https:\/\/i0.wp.com\/www.moda.es\/blog\/wp-content\/uploads\/2016\/09\/Captura-de-pantalla-2016-09-19-a-las-22.53.08.png?fit=599%2C397\" data-orig-size=\"599,397\" data-comments-opened=\"1\" data-image-meta=\"{&quot;aperture&quot;:&quot;0&quot;,&quot;credit&quot;:&quot;&quot;,&quot;camera&quot;:&quot;&quot;,&quot;caption&quot;:&quot;&quot;,&quot;created_timestamp&quot;:&quot;0&quot;,&quot;copyright&quot;:&quot;&quot;,&quot;focal_length&quot;:&quot;0&quot;,&quot;iso&quot;:&quot;0&quot;,&quot;shutter_speed&quot;:&quot;0&quot;,&quot;title&quot;:&quot;&quot;,&quot;orientation&quot;:&quot;0&quot;}\" data-image-title=\"Captura de pantalla 2016-09-19 a las 22.53.08\" data-image-description=\"\" data-image-caption=\"\" data-medium-file=\"https:\/\/i0.wp.com\/www.moda.es\/blog\/wp-content\/uploads\/2016\/09\/Captura-de-pantalla-2016-09-19-a-las-22.53.08.png?fit=300%2C199\" data-large-file=\"https:\/\/i0.wp.com\/www.moda.es\/blog\/wp-content\/uploads\/2016\/09\/Captura-de-pantalla-2016-09-19-a-las-22.53.08.png?fit=599%2C397\" loading=\"lazy\" class=\"aligncenter size-medium wp-image-21088\" src=\"https:\/\/i0.wp.com\/www.moda.es\/blog\/wp-content\/uploads\/2016\/09\/Captura-de-pantalla-2016-09-19-a-las-22.53.08.png?resize=300%2C199\" alt=\"Captura de pantalla 2016-09-19 a las 22.53.08\" width=\"300\" height=\"199\" srcset=\"https:\/\/i0.wp.com\/www.moda.es\/blog\/wp-content\/uploads\/2016\/09\/Captura-de-pantalla-2016-09-19-a-las-22.53.08.png?resize=300%2C199 300w, https:\/\/i0.wp.com\/www.moda.es\/blog\/wp-content\/uploads\/2016\/09\/Captura-de-pantalla-2016-09-19-a-las-22.53.08.png?resize=420%2C278 420w, https:\/\/i0.wp.com\/www.moda.es\/blog\/wp-content\/uploads\/2016\/09\/Captura-de-pantalla-2016-09-19-a-las-22.53.08.png?w=599 599w\" sizes=\"(max-width: 300px) 100vw, 300px\" data-recalc-dims=\"1\" \/><\/a><\/p>\n<p>\u00a9Fashion Times                             <\/p>\n","protected":false},"excerpt":{"rendered":"<p>Ralph Lauren es la \u00faltima marca que ha\u00a0adoptado el nuevo concepto m\u00edralo ahora, \u00a0c\u00f3mpralo ahora. La semana pasada,\u00a0\u00a0Ralph Lauren present\u00f3 el desfile de su \u00faltima colecci\u00f3n que ya est\u00e1 disponible en sus tiendas, en su boutique online \u00a0y en\u00a0sus mayoristas colaboradores. Seg\u00fan Lauren, la \u00e9poca en la que se mostraba [&hellip;]<\/p>\n","protected":false},"author":3,"featured_media":21088,"comment_status":"open","ping_status":"open","sticky":false,"template":"","format":"standard","meta":{"jetpack_publicize_message":"","jetpack_is_tweetstorm":false,"jetpack_publicize_feature_enabled":true},"categories":[3,10,11,14],"tags":[148,1456,748,892,895],"jetpack_publicize_connections":[],"jetpack_featured_media_url":"https:\/\/i0.wp.com\/www.moda.es\/blog\/wp-content\/uploads\/2016\/09\/Captura-de-pantalla-2016-09-19-a-las-22.53.08.png?fit=599%2C397","jetpack_sharing_enabled":true,"jetpack_shortlink":"https:\/\/wp.me\/p4tJCC-5u7","jetpack-related-posts":[{"id":21397,"url":"http:\/\/www.moda.es\/blog\/bottega-veneta-se-une-a-los-cambios-en-las-pasarelas\/","url_meta":{"origin":21087,"position":0},"title":"Bottega Veneta se une a los cambios en las pasarelas","date":"noviembre 29, 2016","format":false,"excerpt":"Bottega Veneta\u00a0ha anunciado que a partir de ahora va a combinar sus colecciones de hombre y mujer en la pasarela. La fusi\u00f3n se producir\u00e1 a partir de febrero en la Semana de la Moda de Mil\u00e1n de oto\u00f1o \u2013 invierno 2017 de mujer y\u00a0a partir de entonces la marca se\u2026","rel":"","context":"En \u00abDestacados\u00bb","img":{"alt_text":"","src":"https:\/\/i0.wp.com\/www.moda.es\/blog\/wp-content\/uploads\/2016\/11\/Captura-de-pantalla-2016-11-28-a-las-21.27.11.png?fit=385%2C577&resize=350%2C200","width":350,"height":200},"classes":[]},{"id":15995,"url":"http:\/\/www.moda.es\/blog\/la-moda-que-viene-i\/","url_meta":{"origin":21087,"position":1},"title":"La moda que viene&#8230; (I)","date":"febrero 23, 2014","format":false,"excerpt":"Seguimos analizando las tendencias que vienen y hoy, que todav\u00eda estamos asistiendo a la Semana de la Moda de Mil\u00e1n y a\u00fan nos falta la de Par\u00eds (y les echaremos un vistazo, no te preocupes) le ha tocado el turno a las colecciones de pre-fall, que ya nos dan pistas\u2026","rel":"","context":"En \u00abDestacados\u00bb","img":{"alt_text":"","src":"https:\/\/i0.wp.com\/www.moda.es\/blog\/wp-content\/uploads\/2014\/02\/Prada21.jpg?fit=500%2C751&resize=350%2C200","width":350,"height":200},"classes":[]},{"id":8430,"url":"http:\/\/www.moda.es\/blog\/el-embrujo-de-oriente\/","url_meta":{"origin":21087,"position":2},"title":"El embrujo de Oriente","date":"agosto 23, 2012","format":false,"excerpt":"Preparaos que este invierno viene cargado. Cargado, en cuanto a profusi\u00f3n de estampados, colores y detalles. Una mayor\u00eda de los estampados est\u00e1n inspirados en los pa\u00edses del lejano Oriente, al igual que muchos detalles majestuosos. Oriente viene a ser una inspiraci\u00f3n recurrente en la moda. Sus estampados ex\u00f3ticos -chinoiseries-, sus\u2026","rel":"","context":"En \u00abTendencias\u00bb","img":{"alt_text":"","src":"https:\/\/i0.wp.com\/www.moda.es\/blog\/wp-content\/uploads\/2012\/08\/itmfl-e1345677305683.jpg?resize=350%2C200","width":350,"height":200},"classes":[]},{"id":21560,"url":"http:\/\/www.moda.es\/blog\/lauren-hutton-quiere-seguir-siendo-modelo\/","url_meta":{"origin":21087,"position":3},"title":"Lauren Hutton quiere seguir siendo modelo","date":"enero 4, 2017","format":false,"excerpt":"Bottega Veneta celebra su 50 aniversario y qu\u00e9 mejor que hacerlo con un icono. La modelo y actriz de los setenta, Lauren Hutton, posa imponente en la nueva campa\u00f1a de la temporada primavera - verano 2017. Hutton, que\u00a0ha protagonizado\u00a041 portadas de\u00a0Vogue a lo largo de\u00a0su carrera y fue una de\u2026","rel":"","context":"En \u00abCampa\u00f1as\u00bb","img":{"alt_text":"","src":"https:\/\/i0.wp.com\/www.moda.es\/blog\/wp-content\/uploads\/2017\/01\/Captura-de-pantalla-2017-01-04-a-las-19.05.16.png?fit=460%2C294&resize=350%2C200","width":350,"height":200},"classes":[]},{"id":10885,"url":"http:\/\/www.moda.es\/blog\/lo-mejor-de-nyfw\/","url_meta":{"origin":21087,"position":4},"title":"Lo mejor de NYFW","date":"febrero 16, 2013","format":false,"excerpt":"Nueve d\u00edas. Nueve largos d\u00edas es lo que necesita Nueva York para presentarnos lo mejor de su moda. La se mana de la moda neoyorkina es la m\u00e1s extensa de todas pero tambi\u00e9n la m\u00e1s la m\u00e1s urbana y cosmopolita. Hemos tomado lo mejor de los desfiles de la Gran\u2026","rel":"","context":"En \u00abPasarelas\u00bb","img":{"alt_text":"","src":"https:\/\/i0.wp.com\/www.moda.es\/blog\/wp-content\/uploads\/2013\/02\/RL-Collection-2.jpg?resize=350%2C200","width":350,"height":200},"classes":[]},{"id":8082,"url":"http:\/\/www.moda.es\/blog\/estilos-olimpicos\/","url_meta":{"origin":21087,"position":5},"title":"Estilos ol\u00edmpicos","date":"julio 28, 2012","format":false,"excerpt":"Anoche millones y millones de telespectadores estuvieron pegados a las pantallas de la televisi\u00f3n viendo la gala inaugural de los Juegos Ol\u00edmpicos. Hacia el final del espect\u00e1culo comenzaron a salir las delegaciones de deportistas de cada pa\u00eds y, la verdad, a pesar de lo mal que pintaba la aparici\u00f3n nuestra\u2026","rel":"","context":"En \u00abDise\u00f1adores\u00bb","img":{"alt_text":"","src":"https:\/\/i0.wp.com\/www.moda.es\/blog\/wp-content\/uploads\/2012\/07\/olympics-uniforms-e13435077323691.jpg?fit=500%2C333&resize=350%2C200","width":350,"height":200},"classes":[]}],"_links":{"self":[{"href":"http:\/\/www.moda.es\/blog\/wp-json\/wp\/v2\/posts\/21087"}],"collection":[{"href":"http:\/\/www.moda.es\/blog\/wp-json\/wp\/v2\/posts"}],"about":[{"href":"http:\/\/www.moda.es\/blog\/wp-json\/wp\/v2\/types\/post"}],"author":[{"embeddable":true,"href":"http:\/\/www.moda.es\/blog\/wp-json\/wp\/v2\/users\/3"}],"replies":[{"embeddable":true,"href":"http:\/\/www.moda.es\/blog\/wp-json\/wp\/v2\/comments?post=21087"}],"version-history":[{"count":7,"href":"http:\/\/www.moda.es\/blog\/wp-json\/wp\/v2\/posts\/21087\/revisions"}],"predecessor-version":[{"id":35867,"href":"http:\/\/www.moda.es\/blog\/wp-json\/wp\/v2\/posts\/21087\/revisions\/35867"}],"wp:featuredmedia":[{"embeddable":true,"href":"http:\/\/www.moda.es\/blog\/wp-json\/wp\/v2\/media\/21088"}],"wp:attachment":[{"href":"http:\/\/www.moda.es\/blog\/wp-json\/wp\/v2\/media?parent=21087"}],"wp:term":[{"taxonomy":"category","embeddable":true,"href":"http:\/\/www.moda.es\/blog\/wp-json\/wp\/v2\/categories?post=21087"},{"taxonomy":"post_tag","embeddable":true,"href":"http:\/\/www.moda.es\/blog\/wp-json\/wp\/v2\/tags?post=21087"}],"curies":[{"name":"wp","href":"https:\/\/api.w.org\/{rel}","templated":true}]}}