{"id":21044,"date":"2016-09-05T19:24:56","date_gmt":"2016-09-05T18:24:56","guid":{"rendered":"http:\/\/www.moda.es\/blog\/?p=21044"},"modified":"2020-04-27T16:16:40","modified_gmt":"2020-04-27T15:16:40","slug":"lea-seydoux-imagen-del-perfume-de-louis-vuitton","status":"publish","type":"post","link":"http:\/\/www.moda.es\/blog\/lea-seydoux-imagen-del-perfume-de-louis-vuitton\/","title":{"rendered":"L\u00e9a Seydoux imagen del perfume de Louis Vuitton"},"content":{"rendered":"<p>A principios de este verano, <strong>Louis Vuitton<\/strong> anunci\u00f3 que estaba poniendo de nuevo en funcionamiento el negocio de los perfumes casi un siglo despu\u00e9s de que saliera su \u00faltima fragancia. Al fin, este mes de septiembre,\u00a0la marca al fin lanza su nueva serie de fragancias acompa\u00f1adas de una campa\u00f1a publicitaria con una embajadora muy especial.<\/p>\n<p>Seg\u00fan anunci\u00f3 WWD, la campa\u00f1a est\u00e1 protagonizada por la actriz <strong>L\u00e9a Seydoux <\/strong>y ha sido fotografiada por\u00a0<strong>Patrick Demarchelier<\/strong> en las cataratas de\u00a0<strong>Lone Creek<\/strong>\u00a0en <strong>Sud\u00e1frica.\u00a0<\/strong><strong>Marie-Am\u00e9lie Sauv\u00e9<\/strong> fue la estilista de la campa\u00f1a, <strong>Damien Boissinot<\/strong> estaba a cargo de pelo y <strong>Christelle Cocquet<\/strong> del maquillaje.<\/p>\n<p><a href=\"http:\/\/www.moda.es\/blog\/lea-seydoux-imagen-del-perfume-de-louis-vuitton\/captura-de-pantalla-2016-09-05-a-las-20-18-28\/\" rel=\"attachment wp-att-21046\"><img data-attachment-id=\"21046\" data-permalink=\"http:\/\/www.moda.es\/blog\/lea-seydoux-imagen-del-perfume-de-louis-vuitton\/captura-de-pantalla-2016-09-05-a-las-20-18-28\/\" data-orig-file=\"https:\/\/i0.wp.com\/www.moda.es\/blog\/wp-content\/uploads\/2016\/09\/Captura-de-pantalla-2016-09-05-a-las-20.18.28.png?fit=532%2C295\" data-orig-size=\"532,295\" data-comments-opened=\"1\" data-image-meta=\"{&quot;aperture&quot;:&quot;0&quot;,&quot;credit&quot;:&quot;&quot;,&quot;camera&quot;:&quot;&quot;,&quot;caption&quot;:&quot;&quot;,&quot;created_timestamp&quot;:&quot;0&quot;,&quot;copyright&quot;:&quot;&quot;,&quot;focal_length&quot;:&quot;0&quot;,&quot;iso&quot;:&quot;0&quot;,&quot;shutter_speed&quot;:&quot;0&quot;,&quot;title&quot;:&quot;&quot;,&quot;orientation&quot;:&quot;0&quot;}\" data-image-title=\"Captura de pantalla 2016-09-05 a las 20.18.28\" data-image-description=\"\" data-image-caption=\"\" data-medium-file=\"https:\/\/i0.wp.com\/www.moda.es\/blog\/wp-content\/uploads\/2016\/09\/Captura-de-pantalla-2016-09-05-a-las-20.18.28.png?fit=300%2C166\" data-large-file=\"https:\/\/i0.wp.com\/www.moda.es\/blog\/wp-content\/uploads\/2016\/09\/Captura-de-pantalla-2016-09-05-a-las-20.18.28.png?fit=532%2C295\" loading=\"lazy\" class=\"aligncenter size-medium wp-image-21046\" src=\"https:\/\/i0.wp.com\/www.moda.es\/blog\/wp-content\/uploads\/2016\/09\/Captura-de-pantalla-2016-09-05-a-las-20.18.28.png?resize=300%2C166\" alt=\"Captura de pantalla 2016-09-05 a las 20.18.28\" width=\"300\" height=\"166\" srcset=\"https:\/\/i0.wp.com\/www.moda.es\/blog\/wp-content\/uploads\/2016\/09\/Captura-de-pantalla-2016-09-05-a-las-20.18.28.png?resize=300%2C166 300w, https:\/\/i0.wp.com\/www.moda.es\/blog\/wp-content\/uploads\/2016\/09\/Captura-de-pantalla-2016-09-05-a-las-20.18.28.png?resize=420%2C233 420w, https:\/\/i0.wp.com\/www.moda.es\/blog\/wp-content\/uploads\/2016\/09\/Captura-de-pantalla-2016-09-05-a-las-20.18.28.png?w=532 532w\" sizes=\"(max-width: 300px) 100vw, 300px\" data-recalc-dims=\"1\" \/><\/a><\/p>\n<p>\u00abLouis Vuitton gira en torno a\u00a0 los viajes, pero tambi\u00e9n se trata de sue\u00f1os. En su esp\u00edritu se mezcla la aventura, el descubrimiento y la emoci\u00f3n\u00bb, ha afirmado\u00a0Seydoux.<\/p>\n<p><a href=\"http:\/\/www.moda.es\/blog\/lea-seydoux-imagen-del-perfume-de-louis-vuitton\/captura-de-pantalla-2016-09-05-a-las-19-48-22\/\" rel=\"attachment wp-att-21047\"><img data-attachment-id=\"21047\" data-permalink=\"http:\/\/www.moda.es\/blog\/lea-seydoux-imagen-del-perfume-de-louis-vuitton\/captura-de-pantalla-2016-09-05-a-las-19-48-22\/\" data-orig-file=\"https:\/\/i0.wp.com\/www.moda.es\/blog\/wp-content\/uploads\/2016\/09\/Captura-de-pantalla-2016-09-05-a-las-19.48.22.png?fit=505%2C654\" data-orig-size=\"505,654\" data-comments-opened=\"1\" data-image-meta=\"{&quot;aperture&quot;:&quot;0&quot;,&quot;credit&quot;:&quot;&quot;,&quot;camera&quot;:&quot;&quot;,&quot;caption&quot;:&quot;&quot;,&quot;created_timestamp&quot;:&quot;0&quot;,&quot;copyright&quot;:&quot;&quot;,&quot;focal_length&quot;:&quot;0&quot;,&quot;iso&quot;:&quot;0&quot;,&quot;shutter_speed&quot;:&quot;0&quot;,&quot;title&quot;:&quot;&quot;,&quot;orientation&quot;:&quot;0&quot;}\" data-image-title=\"Captura de pantalla 2016-09-05 a las 19.48.22\" data-image-description=\"\" data-image-caption=\"\" data-medium-file=\"https:\/\/i0.wp.com\/www.moda.es\/blog\/wp-content\/uploads\/2016\/09\/Captura-de-pantalla-2016-09-05-a-las-19.48.22.png?fit=232%2C300\" data-large-file=\"https:\/\/i0.wp.com\/www.moda.es\/blog\/wp-content\/uploads\/2016\/09\/Captura-de-pantalla-2016-09-05-a-las-19.48.22.png?fit=505%2C654\" loading=\"lazy\" class=\"aligncenter size-medium wp-image-21047\" src=\"https:\/\/i0.wp.com\/www.moda.es\/blog\/wp-content\/uploads\/2016\/09\/Captura-de-pantalla-2016-09-05-a-las-19.48.22.png?resize=232%2C300\" alt=\"Captura de pantalla 2016-09-05 a las 19.48.22\" width=\"232\" height=\"300\" srcset=\"https:\/\/i0.wp.com\/www.moda.es\/blog\/wp-content\/uploads\/2016\/09\/Captura-de-pantalla-2016-09-05-a-las-19.48.22.png?resize=232%2C300 232w, https:\/\/i0.wp.com\/www.moda.es\/blog\/wp-content\/uploads\/2016\/09\/Captura-de-pantalla-2016-09-05-a-las-19.48.22.png?resize=420%2C544 420w, https:\/\/i0.wp.com\/www.moda.es\/blog\/wp-content\/uploads\/2016\/09\/Captura-de-pantalla-2016-09-05-a-las-19.48.22.png?w=505 505w\" sizes=\"(max-width: 232px) 100vw, 232px\" data-recalc-dims=\"1\" \/><\/a><br \/>\nLa nueva colecci\u00f3n de\u00a0fragancias de Louis Vuitton se llama <strong>Les Parfums<\/strong>, y consta de <strong>siete perfumes<\/strong> diferentes para mujer\u00a0que fueron creados por el maestro perfumista de la casa <strong>Jacques Cavallier-Belletrud<\/strong>.\u00a0La colecci\u00f3n ha sido meticulosamente dise\u00f1ada, desde los frascos dise\u00f1ados por <strong>Marc Newson,<\/strong> a las fuentes de perfume colocadas en las tiendas para que los clientes pueden rellenar sus botellas a voluntad.<\/p>\n<p>\u00abEs muy emocionante crear una nueva \u00e1rea en la artesan\u00eda de\u00a0Louis Vuitton: Este lanzamiento es una progresi\u00f3n natural, dada la muy larga pausa que sigui\u00f3 al lanzamiento de nuestras primeras fragancias en los <strong>a\u00f1os<\/strong> <strong>veinte,\u00bb<\/strong> dijo <strong>Michael Burke,<\/strong> presidente y CEO de Louis Vuitton.<\/p>\n<p><a href=\"http:\/\/www.moda.es\/blog\/lea-seydoux-imagen-del-perfume-de-louis-vuitton\/captura-de-pantalla-2016-09-05-a-las-19-49-52\/\" rel=\"attachment wp-att-21045\"><img data-attachment-id=\"21045\" data-permalink=\"http:\/\/www.moda.es\/blog\/lea-seydoux-imagen-del-perfume-de-louis-vuitton\/captura-de-pantalla-2016-09-05-a-las-19-49-52\/\" data-orig-file=\"https:\/\/i0.wp.com\/www.moda.es\/blog\/wp-content\/uploads\/2016\/09\/Captura-de-pantalla-2016-09-05-a-las-19.49.52.png?fit=510%2C263\" data-orig-size=\"510,263\" data-comments-opened=\"1\" data-image-meta=\"{&quot;aperture&quot;:&quot;0&quot;,&quot;credit&quot;:&quot;&quot;,&quot;camera&quot;:&quot;&quot;,&quot;caption&quot;:&quot;&quot;,&quot;created_timestamp&quot;:&quot;0&quot;,&quot;copyright&quot;:&quot;&quot;,&quot;focal_length&quot;:&quot;0&quot;,&quot;iso&quot;:&quot;0&quot;,&quot;shutter_speed&quot;:&quot;0&quot;,&quot;title&quot;:&quot;&quot;,&quot;orientation&quot;:&quot;0&quot;}\" data-image-title=\"Captura de pantalla 2016-09-05 a las 19.49.52\" data-image-description=\"\" data-image-caption=\"\" data-medium-file=\"https:\/\/i0.wp.com\/www.moda.es\/blog\/wp-content\/uploads\/2016\/09\/Captura-de-pantalla-2016-09-05-a-las-19.49.52.png?fit=300%2C155\" data-large-file=\"https:\/\/i0.wp.com\/www.moda.es\/blog\/wp-content\/uploads\/2016\/09\/Captura-de-pantalla-2016-09-05-a-las-19.49.52.png?fit=510%2C263\" loading=\"lazy\" class=\"aligncenter size-medium wp-image-21045\" src=\"https:\/\/i0.wp.com\/www.moda.es\/blog\/wp-content\/uploads\/2016\/09\/Captura-de-pantalla-2016-09-05-a-las-19.49.52.png?resize=300%2C155\" alt=\"Captura de pantalla 2016-09-05 a las 19.49.52\" width=\"300\" height=\"155\" srcset=\"https:\/\/i0.wp.com\/www.moda.es\/blog\/wp-content\/uploads\/2016\/09\/Captura-de-pantalla-2016-09-05-a-las-19.49.52.png?resize=300%2C155 300w, https:\/\/i0.wp.com\/www.moda.es\/blog\/wp-content\/uploads\/2016\/09\/Captura-de-pantalla-2016-09-05-a-las-19.49.52.png?resize=420%2C217 420w, https:\/\/i0.wp.com\/www.moda.es\/blog\/wp-content\/uploads\/2016\/09\/Captura-de-pantalla-2016-09-05-a-las-19.49.52.png?w=510 510w\" sizes=\"(max-width: 300px) 100vw, 300px\" data-recalc-dims=\"1\" \/><\/a><\/p>\n<p>\u00a9Louis Vuitton                             <\/p>\n","protected":false},"excerpt":{"rendered":"<p>A principios de este verano, Louis Vuitton anunci\u00f3 que estaba poniendo de nuevo en funcionamiento el negocio de los perfumes casi un siglo despu\u00e9s de que saliera su \u00faltima fragancia. Al fin, este mes de septiembre,\u00a0la marca al fin lanza su nueva serie de fragancias acompa\u00f1adas de una campa\u00f1a publicitaria [&hellip;]<\/p>\n","protected":false},"author":3,"featured_media":21045,"comment_status":"open","ping_status":"open","sticky":false,"template":"","format":"standard","meta":{"jetpack_publicize_message":"","jetpack_is_tweetstorm":false,"jetpack_publicize_feature_enabled":true},"categories":[3,6,8,11,14],"tags":[1038,548,699],"jetpack_publicize_connections":[],"jetpack_featured_media_url":"https:\/\/i0.wp.com\/www.moda.es\/blog\/wp-content\/uploads\/2016\/09\/Captura-de-pantalla-2016-09-05-a-las-19.49.52.png?fit=510%2C263","jetpack_sharing_enabled":true,"jetpack_shortlink":"https:\/\/wp.me\/p4tJCC-5tq","jetpack-related-posts":[{"id":17912,"url":"http:\/\/www.moda.es\/blog\/el-nuevo-papel-protagonista-de-winona-ryder\/","url_meta":{"origin":21044,"position":0},"title":"El nuevo papel protagonista de Winona Ryder","date":"julio 5, 2014","format":false,"excerpt":"Lleva un tiempo bastante retirada de la escena, pero \u00bfqu\u00e9 mejor manera de reaparecer que a trav\u00e9s de una campa\u00f1a? La \u00faltima campa\u00f1a de moda de Winona Ryder fue el resultado de un per\u00edodo turbulento en su vida. En 2001 fue arrestado por robar 5.500 d\u00f3lares en art\u00edculos de unos\u2026","rel":"","context":"En \u00abActualidad\u00bb","img":{"alt_text":"","src":"https:\/\/i0.wp.com\/www.moda.es\/blog\/wp-content\/uploads\/2014\/07\/wino-embed_2961503a.jpg?fit=650%2C391&resize=350%2C200","width":350,"height":200},"classes":[]},{"id":20393,"url":"http:\/\/www.moda.es\/blog\/camille-seydoux-disena-para-roger-vivier\/","url_meta":{"origin":21044,"position":1},"title":"Camille Seydoux dise\u00f1a para Roger Vivier","date":"marzo 10, 2016","format":false,"excerpt":"Porque no s\u00f3lo de pan vive el hombre, no s\u00f3lo con celebrities se asocian las marcas de lujo hoy. Qu\u00e9 mejor alternativa que contar tambi\u00e9n con las estilistas de las famosas que, a fin de cuentas, son las que dibujan el look que luego todas queremos copiar. Y as\u00ed, la\u2026","rel":"","context":"En \u00abAccesorios\u00bb","img":{"alt_text":"","src":"https:\/\/i0.wp.com\/www.moda.es\/blog\/wp-content\/uploads\/2016\/03\/Captura-de-pantalla-2016-03-10-a-las-0.23.51.png?fit=476%2C516&resize=350%2C200","width":350,"height":200},"classes":[]},{"id":17731,"url":"http:\/\/www.moda.es\/blog\/michelle-williams-para-louis-vuitton\/","url_meta":{"origin":21044,"position":2},"title":"Michelle Williams para Louis Vuitton","date":"mayo 17, 2014","format":false,"excerpt":"Algo tiene Michelle Williams\u00a0 que engancha. No es especialmente guapa ni\u00a0 tiene unos ojazos azules ni un cuerpo de infarto, pero desde las campa\u00f1a de Louis Vuitton para el pr\u00f3ximo oto\u00f1o te mira y te atrapa. En esta campa\u00f1a, la actriz nominada al Oscar presenta los nuevos bolsos de la\u2026","rel":"","context":"En \u00abAccesorios\u00bb","img":{"alt_text":"","src":"https:\/\/i0.wp.com\/www.moda.es\/blog\/wp-content\/uploads\/2014\/05\/vuitton.jpg?fit=650%2C845&resize=350%2C200","width":350,"height":200},"classes":[]},{"id":13472,"url":"http:\/\/www.moda.es\/blog\/michelle-williams-nueva-chica-louis-vuitton\/","url_meta":{"origin":21044,"position":3},"title":"Michelle Williams, nueva chica Louis Vuitton","date":"julio 25, 2013","format":false,"excerpt":"Con cutis de porcelana, rabios color vino y cejas marcadas (Cara,\u00a0 tu influencia sigue sin conocer l\u00edmites) ha posado la actriz Michelle Williams para la nueva campa\u00f1a de accesorios de Louis Vuitton. Su actitud sexy se completa con un bustier de encaje negro con un abrigo sobre los hombros o\u2026","rel":"","context":"En \u00abCampa\u00f1as\u00bb","img":{"alt_text":"","src":"https:\/\/i0.wp.com\/www.moda.es\/blog\/wp-content\/uploads\/2013\/07\/Michelle-Williams-Louis-Vuitton-7.jpg?fit=500%2C333&resize=350%2C200","width":350,"height":200},"classes":[]},{"id":15279,"url":"http:\/\/www.moda.es\/blog\/lo-ultimo-de-marc-jacobs-para-louis-vuitton\/","url_meta":{"origin":21044,"position":4},"title":"Lo \u00faltimo de Marc Jacobs para Louis Vuitton","date":"diciembre 20, 2013","format":false,"excerpt":"Como un artista al que publican una obra p\u00f3stuma, se ha presentado la \u00faltima campa\u00f1a de Marc Jacobs para Louis Vuitton. El gran dise\u00f1ador (c\u00f3mo le vamos a echar de menos), ha dedicado este trabajo final a sus musas de la moda de Catherine Deneuve (God save the Queen, cada\u2026","rel":"","context":"En \u00abCampa\u00f1as\u00bb","img":{"alt_text":"","src":"https:\/\/i0.wp.com\/www.moda.es\/blog\/wp-content\/uploads\/2013\/12\/Louis-Vuitton-91.jpg?fit=500%2C750&resize=350%2C200","width":350,"height":200},"classes":[]},{"id":17904,"url":"http:\/\/www.moda.es\/blog\/annie-leibovitz-bruce-weber-y-juergen-teller-para-louis-vuitton\/","url_meta":{"origin":21044,"position":5},"title":"Annie Leibovitz, Bruce Weber y Juergen Teller para Louis Vuitton","date":"junio 30, 2014","format":false,"excerpt":"Tras la campa\u00f1a dulce pero algo sosa de Michelle Williams la pasada temporada, Nicolas Ghesqui\u00e8re ha decidido que hab\u00eda que hacer algo importante para su primera campa\u00f1a para la marca. Para ello ha reunido a algunos pesos pesados de la fotograf\u00eda para que dieran forma a una serie de fotograd\u00edas\u2026","rel":"","context":"En \u00abCampa\u00f1as\u00bb","img":{"alt_text":"","src":"https:\/\/i0.wp.com\/www.moda.es\/blog\/wp-content\/uploads\/2014\/06\/louis-vuitton-3.jpg?fit=650%2C416&resize=350%2C200","width":350,"height":200},"classes":[]}],"_links":{"self":[{"href":"http:\/\/www.moda.es\/blog\/wp-json\/wp\/v2\/posts\/21044"}],"collection":[{"href":"http:\/\/www.moda.es\/blog\/wp-json\/wp\/v2\/posts"}],"about":[{"href":"http:\/\/www.moda.es\/blog\/wp-json\/wp\/v2\/types\/post"}],"author":[{"embeddable":true,"href":"http:\/\/www.moda.es\/blog\/wp-json\/wp\/v2\/users\/3"}],"replies":[{"embeddable":true,"href":"http:\/\/www.moda.es\/blog\/wp-json\/wp\/v2\/comments?post=21044"}],"version-history":[{"count":10,"href":"http:\/\/www.moda.es\/blog\/wp-json\/wp\/v2\/posts\/21044\/revisions"}],"predecessor-version":[{"id":35874,"href":"http:\/\/www.moda.es\/blog\/wp-json\/wp\/v2\/posts\/21044\/revisions\/35874"}],"wp:featuredmedia":[{"embeddable":true,"href":"http:\/\/www.moda.es\/blog\/wp-json\/wp\/v2\/media\/21045"}],"wp:attachment":[{"href":"http:\/\/www.moda.es\/blog\/wp-json\/wp\/v2\/media?parent=21044"}],"wp:term":[{"taxonomy":"category","embeddable":true,"href":"http:\/\/www.moda.es\/blog\/wp-json\/wp\/v2\/categories?post=21044"},{"taxonomy":"post_tag","embeddable":true,"href":"http:\/\/www.moda.es\/blog\/wp-json\/wp\/v2\/tags?post=21044"}],"curies":[{"name":"wp","href":"https:\/\/api.w.org\/{rel}","templated":true}]}}