{"id":21019,"date":"2016-08-27T19:45:40","date_gmt":"2016-08-27T18:45:40","guid":{"rendered":"http:\/\/www.moda.es\/blog\/?p=21019"},"modified":"2020-04-27T16:17:28","modified_gmt":"2020-04-27T15:17:28","slug":"julia-haart-nueva-directora-creativa-de-la-perla","status":"publish","type":"post","link":"http:\/\/www.moda.es\/blog\/julia-haart-nueva-directora-creativa-de-la-perla\/","title":{"rendered":"Julia Haart, nueva directora creativa de La Perla"},"content":{"rendered":"<p><strong>La Perla<\/strong> ha anunciado el nombramiento de su nueva directora creativa, <strong>Julia Haart,<\/strong>\u00a0un nuevo fichaje para sustituir\u00a0a <strong>Pedro Louren\u00e7o,<\/strong>\u00a0que ingres\u00f3 a la compa\u00f1\u00eda en enero y dej\u00f3 la compa\u00f1\u00eda despu\u00e9s de terminar su contrato en <strong>julio.<\/strong><\/p>\n<p><a href=\"http:\/\/www.moda.es\/blog\/julia-haart-nueva-directora-creativa-de-la-perla\/captura-de-pantalla-2016-08-27-a-las-20-24-57\/\" rel=\"attachment wp-att-21020\"><img data-attachment-id=\"21020\" data-permalink=\"http:\/\/www.moda.es\/blog\/julia-haart-nueva-directora-creativa-de-la-perla\/captura-de-pantalla-2016-08-27-a-las-20-24-57\/\" data-orig-file=\"https:\/\/i0.wp.com\/www.moda.es\/blog\/wp-content\/uploads\/2016\/08\/Captura-de-pantalla-2016-08-27-a-las-20.24.57.png?fit=786%2C504\" data-orig-size=\"786,504\" data-comments-opened=\"1\" data-image-meta=\"{&quot;aperture&quot;:&quot;0&quot;,&quot;credit&quot;:&quot;&quot;,&quot;camera&quot;:&quot;&quot;,&quot;caption&quot;:&quot;&quot;,&quot;created_timestamp&quot;:&quot;0&quot;,&quot;copyright&quot;:&quot;&quot;,&quot;focal_length&quot;:&quot;0&quot;,&quot;iso&quot;:&quot;0&quot;,&quot;shutter_speed&quot;:&quot;0&quot;,&quot;title&quot;:&quot;&quot;,&quot;orientation&quot;:&quot;0&quot;}\" data-image-title=\"Captura de pantalla 2016-08-27 a las 20.24.57\" data-image-description=\"\" data-image-caption=\"\" data-medium-file=\"https:\/\/i0.wp.com\/www.moda.es\/blog\/wp-content\/uploads\/2016\/08\/Captura-de-pantalla-2016-08-27-a-las-20.24.57.png?fit=300%2C192\" data-large-file=\"https:\/\/i0.wp.com\/www.moda.es\/blog\/wp-content\/uploads\/2016\/08\/Captura-de-pantalla-2016-08-27-a-las-20.24.57.png?fit=640%2C410\" loading=\"lazy\" class=\"aligncenter size-medium wp-image-21020\" src=\"https:\/\/i0.wp.com\/www.moda.es\/blog\/wp-content\/uploads\/2016\/08\/Captura-de-pantalla-2016-08-27-a-las-20.24.57.png?resize=300%2C192\" alt=\"Captura de pantalla 2016-08-27 a las 20.24.57\" width=\"300\" height=\"192\" srcset=\"https:\/\/i0.wp.com\/www.moda.es\/blog\/wp-content\/uploads\/2016\/08\/Captura-de-pantalla-2016-08-27-a-las-20.24.57.png?resize=300%2C192 300w, https:\/\/i0.wp.com\/www.moda.es\/blog\/wp-content\/uploads\/2016\/08\/Captura-de-pantalla-2016-08-27-a-las-20.24.57.png?resize=768%2C492 768w, https:\/\/i0.wp.com\/www.moda.es\/blog\/wp-content\/uploads\/2016\/08\/Captura-de-pantalla-2016-08-27-a-las-20.24.57.png?resize=420%2C269 420w, https:\/\/i0.wp.com\/www.moda.es\/blog\/wp-content\/uploads\/2016\/08\/Captura-de-pantalla-2016-08-27-a-las-20.24.57.png?w=786 786w\" sizes=\"(max-width: 300px) 100vw, 300px\" data-recalc-dims=\"1\" \/><\/a><br \/>\nSeg\u00fan declaraciones desde la marca italiana, \u00abLa Perla da las gracias a Pedro Louren\u00e7o por su <strong>visi\u00f3n<\/strong> y <strong>ejecuci\u00f3n<\/strong> de la primera fase de la evoluci\u00f3n de la marca hacia la propuesta de un aut\u00e9ntico estilo de vida\u00bb.<\/p>\n<p>Haart, que supervisar\u00e1 las l\u00edneas de ropa interior, ropa para dormir, ropa de playa, accesorios y l\u00edneas de ropa masculina, \u00a0har\u00e1 su debut en <strong>septiembre<\/strong>,\u00a0cuando se\u00a0presentar\u00e1 la nueva colecci\u00f3n de pr\u00eat-\u00e0-porter de La Perla en Mil\u00e1n.<\/p>\n<p>La elecci\u00f3n de Haart tiene sentido teniendo en cuenta que\u00a0ya hab\u00eda colaborado con la marca en las colecciones de\u00a0accesorios de<strong> primavera &#8211; verano 2016<\/strong> y <strong>oto\u00f1o &#8211; invierno 2016<\/strong>.<\/p>\n<p>\u00abJulia viene a La Perla como asesora de confianza\u00a0y con\u00a0la consideraci\u00f3n del cuerpo femenino y la moda\u00a0y la belleza como un foco primario\u00bb, ha afirmado\u00a0el presidente <strong>Silvio Scaglia.<\/strong> \u00abLa colecci\u00f3n <strong>primavera<\/strong>\u00a0<strong>&#8211; verano 2017<\/strong>\u00a0de La Perla ser\u00e1 revolucionaria, no s\u00f3lo para nuestra marca, sino para la moda\u00a0femenina\u00a0en general, gracias a una fuerte mezcla de saber hacer de nuestro taller, una mujer que tiene un gran talento como director creativo y los mejores materiales en el mundo. El trabajo de Julia es un emblema de la forma de vida la Perla y estoy emocionado de trabajar con ella en esta nueva piedra angular de la historia de la marca\u00bb.<\/p>\n<p>Porque tan importante es seguir las tendencias por fuera como por dentro, estamos deseando ver la pr\u00f3xima colecci\u00f3n de Haart.<\/p>\n<p>\u00a9Vogue US                             <\/p>\n","protected":false},"excerpt":{"rendered":"<p>La Perla ha anunciado el nombramiento de su nueva directora creativa, Julia Haart,\u00a0un nuevo fichaje para sustituir\u00a0a Pedro Louren\u00e7o,\u00a0que ingres\u00f3 a la compa\u00f1\u00eda en enero y dej\u00f3 la compa\u00f1\u00eda despu\u00e9s de terminar su contrato en julio. Seg\u00fan declaraciones desde la marca italiana, \u00abLa Perla da las gracias a Pedro Louren\u00e7o [&hellip;]<\/p>\n","protected":false},"author":3,"featured_media":21020,"comment_status":"open","ping_status":"open","sticky":false,"template":"","format":"standard","meta":{"jetpack_publicize_message":"","jetpack_is_tweetstorm":false,"jetpack_publicize_feature_enabled":true},"categories":[3,11,12,14],"tags":[1450,497],"jetpack_publicize_connections":[],"jetpack_featured_media_url":"https:\/\/i0.wp.com\/www.moda.es\/blog\/wp-content\/uploads\/2016\/08\/Captura-de-pantalla-2016-08-27-a-las-20.24.57.png?fit=786%2C504","jetpack_sharing_enabled":true,"jetpack_shortlink":"https:\/\/wp.me\/p4tJCC-5t1","jetpack-related-posts":[{"id":18641,"url":"http:\/\/www.moda.es\/blog\/como-resucitar-una-marca-de-capa-caida\/","url_meta":{"origin":21019,"position":0},"title":"\u00bfC\u00f3mo resucitar una marca de capa ca\u00edda?","date":"diciembre 16, 2014","format":false,"excerpt":"Contratando a una gran estrella como directora creativa. Rihanna ha sido nombrado directora creativa y embajadora mundial de Puma. La cantante\u00a0 dise\u00f1ar para las colecciones de ropa de mujer de la marca de ropa deportiva y ser\u00e1 la protagonista de la campa\u00f1a publicitaria de la marca en la temporada oto\u00f1o\u2026","rel":"","context":"En \u00abActualidad\u00bb","img":{"alt_text":"","src":"https:\/\/i0.wp.com\/www.moda.es\/blog\/wp-content\/uploads\/2014\/12\/ripuma.jpg?fit=590%2C590&resize=350%2C200","width":350,"height":200},"classes":[]},{"id":20839,"url":"http:\/\/www.moda.es\/blog\/el-baile-de-sillas-de-belstaff\/","url_meta":{"origin":21019,"position":1},"title":"El baile de sillas de Belstaff","date":"julio 2, 2016","format":false,"excerpt":"Frederik Dyhr, jefe de la moda masculina de\u00a0la marca brit\u00e1nica Belstaff, ha renunciado a su papel para\u00a0perseguir \"nuevas oportunidades\" con efecto inmediato. Y para arreglar el entuerto, la actual jefa de ropa de mujer Delphine Ninous ha sido nombrada directora creativa de la colecci\u00f3n, comenzando as\u00ed a supervisar\u00a0las dos l\u00edneas\u2026","rel":"","context":"En \u00abActualidad\u00bb","img":{"alt_text":"","src":"https:\/\/i0.wp.com\/www.moda.es\/blog\/wp-content\/uploads\/2016\/07\/Captura-de-pantalla-2016-07-02-a-las-16.21.50.png?fit=721%2C402&resize=350%2C200","width":350,"height":200},"classes":[]},{"id":14622,"url":"http:\/\/www.moda.es\/blog\/cara-delevingne-al-desnudo\/","url_meta":{"origin":21019,"position":2},"title":"Cara Delevingne al desnudo","date":"octubre 28, 2013","format":false,"excerpt":"De acuerdo, al desnuedo no, pero s\u00ed desde su faceta m\u00e1s \u00edntima. La modelo brit\u00e1nica es la nueva imagen (y el cuerpo) de La Perla. Las marcas siguen rif\u00e1ndose a la rubia de la carita de \u00e1ngel yvers\u00e1til actitud y en esta ocasi\u00f3n ha sido llamada a explorar su lado\u2026","rel":"","context":"En \u00abCampa\u00f1as\u00bb","img":{"alt_text":"","src":"https:\/\/i0.wp.com\/www.moda.es\/blog\/wp-content\/uploads\/2013\/10\/Cara-Delenvingne-1-300x3001.jpg?fit=300%2C300&resize=350%2C200","width":350,"height":200},"classes":[]},{"id":20454,"url":"http:\/\/www.moda.es\/blog\/hm-presenta-su-nueva-coleccion-conscious\/","url_meta":{"origin":21019,"position":3},"title":"H&amp;M presenta su nueva colecci\u00f3n Conscious","date":"marzo 19, 2016","format":false,"excerpt":"Y tiene una gran sopresa. Tras la reciente y celebrada noticia de que\u00a0ASOS\u00a0presente\u00a0su primera colecci\u00f3n de vestidos de novia a principios de este a\u00f1o, H&M ha decidido tambi\u00e9n presentar\u00a0\u00a0su propuesta\u00a0de moda nupcial \u00a0para la temporada primavera - verano 2016. La compa\u00f1\u00eda sueca ha incorporado tres modelos de vestido\u00a0de novia en\u2026","rel":"","context":"En \u00abActualidad\u00bb","img":{"alt_text":"","src":"https:\/\/i0.wp.com\/www.moda.es\/blog\/wp-content\/uploads\/2016\/03\/Captura-de-pantalla-2016-03-19-a-las-15.36.35.png?fit=518%2C775&resize=350%2C200","width":350,"height":200},"classes":[]},{"id":15067,"url":"http:\/\/www.moda.es\/blog\/cara-delevingne-para-la-perla\/","url_meta":{"origin":21019,"position":4},"title":"Cara Delevingne para La Perla","date":"diciembre 5, 2013","format":false,"excerpt":"Nos enteramos\u00a0hace un tiempo a trav\u00e9s de su Instagram que ser\u00eda imagen de la pr\u00f3xima campa\u00f1a publicitaria de La Perla y hoy al fin tenemos un previo de esa campa\u00f1a. Ya hemos perdido la cuenta de las campa\u00f1as publicitarias en las que la reina de la moda british, Cara Delevingne,\u2026","rel":"","context":"En \u00abCampa\u00f1as\u00bb","img":{"alt_text":"","src":"https:\/\/i0.wp.com\/www.moda.es\/blog\/wp-content\/uploads\/2013\/12\/La-Perla-21.jpg?fit=500%2C750&resize=350%2C200","width":350,"height":200},"classes":[]},{"id":21200,"url":"http:\/\/www.moda.es\/blog\/alexa-chung-ficha-por-ugg\/","url_meta":{"origin":21019,"position":5},"title":"Alexa Chung ficha por Ugg","date":"octubre 7, 2016","format":false,"excerpt":"Alexa Chung ha a\u00f1adido un\u00a0nuevo capitulo a su curr\u00edculum de\u00a0estilo al asumir el papel de directora de arte de\u00a0UGG en la primera colaboraci\u00f3n\u00a0creativa de la\u00a0marca desde su nacimiento. En esta nueva colaboraci\u00f3n supervisar\u00e1 la \u00faltima campa\u00f1a de la marca que se centra en su ic\u00f3nica y\u00a0cl\u00e1sica bota, controlando por\u00a0completo el\u2026","rel":"","context":"En \u00abActualidad\u00bb","img":{"alt_text":"","src":"https:\/\/i0.wp.com\/www.moda.es\/blog\/wp-content\/uploads\/2016\/10\/Captura-de-pantalla-2016-10-07-a-las-18.59.02.png?fit=615%2C404&resize=350%2C200","width":350,"height":200},"classes":[]}],"_links":{"self":[{"href":"http:\/\/www.moda.es\/blog\/wp-json\/wp\/v2\/posts\/21019"}],"collection":[{"href":"http:\/\/www.moda.es\/blog\/wp-json\/wp\/v2\/posts"}],"about":[{"href":"http:\/\/www.moda.es\/blog\/wp-json\/wp\/v2\/types\/post"}],"author":[{"embeddable":true,"href":"http:\/\/www.moda.es\/blog\/wp-json\/wp\/v2\/users\/3"}],"replies":[{"embeddable":true,"href":"http:\/\/www.moda.es\/blog\/wp-json\/wp\/v2\/comments?post=21019"}],"version-history":[{"count":7,"href":"http:\/\/www.moda.es\/blog\/wp-json\/wp\/v2\/posts\/21019\/revisions"}],"predecessor-version":[{"id":35879,"href":"http:\/\/www.moda.es\/blog\/wp-json\/wp\/v2\/posts\/21019\/revisions\/35879"}],"wp:featuredmedia":[{"embeddable":true,"href":"http:\/\/www.moda.es\/blog\/wp-json\/wp\/v2\/media\/21020"}],"wp:attachment":[{"href":"http:\/\/www.moda.es\/blog\/wp-json\/wp\/v2\/media?parent=21019"}],"wp:term":[{"taxonomy":"category","embeddable":true,"href":"http:\/\/www.moda.es\/blog\/wp-json\/wp\/v2\/categories?post=21019"},{"taxonomy":"post_tag","embeddable":true,"href":"http:\/\/www.moda.es\/blog\/wp-json\/wp\/v2\/tags?post=21019"}],"curies":[{"name":"wp","href":"https:\/\/api.w.org\/{rel}","templated":true}]}}