{"id":20935,"date":"2016-08-09T22:44:51","date_gmt":"2016-08-09T21:44:51","guid":{"rendered":"http:\/\/www.moda.es\/blog\/?p=20935"},"modified":"2020-04-27T16:19:11","modified_gmt":"2020-04-27T15:19:11","slug":"la-campana-multicultural-de-net-a-porter","status":"publish","type":"post","link":"http:\/\/www.moda.es\/blog\/la-campana-multicultural-de-net-a-porter\/","title":{"rendered":"La campa\u00f1a multicultural de Net A Porter"},"content":{"rendered":"<p>La <strong>diversidad<\/strong> es, sin duda, el mejor\u00a0palabra para definir la moda\u00a0en este momento. No s\u00f3lo por la evidente variedad de oferta de marcas y dise\u00f1adores, sino por los diferentes mensajes que se emiten actualmente a la hora de comunicar esas creaciones.<\/p>\n<p>Y eso se traslada a la elecci\u00f3n de las modelos que cada vez m\u00e1s apuestan por la diversidad de razas minimizando la contrataci\u00f3n de rostros cauc\u00e1sicos.<\/p>\n<p><a href=\"http:\/\/www.moda.es\/blog\/la-campana-multicultural-de-net-a-porter\/captura-de-pantalla-2016-08-09-a-las-19-37-42\/\" rel=\"attachment wp-att-20936\"><img data-attachment-id=\"20936\" data-permalink=\"http:\/\/www.moda.es\/blog\/la-campana-multicultural-de-net-a-porter\/captura-de-pantalla-2016-08-09-a-las-19-37-42\/\" data-orig-file=\"https:\/\/i0.wp.com\/www.moda.es\/blog\/wp-content\/uploads\/2016\/08\/Captura-de-pantalla-2016-08-09-a-las-19.37.42.png?fit=615%2C383\" data-orig-size=\"615,383\" data-comments-opened=\"1\" data-image-meta=\"{&quot;aperture&quot;:&quot;0&quot;,&quot;credit&quot;:&quot;&quot;,&quot;camera&quot;:&quot;&quot;,&quot;caption&quot;:&quot;&quot;,&quot;created_timestamp&quot;:&quot;0&quot;,&quot;copyright&quot;:&quot;&quot;,&quot;focal_length&quot;:&quot;0&quot;,&quot;iso&quot;:&quot;0&quot;,&quot;shutter_speed&quot;:&quot;0&quot;,&quot;title&quot;:&quot;&quot;,&quot;orientation&quot;:&quot;0&quot;}\" data-image-title=\"Captura de pantalla 2016-08-09 a las 19.37.42\" data-image-description=\"\" data-image-caption=\"\" data-medium-file=\"https:\/\/i0.wp.com\/www.moda.es\/blog\/wp-content\/uploads\/2016\/08\/Captura-de-pantalla-2016-08-09-a-las-19.37.42.png?fit=300%2C187\" data-large-file=\"https:\/\/i0.wp.com\/www.moda.es\/blog\/wp-content\/uploads\/2016\/08\/Captura-de-pantalla-2016-08-09-a-las-19.37.42.png?fit=615%2C383\" loading=\"lazy\" class=\"aligncenter size-medium wp-image-20936\" src=\"https:\/\/i0.wp.com\/www.moda.es\/blog\/wp-content\/uploads\/2016\/08\/Captura-de-pantalla-2016-08-09-a-las-19.37.42.png?resize=300%2C187\" alt=\"Captura de pantalla 2016-08-09 a las 19.37.42\" width=\"300\" height=\"187\" srcset=\"https:\/\/i0.wp.com\/www.moda.es\/blog\/wp-content\/uploads\/2016\/08\/Captura-de-pantalla-2016-08-09-a-las-19.37.42.png?resize=300%2C187 300w, https:\/\/i0.wp.com\/www.moda.es\/blog\/wp-content\/uploads\/2016\/08\/Captura-de-pantalla-2016-08-09-a-las-19.37.42.png?resize=420%2C262 420w, https:\/\/i0.wp.com\/www.moda.es\/blog\/wp-content\/uploads\/2016\/08\/Captura-de-pantalla-2016-08-09-a-las-19.37.42.png?w=615 615w\" sizes=\"(max-width: 300px) 100vw, 300px\" data-recalc-dims=\"1\" \/><\/a><\/p>\n<p>Pero en el caso de <strong>Net-a-Porter\u00a0<\/strong>la decisi\u00f3n de dar un cambio en sus campa\u00f1as sugiere que en lugar de ser una nueva moda m\u00e1s, la elecci\u00f3n de una grupo\u00a0de chicas con <em>looks<\/em>\u00a0y or\u00edgenes diferentes en realidad podr\u00eda representar una <strong>s\u00f3lida estrategia de negocio<\/strong>.<\/p>\n<p><a href=\"http:\/\/www.moda.es\/blog\/la-campana-multicultural-de-net-a-porter\/captura-de-pantalla-2016-08-09-a-las-19-37-55\/\" rel=\"attachment wp-att-20937\"><img data-attachment-id=\"20937\" data-permalink=\"http:\/\/www.moda.es\/blog\/la-campana-multicultural-de-net-a-porter\/captura-de-pantalla-2016-08-09-a-las-19-37-55\/\" data-orig-file=\"https:\/\/i0.wp.com\/www.moda.es\/blog\/wp-content\/uploads\/2016\/08\/Captura-de-pantalla-2016-08-09-a-las-19.37.55.png?fit=615%2C380\" data-orig-size=\"615,380\" data-comments-opened=\"1\" data-image-meta=\"{&quot;aperture&quot;:&quot;0&quot;,&quot;credit&quot;:&quot;&quot;,&quot;camera&quot;:&quot;&quot;,&quot;caption&quot;:&quot;&quot;,&quot;created_timestamp&quot;:&quot;0&quot;,&quot;copyright&quot;:&quot;&quot;,&quot;focal_length&quot;:&quot;0&quot;,&quot;iso&quot;:&quot;0&quot;,&quot;shutter_speed&quot;:&quot;0&quot;,&quot;title&quot;:&quot;&quot;,&quot;orientation&quot;:&quot;0&quot;}\" data-image-title=\"Captura de pantalla 2016-08-09 a las 19.37.55\" data-image-description=\"\" data-image-caption=\"\" data-medium-file=\"https:\/\/i0.wp.com\/www.moda.es\/blog\/wp-content\/uploads\/2016\/08\/Captura-de-pantalla-2016-08-09-a-las-19.37.55.png?fit=300%2C185\" data-large-file=\"https:\/\/i0.wp.com\/www.moda.es\/blog\/wp-content\/uploads\/2016\/08\/Captura-de-pantalla-2016-08-09-a-las-19.37.55.png?fit=615%2C380\" loading=\"lazy\" class=\"aligncenter size-medium wp-image-20937\" src=\"https:\/\/i0.wp.com\/www.moda.es\/blog\/wp-content\/uploads\/2016\/08\/Captura-de-pantalla-2016-08-09-a-las-19.37.55.png?resize=300%2C185\" alt=\"Captura de pantalla 2016-08-09 a las 19.37.55\" width=\"300\" height=\"185\" srcset=\"https:\/\/i0.wp.com\/www.moda.es\/blog\/wp-content\/uploads\/2016\/08\/Captura-de-pantalla-2016-08-09-a-las-19.37.55.png?resize=300%2C185 300w, https:\/\/i0.wp.com\/www.moda.es\/blog\/wp-content\/uploads\/2016\/08\/Captura-de-pantalla-2016-08-09-a-las-19.37.55.png?resize=420%2C260 420w, https:\/\/i0.wp.com\/www.moda.es\/blog\/wp-content\/uploads\/2016\/08\/Captura-de-pantalla-2016-08-09-a-las-19.37.55.png?w=615 615w\" sizes=\"(max-width: 300px) 100vw, 300px\" data-recalc-dims=\"1\" \/><\/a><\/p>\n<p>En la nueva campa\u00f1a de la marca de lujo online podemos ver a <strong>Charlee Fraser<\/strong>, hija de madre ind\u00edgena de Australia y padre australiano, la angole\u00f1a\u00a0<strong>Amilna Estevao<\/strong>, la danesa <strong>Sofie Hemmet<\/strong>, <strong>Pooja Mor,<\/strong>\u00a0originaria de Uttar Pradesh, en \u00a1India y la holandesa\u00a0<strong>Julia van Os. <\/strong>Todas ellas preciosas y orgullosas representantes de sus ra\u00edces.<\/p>\n<p><a href=\"http:\/\/www.moda.es\/blog\/la-campana-multicultural-de-net-a-porter\/captura-de-pantalla-2016-08-09-a-las-19-38-12\/\" rel=\"attachment wp-att-20938\"><img data-attachment-id=\"20938\" data-permalink=\"http:\/\/www.moda.es\/blog\/la-campana-multicultural-de-net-a-porter\/captura-de-pantalla-2016-08-09-a-las-19-38-12\/\" data-orig-file=\"https:\/\/i0.wp.com\/www.moda.es\/blog\/wp-content\/uploads\/2016\/08\/Captura-de-pantalla-2016-08-09-a-las-19.38.12.png?fit=616%2C379\" data-orig-size=\"616,379\" data-comments-opened=\"1\" data-image-meta=\"{&quot;aperture&quot;:&quot;0&quot;,&quot;credit&quot;:&quot;&quot;,&quot;camera&quot;:&quot;&quot;,&quot;caption&quot;:&quot;&quot;,&quot;created_timestamp&quot;:&quot;0&quot;,&quot;copyright&quot;:&quot;&quot;,&quot;focal_length&quot;:&quot;0&quot;,&quot;iso&quot;:&quot;0&quot;,&quot;shutter_speed&quot;:&quot;0&quot;,&quot;title&quot;:&quot;&quot;,&quot;orientation&quot;:&quot;0&quot;}\" data-image-title=\"Captura de pantalla 2016-08-09 a las 19.38.12\" data-image-description=\"\" data-image-caption=\"\" data-medium-file=\"https:\/\/i0.wp.com\/www.moda.es\/blog\/wp-content\/uploads\/2016\/08\/Captura-de-pantalla-2016-08-09-a-las-19.38.12.png?fit=300%2C185\" data-large-file=\"https:\/\/i0.wp.com\/www.moda.es\/blog\/wp-content\/uploads\/2016\/08\/Captura-de-pantalla-2016-08-09-a-las-19.38.12.png?fit=616%2C379\" loading=\"lazy\" class=\"aligncenter size-medium wp-image-20938\" src=\"https:\/\/i0.wp.com\/www.moda.es\/blog\/wp-content\/uploads\/2016\/08\/Captura-de-pantalla-2016-08-09-a-las-19.38.12.png?resize=300%2C185\" alt=\"Captura de pantalla 2016-08-09 a las 19.38.12\" width=\"300\" height=\"185\" srcset=\"https:\/\/i0.wp.com\/www.moda.es\/blog\/wp-content\/uploads\/2016\/08\/Captura-de-pantalla-2016-08-09-a-las-19.38.12.png?resize=300%2C185 300w, https:\/\/i0.wp.com\/www.moda.es\/blog\/wp-content\/uploads\/2016\/08\/Captura-de-pantalla-2016-08-09-a-las-19.38.12.png?resize=420%2C258 420w, https:\/\/i0.wp.com\/www.moda.es\/blog\/wp-content\/uploads\/2016\/08\/Captura-de-pantalla-2016-08-09-a-las-19.38.12.png?w=616 616w\" sizes=\"(max-width: 300px) 100vw, 300px\" data-recalc-dims=\"1\" \/><\/a><\/p>\n<p>\u00abTenemos una <strong>audiencia global<\/strong> que \u00a0se compone de m\u00faltiples nacionalidades con diferentes est\u00e9ticas y\u00a0estilos\u00bb, explica Claudia Plant, directora global creativa en Net-a-Porter. \u00abPara nuestra campa\u00f1a de oto\u00f1o, se ha fotografiado a<strong>\u00a0cinco mujeres completamente diferentes<\/strong> y lo que nos dieron fue una gran variedad de personajes que se ndirige a un amplio espectro de nuestros clientes en todo el mundo. Era muy importante lograr un equilibrio entre las mujeres que inspirara a nuestros clientes, adem\u00e1s de tener la combinaci\u00f3n adecuada de caras nuevas \u00ab, contin\u00faa.<\/p>\n<p>Esta claro que si se pretende\u00a0vender ropa a\u00a0las mujeres de\u00a0todos los continentes, s\u00f3lo pueden ayudarse mostrando\u00a0mujeres que les hagan sentirse representan representadas.<a href=\"http:\/\/www.moda.es\/blog\/la-campana-multicultural-de-net-a-porter\/captura-de-pantalla-2016-08-09-a-las-19-38-54\/\" rel=\"attachment wp-att-20939\"><img data-attachment-id=\"20939\" data-permalink=\"http:\/\/www.moda.es\/blog\/la-campana-multicultural-de-net-a-porter\/captura-de-pantalla-2016-08-09-a-las-19-38-54\/\" data-orig-file=\"https:\/\/i0.wp.com\/www.moda.es\/blog\/wp-content\/uploads\/2016\/08\/Captura-de-pantalla-2016-08-09-a-las-19.38.54.png?fit=618%2C387\" data-orig-size=\"618,387\" data-comments-opened=\"1\" data-image-meta=\"{&quot;aperture&quot;:&quot;0&quot;,&quot;credit&quot;:&quot;&quot;,&quot;camera&quot;:&quot;&quot;,&quot;caption&quot;:&quot;&quot;,&quot;created_timestamp&quot;:&quot;0&quot;,&quot;copyright&quot;:&quot;&quot;,&quot;focal_length&quot;:&quot;0&quot;,&quot;iso&quot;:&quot;0&quot;,&quot;shutter_speed&quot;:&quot;0&quot;,&quot;title&quot;:&quot;&quot;,&quot;orientation&quot;:&quot;0&quot;}\" data-image-title=\"Captura de pantalla 2016-08-09 a las 19.38.54\" data-image-description=\"\" data-image-caption=\"\" data-medium-file=\"https:\/\/i0.wp.com\/www.moda.es\/blog\/wp-content\/uploads\/2016\/08\/Captura-de-pantalla-2016-08-09-a-las-19.38.54.png?fit=300%2C188\" data-large-file=\"https:\/\/i0.wp.com\/www.moda.es\/blog\/wp-content\/uploads\/2016\/08\/Captura-de-pantalla-2016-08-09-a-las-19.38.54.png?fit=618%2C387\" loading=\"lazy\" class=\"aligncenter size-medium wp-image-20939\" src=\"https:\/\/i0.wp.com\/www.moda.es\/blog\/wp-content\/uploads\/2016\/08\/Captura-de-pantalla-2016-08-09-a-las-19.38.54.png?resize=300%2C188\" alt=\"Captura de pantalla 2016-08-09 a las 19.38.54\" width=\"300\" height=\"188\" srcset=\"https:\/\/i0.wp.com\/www.moda.es\/blog\/wp-content\/uploads\/2016\/08\/Captura-de-pantalla-2016-08-09-a-las-19.38.54.png?resize=300%2C188 300w, https:\/\/i0.wp.com\/www.moda.es\/blog\/wp-content\/uploads\/2016\/08\/Captura-de-pantalla-2016-08-09-a-las-19.38.54.png?resize=420%2C263 420w, https:\/\/i0.wp.com\/www.moda.es\/blog\/wp-content\/uploads\/2016\/08\/Captura-de-pantalla-2016-08-09-a-las-19.38.54.png?w=618 618w\" sizes=\"(max-width: 300px) 100vw, 300px\" data-recalc-dims=\"1\" \/><\/a>.<\/p>\n<p>\u00a9Fashion Telegraph                             <\/p>\n","protected":false},"excerpt":{"rendered":"<p>La diversidad es, sin duda, el mejor\u00a0palabra para definir la moda\u00a0en este momento. No s\u00f3lo por la evidente variedad de oferta de marcas y dise\u00f1adores, sino por los diferentes mensajes que se emiten actualmente a la hora de comunicar esas creaciones. Y eso se traslada a la elecci\u00f3n de las [&hellip;]<\/p>\n","protected":false},"author":3,"featured_media":20936,"comment_status":"open","ping_status":"open","sticky":false,"template":"","format":"standard","meta":{"jetpack_publicize_message":"","jetpack_is_tweetstorm":false,"jetpack_publicize_feature_enabled":true},"categories":[3,8,11,14,29],"tags":[1437,1436,1440,658,1439,1438],"jetpack_publicize_connections":[],"jetpack_featured_media_url":"https:\/\/i0.wp.com\/www.moda.es\/blog\/wp-content\/uploads\/2016\/08\/Captura-de-pantalla-2016-08-09-a-las-19.37.42.png?fit=615%2C383","jetpack_sharing_enabled":true,"jetpack_shortlink":"https:\/\/wp.me\/p4tJCC-5rF","jetpack-related-posts":[{"id":1244,"url":"http:\/\/www.moda.es\/blog\/esta-por-todas-partes-se-llama-freja-beha\/","url_meta":{"origin":20935,"position":0},"title":"Est\u00e1 por todas partes. Se llama Freja Beha","date":"marzo 23, 2011","format":false,"excerpt":"Delgad\u00edsima, de labios gruesos, tan camale\u00f3nica como Kate Moss. Es Freja Beha Erichsen y \u00faltimamente tiene su rostro impreso\u00a0en todas las revistas de moda adem\u00e1s de, por supuesto, en las pasarelas de todo el mundo. Nacida en 1987 en Dinamarca (Roskilde), debut\u00f3 sobre las pasarelas en 2005 y lo hizo\u2026","rel":"","context":"En \u00abIt Girl\u00bb","img":{"alt_text":"","src":"https:\/\/i0.wp.com\/www.moda.es\/blog\/wp-content\/uploads\/2011\/03\/FrejaBehaErichsennude1.jpg?fit=600%2C716&resize=350%2C200","width":350,"height":200},"classes":[]},{"id":20133,"url":"http:\/\/www.moda.es\/blog\/la-nueva-tendencia\/","url_meta":{"origin":20935,"position":1},"title":"La nueva tendencia&#8230;","date":"diciembre 31, 2015","format":false,"excerpt":"...es la moda nupcial online. Porque despu\u00e9s de que Asos anunciara la presentaci\u00f3n de su primera colecci\u00f3n de vestidos de novia, ahora le sigue Net-a-Porter uni\u00e9ndose a la corriente de elegir look nupcial a golpe de click, como lo haces ya con cualquier otro vestido. As\u00ed que si por casualidad\u2026","rel":"","context":"En \u00abActualidad\u00bb","img":{"alt_text":"","src":"https:\/\/i0.wp.com\/www.moda.es\/blog\/wp-content\/uploads\/2015\/12\/Captura-de-pantalla-2015-12-30-a-las-23.29.06.png?fit=530%2C531&resize=350%2C200","width":350,"height":200},"classes":[]},{"id":13364,"url":"http:\/\/www.moda.es\/blog\/edie-campbell-en-la-ultima-campana-de-lanvin\/","url_meta":{"origin":20935,"position":2},"title":"Todas las caras de Edie Campbell","date":"julio 16, 2013","format":false,"excerpt":"Cuando Alber Elbaz quiso crear una campa\u00f1a que mostrara la diversidad de la colecci\u00f3n de Lanvin para el pr\u00f3ximo Oto\u00f1o - Invierno 2013, podr\u00eda haber desplegado una interminable e imponente lista de top models. La \u00faltima vez que dese\u00f3 mostrar la diversidad, en concreto en su \u00faltima campa\u00f1a oto\u00f1o, reuni\u00f3\u2026","rel":"","context":"En \u00abCampa\u00f1as\u00bb","img":{"alt_text":"","src":"https:\/\/i0.wp.com\/www.moda.es\/blog\/wp-content\/uploads\/2013\/07\/lanvin-2_2.jpg?fit=500%2C327&resize=350%2C200","width":350,"height":200},"classes":[]},{"id":22208,"url":"http:\/\/www.moda.es\/blog\/la-conciencia-eco-de-yoox-net-a-porter\/","url_meta":{"origin":20935,"position":3},"title":"La conciencia eco de Yoox Net-A-Porter","date":"junio 6, 2017","format":false,"excerpt":"El Grupo Yoox Net-a-Porter -conocido como YNAP desde la fusi\u00f3n en 2015- ha anunciado que ya no vender\u00e1 pieles en ninguna de sus plataformas de comercio electr\u00f3nico, incluyendo Net-A-Porter, Porter, The Outnet y Yoox . \"El grupo inici\u00f3 su camino hacia la creaci\u00f3n de un futuro sostenible en 2009 con\u2026","rel":"","context":"En \u00abActualidad\u00bb","img":{"alt_text":"","src":"https:\/\/i0.wp.com\/www.moda.es\/blog\/wp-content\/uploads\/2017\/06\/Captura-de-pantalla-2017-06-06-a-las-23.26.36.png?fit=364%2C549&resize=350%2C200","width":350,"height":200},"classes":[]},{"id":22496,"url":"http:\/\/www.moda.es\/blog\/comienza-la-temporada-de-la-pluralidad\/","url_meta":{"origin":20935,"position":4},"title":"Comienza la temporada de la pluralidad","date":"agosto 30, 2017","format":false,"excerpt":"En mayo la prensa especializada y los seguidores del fashion business se lamentaban \u00a0de la falta de diversidad de las campa\u00f1as publicitarias a pesar de que ya pod\u00edamos ver modelos de todas las razas en las pasarelas. Pero esta temporada, las campa\u00f1as finalmente se han concienciado. Por primera vez, no\u2026","rel":"","context":"En \u00abActualidad\u00bb","img":{"alt_text":"","src":"https:\/\/i0.wp.com\/www.moda.es\/blog\/wp-content\/uploads\/2017\/08\/Captura-de-pantalla-2017-08-30-a-las-11.58.29.png?fit=466%2C592&resize=350%2C200","width":350,"height":200},"classes":[]},{"id":21306,"url":"http:\/\/www.moda.es\/blog\/net-a-porter-se-reforma\/","url_meta":{"origin":20935,"position":5},"title":"Net-A-Porter se \u00abReforma\u00bb","date":"noviembre 8, 2016","format":false,"excerpt":"Net-A-Porter y Reformation han colaborado en una edici\u00f3n exclusiva para la temporada de fiesta, siendo\u00a0la primera vez que la marca americana\u00a0de moda sostenible\u00a0estar\u00e1\u00a0disponible para comprar a nivel mundial. \u201cReformation es una marca con una gran conciencia eco que no es normalmente algo que vaya de la mano con la moda.\u2026","rel":"","context":"En \u00abActualidad\u00bb","img":{"alt_text":"","src":"https:\/\/i0.wp.com\/www.moda.es\/blog\/wp-content\/uploads\/2016\/11\/Captura-de-pantalla-2016-11-08-a-las-19.57.32.png?fit=368%2C452&resize=350%2C200","width":350,"height":200},"classes":[]}],"_links":{"self":[{"href":"http:\/\/www.moda.es\/blog\/wp-json\/wp\/v2\/posts\/20935"}],"collection":[{"href":"http:\/\/www.moda.es\/blog\/wp-json\/wp\/v2\/posts"}],"about":[{"href":"http:\/\/www.moda.es\/blog\/wp-json\/wp\/v2\/types\/post"}],"author":[{"embeddable":true,"href":"http:\/\/www.moda.es\/blog\/wp-json\/wp\/v2\/users\/3"}],"replies":[{"embeddable":true,"href":"http:\/\/www.moda.es\/blog\/wp-json\/wp\/v2\/comments?post=20935"}],"version-history":[{"count":7,"href":"http:\/\/www.moda.es\/blog\/wp-json\/wp\/v2\/posts\/20935\/revisions"}],"predecessor-version":[{"id":35890,"href":"http:\/\/www.moda.es\/blog\/wp-json\/wp\/v2\/posts\/20935\/revisions\/35890"}],"wp:featuredmedia":[{"embeddable":true,"href":"http:\/\/www.moda.es\/blog\/wp-json\/wp\/v2\/media\/20936"}],"wp:attachment":[{"href":"http:\/\/www.moda.es\/blog\/wp-json\/wp\/v2\/media?parent=20935"}],"wp:term":[{"taxonomy":"category","embeddable":true,"href":"http:\/\/www.moda.es\/blog\/wp-json\/wp\/v2\/categories?post=20935"},{"taxonomy":"post_tag","embeddable":true,"href":"http:\/\/www.moda.es\/blog\/wp-json\/wp\/v2\/tags?post=20935"}],"curies":[{"name":"wp","href":"https:\/\/api.w.org\/{rel}","templated":true}]}}