{"id":20895,"date":"2016-07-23T14:56:19","date_gmt":"2016-07-23T13:56:19","guid":{"rendered":"http:\/\/www.moda.es\/blog\/?p=20895"},"modified":"2020-04-27T16:20:16","modified_gmt":"2020-04-27T15:20:16","slug":"lvmh-planea-la-venta-de-dkny","status":"publish","type":"post","link":"http:\/\/www.moda.es\/blog\/lvmh-planea-la-venta-de-dkny\/","title":{"rendered":"LVMH planea la venta de DKNY"},"content":{"rendered":"<p>Citando fuentes an\u00f3nimas, el <strong>New York Post<\/strong> informa que el gigante de lujo franc\u00e9s <strong>LVMH<\/strong> est\u00e1 considerando vender <strong>Donna Karan<\/strong>, menos de un a\u00f1o despu\u00e9s de que la\u00a0dise\u00f1adora abandonara \u00a0su marca hom\u00f3nima.<\/p>\n<p>Se dice que LVMH, que ha sido due\u00f1o de Donna Karan desde <strong>2001,<\/strong>\u00a0se ha dirigido a un \u00abcomprador estadounidense \u00fanico y an\u00f3nimo\u00bb, \u00a0despu\u00e9s de varios \u00abmeses de funcionamiento decepcionante\u00bb bajo la direcci\u00f3n creativa de\u00a0sus nuevos dise\u00f1adores <strong>Dao-Yi Chow y Maxwell Osbourne<\/strong>.\u00a0Las negociaciones est\u00e1n \u00aben curso, pero el\u00a0precio todav\u00eda no ha sido acordado\u00bb, dice el art\u00edculo. LVMH ha declinado\u00a0hacer comentarios, al igual que los representantes de relaciones p\u00fablicas de\u00a0DKNY que han dicho que no tienen ning\u00fan comentario oficial.<br \/>\nDonna Karan fund\u00f3 la marca en <strong>1984<\/strong> con su \u00faltimo marido Stephan <strong>Weiss<\/strong>\u00a0y la compa\u00f1\u00eda hizo su debut en la<strong> Bolsa de Nueva York<\/strong> en <strong>junio de 1996<\/strong>.<\/p>\n<p>Sin embargo, sus luchas comerciales comenzaron mucho antes de que LVMH la adquiriera, despu\u00e9s de que la creadora\u00a0adoptara un <strong>estilo m\u00e1s experimental en la d\u00e9cada de los<\/strong> <strong>90<\/strong>\u00a0reduciendo la marca a un proveedor de\u00a0\u00absiete piezas f\u00e1ciles\u00bb intercambiables para mujeres profesionales.<\/p>\n<p>A\u00f1os despu\u00e9s, la r\u00e1pida expansi\u00f3n global a trav\u00e9s de una amplia gama de <strong>acuerdos de licencia<\/strong> con claridad no ayud\u00f3. La excesiva distribuci\u00f3n en punto de venta que devaluaban el producto hicieron que la\u00a0imagen de algunas de sus l\u00edneas\u00a0cayera dram\u00e1ticamente. Adem\u00e1s, la marca nunca encontr\u00f3 su equilibrio en el espacio de los\u00a0<strong>accesorios,<\/strong> que ahora es\u00a0un pilar esencial de cualquier marca de lujo \u00e9xito.<\/p>\n<p>Esperamos que sus nuevos propietarios sepan devolverla a sus or\u00edgenes.<\/p>\n<p><a href=\"http:\/\/www.moda.es\/blog\/lvmh-planea-la-venta-de-dkny\/captura-de-pantalla-2016-07-23-a-las-14-40-49\/\" rel=\"attachment wp-att-20896\"><img data-attachment-id=\"20896\" data-permalink=\"http:\/\/www.moda.es\/blog\/lvmh-planea-la-venta-de-dkny\/captura-de-pantalla-2016-07-23-a-las-14-40-49\/\" data-orig-file=\"https:\/\/i0.wp.com\/www.moda.es\/blog\/wp-content\/uploads\/2016\/07\/Captura-de-pantalla-2016-07-23-a-las-14.40.49.png?fit=591%2C331\" data-orig-size=\"591,331\" data-comments-opened=\"1\" data-image-meta=\"{&quot;aperture&quot;:&quot;0&quot;,&quot;credit&quot;:&quot;&quot;,&quot;camera&quot;:&quot;&quot;,&quot;caption&quot;:&quot;&quot;,&quot;created_timestamp&quot;:&quot;0&quot;,&quot;copyright&quot;:&quot;&quot;,&quot;focal_length&quot;:&quot;0&quot;,&quot;iso&quot;:&quot;0&quot;,&quot;shutter_speed&quot;:&quot;0&quot;,&quot;title&quot;:&quot;&quot;,&quot;orientation&quot;:&quot;0&quot;}\" data-image-title=\"Captura de pantalla 2016-07-23 a las 14.40.49\" data-image-description=\"\" data-image-caption=\"\" data-medium-file=\"https:\/\/i0.wp.com\/www.moda.es\/blog\/wp-content\/uploads\/2016\/07\/Captura-de-pantalla-2016-07-23-a-las-14.40.49.png?fit=300%2C168\" data-large-file=\"https:\/\/i0.wp.com\/www.moda.es\/blog\/wp-content\/uploads\/2016\/07\/Captura-de-pantalla-2016-07-23-a-las-14.40.49.png?fit=591%2C331\" loading=\"lazy\" class=\"aligncenter size-medium wp-image-20896\" src=\"https:\/\/i0.wp.com\/www.moda.es\/blog\/wp-content\/uploads\/2016\/07\/Captura-de-pantalla-2016-07-23-a-las-14.40.49.png?resize=300%2C168\" alt=\"Captura de pantalla 2016-07-23 a las 14.40.49\" width=\"300\" height=\"168\" srcset=\"https:\/\/i0.wp.com\/www.moda.es\/blog\/wp-content\/uploads\/2016\/07\/Captura-de-pantalla-2016-07-23-a-las-14.40.49.png?resize=300%2C168 300w, https:\/\/i0.wp.com\/www.moda.es\/blog\/wp-content\/uploads\/2016\/07\/Captura-de-pantalla-2016-07-23-a-las-14.40.49.png?resize=420%2C235 420w, https:\/\/i0.wp.com\/www.moda.es\/blog\/wp-content\/uploads\/2016\/07\/Captura-de-pantalla-2016-07-23-a-las-14.40.49.png?w=591 591w\" sizes=\"(max-width: 300px) 100vw, 300px\" data-recalc-dims=\"1\" \/><\/a><\/p>\n<p>\u00a9BoF                             <\/p>\n","protected":false},"excerpt":{"rendered":"<p>Citando fuentes an\u00f3nimas, el New York Post informa que el gigante de lujo franc\u00e9s LVMH est\u00e1 considerando vender Donna Karan, menos de un a\u00f1o despu\u00e9s de que la\u00a0dise\u00f1adora abandonara \u00a0su marca hom\u00f3nima. Se dice que LVMH, que ha sido due\u00f1o de Donna Karan desde 2001,\u00a0se ha dirigido a un \u00abcomprador [&hellip;]<\/p>\n","protected":false},"author":3,"featured_media":20896,"comment_status":"open","ping_status":"open","sticky":false,"template":"","format":"standard","meta":{"jetpack_publicize_message":"","jetpack_is_tweetstorm":false,"jetpack_publicize_feature_enabled":true},"categories":[3,11,14],"tags":[1433,271,1258],"jetpack_publicize_connections":[],"jetpack_featured_media_url":"https:\/\/i0.wp.com\/www.moda.es\/blog\/wp-content\/uploads\/2016\/07\/Captura-de-pantalla-2016-07-23-a-las-14.40.49.png?fit=591%2C331","jetpack_sharing_enabled":true,"jetpack_shortlink":"https:\/\/wp.me\/p4tJCC-5r1","jetpack-related-posts":[{"id":21406,"url":"http:\/\/www.moda.es\/blog\/dkny-se-queda-sin-directores-creativos\/","url_meta":{"origin":20895,"position":0},"title":"DKNY se queda sin directores creativos","date":"diciembre 2, 2016","format":false,"excerpt":"Los directores creativos de DKNY, Maxwell Osborne y Dao-Yi Chow, dejar\u00e1n la marca\u00a0a final de a\u00f1o y volver\u00e1n a concentrarse en su propia marca, Public School. La noticia llega poco despu\u00e9s de la venta de Kering\u00a0de DKNY y su compa\u00f1\u00eda matriz, Donna Karan International (DKI) \u00a0a G-III Apparel Group por\u2026","rel":"","context":"En \u00abActualidad\u00bb","img":{"alt_text":"","src":"https:\/\/i0.wp.com\/www.moda.es\/blog\/wp-content\/uploads\/2016\/12\/Captura-de-pantalla-2016-12-02-a-las-18.32.52.png?fit=383%2C578&resize=350%2C200","width":350,"height":200},"classes":[]},{"id":15972,"url":"http:\/\/www.moda.es\/blog\/los-vaivenes-del-negocio\/","url_meta":{"origin":20895,"position":1},"title":"Los vaivenes del negocio","date":"febrero 19, 2014","format":false,"excerpt":"Porque ya sabemos de sobra que aparte del dise\u00f1o y las tendencias en las firmas de moda se cuecen muchas cosas m\u00e1s, en esta semana estamos viendo mucho movimiento en algunas casas, y no debido precisamente a las semanas de la moda ni a la fren\u00e9tica temporada de red carpets.\u2026","rel":"","context":"En \u00abAccesorios\u00bb","img":{"alt_text":"","src":"https:\/\/i0.wp.com\/www.moda.es\/blog\/wp-content\/uploads\/2014\/02\/MPrada12_V_13oct11_GuidoHarari_b1.jpg?fit=500%2C750&resize=350%2C200","width":350,"height":200},"classes":[]},{"id":22074,"url":"http:\/\/www.moda.es\/blog\/lvmh-adquirira-christian-dior\/","url_meta":{"origin":20895,"position":2},"title":"LVMH adquirir\u00e1 Christian Dior","date":"abril 26, 2017","format":false,"excerpt":"El Grupo LVMH ha anunciado esta ma\u00f1ana que planea\u00a0integrar toda la marca\u00a0Christian Dior en el grupo de marcas de lujo. La noticia puede parecer confusa para muchos, que cre\u00edan que el conglomerado franc\u00e9s ya controlaba Dior junto con otras casas de dise\u00f1o como C\u00e9line, Givenchy y Fendi,\u00a0pero en realidad Christian\u2026","rel":"","context":"En \u00abActualidad\u00bb","img":{"alt_text":"","src":"https:\/\/i0.wp.com\/www.moda.es\/blog\/wp-content\/uploads\/2017\/04\/Captura-de-pantalla-2017-04-26-a-las-21.42.11.png?fit=365%2C550&resize=350%2C200","width":350,"height":200},"classes":[]},{"id":19558,"url":"http:\/\/www.moda.es\/blog\/el-iwatch-de-apple-podria-tener-un-rival-muy-especial\/","url_meta":{"origin":20895,"position":3},"title":"El iWatch de Apple podr\u00eda tener un rival muy especial&#8230;","date":"julio 18, 2015","format":false,"excerpt":"El iWatch tiene pocas semanas de vida pero a\u00fan as\u00ed ya lo veneras, has estudiado sus caracter\u00edsticas, sus posibilidades y su precio y es tu nuevo objeto de deseo. Ten paciencia... quiz\u00e1s pronto prefieras otro juguetito con un toque m\u00e1s especial... El presidente de la divisi\u00f3n de relojes de LVMH,\u00a0Jean-Claude\u2026","rel":"","context":"En \u00abActualidad\u00bb","img":{"alt_text":"","src":"https:\/\/i0.wp.com\/www.moda.es\/blog\/wp-content\/uploads\/2015\/07\/Captura-de-pantalla-2015-07-18-a-las-10.17.55.png?fit=628%2C453&resize=350%2C200","width":350,"height":200},"classes":[]},{"id":10001,"url":"http:\/\/www.moda.es\/blog\/lios-de-faldas\/","url_meta":{"origin":20895,"position":4},"title":"L\u00edos de faldas","date":"enero 4, 2013","format":false,"excerpt":"Pasarelas, celebrities, lentejuelas, frivolidad, joyas, fiestas, modelos, luces, c\u00e1maras, acci\u00f3n y mucho glamour. S\u00ed, eso se supone que es la moda, pero no es oro todo lo que reluce, y ya se sabe que en todos sitios cuecen habas. Tras quedar zanjada de manera m\u00e1s o menos amistosa la disputa\u2026","rel":"","context":"En \u00abActualidad\u00bb","img":{"alt_text":"","src":"https:\/\/i0.wp.com\/www.moda.es\/blog\/wp-content\/uploads\/2013\/01\/John-Galliano2.jpg?fit=500%2C333&resize=350%2C200","width":350,"height":200},"classes":[]},{"id":14291,"url":"http:\/\/www.moda.es\/blog\/vuitton-y-schiaparelli-unos-vienen-y-otros-van\/","url_meta":{"origin":20895,"position":5},"title":"Vuitton y Schiaparelli: unos vienen y otros van","date":"septiembre 30, 2013","format":false,"excerpt":"La moda se ha despertado hoy con una entrada y una salida que si bien no han sorprendido mucho, han dado mucho que hablar. Por un lado tenemos al flamante nuevo director creativo de Elsa Schiaparelli. Marco Zanini,\u00a0 que dej\u00f3 Rochas la semana pasada presentar\u00e1 su primera colecci\u00f3n de pret-\u00e0-couture\u2026","rel":"","context":"En \u00abActualidad\u00bb","img":{"alt_text":"","src":"https:\/\/i0.wp.com\/www.moda.es\/blog\/wp-content\/uploads\/2013\/09\/Marco-Zanini1.jpg?fit=500%2C750&resize=350%2C200","width":350,"height":200},"classes":[]}],"_links":{"self":[{"href":"http:\/\/www.moda.es\/blog\/wp-json\/wp\/v2\/posts\/20895"}],"collection":[{"href":"http:\/\/www.moda.es\/blog\/wp-json\/wp\/v2\/posts"}],"about":[{"href":"http:\/\/www.moda.es\/blog\/wp-json\/wp\/v2\/types\/post"}],"author":[{"embeddable":true,"href":"http:\/\/www.moda.es\/blog\/wp-json\/wp\/v2\/users\/3"}],"replies":[{"embeddable":true,"href":"http:\/\/www.moda.es\/blog\/wp-json\/wp\/v2\/comments?post=20895"}],"version-history":[{"count":7,"href":"http:\/\/www.moda.es\/blog\/wp-json\/wp\/v2\/posts\/20895\/revisions"}],"predecessor-version":[{"id":35897,"href":"http:\/\/www.moda.es\/blog\/wp-json\/wp\/v2\/posts\/20895\/revisions\/35897"}],"wp:featuredmedia":[{"embeddable":true,"href":"http:\/\/www.moda.es\/blog\/wp-json\/wp\/v2\/media\/20896"}],"wp:attachment":[{"href":"http:\/\/www.moda.es\/blog\/wp-json\/wp\/v2\/media?parent=20895"}],"wp:term":[{"taxonomy":"category","embeddable":true,"href":"http:\/\/www.moda.es\/blog\/wp-json\/wp\/v2\/categories?post=20895"},{"taxonomy":"post_tag","embeddable":true,"href":"http:\/\/www.moda.es\/blog\/wp-json\/wp\/v2\/tags?post=20895"}],"curies":[{"name":"wp","href":"https:\/\/api.w.org\/{rel}","templated":true}]}}