{"id":20890,"date":"2016-07-21T21:08:19","date_gmt":"2016-07-21T20:08:19","guid":{"rendered":"http:\/\/www.moda.es\/blog\/?p=20890"},"modified":"2020-04-27T16:20:24","modified_gmt":"2020-04-27T15:20:24","slug":"adios-senor-copping","status":"publish","type":"post","link":"http:\/\/www.moda.es\/blog\/adios-senor-copping\/","title":{"rendered":"Adios se\u00f1or Copping"},"content":{"rendered":"<p><strong>Peter Copping<\/strong>\u00a0ha renunciado a su papel como <strong>Director Creativo<\/strong> de <strong>Oscar de la Renta<\/strong>, seg\u00fan ha confirmado el mismo\u00a0dise\u00f1ador.<\/p>\n<p>\u00abDespu\u00e9s de casi <strong>dos a\u00f1os<\/strong> en Oscar de la Renta, las circunstancias personales me obligan a volver a Europa\u00bb, dijo Copping en un comunicado que fue dado a conocer por la marca. \u00abMe ha gustado mi tiempo en Nueva York, donde espero volver en alg\u00fan momento en el futuro\u00bb.<\/p>\n<p>Los pr\u00f3ximos movimientos son desconocidos en esta etapa, pero su curriculum le prepara para un amplio abanico\u00a0de <strong>oportunidades.<\/strong> Antes de llegar a Oscar de la Renta en octubre de 2014 fue director art\u00edstico en <strong>Nina Ricci<\/strong> durante cinco a\u00f1os, y antes de eso trabaj\u00f3 durante 12 a\u00f1os\u00a0en <strong>Louis Vuitton<\/strong> como director de estudio durante la era <strong>Marc Jacobs<\/strong>.<\/p>\n<p>En un comunicado, el CEO de Oscar de la Renta \u00a0e hijastro del fallecido fundador <strong>Alex Bolen<\/strong>\u00a0ha afirmado: \u00abSiempre hemos estado en el negocio de la creaci\u00f3n de ropa y dos de nuestros mayores activos son nuestro estudio de dise\u00f1o y atelier. Nuestro equipo seguir\u00e1 trabajando en la creaci\u00f3n\u00a0de la pr\u00f3xima temporada enfoc\u00e1ndose en\u00a0la sofisticaci\u00f3n y la artesan\u00eda que son las caracter\u00edsticas de nuestra casa. Deseamos lo mejor a Peter en sus futuros proyectos \u00ab.<\/p>\n<p>La puerta queda ahora abierta en la casa para encontrar al sucesor de Copping, a\u00f1adiendo otro asiento vac\u00edo para ser llenado en el paisaje de la <strong>Semana de la Moda de Nueva York<\/strong> despu\u00e9s de la de director art\u00edstico de <strong>Calvin Klein<\/strong>.<\/p>\n<p>&nbsp;<\/p>\n<p><a href=\"http:\/\/www.moda.es\/blog\/adios-senor-copping\/captura-de-pantalla-2016-07-21-a-las-21-55-45\/\" rel=\"attachment wp-att-20891\"><img data-attachment-id=\"20891\" data-permalink=\"http:\/\/www.moda.es\/blog\/adios-senor-copping\/captura-de-pantalla-2016-07-21-a-las-21-55-45\/\" data-orig-file=\"https:\/\/i0.wp.com\/www.moda.es\/blog\/wp-content\/uploads\/2016\/07\/Captura-de-pantalla-2016-07-21-a-las-21.55.45.png?fit=655%2C450\" data-orig-size=\"655,450\" data-comments-opened=\"1\" data-image-meta=\"{&quot;aperture&quot;:&quot;0&quot;,&quot;credit&quot;:&quot;&quot;,&quot;camera&quot;:&quot;&quot;,&quot;caption&quot;:&quot;&quot;,&quot;created_timestamp&quot;:&quot;0&quot;,&quot;copyright&quot;:&quot;&quot;,&quot;focal_length&quot;:&quot;0&quot;,&quot;iso&quot;:&quot;0&quot;,&quot;shutter_speed&quot;:&quot;0&quot;,&quot;title&quot;:&quot;&quot;,&quot;orientation&quot;:&quot;0&quot;}\" data-image-title=\"Captura de pantalla 2016-07-21 a las 21.55.45\" data-image-description=\"\" data-image-caption=\"\" data-medium-file=\"https:\/\/i0.wp.com\/www.moda.es\/blog\/wp-content\/uploads\/2016\/07\/Captura-de-pantalla-2016-07-21-a-las-21.55.45.png?fit=300%2C206\" data-large-file=\"https:\/\/i0.wp.com\/www.moda.es\/blog\/wp-content\/uploads\/2016\/07\/Captura-de-pantalla-2016-07-21-a-las-21.55.45.png?fit=640%2C440\" loading=\"lazy\" class=\"aligncenter size-medium wp-image-20891\" src=\"https:\/\/i0.wp.com\/www.moda.es\/blog\/wp-content\/uploads\/2016\/07\/Captura-de-pantalla-2016-07-21-a-las-21.55.45.png?resize=300%2C206\" alt=\"Captura de pantalla 2016-07-21 a las 21.55.45\" width=\"300\" height=\"206\" srcset=\"https:\/\/i0.wp.com\/www.moda.es\/blog\/wp-content\/uploads\/2016\/07\/Captura-de-pantalla-2016-07-21-a-las-21.55.45.png?resize=300%2C206 300w, https:\/\/i0.wp.com\/www.moda.es\/blog\/wp-content\/uploads\/2016\/07\/Captura-de-pantalla-2016-07-21-a-las-21.55.45.png?resize=420%2C289 420w, https:\/\/i0.wp.com\/www.moda.es\/blog\/wp-content\/uploads\/2016\/07\/Captura-de-pantalla-2016-07-21-a-las-21.55.45.png?w=655 655w\" sizes=\"(max-width: 300px) 100vw, 300px\" data-recalc-dims=\"1\" \/><\/a><\/p>\n<p>\u00a9Fashion Telegraph \/ Yo Dona                             <\/p>\n","protected":false},"excerpt":{"rendered":"<p>Peter Copping\u00a0ha renunciado a su papel como Director Creativo de Oscar de la Renta, seg\u00fan ha confirmado el mismo\u00a0dise\u00f1ador. \u00abDespu\u00e9s de casi dos a\u00f1os en Oscar de la Renta, las circunstancias personales me obligan a volver a Europa\u00bb, dijo Copping en un comunicado que fue dado a conocer por la [&hellip;]<\/p>\n","protected":false},"author":3,"featured_media":20891,"comment_status":"open","ping_status":"open","sticky":false,"template":"","format":"standard","meta":{"jetpack_publicize_message":"","jetpack_is_tweetstorm":false,"jetpack_publicize_feature_enabled":true},"categories":[3,11,12,14],"tags":[1432,155,548,575,669,682,1097],"jetpack_publicize_connections":[],"jetpack_featured_media_url":"https:\/\/i0.wp.com\/www.moda.es\/blog\/wp-content\/uploads\/2016\/07\/Captura-de-pantalla-2016-07-21-a-las-21.55.45.png?fit=655%2C450","jetpack_sharing_enabled":true,"jetpack_shortlink":"https:\/\/wp.me\/p4tJCC-5qW","jetpack-related-posts":[{"id":18391,"url":"http:\/\/www.moda.es\/blog\/oscar-de-la-renta-ya-tiene-director-creativo\/","url_meta":{"origin":20890,"position":0},"title":"Oscar de la Renta ya tiene director creativo","date":"octubre 14, 2014","format":false,"excerpt":"...y ese hombre es Peter Copping. Y contrariamente a lo que en un primer momento podr\u00edamos pensar este no es un fichaje m\u00e1s en el juego de las sillas de la moda si tenemos en cuenta que Copping es el primer director creativo en una marca que hasta ahora ha\u2026","rel":"","context":"En \u00abActualidad\u00bb","img":{"alt_text":"","src":"https:\/\/i0.wp.com\/www.moda.es\/blog\/wp-content\/uploads\/2014\/10\/oscardelarenta.jpg?fit=650%2C545&resize=350%2C200","width":350,"height":200},"classes":[]},{"id":18349,"url":"http:\/\/www.moda.es\/blog\/soplan-vientos-de-cambio\/","url_meta":{"origin":20890,"position":1},"title":"Soplan vientos de cambio","date":"octubre 3, 2014","format":false,"excerpt":"Porque no hay temporada que se precie sin alg\u00fan juego de sillas, el oto\u00f1o se estrena con nuevos anuncios de esos que nos hacen olvidar las colecciones que estrenamos y nos llenan de expectativas por ver las nuevas. Guillaume Henry est\u00e1 quit\u00e1ndose el sombrero para Carven y suenan rumores de\u2026","rel":"","context":"En \u00abActualidad\u00bb","img":{"alt_text":"","src":"https:\/\/i0.wp.com\/www.moda.es\/blog\/wp-content\/uploads\/2014\/10\/carven3.jpg?fit=650%2C650&resize=350%2C200","width":350,"height":200},"classes":[]},{"id":18977,"url":"http:\/\/www.moda.es\/blog\/el-debut-de-peter-copping\/","url_meta":{"origin":20890,"position":2},"title":"El debut de Peter Copping","date":"febrero 21, 2015","format":false,"excerpt":"Hace casi cuatro meses desde que se anunci\u00f3 la entrada de Peter Copping en Oscar de la Renta y m\u00e1s o menos el mismo tiempo desde que perdi\u00e9ramos al gran dise\u00f1ador. FEcha tan se\u00f1alada ha sido la que nos ha tra\u00eddo el primer trabajo de Copping como director creativo de\u2026","rel":"","context":"En \u00abActualidad\u00bb","img":{"alt_text":"","src":"https:\/\/i0.wp.com\/www.moda.es\/blog\/wp-content\/uploads\/2015\/02\/copping3.jpg?fit=650%2C975&resize=350%2C200","width":350,"height":200},"classes":[]},{"id":21040,"url":"http:\/\/www.moda.es\/blog\/tenemos-nueva-pareja-de-creadores-en-oscar-de-la-renta\/","url_meta":{"origin":20890,"position":3},"title":"Tenemos nueva pareja de creadores en Oscar de la Renta","date":"septiembre 3, 2016","format":false,"excerpt":"Justo a tiempo para la\u00a0New York Fashion Week, uno de los espacios vac\u00edos en el juego de sillas del dise\u00f1o de moda\u00a0se ha llenado: los dise\u00f1adores Laura Kim y Fernando Garc\u00eda volver\u00e1n a Oscar de la Renta como directores creativos, seg\u00fan se ha publicado en The New York Times .\u2026","rel":"","context":"En \u00abDestacados\u00bb","img":{"alt_text":"","src":"https:\/\/i0.wp.com\/www.moda.es\/blog\/wp-content\/uploads\/2016\/09\/Captura-de-pantalla-2016-09-03-a-las-17.47.16.png?fit=614%2C414&resize=350%2C200","width":350,"height":200},"classes":[]},{"id":18422,"url":"http:\/\/www.moda.es\/blog\/hasta-siempre-senor-de-la-renta\/","url_meta":{"origin":20890,"position":4},"title":"Hasta siempre se\u00f1or de la Renta","date":"octubre 21, 2014","format":false,"excerpt":"El mundo de la moda est\u00e1 de luto tras la muerte de Oscar de la Renta despu\u00e9s de una larga batalla contra el c\u00e1ncer. El dise\u00f1ador nacido en la Rep\u00fablica Domicana falleci\u00f3 en su casa de Connecticut ayer rodeado de su familia seg\u00fan una declaraci\u00f3n escrita a mano de dos\u2026","rel":"","context":"En \u00abActualidad\u00bb","img":{"alt_text":"","src":"https:\/\/i0.wp.com\/www.moda.es\/blog\/wp-content\/uploads\/2014\/10\/odr.jpg?fit=650%2C531&resize=350%2C200","width":350,"height":200},"classes":[]},{"id":13647,"url":"http:\/\/www.moda.es\/blog\/hasta-donde-va-a-llegar-galliano-en-oscar-de-la-renta\/","url_meta":{"origin":20890,"position":5},"title":"\u00bfHasta d\u00f3nde va a llegar Galliano en \u00d3scar de la Renta?","date":"agosto 9, 2013","format":false,"excerpt":"Desde que en marzo de 2011 John Galliano fuera fulminantemente despedido de Christian Dior, todos sus fans nos hicimos la gran pregunta: \u00bfVa a ser desterrado permanentemente del mundo de la moda? \u00bfVa a perder el dise\u00f1o a este maestro de la creaci\u00f3n? No se nos ocurr\u00eda peor noticia. Sin\u2026","rel":"","context":"En \u00abActualidad\u00bb","img":{"alt_text":"","src":"https:\/\/i0.wp.com\/www.moda.es\/blog\/wp-content\/uploads\/2013\/08\/John-Galliano.jpg?fit=500%2C750&resize=350%2C200","width":350,"height":200},"classes":[]}],"_links":{"self":[{"href":"http:\/\/www.moda.es\/blog\/wp-json\/wp\/v2\/posts\/20890"}],"collection":[{"href":"http:\/\/www.moda.es\/blog\/wp-json\/wp\/v2\/posts"}],"about":[{"href":"http:\/\/www.moda.es\/blog\/wp-json\/wp\/v2\/types\/post"}],"author":[{"embeddable":true,"href":"http:\/\/www.moda.es\/blog\/wp-json\/wp\/v2\/users\/3"}],"replies":[{"embeddable":true,"href":"http:\/\/www.moda.es\/blog\/wp-json\/wp\/v2\/comments?post=20890"}],"version-history":[{"count":7,"href":"http:\/\/www.moda.es\/blog\/wp-json\/wp\/v2\/posts\/20890\/revisions"}],"predecessor-version":[{"id":35898,"href":"http:\/\/www.moda.es\/blog\/wp-json\/wp\/v2\/posts\/20890\/revisions\/35898"}],"wp:featuredmedia":[{"embeddable":true,"href":"http:\/\/www.moda.es\/blog\/wp-json\/wp\/v2\/media\/20891"}],"wp:attachment":[{"href":"http:\/\/www.moda.es\/blog\/wp-json\/wp\/v2\/media?parent=20890"}],"wp:term":[{"taxonomy":"category","embeddable":true,"href":"http:\/\/www.moda.es\/blog\/wp-json\/wp\/v2\/categories?post=20890"},{"taxonomy":"post_tag","embeddable":true,"href":"http:\/\/www.moda.es\/blog\/wp-json\/wp\/v2\/tags?post=20890"}],"curies":[{"name":"wp","href":"https:\/\/api.w.org\/{rel}","templated":true}]}}