{"id":20858,"date":"2016-07-12T23:18:11","date_gmt":"2016-07-12T22:18:11","guid":{"rendered":"http:\/\/www.moda.es\/blog\/?p=20858"},"modified":"2020-04-27T16:21:30","modified_gmt":"2020-04-27T15:21:30","slug":"zara-se-suma-a-la-conciencia-eco","status":"publish","type":"post","link":"http:\/\/www.moda.es\/blog\/zara-se-suma-a-la-conciencia-eco\/","title":{"rendered":"Zara se suma a la conciencia eco"},"content":{"rendered":"<p><strong>Zara<\/strong>\u00a0se une a la conciencia eco desarrollando\u00a0un nuevo sistema de reciclado en sus tiendas con el objetivo de dar a la ropa de sus\u00a0clientes una nueva oportunidad de vida.<\/p>\n<p>La marca ha iniciado\u00a0\u00a0el sistema de reciclaje como parte de una estrategia clave que se implantar\u00e1 en los pr\u00f3ximos cuatro a\u00f1os:\u00a0\u00abEstamos poniendo en marcha un nuevo plan estrat\u00e9gico medioambiental 2016-2020\u00bb, ha afirmado el presidente de <strong>Inditex, Pablo Isla,<\/strong>\u00a0en una carta a los inversores.\u00a0\u00abUno de los proyectos m\u00e1s relevantes consiste en la gesti\u00f3n de los productos no deseados con la introducci\u00f3n de iniciativas que permitan su <strong>reutilizaci\u00f3n<\/strong> y reciclado de nuestros productos mediante la colaboraci\u00f3n con organizaciones sociales\u00bb.<\/p>\n<p>El paso a la instalaci\u00f3n de puntos de reciclaje en sus tiendas se produce despu\u00e9s de una prueba piloto con \u00e9xito que se puso en marcha en 37 tiendas en cinco pa\u00edses: Espa\u00f1a, Reino Unido, Pa\u00edses Bajos, Dinamarca y Suecia.<\/p>\n<p>La ropa depositada en los puntos de reciclaje se distribuir\u00e1\u00a0a trav\u00e9s de <strong>ONGs<\/strong> como <strong>Cruz Roja Internacional<\/strong>, para dar trabajo a las personas \u00aben situaci\u00f3n de riesgo de exclusi\u00f3n social\u00bb.<\/p>\n<p>En l\u00ednea con otras marcas como <strong>H&amp;M<\/strong>, Zara pretende \u00abcerrar el c\u00edrculo\u00bb; es decir, apoyar\u00a0un modelo de negocio circular en el que los productos no terminen en los vertederos.<br \/>\n\u00abTambi\u00e9n estamos comprometidos a incrementar la vida \u00fatil del producto. Esto se hace a trav\u00e9s de un programa que ofrece un canal fiable de recogida de ropa. Por lo tanto, ofrecemos contenedores para donar ropa \u00a0que se pueden encontrar en nuestras oficinas, centros log\u00edsticos y tiendas seleccionadas.\u00bb<\/p>\n<p>Una iniciativa muy loable, s\u00f3lo queda ver si los clientes querr\u00e1n ir a las tiendas con las bolsas de su ropa usada.<\/p>\n<p><a href=\"http:\/\/www.moda.es\/blog\/zara-se-suma-a-la-conciencia-eco\/captura-de-pantalla-2016-07-12-a-las-23-44-34\/\" rel=\"attachment wp-att-20859\"><img data-attachment-id=\"20859\" data-permalink=\"http:\/\/www.moda.es\/blog\/zara-se-suma-a-la-conciencia-eco\/captura-de-pantalla-2016-07-12-a-las-23-44-34\/\" data-orig-file=\"https:\/\/i0.wp.com\/www.moda.es\/blog\/wp-content\/uploads\/2016\/07\/Captura-de-pantalla-2016-07-12-a-las-23.44.34.png?fit=466%2C259\" data-orig-size=\"466,259\" data-comments-opened=\"1\" data-image-meta=\"{&quot;aperture&quot;:&quot;0&quot;,&quot;credit&quot;:&quot;&quot;,&quot;camera&quot;:&quot;&quot;,&quot;caption&quot;:&quot;&quot;,&quot;created_timestamp&quot;:&quot;0&quot;,&quot;copyright&quot;:&quot;&quot;,&quot;focal_length&quot;:&quot;0&quot;,&quot;iso&quot;:&quot;0&quot;,&quot;shutter_speed&quot;:&quot;0&quot;,&quot;title&quot;:&quot;&quot;,&quot;orientation&quot;:&quot;0&quot;}\" data-image-title=\"Captura de pantalla 2016-07-12 a las 23.44.34\" data-image-description=\"\" data-image-caption=\"\" data-medium-file=\"https:\/\/i0.wp.com\/www.moda.es\/blog\/wp-content\/uploads\/2016\/07\/Captura-de-pantalla-2016-07-12-a-las-23.44.34.png?fit=300%2C167\" data-large-file=\"https:\/\/i0.wp.com\/www.moda.es\/blog\/wp-content\/uploads\/2016\/07\/Captura-de-pantalla-2016-07-12-a-las-23.44.34.png?fit=466%2C259\" loading=\"lazy\" class=\"aligncenter size-medium wp-image-20859\" src=\"https:\/\/i0.wp.com\/www.moda.es\/blog\/wp-content\/uploads\/2016\/07\/Captura-de-pantalla-2016-07-12-a-las-23.44.34.png?resize=300%2C167\" alt=\"Captura de pantalla 2016-07-12 a las 23.44.34\" width=\"300\" height=\"167\" srcset=\"https:\/\/i0.wp.com\/www.moda.es\/blog\/wp-content\/uploads\/2016\/07\/Captura-de-pantalla-2016-07-12-a-las-23.44.34.png?resize=300%2C167 300w, https:\/\/i0.wp.com\/www.moda.es\/blog\/wp-content\/uploads\/2016\/07\/Captura-de-pantalla-2016-07-12-a-las-23.44.34.png?resize=420%2C233 420w, https:\/\/i0.wp.com\/www.moda.es\/blog\/wp-content\/uploads\/2016\/07\/Captura-de-pantalla-2016-07-12-a-las-23.44.34.png?w=466 466w\" sizes=\"(max-width: 300px) 100vw, 300px\" data-recalc-dims=\"1\" \/><\/a><\/p>\n<p>\u00a9AFP                             <\/p>\n","protected":false},"excerpt":{"rendered":"<p>Zara\u00a0se une a la conciencia eco desarrollando\u00a0un nuevo sistema de reciclado en sus tiendas con el objetivo de dar a la ropa de sus\u00a0clientes una nueva oportunidad de vida. La marca ha iniciado\u00a0\u00a0el sistema de reciclaje como parte de una estrategia clave que se implantar\u00e1 en los pr\u00f3ximos cuatro a\u00f1os:\u00a0\u00abEstamos [&hellip;]<\/p>\n","protected":false},"author":3,"featured_media":20859,"comment_status":"open","ping_status":"open","sticky":false,"template":"","format":"standard","meta":{"jetpack_publicize_message":"","jetpack_is_tweetstorm":false,"jetpack_publicize_feature_enabled":true},"categories":[3,11,14],"tags":[966,962],"jetpack_publicize_connections":[],"jetpack_featured_media_url":"https:\/\/i0.wp.com\/www.moda.es\/blog\/wp-content\/uploads\/2016\/07\/Captura-de-pantalla-2016-07-12-a-las-23.44.34.png?fit=466%2C259","jetpack_sharing_enabled":true,"jetpack_shortlink":"https:\/\/wp.me\/p4tJCC-5qq","jetpack-related-posts":[{"id":21091,"url":"http:\/\/www.moda.es\/blog\/zara-se-suma-a-la-moda-sostenible\/","url_meta":{"origin":20858,"position":0},"title":"Zara se suma a la moda sostenible","date":"septiembre 20, 2016","format":false,"excerpt":"Si alguna marca es la clara bandera de la llamada \u201cfast fashion\u201d es\u00a0Zara; lo que no es tan popular es su \u00e9tica empresarial o su compromiso con la sostenibilidad Ahora, en un movimiento que une\u00a0consumismo y compromiso, Zara presenta en su web la nueva Join Life Collection. Una colecci\u00f3n\u00a0c\u00e1psula tan\u2026","rel":"","context":"En \u00abActualidad\u00bb","img":{"alt_text":"","src":"https:\/\/i0.wp.com\/www.moda.es\/blog\/wp-content\/uploads\/2016\/09\/Captura-de-pantalla-2016-09-20-a-las-22.15.05.png?fit=600%2C435&resize=350%2C200","width":350,"height":200},"classes":[]},{"id":9364,"url":"http:\/\/www.moda.es\/blog\/hm-se-pone-verde\/","url_meta":{"origin":20858,"position":1},"title":"H&amp;M se pone verde","date":"diciembre 6, 2012","format":false,"excerpt":"Cada temporada, una silueta, un color o un\u00a0estampado en concreto se convierten en la tendencia, sin embargo, y cada vez m\u00e1s, son los valores que representa\u00a0una prenda lo que marca esa tendencia, y el sentimiento eco-friendly y la b\u00fasqueda de la sostenibilidad est\u00e1n hoy muy\u00a0presentes en los nuevos\u00a0patrones. \u00a0 La\u2026","rel":"","context":"En \u00abFirmas\u00bb","img":{"alt_text":"","src":"https:\/\/i0.wp.com\/www.moda.es\/blog\/wp-content\/uploads\/2012\/12\/eco-celebs1.jpg?fit=500%2C781&resize=350%2C200","width":350,"height":200},"classes":[]},{"id":20208,"url":"http:\/\/www.moda.es\/blog\/la-redefinicion-de-la-moda-low-cost\/","url_meta":{"origin":20858,"position":2},"title":"La redefinici\u00f3n de la moda low cost","date":"enero 18, 2016","format":false,"excerpt":"Se ha anunciado en estos d\u00edas. Mango pone la empresa patas arriba para cambiar todo su concepto de comunicaci\u00f3n y apostar por la inmediatez. Hasta ahora la marca navegaba entre las aguas de las grandes marcas con grandes producciones de cat\u00e1logos y desfiles en el circuito de la 080 Barcelona\u2026","rel":"","context":"En \u00abActualidad\u00bb","img":{"alt_text":"","src":"https:\/\/i0.wp.com\/www.moda.es\/blog\/wp-content\/uploads\/2016\/01\/Captura-de-pantalla-2016-01-18-a-las-12.14.41.png?fit=299%2C448&resize=350%2C200","width":350,"height":200},"classes":[]},{"id":587,"url":"http:\/\/www.moda.es\/blog\/amancio-ortega-pasa-el-testigo\/","url_meta":{"origin":20858,"position":3},"title":"Amancio Ortega pasa el testigo","date":"enero 21, 2011","format":false,"excerpt":"El hombre m\u00e1s rico de Espa\u00f1a, propietario de Inditex, uno de los grupos textiles m\u00e1s grandes del mundo, deja la presidencia del mismo y pasa el testigo a Pablo Isla, actual consejero delegado. El anuncio se hizo la semana pasada -el 10 de enero-\u00a0y comunicaba que Amancio Ortega\u00a0propondr\u00e1 como nuevo\u2026","rel":"","context":"En \u00abTiendas\u00bb","img":{"alt_text":"","src":"https:\/\/i0.wp.com\/www.moda.es\/blog\/wp-content\/uploads\/2011\/01\/1212433317_01.jpg?fit=460%2C291&resize=350%2C200","width":350,"height":200},"classes":[]},{"id":3167,"url":"http:\/\/www.moda.es\/blog\/compra-online-en-todo-inditex\/","url_meta":{"origin":20858,"position":4},"title":"Compra online en todo Inditex","date":"septiembre 5, 2011","format":false,"excerpt":"\"En unas horas... shop online en Oysho.com\". As\u00ed lo anuncia la web de una de las filiales de Inditex, la que se ocupa de la ropa interior femenina, as\u00ed como de pijamas, camisones, ropa para vestir en casa\u00a0y algunas prendas de calle. Pero, si entras en otras webs de otras\u2026","rel":"","context":"En \u00abTiendas online\u00bb","img":{"alt_text":"","src":"https:\/\/i0.wp.com\/www.moda.es\/blog\/wp-content\/uploads\/2011\/09\/in_a_few_hours-300x2161.jpg?fit=300%2C216&resize=350%2C200","width":350,"height":200},"classes":[]},{"id":19748,"url":"http:\/\/www.moda.es\/blog\/hm-recicla-tu-ropa\/","url_meta":{"origin":20858,"position":5},"title":"H&amp;M recicla tu ropa","date":"agosto 28, 2015","format":false,"excerpt":"La marca sueca presenta Close the Loop, una campa\u00f1a con la que pretende \"cerrar el c\u00edrculo\" de la moda volvi\u00e9ndola sostenible y mucho m\u00e1s respetuosa con el medio ambiente. En febrero de 2013, H&M lanz\u00f3 una iniciativa global: todos los clientes que trajer en una bolsa llena de ropa que\u2026","rel":"","context":"En \u00abColecciones\u00bb","img":{"alt_text":"","src":"https:\/\/i0.wp.com\/www.moda.es\/blog\/wp-content\/uploads\/2015\/08\/Captura-de-pantalla-2015-08-28-a-las-23.40.59.png?fit=611%2C563&resize=350%2C200","width":350,"height":200},"classes":[]}],"_links":{"self":[{"href":"http:\/\/www.moda.es\/blog\/wp-json\/wp\/v2\/posts\/20858"}],"collection":[{"href":"http:\/\/www.moda.es\/blog\/wp-json\/wp\/v2\/posts"}],"about":[{"href":"http:\/\/www.moda.es\/blog\/wp-json\/wp\/v2\/types\/post"}],"author":[{"embeddable":true,"href":"http:\/\/www.moda.es\/blog\/wp-json\/wp\/v2\/users\/3"}],"replies":[{"embeddable":true,"href":"http:\/\/www.moda.es\/blog\/wp-json\/wp\/v2\/comments?post=20858"}],"version-history":[{"count":7,"href":"http:\/\/www.moda.es\/blog\/wp-json\/wp\/v2\/posts\/20858\/revisions"}],"predecessor-version":[{"id":35905,"href":"http:\/\/www.moda.es\/blog\/wp-json\/wp\/v2\/posts\/20858\/revisions\/35905"}],"wp:featuredmedia":[{"embeddable":true,"href":"http:\/\/www.moda.es\/blog\/wp-json\/wp\/v2\/media\/20859"}],"wp:attachment":[{"href":"http:\/\/www.moda.es\/blog\/wp-json\/wp\/v2\/media?parent=20858"}],"wp:term":[{"taxonomy":"category","embeddable":true,"href":"http:\/\/www.moda.es\/blog\/wp-json\/wp\/v2\/categories?post=20858"},{"taxonomy":"post_tag","embeddable":true,"href":"http:\/\/www.moda.es\/blog\/wp-json\/wp\/v2\/tags?post=20858"}],"curies":[{"name":"wp","href":"https:\/\/api.w.org\/{rel}","templated":true}]}}