{"id":20820,"date":"2016-06-23T22:17:26","date_gmt":"2016-06-23T21:17:26","guid":{"rendered":"http:\/\/www.moda.es\/blog\/?p=20820"},"modified":"2020-04-27T16:22:46","modified_gmt":"2020-04-27T15:22:46","slug":"maria-grazia-chiuri-nueva-directora-creativa-de-dior","status":"publish","type":"post","link":"http:\/\/www.moda.es\/blog\/maria-grazia-chiuri-nueva-directora-creativa-de-dior\/","title":{"rendered":"Maria Grazia Chiuri nueva Directora Creativa de Dior"},"content":{"rendered":"<p>Se ha sabido esta tarde.\u00a0Tras el pr\u00f3ximo desfile de <strong>Alta Costura<\/strong> de <strong>Dior,<\/strong> la marca anunciar\u00e1 oficialmente la llegada de su nueva\u00a0<strong>Maria Grazia Chiuri<\/strong>.<\/p>\n<p>Chiuri va a ser la primera directora creativa femenina en 70 a\u00f1os de historia de esta ic\u00f3nica marca y lo hace en un momento dif\u00edcil en el que<strong> el\u00a0crecimiento de las ventas se ha reducido<\/strong> en el \u00faltimo a\u00f1o y medio.<\/p>\n<p>Chiuri ha hecho maravillas en Valentino, junto con su compa\u00f1ero <strong>Pierpaolo Piccioli<\/strong>, en calidad de co-director-creador de la marca desde Valentino Garavani, que los contrat\u00f3 a s\u00ed mismo, anunci\u00f3 su retiro en 2007.<\/p>\n<p>La pareja gan\u00f3 varios premios y ayud\u00f3 a convertir Valentino en una de las marcas de lujo m\u00e1s <strong>rentables<\/strong> de la industria del lujo as\u00ed como una\u00a0de las m\u00e1s fuertes en t\u00e9rminos de crecimiento de ventas.<br \/>\nBajo su liderazgo creativo, Valentino ha sido\u00a0conocido por su <strong>luz,<\/strong> dise\u00f1os elegantes y muy <strong>rom\u00e1nticos,<\/strong> aplaudidos por los editores de moda. Dior, que ha estado presentando\u00a0estilos relativamente modernos, se beneficiar\u00eda de un retorno a una est\u00e9tica m\u00e1s\u00a0rom\u00e1ntica, m\u00e1s\u00a0de cuento de hadas, seg\u00fan han afirmado algunos cr\u00edticos de moda.<\/p>\n<p>No podemos esperar a ver sus interpretaciones del estilo de Christian Dior.<\/p>\n<p><a href=\"http:\/\/www.moda.es\/blog\/maria-grazia-chiuri-nueva-directora-creativa-de-dior\/captura-de-pantalla-2016-06-23-a-las-22-09-52\/\" rel=\"attachment wp-att-20821\"><img data-attachment-id=\"20821\" data-permalink=\"http:\/\/www.moda.es\/blog\/maria-grazia-chiuri-nueva-directora-creativa-de-dior\/captura-de-pantalla-2016-06-23-a-las-22-09-52\/\" data-orig-file=\"https:\/\/i0.wp.com\/www.moda.es\/blog\/wp-content\/uploads\/2016\/06\/Captura-de-pantalla-2016-06-23-a-las-22.09.52.png?fit=595%2C330\" data-orig-size=\"595,330\" data-comments-opened=\"1\" data-image-meta=\"{&quot;aperture&quot;:&quot;0&quot;,&quot;credit&quot;:&quot;&quot;,&quot;camera&quot;:&quot;&quot;,&quot;caption&quot;:&quot;&quot;,&quot;created_timestamp&quot;:&quot;0&quot;,&quot;copyright&quot;:&quot;&quot;,&quot;focal_length&quot;:&quot;0&quot;,&quot;iso&quot;:&quot;0&quot;,&quot;shutter_speed&quot;:&quot;0&quot;,&quot;title&quot;:&quot;&quot;,&quot;orientation&quot;:&quot;0&quot;}\" data-image-title=\"Captura de pantalla 2016-06-23 a las 22.09.52\" data-image-description=\"\" data-image-caption=\"\" data-medium-file=\"https:\/\/i0.wp.com\/www.moda.es\/blog\/wp-content\/uploads\/2016\/06\/Captura-de-pantalla-2016-06-23-a-las-22.09.52.png?fit=300%2C166\" data-large-file=\"https:\/\/i0.wp.com\/www.moda.es\/blog\/wp-content\/uploads\/2016\/06\/Captura-de-pantalla-2016-06-23-a-las-22.09.52.png?fit=595%2C330\" loading=\"lazy\" class=\"aligncenter size-medium wp-image-20821\" src=\"https:\/\/i0.wp.com\/www.moda.es\/blog\/wp-content\/uploads\/2016\/06\/Captura-de-pantalla-2016-06-23-a-las-22.09.52.png?resize=300%2C166\" alt=\"Captura de pantalla 2016-06-23 a las 22.09.52\" width=\"300\" height=\"166\" srcset=\"https:\/\/i0.wp.com\/www.moda.es\/blog\/wp-content\/uploads\/2016\/06\/Captura-de-pantalla-2016-06-23-a-las-22.09.52.png?resize=300%2C166 300w, https:\/\/i0.wp.com\/www.moda.es\/blog\/wp-content\/uploads\/2016\/06\/Captura-de-pantalla-2016-06-23-a-las-22.09.52.png?resize=420%2C233 420w, https:\/\/i0.wp.com\/www.moda.es\/blog\/wp-content\/uploads\/2016\/06\/Captura-de-pantalla-2016-06-23-a-las-22.09.52.png?w=595 595w\" sizes=\"(max-width: 300px) 100vw, 300px\" data-recalc-dims=\"1\" \/><\/a><\/p>\n<p>\u00a9Business of Fashion                             <\/p>\n","protected":false},"excerpt":{"rendered":"<p>Se ha sabido esta tarde.\u00a0Tras el pr\u00f3ximo desfile de Alta Costura de Dior, la marca anunciar\u00e1 oficialmente la llegada de su nueva\u00a0Maria Grazia Chiuri. Chiuri va a ser la primera directora creativa femenina en 70 a\u00f1os de historia de esta ic\u00f3nica marca y lo hace en un momento dif\u00edcil en [&hellip;]<\/p>\n","protected":false},"author":3,"featured_media":20821,"comment_status":"open","ping_status":"open","sticky":false,"template":"","format":"standard","meta":{"jetpack_publicize_message":"","jetpack_is_tweetstorm":false,"jetpack_publicize_feature_enabled":true},"categories":[3,11,12,17],"tags":[193,1411,1412,913],"jetpack_publicize_connections":[],"jetpack_featured_media_url":"https:\/\/i0.wp.com\/www.moda.es\/blog\/wp-content\/uploads\/2016\/06\/Captura-de-pantalla-2016-06-23-a-las-22.09.52.png?fit=595%2C330","jetpack_sharing_enabled":true,"jetpack_shortlink":"https:\/\/wp.me\/p4tJCC-5pO","jetpack-related-posts":[{"id":21490,"url":"http:\/\/www.moda.es\/blog\/la-primera-campana-de-maria-grazia-chiuri-para-dior\/","url_meta":{"origin":20820,"position":0},"title":"La primera campa\u00f1a de Maria Grazia Chiuri para Dior&#8230;","date":"diciembre 23, 2016","format":false,"excerpt":"...es una oda a la mujer y a su poder. Cuando Maria Grazia Chiuri revel\u00f3 su colecci\u00f3n de debut para Dior en marzo, nos gan\u00f3 su mensaje descaradamente feminista, que se tradujo en vestidos vaporosos, pero audaces, que han dado un nuevo impulso a la industria de la moda. Y\u2026","rel":"","context":"En \u00abActualidad\u00bb","img":{"alt_text":"","src":"https:\/\/i0.wp.com\/www.moda.es\/blog\/wp-content\/uploads\/2016\/12\/Captura-de-pantalla-2016-12-23-a-las-18.02.55.png?fit=535%2C310&resize=350%2C200","width":350,"height":200},"classes":[]},{"id":21579,"url":"http:\/\/www.moda.es\/blog\/la-coleccion-resort-de-dior-viaja-a-los-angeles\/","url_meta":{"origin":20820,"position":1},"title":"La colecci\u00f3n Resort de Dior viaja a Los \u00c1ngeles","date":"enero 6, 2017","format":false,"excerpt":"Maria Grazia Chiuri, la nueva directora creativa de Christian Dior, ya est\u00e1 aplicando sus nuevos cambios e ideas. De momento acaba de anunciar que presentar\u00e1 su primera colecci\u00f3n Resort en Los \u00c1ngeles el 11 de mayo de 2017. Aunque Chanel ha reclamado a Par\u00eds como una ciudad anfitriona para su\u2026","rel":"","context":"En \u00abActualidad\u00bb","img":{"alt_text":"","src":"https:\/\/i0.wp.com\/www.moda.es\/blog\/wp-content\/uploads\/2017\/01\/Captura-de-pantalla-2017-01-06-a-las-19.31.04.png?fit=696%2C365&resize=350%2C200","width":350,"height":200},"classes":[]},{"id":21934,"url":"http:\/\/www.moda.es\/blog\/givenchy-nombra-a-su-primera-directora-creativa-femenina\/","url_meta":{"origin":20820,"position":2},"title":"Givenchy nombra a su primera directora creativa femenina","date":"marzo 22, 2017","format":false,"excerpt":"En sus 65 a\u00f1os de existencia, la casa Givenchy - conocida por su ropa de mujer - nunca ha tenido una mujer en su tim\u00f3n. Todo eso cambiar\u00e1 el 2 de mayo, cuando Clare Waight Keller, antes de Chlo\u00e9, llegue\u00a0para reemplazar a Riccardo Tisci. (Algo nos dice que los ejecutivos\u2026","rel":"","context":"En \u00abActualidad\u00bb","img":{"alt_text":"","src":"https:\/\/i0.wp.com\/www.moda.es\/blog\/wp-content\/uploads\/2017\/03\/Captura-de-pantalla-2017-03-22-a-las-21.18.28.png?fit=422%2C424&resize=350%2C200","width":350,"height":200},"classes":[]},{"id":6163,"url":"http:\/\/www.moda.es\/blog\/que-vienen-las-flores\/","url_meta":{"origin":20820,"position":3},"title":"\u00a1Qu\u00e9 vienen las flores!","date":"abril 4, 2012","format":false,"excerpt":"Ayer habl\u00e1bamos de una de las nuevas tendencias de esta nueva temporada, imaginativa y on\u00edrica para los tiempos que corren pero no menos lo es la tendencia decorativa de las flores en relieve. Tambi\u00e9n alegre, positiva, es juguetona y lo mismo recuerda a la inocencia infantil que a la imagen\u2026","rel":"","context":"En \u00abTendencias\u00bb","img":{"alt_text":"","src":"https:\/\/i0.wp.com\/www.moda.es\/blog\/wp-content\/uploads\/2012\/04\/0387055712_1_1_3-e1333566817128.jpg?resize=350%2C200","width":350,"height":200},"classes":[]},{"id":662,"url":"http:\/\/www.moda.es\/blog\/valentino-pureza-inocencia\/","url_meta":{"origin":20820,"position":4},"title":"Valentino: pureza + inocencia","date":"enero 29, 2011","format":false,"excerpt":"Los desfiles de alta costura de los que os hablaba ayer se cerraron con el de Valentino. El d\u00fao compuesto por Pier Paolo y Maria Grazia Chiuri present\u00f3 una colecci\u00f3n n\u00edvea (en gran parte), delicada, que emana pureza e inocencia. Unos adjetivos m\u00e1s propios para definir a una ni\u00f1a que\u2026","rel":"","context":"En \u00abPasarelas\u00bb","img":{"alt_text":"","src":"https:\/\/i0.wp.com\/www.moda.es\/blog\/wp-content\/uploads\/2011\/01\/00010m1.jpg?fit=320%2C480&resize=350%2C200","width":350,"height":200},"classes":[]},{"id":21715,"url":"http:\/\/www.moda.es\/blog\/tenemos-nuevo-fichaje-en-carven\/","url_meta":{"origin":20820,"position":5},"title":"Tenemos nuevo fichaje en Carven","date":"enero 20, 2017","format":false,"excerpt":"Carven ha designado a Serge Ruffieux como su nuevo director creativo, tras la salida del d\u00fao de dise\u00f1o Alexis Martial y Adrien Caillaudaud en octubre del a\u00f1o pasado. Ruffieux procede de Christian Dior, donde ha estado durante casi 10 a\u00f1os, recientemente como dise\u00f1ador jefe de las colecciones de pr\u00eat-\u00e0-porter de\u2026","rel":"","context":"En \u00abActualidad\u00bb","img":{"alt_text":"","src":"https:\/\/i0.wp.com\/www.moda.es\/blog\/wp-content\/uploads\/2017\/01\/Captura-de-pantalla-2017-01-19-a-las-23.27.14.png?fit=528%2C524&resize=350%2C200","width":350,"height":200},"classes":[]}],"_links":{"self":[{"href":"http:\/\/www.moda.es\/blog\/wp-json\/wp\/v2\/posts\/20820"}],"collection":[{"href":"http:\/\/www.moda.es\/blog\/wp-json\/wp\/v2\/posts"}],"about":[{"href":"http:\/\/www.moda.es\/blog\/wp-json\/wp\/v2\/types\/post"}],"author":[{"embeddable":true,"href":"http:\/\/www.moda.es\/blog\/wp-json\/wp\/v2\/users\/3"}],"replies":[{"embeddable":true,"href":"http:\/\/www.moda.es\/blog\/wp-json\/wp\/v2\/comments?post=20820"}],"version-history":[{"count":7,"href":"http:\/\/www.moda.es\/blog\/wp-json\/wp\/v2\/posts\/20820\/revisions"}],"predecessor-version":[{"id":35913,"href":"http:\/\/www.moda.es\/blog\/wp-json\/wp\/v2\/posts\/20820\/revisions\/35913"}],"wp:featuredmedia":[{"embeddable":true,"href":"http:\/\/www.moda.es\/blog\/wp-json\/wp\/v2\/media\/20821"}],"wp:attachment":[{"href":"http:\/\/www.moda.es\/blog\/wp-json\/wp\/v2\/media?parent=20820"}],"wp:term":[{"taxonomy":"category","embeddable":true,"href":"http:\/\/www.moda.es\/blog\/wp-json\/wp\/v2\/categories?post=20820"},{"taxonomy":"post_tag","embeddable":true,"href":"http:\/\/www.moda.es\/blog\/wp-json\/wp\/v2\/tags?post=20820"}],"curies":[{"name":"wp","href":"https:\/\/api.w.org\/{rel}","templated":true}]}}