{"id":20801,"date":"2016-06-18T13:01:03","date_gmt":"2016-06-18T12:01:03","guid":{"rendered":"http:\/\/www.moda.es\/blog\/?p=20801"},"modified":"2020-04-27T16:23:15","modified_gmt":"2020-04-27T15:23:15","slug":"selena-gomez-nueva-chica-vuitton","status":"publish","type":"post","link":"http:\/\/www.moda.es\/blog\/selena-gomez-nueva-chica-vuitton\/","title":{"rendered":"Selena G\u00f3mez, nueva chica Vuitton"},"content":{"rendered":"<p>Selena G\u00f3mez es la nueva estrella de Louis Vuitton. \u00a0es que <strong>Nicolas Ghesqui\u00e8re<\/strong> parece haberle cogido el gusto a la joven cantante.<\/p>\n<p><a href=\"http:\/\/www.moda.es\/blog\/selena-gomez-nueva-chica-vuitton\/captura-de-pantalla-2016-06-18-a-las-13-52-41\/\" rel=\"attachment wp-att-20802\"><img data-attachment-id=\"20802\" data-permalink=\"http:\/\/www.moda.es\/blog\/selena-gomez-nueva-chica-vuitton\/captura-de-pantalla-2016-06-18-a-las-13-52-41\/\" data-orig-file=\"https:\/\/i0.wp.com\/www.moda.es\/blog\/wp-content\/uploads\/2016\/06\/Captura-de-pantalla-2016-06-18-a-las-13.52.41.png?fit=514%2C612\" data-orig-size=\"514,612\" data-comments-opened=\"1\" data-image-meta=\"{&quot;aperture&quot;:&quot;0&quot;,&quot;credit&quot;:&quot;&quot;,&quot;camera&quot;:&quot;&quot;,&quot;caption&quot;:&quot;&quot;,&quot;created_timestamp&quot;:&quot;0&quot;,&quot;copyright&quot;:&quot;&quot;,&quot;focal_length&quot;:&quot;0&quot;,&quot;iso&quot;:&quot;0&quot;,&quot;shutter_speed&quot;:&quot;0&quot;,&quot;title&quot;:&quot;&quot;,&quot;orientation&quot;:&quot;0&quot;}\" data-image-title=\"Captura de pantalla 2016-06-18 a las 13.52.41\" data-image-description=\"\" data-image-caption=\"\" data-medium-file=\"https:\/\/i0.wp.com\/www.moda.es\/blog\/wp-content\/uploads\/2016\/06\/Captura-de-pantalla-2016-06-18-a-las-13.52.41.png?fit=252%2C300\" data-large-file=\"https:\/\/i0.wp.com\/www.moda.es\/blog\/wp-content\/uploads\/2016\/06\/Captura-de-pantalla-2016-06-18-a-las-13.52.41.png?fit=514%2C612\" loading=\"lazy\" class=\"aligncenter size-medium wp-image-20802\" src=\"https:\/\/i0.wp.com\/www.moda.es\/blog\/wp-content\/uploads\/2016\/06\/Captura-de-pantalla-2016-06-18-a-las-13.52.41.png?resize=252%2C300\" alt=\"Captura de pantalla 2016-06-18 a las 13.52.41\" width=\"252\" height=\"300\" srcset=\"https:\/\/i0.wp.com\/www.moda.es\/blog\/wp-content\/uploads\/2016\/06\/Captura-de-pantalla-2016-06-18-a-las-13.52.41.png?resize=252%2C300 252w, https:\/\/i0.wp.com\/www.moda.es\/blog\/wp-content\/uploads\/2016\/06\/Captura-de-pantalla-2016-06-18-a-las-13.52.41.png?resize=420%2C500 420w, https:\/\/i0.wp.com\/www.moda.es\/blog\/wp-content\/uploads\/2016\/06\/Captura-de-pantalla-2016-06-18-a-las-13.52.41.png?w=514 514w\" sizes=\"(max-width: 252px) 100vw, 252px\" data-recalc-dims=\"1\" \/><\/a><\/p>\n<p>Selena G\u00f3mez ha recorrido un largo camino desde el punto de vista de la moda. Con la experta en estilo <strong>\u00a0Kate Young\u00a0<\/strong>a su lado para ayudarla, ha caminado por las alfombras rojas de todos los eventos y premios presumiendo de nuevo estilo, as\u00ed como por\u00a0el escenario de\u00a0su actual gira mundial <strong>Revival.<\/strong><\/p>\n<p>La transformaci\u00f3n fue suficiente para merecer la atenci\u00f3n incluso de Nicolas Ghesqui\u00e8re, quien dijo en una entrevista reciente que aunque\u00a0G\u00f3mez se acerc\u00f3 a \u00e9l en primer lugar, se convirtieron r\u00e1pidamente en amigos y colaboradores frecuentes. Ejemplos de ello han sido una portada para la <strong>revista W<\/strong>, La <strong>Gala del Met<\/strong>\u00a0y su primera portada de Vogue Brasil, para la que en realidad pos\u00f3\u00a0con Ghesqui\u00e8re.<\/p>\n<p><a href=\"http:\/\/www.moda.es\/blog\/selena-gomez-nueva-chica-vuitton\/captura-de-pantalla-2016-06-18-a-las-13-59-05\/\" rel=\"attachment wp-att-20806\"><img data-attachment-id=\"20806\" data-permalink=\"http:\/\/www.moda.es\/blog\/selena-gomez-nueva-chica-vuitton\/captura-de-pantalla-2016-06-18-a-las-13-59-05\/\" data-orig-file=\"https:\/\/i0.wp.com\/www.moda.es\/blog\/wp-content\/uploads\/2016\/06\/Captura-de-pantalla-2016-06-18-a-las-13.59.05.png?fit=515%2C513\" data-orig-size=\"515,513\" data-comments-opened=\"1\" data-image-meta=\"{&quot;aperture&quot;:&quot;0&quot;,&quot;credit&quot;:&quot;&quot;,&quot;camera&quot;:&quot;&quot;,&quot;caption&quot;:&quot;&quot;,&quot;created_timestamp&quot;:&quot;0&quot;,&quot;copyright&quot;:&quot;&quot;,&quot;focal_length&quot;:&quot;0&quot;,&quot;iso&quot;:&quot;0&quot;,&quot;shutter_speed&quot;:&quot;0&quot;,&quot;title&quot;:&quot;&quot;,&quot;orientation&quot;:&quot;0&quot;}\" data-image-title=\"Captura de pantalla 2016-06-18 a las 13.59.05\" data-image-description=\"\" data-image-caption=\"\" data-medium-file=\"https:\/\/i0.wp.com\/www.moda.es\/blog\/wp-content\/uploads\/2016\/06\/Captura-de-pantalla-2016-06-18-a-las-13.59.05.png?fit=300%2C300\" data-large-file=\"https:\/\/i0.wp.com\/www.moda.es\/blog\/wp-content\/uploads\/2016\/06\/Captura-de-pantalla-2016-06-18-a-las-13.59.05.png?fit=515%2C513\" loading=\"lazy\" class=\"aligncenter size-medium wp-image-20806\" src=\"https:\/\/i0.wp.com\/www.moda.es\/blog\/wp-content\/uploads\/2016\/06\/Captura-de-pantalla-2016-06-18-a-las-13.59.05.png?resize=300%2C300\" alt=\"Captura de pantalla 2016-06-18 a las 13.59.05\" width=\"300\" height=\"300\" srcset=\"https:\/\/i0.wp.com\/www.moda.es\/blog\/wp-content\/uploads\/2016\/06\/Captura-de-pantalla-2016-06-18-a-las-13.59.05.png?resize=300%2C300 300w, https:\/\/i0.wp.com\/www.moda.es\/blog\/wp-content\/uploads\/2016\/06\/Captura-de-pantalla-2016-06-18-a-las-13.59.05.png?resize=150%2C150 150w, https:\/\/i0.wp.com\/www.moda.es\/blog\/wp-content\/uploads\/2016\/06\/Captura-de-pantalla-2016-06-18-a-las-13.59.05.png?resize=420%2C418 420w, https:\/\/i0.wp.com\/www.moda.es\/blog\/wp-content\/uploads\/2016\/06\/Captura-de-pantalla-2016-06-18-a-las-13.59.05.png?w=515 515w\" sizes=\"(max-width: 300px) 100vw, 300px\" data-recalc-dims=\"1\" \/><\/a><\/p>\n<p>La marca de lujo francesa tambi\u00e9n la invit\u00f3 a su desfile\u00a0en <strong>R\u00edo de Janeiro<\/strong>.<br \/>\nPero el estatus de G\u00f3mez como una chica Ghesqui\u00e8re de pleno derecho se hizo oficial el viernes, cuando el director creativo revel\u00f3 una imagen de la campa\u00f1a de oto\u00f1o, protagonizada por la estrella del pop con un gigante sombrero peludo\u00a0mientras sosten\u00eda\u00a0un mini bolso.<\/p>\n<p>Fotografiada por <strong>Bruce Weber<\/strong>, la imagen\u00a0es s\u00f3lo una vista previa de la primera campa\u00f1a de Selena\u00a0G\u00f3mez para una casa de moda importante. \u00bfCu\u00e1l ser\u00e1 la siguiente?<\/p>\n<p>&nbsp;<\/p>\n<p>\u00a9Fashionista                             <\/p>\n","protected":false},"excerpt":{"rendered":"<p>Selena G\u00f3mez es la nueva estrella de Louis Vuitton. \u00a0es que Nicolas Ghesqui\u00e8re parece haberle cogido el gusto a la joven cantante. Selena G\u00f3mez ha recorrido un largo camino desde el punto de vista de la moda. Con la experta en estilo \u00a0Kate Young\u00a0a su lado para ayudarla, ha caminado [&hellip;]<\/p>\n","protected":false},"author":3,"featured_media":20802,"comment_status":"open","ping_status":"open","sticky":false,"template":"","format":"standard","meta":{"jetpack_publicize_message":"","jetpack_is_tweetstorm":false,"jetpack_publicize_feature_enabled":true},"categories":[3,8,11,12,14,15,17],"tags":[146,548,665,811],"jetpack_publicize_connections":[],"jetpack_featured_media_url":"https:\/\/i0.wp.com\/www.moda.es\/blog\/wp-content\/uploads\/2016\/06\/Captura-de-pantalla-2016-06-18-a-las-13.52.41.png?fit=514%2C612","jetpack_sharing_enabled":true,"jetpack_shortlink":"https:\/\/wp.me\/p4tJCC-5pv","jetpack-related-posts":[{"id":16054,"url":"http:\/\/www.moda.es\/blog\/nicolas-ghesquiere-debuta-en-louis-vuitton-el-veredicto\/","url_meta":{"origin":20801,"position":0},"title":"Nicolas Ghesqui\u00e8re debuta en Louis Vuitton: el veredicto","date":"marzo 5, 2014","format":false,"excerpt":"La colecci\u00f3n inaugural de Nicolas Ghesqui\u00e8re para Louis Vuitton ha generado la misma expectativa feliz e impaciente con la que un ni\u00f1o aguarda la ma\u00f1ana de Reyes. \"Hoy es un nuevo d\u00eda. Un gran d\u00eda\", ha afirmado Ghesqui\u00e8re. \"Est\u00e1 a punto de presentarse mi primer desfile de moda para Louis\u2026","rel":"","context":"En \u00abActualidad\u00bb","img":{"alt_text":"","src":"https:\/\/i0.wp.com\/www.moda.es\/blog\/wp-content\/uploads\/2014\/03\/Vuitton-110.jpg?fit=500%2C750&resize=350%2C200","width":350,"height":200},"classes":[]},{"id":21426,"url":"http:\/\/www.moda.es\/blog\/selena-gomez-es-la-nueva-chica-coach\/","url_meta":{"origin":20801,"position":1},"title":"Selena G\u00f3mez es la nueva chica Coach","date":"diciembre 13, 2016","format":false,"excerpt":"Est\u00e1 claro que esta est\u00e1 siendo la temporada\u00a0de Selena G\u00f3mez. Despu\u00e9s de hacer una aparici\u00f3n grandiosa y emocional en la alfombra roja de los AMAs en noviembre, la cantante\u00a0acaba de firmar un nuevo acuerdo que podr\u00eda sentarla en el lugar del dise\u00f1ador de\u00a0Coach.\u00a0Hoy mismo se ha anunciado\u00a0que G\u00f3mez se convertir\u00eda\u2026","rel":"","context":"En \u00abAccesorios\u00bb","img":{"alt_text":"","src":"https:\/\/i0.wp.com\/www.moda.es\/blog\/wp-content\/uploads\/2016\/12\/Captura-de-pantalla-2016-12-13-a-las-20.34.20.png?fit=653%2C359&resize=350%2C200","width":350,"height":200},"classes":[]},{"id":16157,"url":"http:\/\/www.moda.es\/blog\/y-ahora-que-haremos-senor-ghesquiere\/","url_meta":{"origin":20801,"position":2},"title":"Y ahora, \u00bfqu\u00e9 haremos se\u00f1or Ghesqui\u00e8re?","date":"marzo 15, 2014","format":false,"excerpt":"Vanity Fair ha hablado por primera vez sobre sus planes para Louis Vuitton, despu\u00e9s del triunfo de su primera colecci\u00f3n para la marca, y lo ha hecho con Vanity Fair. \"Nunca olvides que lo que se convierte en atemporal vez fue al mismo tiempo realmente nuevo \", asegura en la\u2026","rel":"","context":"En \u00abActualidad\u00bb","img":{"alt_text":"","src":"https:\/\/i0.wp.com\/www.moda.es\/blog\/wp-content\/uploads\/2014\/03\/nicolas-ghesquiere1.jpg?fit=500%2C750&resize=350%2C200","width":350,"height":200},"classes":[]},{"id":14387,"url":"http:\/\/www.moda.es\/blog\/tenemos-nuevo-chico-en-vuitton\/","url_meta":{"origin":20801,"position":3},"title":"Tenemos nuevo chico en Vuitton","date":"octubre 10, 2013","format":false,"excerpt":"Con tantas salidas y entradas el mundo de la moda en estos momentos es lo m\u00e1s parecido al baile de las sillas. Unos vienen y otros van, los dise\u00f1adores y las marcas se toman y se dejan y cada d\u00eda es un debate sobre qui\u00e9n dejar\u00e1 qu\u00e9 casa y a\u2026","rel":"","context":"En \u00abActualidad\u00bb","img":{"alt_text":"","src":"https:\/\/i0.wp.com\/www.moda.es\/blog\/wp-content\/uploads\/2013\/10\/Nicolas-Ghesquiere-181.jpg?fit=500%2C750&resize=350%2C200","width":350,"height":200},"classes":[]},{"id":19376,"url":"http:\/\/www.moda.es\/blog\/conoces-a-alicia-vikander\/","url_meta":{"origin":20801,"position":4},"title":"\u00bfConoces a Alicia Vikander?","date":"mayo 11, 2015","format":false,"excerpt":"Pues deber\u00edas, porque le falta muy poco para convertirse en la nueva it girl. En muchos medios europeos la se\u00f1alaban por su estilo y sus looks siempre acertados y parece ser que en Par\u00eds, Louis Vuitton tambi\u00e9n se ha fijado en ella. El gigante de la moda francesa acaba de\u2026","rel":"","context":"En \u00abActualidad\u00bb","img":{"alt_text":"","src":"https:\/\/i0.wp.com\/www.moda.es\/blog\/wp-content\/uploads\/2015\/05\/avlv3.jpg?fit=650%2C1109&resize=350%2C200","width":350,"height":200},"classes":[]},{"id":17904,"url":"http:\/\/www.moda.es\/blog\/annie-leibovitz-bruce-weber-y-juergen-teller-para-louis-vuitton\/","url_meta":{"origin":20801,"position":5},"title":"Annie Leibovitz, Bruce Weber y Juergen Teller para Louis Vuitton","date":"junio 30, 2014","format":false,"excerpt":"Tras la campa\u00f1a dulce pero algo sosa de Michelle Williams la pasada temporada, Nicolas Ghesqui\u00e8re ha decidido que hab\u00eda que hacer algo importante para su primera campa\u00f1a para la marca. Para ello ha reunido a algunos pesos pesados de la fotograf\u00eda para que dieran forma a una serie de fotograd\u00edas\u2026","rel":"","context":"En \u00abCampa\u00f1as\u00bb","img":{"alt_text":"","src":"https:\/\/i0.wp.com\/www.moda.es\/blog\/wp-content\/uploads\/2014\/06\/louis-vuitton-3.jpg?fit=650%2C416&resize=350%2C200","width":350,"height":200},"classes":[]}],"_links":{"self":[{"href":"http:\/\/www.moda.es\/blog\/wp-json\/wp\/v2\/posts\/20801"}],"collection":[{"href":"http:\/\/www.moda.es\/blog\/wp-json\/wp\/v2\/posts"}],"about":[{"href":"http:\/\/www.moda.es\/blog\/wp-json\/wp\/v2\/types\/post"}],"author":[{"embeddable":true,"href":"http:\/\/www.moda.es\/blog\/wp-json\/wp\/v2\/users\/3"}],"replies":[{"embeddable":true,"href":"http:\/\/www.moda.es\/blog\/wp-json\/wp\/v2\/comments?post=20801"}],"version-history":[{"count":9,"href":"http:\/\/www.moda.es\/blog\/wp-json\/wp\/v2\/posts\/20801\/revisions"}],"predecessor-version":[{"id":35916,"href":"http:\/\/www.moda.es\/blog\/wp-json\/wp\/v2\/posts\/20801\/revisions\/35916"}],"wp:featuredmedia":[{"embeddable":true,"href":"http:\/\/www.moda.es\/blog\/wp-json\/wp\/v2\/media\/20802"}],"wp:attachment":[{"href":"http:\/\/www.moda.es\/blog\/wp-json\/wp\/v2\/media?parent=20801"}],"wp:term":[{"taxonomy":"category","embeddable":true,"href":"http:\/\/www.moda.es\/blog\/wp-json\/wp\/v2\/categories?post=20801"},{"taxonomy":"post_tag","embeddable":true,"href":"http:\/\/www.moda.es\/blog\/wp-json\/wp\/v2\/tags?post=20801"}],"curies":[{"name":"wp","href":"https:\/\/api.w.org\/{rel}","templated":true}]}}