{"id":20794,"date":"2016-06-16T01:05:24","date_gmt":"2016-06-16T00:05:24","guid":{"rendered":"http:\/\/www.moda.es\/blog\/?p=20794"},"modified":"2020-04-27T16:23:25","modified_gmt":"2020-04-27T15:23:25","slug":"missy-elliott-en-la-campana-de-marc-jacobs","status":"publish","type":"post","link":"http:\/\/www.moda.es\/blog\/missy-elliott-en-la-campana-de-marc-jacobs\/","title":{"rendered":"Missy Elliott en la campa\u00f1a de Marc Jacobs"},"content":{"rendered":"<p>Cuando eres tan grande como <strong>Marc Jacobs,<\/strong>\u00a0 m\u00e1s o menos puedes pedir pr\u00e1cticamente a cualquiera que aparezca\u00a0en tus campa\u00f1as publicitarias, ya sean las modelos del momento o tus mejores amigas, o mejor a\u00fan \u00bfpor qu\u00e9 no ir a por ambas?<\/p>\n<p><a href=\"http:\/\/www.moda.es\/blog\/missy-elliott-en-la-campana-de-marc-jacobs\/captura-de-pantalla-2016-06-16-a-las-1-16-21\/\" rel=\"attachment wp-att-20795\"><img data-attachment-id=\"20795\" data-permalink=\"http:\/\/www.moda.es\/blog\/missy-elliott-en-la-campana-de-marc-jacobs\/captura-de-pantalla-2016-06-16-a-las-1-16-21\/\" data-orig-file=\"https:\/\/i0.wp.com\/www.moda.es\/blog\/wp-content\/uploads\/2016\/06\/Captura-de-pantalla-2016-06-16-a-las-1.16.21.png?fit=505%2C291\" data-orig-size=\"505,291\" data-comments-opened=\"1\" data-image-meta=\"{&quot;aperture&quot;:&quot;0&quot;,&quot;credit&quot;:&quot;&quot;,&quot;camera&quot;:&quot;&quot;,&quot;caption&quot;:&quot;&quot;,&quot;created_timestamp&quot;:&quot;0&quot;,&quot;copyright&quot;:&quot;&quot;,&quot;focal_length&quot;:&quot;0&quot;,&quot;iso&quot;:&quot;0&quot;,&quot;shutter_speed&quot;:&quot;0&quot;,&quot;title&quot;:&quot;&quot;,&quot;orientation&quot;:&quot;0&quot;}\" data-image-title=\"Captura de pantalla 2016-06-16 a las 1.16.21\" data-image-description=\"\" data-image-caption=\"\" data-medium-file=\"https:\/\/i0.wp.com\/www.moda.es\/blog\/wp-content\/uploads\/2016\/06\/Captura-de-pantalla-2016-06-16-a-las-1.16.21.png?fit=300%2C173\" data-large-file=\"https:\/\/i0.wp.com\/www.moda.es\/blog\/wp-content\/uploads\/2016\/06\/Captura-de-pantalla-2016-06-16-a-las-1.16.21.png?fit=505%2C291\" loading=\"lazy\" class=\"aligncenter size-medium wp-image-20795\" src=\"https:\/\/i0.wp.com\/www.moda.es\/blog\/wp-content\/uploads\/2016\/06\/Captura-de-pantalla-2016-06-16-a-las-1.16.21.png?resize=300%2C173\" alt=\"Captura de pantalla 2016-06-16 a las 1.16.21\" width=\"300\" height=\"173\" srcset=\"https:\/\/i0.wp.com\/www.moda.es\/blog\/wp-content\/uploads\/2016\/06\/Captura-de-pantalla-2016-06-16-a-las-1.16.21.png?resize=300%2C173 300w, https:\/\/i0.wp.com\/www.moda.es\/blog\/wp-content\/uploads\/2016\/06\/Captura-de-pantalla-2016-06-16-a-las-1.16.21.png?resize=420%2C242 420w, https:\/\/i0.wp.com\/www.moda.es\/blog\/wp-content\/uploads\/2016\/06\/Captura-de-pantalla-2016-06-16-a-las-1.16.21.png?w=505 505w\" sizes=\"(max-width: 300px) 100vw, 300px\" data-recalc-dims=\"1\" \/><\/a><\/p>\n<p>En esta ocasi\u00f3n, Jacobs ha contado con\u00a0la ic\u00f3nica <strong>Missy Elliott<\/strong> para aparecer en su campa\u00f1a de <strong>oto\u00f1o<\/strong> <strong>2016.<\/strong>\u00a0Lo anunci\u00f3 en su perfil de Instagram, \u00abla m\u00fasica de Missy nos ha llenado de felizmente de energ\u00eda a m\u00ed y mi equipo durante largas horas de dibujo, estilismo, construcci\u00f3n de looks y fitting a\u00a0trav\u00e9s de innumerables d\u00edas y\u00a0fines de semana\u00bb.<\/p>\n<p><a href=\"http:\/\/www.moda.es\/blog\/missy-elliott-en-la-campana-de-marc-jacobs\/captura-de-pantalla-2016-06-16-a-las-1-12-08\/\" rel=\"attachment wp-att-20796\"><img data-attachment-id=\"20796\" data-permalink=\"http:\/\/www.moda.es\/blog\/missy-elliott-en-la-campana-de-marc-jacobs\/captura-de-pantalla-2016-06-16-a-las-1-12-08\/\" data-orig-file=\"https:\/\/i0.wp.com\/www.moda.es\/blog\/wp-content\/uploads\/2016\/06\/Captura-de-pantalla-2016-06-16-a-las-1.12.08.png?fit=513%2C686\" data-orig-size=\"513,686\" data-comments-opened=\"1\" data-image-meta=\"{&quot;aperture&quot;:&quot;0&quot;,&quot;credit&quot;:&quot;&quot;,&quot;camera&quot;:&quot;&quot;,&quot;caption&quot;:&quot;&quot;,&quot;created_timestamp&quot;:&quot;0&quot;,&quot;copyright&quot;:&quot;&quot;,&quot;focal_length&quot;:&quot;0&quot;,&quot;iso&quot;:&quot;0&quot;,&quot;shutter_speed&quot;:&quot;0&quot;,&quot;title&quot;:&quot;&quot;,&quot;orientation&quot;:&quot;0&quot;}\" data-image-title=\"Captura de pantalla 2016-06-16 a las 1.12.08\" data-image-description=\"\" data-image-caption=\"\" data-medium-file=\"https:\/\/i0.wp.com\/www.moda.es\/blog\/wp-content\/uploads\/2016\/06\/Captura-de-pantalla-2016-06-16-a-las-1.12.08.png?fit=224%2C300\" data-large-file=\"https:\/\/i0.wp.com\/www.moda.es\/blog\/wp-content\/uploads\/2016\/06\/Captura-de-pantalla-2016-06-16-a-las-1.12.08.png?fit=513%2C686\" loading=\"lazy\" class=\"aligncenter size-medium wp-image-20796\" src=\"https:\/\/i0.wp.com\/www.moda.es\/blog\/wp-content\/uploads\/2016\/06\/Captura-de-pantalla-2016-06-16-a-las-1.12.08.png?resize=224%2C300\" alt=\"Captura de pantalla 2016-06-16 a las 1.12.08\" width=\"224\" height=\"300\" srcset=\"https:\/\/i0.wp.com\/www.moda.es\/blog\/wp-content\/uploads\/2016\/06\/Captura-de-pantalla-2016-06-16-a-las-1.12.08.png?resize=224%2C300 224w, https:\/\/i0.wp.com\/www.moda.es\/blog\/wp-content\/uploads\/2016\/06\/Captura-de-pantalla-2016-06-16-a-las-1.12.08.png?resize=420%2C562 420w, https:\/\/i0.wp.com\/www.moda.es\/blog\/wp-content\/uploads\/2016\/06\/Captura-de-pantalla-2016-06-16-a-las-1.12.08.png?w=513 513w\" sizes=\"(max-width: 224px) 100vw, 224px\" data-recalc-dims=\"1\" \/><\/a><\/p>\n<p>Continuando con el tema de la campa\u00f1a de<strong> primavera 2016<\/strong> de la marca, Marc Jacobs recurri\u00f3 de nuevo a sus musas. \u00abEn una serie continua de retratos para nuestra campa\u00f1a de oto\u00f1o de 2016, los protagonistas\u00a0en estas fotograf\u00edas representan una imagen\u00a0colectiva del <strong>amor,<\/strong> la <strong>honestidad,<\/strong> la <strong>integridad,<\/strong> el <strong>coraje,<\/strong> la <strong>fuerza,<\/strong> la <strong>curiosidad<\/strong> y la <strong>inspiraci\u00f3n,\u00bb<\/strong>\u00a0ha afirmado Jacobs en Instagram. \u00abJuntos, como una historia, esta colecci\u00f3n es un recordatorio que\u00a0cuestiona y desaf\u00eda la normalidad para continuar explorando y empujando los l\u00edmites.\u00bb<\/p>\n<p><a href=\"http:\/\/www.moda.es\/blog\/missy-elliott-en-la-campana-de-marc-jacobs\/captura-de-pantalla-2016-06-16-a-las-1-11-47\/\" rel=\"attachment wp-att-20797\"><img data-attachment-id=\"20797\" data-permalink=\"http:\/\/www.moda.es\/blog\/missy-elliott-en-la-campana-de-marc-jacobs\/captura-de-pantalla-2016-06-16-a-las-1-11-47\/\" data-orig-file=\"https:\/\/i0.wp.com\/www.moda.es\/blog\/wp-content\/uploads\/2016\/06\/Captura-de-pantalla-2016-06-16-a-las-1.11.47.png?fit=607%2C386\" data-orig-size=\"607,386\" data-comments-opened=\"1\" data-image-meta=\"{&quot;aperture&quot;:&quot;0&quot;,&quot;credit&quot;:&quot;&quot;,&quot;camera&quot;:&quot;&quot;,&quot;caption&quot;:&quot;&quot;,&quot;created_timestamp&quot;:&quot;0&quot;,&quot;copyright&quot;:&quot;&quot;,&quot;focal_length&quot;:&quot;0&quot;,&quot;iso&quot;:&quot;0&quot;,&quot;shutter_speed&quot;:&quot;0&quot;,&quot;title&quot;:&quot;&quot;,&quot;orientation&quot;:&quot;0&quot;}\" data-image-title=\"Captura de pantalla 2016-06-16 a las 1.11.47\" data-image-description=\"\" data-image-caption=\"\" data-medium-file=\"https:\/\/i0.wp.com\/www.moda.es\/blog\/wp-content\/uploads\/2016\/06\/Captura-de-pantalla-2016-06-16-a-las-1.11.47.png?fit=300%2C191\" data-large-file=\"https:\/\/i0.wp.com\/www.moda.es\/blog\/wp-content\/uploads\/2016\/06\/Captura-de-pantalla-2016-06-16-a-las-1.11.47.png?fit=607%2C386\" loading=\"lazy\" class=\"aligncenter size-medium wp-image-20797\" src=\"https:\/\/i0.wp.com\/www.moda.es\/blog\/wp-content\/uploads\/2016\/06\/Captura-de-pantalla-2016-06-16-a-las-1.11.47.png?resize=300%2C191\" alt=\"Captura de pantalla 2016-06-16 a las 1.11.47\" width=\"300\" height=\"191\" srcset=\"https:\/\/i0.wp.com\/www.moda.es\/blog\/wp-content\/uploads\/2016\/06\/Captura-de-pantalla-2016-06-16-a-las-1.11.47.png?resize=300%2C191 300w, https:\/\/i0.wp.com\/www.moda.es\/blog\/wp-content\/uploads\/2016\/06\/Captura-de-pantalla-2016-06-16-a-las-1.11.47.png?resize=420%2C267 420w, https:\/\/i0.wp.com\/www.moda.es\/blog\/wp-content\/uploads\/2016\/06\/Captura-de-pantalla-2016-06-16-a-las-1.11.47.png?w=607 607w\" sizes=\"(max-width: 300px) 100vw, 300px\" data-recalc-dims=\"1\" \/><\/a><\/p>\n<p>Haci\u00e9ndose eco del esp\u00edritu\u00a0un tanto tenebroso e inquietante del desfile, la campa\u00f1a ha sido fotografiada por <strong>David Sims<\/strong>\u00a0y tambi\u00e9n cuenta con\u00a0<strong>John Tuite<\/strong> y <strong>Carlos Santolalla<\/strong>, la primera pareja gay que firma con una agencia de modelos, vestidos con ropa de mujer, y una legi\u00f3n de modelos de la mano de su vieja amiga y\u00a0estilista Katie Grand.<\/p>\n<p><a href=\"http:\/\/www.moda.es\/blog\/missy-elliott-en-la-campana-de-marc-jacobs\/captura-de-pantalla-2016-06-16-a-las-1-14-00\/\" rel=\"attachment wp-att-20798\"><img data-attachment-id=\"20798\" data-permalink=\"http:\/\/www.moda.es\/blog\/missy-elliott-en-la-campana-de-marc-jacobs\/captura-de-pantalla-2016-06-16-a-las-1-14-00\/\" data-orig-file=\"https:\/\/i0.wp.com\/www.moda.es\/blog\/wp-content\/uploads\/2016\/06\/Captura-de-pantalla-2016-06-16-a-las-1.14.00.png?fit=507%2C318\" data-orig-size=\"507,318\" data-comments-opened=\"1\" data-image-meta=\"{&quot;aperture&quot;:&quot;0&quot;,&quot;credit&quot;:&quot;&quot;,&quot;camera&quot;:&quot;&quot;,&quot;caption&quot;:&quot;&quot;,&quot;created_timestamp&quot;:&quot;0&quot;,&quot;copyright&quot;:&quot;&quot;,&quot;focal_length&quot;:&quot;0&quot;,&quot;iso&quot;:&quot;0&quot;,&quot;shutter_speed&quot;:&quot;0&quot;,&quot;title&quot;:&quot;&quot;,&quot;orientation&quot;:&quot;0&quot;}\" data-image-title=\"Captura de pantalla 2016-06-16 a las 1.14.00\" data-image-description=\"\" data-image-caption=\"\" data-medium-file=\"https:\/\/i0.wp.com\/www.moda.es\/blog\/wp-content\/uploads\/2016\/06\/Captura-de-pantalla-2016-06-16-a-las-1.14.00.png?fit=300%2C188\" data-large-file=\"https:\/\/i0.wp.com\/www.moda.es\/blog\/wp-content\/uploads\/2016\/06\/Captura-de-pantalla-2016-06-16-a-las-1.14.00.png?fit=507%2C318\" loading=\"lazy\" class=\"aligncenter size-medium wp-image-20798\" src=\"https:\/\/i0.wp.com\/www.moda.es\/blog\/wp-content\/uploads\/2016\/06\/Captura-de-pantalla-2016-06-16-a-las-1.14.00.png?resize=300%2C188\" alt=\"Captura de pantalla 2016-06-16 a las 1.14.00\" width=\"300\" height=\"188\" srcset=\"https:\/\/i0.wp.com\/www.moda.es\/blog\/wp-content\/uploads\/2016\/06\/Captura-de-pantalla-2016-06-16-a-las-1.14.00.png?resize=300%2C188 300w, https:\/\/i0.wp.com\/www.moda.es\/blog\/wp-content\/uploads\/2016\/06\/Captura-de-pantalla-2016-06-16-a-las-1.14.00.png?resize=420%2C263 420w, https:\/\/i0.wp.com\/www.moda.es\/blog\/wp-content\/uploads\/2016\/06\/Captura-de-pantalla-2016-06-16-a-las-1.14.00.png?w=507 507w\" sizes=\"(max-width: 300px) 100vw, 300px\" data-recalc-dims=\"1\" \/><\/a><\/p>\n<p>\u00a9Fashionista                             <\/p>\n","protected":false},"excerpt":{"rendered":"<p>Cuando eres tan grande como Marc Jacobs,\u00a0 m\u00e1s o menos puedes pedir pr\u00e1cticamente a cualquiera que aparezca\u00a0en tus campa\u00f1as publicitarias, ya sean las modelos del momento o tus mejores amigas, o mejor a\u00fan \u00bfpor qu\u00e9 no ir a por ambas? En esta ocasi\u00f3n, Jacobs ha contado con\u00a0la ic\u00f3nica Missy Elliott [&hellip;]<\/p>\n","protected":false},"author":3,"featured_media":20795,"comment_status":"open","ping_status":"open","sticky":false,"template":"","format":"standard","meta":{"jetpack_publicize_message":"","jetpack_is_tweetstorm":false,"jetpack_publicize_feature_enabled":true},"categories":[3,8,11,14,15,17],"tags":[249,575,1409],"jetpack_publicize_connections":[],"jetpack_featured_media_url":"https:\/\/i0.wp.com\/www.moda.es\/blog\/wp-content\/uploads\/2016\/06\/Captura-de-pantalla-2016-06-16-a-las-1.16.21.png?fit=505%2C291","jetpack_sharing_enabled":true,"jetpack_shortlink":"https:\/\/wp.me\/p4tJCC-5po","jetpack-related-posts":[{"id":15279,"url":"http:\/\/www.moda.es\/blog\/lo-ultimo-de-marc-jacobs-para-louis-vuitton\/","url_meta":{"origin":20794,"position":0},"title":"Lo \u00faltimo de Marc Jacobs para Louis Vuitton","date":"diciembre 20, 2013","format":false,"excerpt":"Como un artista al que publican una obra p\u00f3stuma, se ha presentado la \u00faltima campa\u00f1a de Marc Jacobs para Louis Vuitton. El gran dise\u00f1ador (c\u00f3mo le vamos a echar de menos), ha dedicado este trabajo final a sus musas de la moda de Catherine Deneuve (God save the Queen, cada\u2026","rel":"","context":"En \u00abCampa\u00f1as\u00bb","img":{"alt_text":"","src":"https:\/\/i0.wp.com\/www.moda.es\/blog\/wp-content\/uploads\/2013\/12\/Louis-Vuitton-91.jpg?fit=500%2C750&resize=350%2C200","width":350,"height":200},"classes":[]},{"id":19427,"url":"http:\/\/www.moda.es\/blog\/cher-nueva-imagen-de-marc-jacobs\/","url_meta":{"origin":20794,"position":1},"title":"Cher, nueva imagen de Marc Jacobs","date":"mayo 29, 2015","format":false,"excerpt":"Ha tenido a Miley Cyrus en una playa post-apocal\u00edptica, a Victoria Beckham metida en una bolsa gigante y a Jessica Lange en una campa\u00f1a de belleza, pero sin duda este \u00faltimo fichaje es el mejor de todos. La ic\u00f3nica cantante es la estrella de la campa\u00f1a de la marca para\u2026","rel":"","context":"En \u00abActualidad\u00bb","img":{"alt_text":"","src":"https:\/\/i0.wp.com\/www.moda.es\/blog\/wp-content\/uploads\/2015\/05\/cher.jpg?fit=650%2C694&resize=350%2C200","width":350,"height":200},"classes":[]},{"id":17372,"url":"http:\/\/www.moda.es\/blog\/eligeme-marc\/","url_meta":{"origin":20794,"position":2},"title":"El\u00edgeme, Marc","date":"abril 4, 2014","format":false,"excerpt":"El \u00fanico genio vivo despu\u00e9s de John Galliano, Marc Jacobs, se asoci\u00f3 con la consultora y dise\u00f1adora de accesorios Katie Hillier y a la periodista y dise\u00f1adora Luella Bartley para su segunda l\u00ednea Marc by Marc Jacobs y ahora ambas est\u00e1n rastreando las redes sociales sin descanso para encontrar a\u2026","rel":"","context":"En \u00abActualidad\u00bb","img":{"alt_text":"","src":"https:\/\/i0.wp.com\/www.moda.es\/blog\/wp-content\/uploads\/2014\/04\/marc-jacobs.jpg?fit=650%2C975&resize=350%2C200","width":350,"height":200},"classes":[]},{"id":21970,"url":"http:\/\/www.moda.es\/blog\/kaia-gerber-sigue-siendo-una-de-las-chicas-favoritas-de-marc-jacobs\/","url_meta":{"origin":20794,"position":3},"title":"Kaia Gerber sigue siendo una de las chicas favoritas de Marc Jacobs","date":"abril 1, 2017","format":false,"excerpt":"Kaia Gerber ha sido la imagen\u00a0de Marc Jacobs Beauty desde septiembre del a\u00f1o pasado, por lo que era s\u00f3lo cuesti\u00f3n de tiempo antes de que la hija\u00a0de la supermodelo Cindy Crawford fuera contratada\u00a0para enfrentarse a una de las populares fragancias \u00a0de la marca. Y eso fue lo que\u00a0sucedi\u00f3: ayer mismo,\u2026","rel":"","context":"En \u00abActualidad\u00bb","img":{"alt_text":"","src":"https:\/\/i0.wp.com\/www.moda.es\/blog\/wp-content\/uploads\/2017\/04\/Captura-de-pantalla-2017-04-01-a-las-18.04.45.png?fit=521%2C277&resize=350%2C200","width":350,"height":200},"classes":[]},{"id":10878,"url":"http:\/\/www.moda.es\/blog\/coca-cola-sopla-las-velas-con-marc-jacobs\/","url_meta":{"origin":20794,"position":4},"title":"Coca Cola sopla las velas con Marc Jacobs","date":"febrero 15, 2013","format":false,"excerpt":"\u00bfTe acuerdas de aquel chico tan atractivo que se paseaba en camiseta por una oficina con una caja de Coca Cola Light al hombro? Pues imagina si ahora el chico, no s\u00f3lo sigue teniendo un cuerpo de impresi\u00f3n sino que adem\u00e1s pertenece a uno de tus \u00eddolos de las pasarelas.\u2026","rel":"","context":"En \u00abActualidad\u00bb","img":{"alt_text":"","src":"https:\/\/i0.wp.com\/www.moda.es\/blog\/wp-content\/uploads\/2013\/02\/Marc-Jacobs-para-Coca-Cola1.jpg?fit=300%2C390&resize=350%2C200","width":350,"height":200},"classes":[]},{"id":17912,"url":"http:\/\/www.moda.es\/blog\/el-nuevo-papel-protagonista-de-winona-ryder\/","url_meta":{"origin":20794,"position":5},"title":"El nuevo papel protagonista de Winona Ryder","date":"julio 5, 2014","format":false,"excerpt":"Lleva un tiempo bastante retirada de la escena, pero \u00bfqu\u00e9 mejor manera de reaparecer que a trav\u00e9s de una campa\u00f1a? La \u00faltima campa\u00f1a de moda de Winona Ryder fue el resultado de un per\u00edodo turbulento en su vida. En 2001 fue arrestado por robar 5.500 d\u00f3lares en art\u00edculos de unos\u2026","rel":"","context":"En \u00abActualidad\u00bb","img":{"alt_text":"","src":"https:\/\/i0.wp.com\/www.moda.es\/blog\/wp-content\/uploads\/2014\/07\/wino-embed_2961503a.jpg?fit=650%2C391&resize=350%2C200","width":350,"height":200},"classes":[]}],"_links":{"self":[{"href":"http:\/\/www.moda.es\/blog\/wp-json\/wp\/v2\/posts\/20794"}],"collection":[{"href":"http:\/\/www.moda.es\/blog\/wp-json\/wp\/v2\/posts"}],"about":[{"href":"http:\/\/www.moda.es\/blog\/wp-json\/wp\/v2\/types\/post"}],"author":[{"embeddable":true,"href":"http:\/\/www.moda.es\/blog\/wp-json\/wp\/v2\/users\/3"}],"replies":[{"embeddable":true,"href":"http:\/\/www.moda.es\/blog\/wp-json\/wp\/v2\/comments?post=20794"}],"version-history":[{"count":7,"href":"http:\/\/www.moda.es\/blog\/wp-json\/wp\/v2\/posts\/20794\/revisions"}],"predecessor-version":[{"id":35917,"href":"http:\/\/www.moda.es\/blog\/wp-json\/wp\/v2\/posts\/20794\/revisions\/35917"}],"wp:featuredmedia":[{"embeddable":true,"href":"http:\/\/www.moda.es\/blog\/wp-json\/wp\/v2\/media\/20795"}],"wp:attachment":[{"href":"http:\/\/www.moda.es\/blog\/wp-json\/wp\/v2\/media?parent=20794"}],"wp:term":[{"taxonomy":"category","embeddable":true,"href":"http:\/\/www.moda.es\/blog\/wp-json\/wp\/v2\/categories?post=20794"},{"taxonomy":"post_tag","embeddable":true,"href":"http:\/\/www.moda.es\/blog\/wp-json\/wp\/v2\/tags?post=20794"}],"curies":[{"name":"wp","href":"https:\/\/api.w.org\/{rel}","templated":true}]}}