{"id":20785,"date":"2016-06-14T00:02:34","date_gmt":"2016-06-13T23:02:34","guid":{"rendered":"http:\/\/www.moda.es\/blog\/?p=20785"},"modified":"2020-04-27T16:23:34","modified_gmt":"2020-04-27T15:23:34","slug":"luxottica-lanza-una-demanda-por-sus-wayfarer","status":"publish","type":"post","link":"http:\/\/www.moda.es\/blog\/luxottica-lanza-una-demanda-por-sus-wayfarer\/","title":{"rendered":"Luxottica lanza una demanda por sus Wayfarer"},"content":{"rendered":"<p>Las <strong>gafas de sol<\/strong>\u00a0\u00a0son un b\u00e1sico\u00a0del vestir de todo el mundo en este momento y entre esos b\u00e1sicos hay modelos ic\u00f3nicos como las <strong>Wayfarer,<\/strong> las cl\u00e1sicas gafas de<strong> Ray Ban<\/strong> que son un aut\u00e9ntico emblema de moda que nos inspira looks casual y con un toque rebelde.<\/p>\n<p><a href=\"http:\/\/www.moda.es\/blog\/luxottica-lanza-una-demanda-por-sus-wayfarer\/captura-de-pantalla-2016-06-13-a-las-23-25-57\/\" rel=\"attachment wp-att-20788\"><img data-attachment-id=\"20788\" data-permalink=\"http:\/\/www.moda.es\/blog\/luxottica-lanza-una-demanda-por-sus-wayfarer\/captura-de-pantalla-2016-06-13-a-las-23-25-57\/\" data-orig-file=\"https:\/\/i0.wp.com\/www.moda.es\/blog\/wp-content\/uploads\/2016\/06\/Captura-de-pantalla-2016-06-13-a-las-23.25.57.png?fit=483%2C724\" data-orig-size=\"483,724\" data-comments-opened=\"1\" data-image-meta=\"{&quot;aperture&quot;:&quot;0&quot;,&quot;credit&quot;:&quot;&quot;,&quot;camera&quot;:&quot;&quot;,&quot;caption&quot;:&quot;&quot;,&quot;created_timestamp&quot;:&quot;0&quot;,&quot;copyright&quot;:&quot;&quot;,&quot;focal_length&quot;:&quot;0&quot;,&quot;iso&quot;:&quot;0&quot;,&quot;shutter_speed&quot;:&quot;0&quot;,&quot;title&quot;:&quot;&quot;,&quot;orientation&quot;:&quot;0&quot;}\" data-image-title=\"Captura de pantalla 2016-06-13 a las 23.25.57\" data-image-description=\"\" data-image-caption=\"\" data-medium-file=\"https:\/\/i0.wp.com\/www.moda.es\/blog\/wp-content\/uploads\/2016\/06\/Captura-de-pantalla-2016-06-13-a-las-23.25.57.png?fit=200%2C300\" data-large-file=\"https:\/\/i0.wp.com\/www.moda.es\/blog\/wp-content\/uploads\/2016\/06\/Captura-de-pantalla-2016-06-13-a-las-23.25.57.png?fit=483%2C724\" loading=\"lazy\" class=\"aligncenter size-medium wp-image-20788\" src=\"https:\/\/i0.wp.com\/www.moda.es\/blog\/wp-content\/uploads\/2016\/06\/Captura-de-pantalla-2016-06-13-a-las-23.25.57.png?resize=200%2C300\" alt=\"Captura de pantalla 2016-06-13 a las 23.25.57\" width=\"200\" height=\"300\" srcset=\"https:\/\/i0.wp.com\/www.moda.es\/blog\/wp-content\/uploads\/2016\/06\/Captura-de-pantalla-2016-06-13-a-las-23.25.57.png?resize=200%2C300 200w, https:\/\/i0.wp.com\/www.moda.es\/blog\/wp-content\/uploads\/2016\/06\/Captura-de-pantalla-2016-06-13-a-las-23.25.57.png?resize=420%2C630 420w, https:\/\/i0.wp.com\/www.moda.es\/blog\/wp-content\/uploads\/2016\/06\/Captura-de-pantalla-2016-06-13-a-las-23.25.57.png?w=483 483w\" sizes=\"(max-width: 200px) 100vw, 200px\" data-recalc-dims=\"1\" \/><\/a><\/p>\n<p>Precisamente para defenderlo,\u00a0<strong>Luxottica<\/strong> ha iniciado procedimientos legales contra <strong>BCBG Max Azria<\/strong> por \u00a0copiar supuestamente el famoso marco de las Wayfarer.<\/p>\n<p><a href=\"http:\/\/www.moda.es\/blog\/luxottica-lanza-una-demanda-por-sus-wayfarer\/captura-de-pantalla-2016-06-13-a-las-23-28-16\/\" rel=\"attachment wp-att-20789\"><img data-attachment-id=\"20789\" data-permalink=\"http:\/\/www.moda.es\/blog\/luxottica-lanza-una-demanda-por-sus-wayfarer\/captura-de-pantalla-2016-06-13-a-las-23-28-16\/\" data-orig-file=\"https:\/\/i0.wp.com\/www.moda.es\/blog\/wp-content\/uploads\/2016\/06\/Captura-de-pantalla-2016-06-13-a-las-23.28.16.png?fit=492%2C731\" data-orig-size=\"492,731\" data-comments-opened=\"1\" data-image-meta=\"{&quot;aperture&quot;:&quot;0&quot;,&quot;credit&quot;:&quot;&quot;,&quot;camera&quot;:&quot;&quot;,&quot;caption&quot;:&quot;&quot;,&quot;created_timestamp&quot;:&quot;0&quot;,&quot;copyright&quot;:&quot;&quot;,&quot;focal_length&quot;:&quot;0&quot;,&quot;iso&quot;:&quot;0&quot;,&quot;shutter_speed&quot;:&quot;0&quot;,&quot;title&quot;:&quot;&quot;,&quot;orientation&quot;:&quot;0&quot;}\" data-image-title=\"Captura de pantalla 2016-06-13 a las 23.28.16\" data-image-description=\"\" data-image-caption=\"\" data-medium-file=\"https:\/\/i0.wp.com\/www.moda.es\/blog\/wp-content\/uploads\/2016\/06\/Captura-de-pantalla-2016-06-13-a-las-23.28.16.png?fit=202%2C300\" data-large-file=\"https:\/\/i0.wp.com\/www.moda.es\/blog\/wp-content\/uploads\/2016\/06\/Captura-de-pantalla-2016-06-13-a-las-23.28.16.png?fit=492%2C731\" loading=\"lazy\" class=\"aligncenter size-medium wp-image-20789\" src=\"https:\/\/i0.wp.com\/www.moda.es\/blog\/wp-content\/uploads\/2016\/06\/Captura-de-pantalla-2016-06-13-a-las-23.28.16.png?resize=202%2C300\" alt=\"Captura de pantalla 2016-06-13 a las 23.28.16\" width=\"202\" height=\"300\" srcset=\"https:\/\/i0.wp.com\/www.moda.es\/blog\/wp-content\/uploads\/2016\/06\/Captura-de-pantalla-2016-06-13-a-las-23.28.16.png?resize=202%2C300 202w, https:\/\/i0.wp.com\/www.moda.es\/blog\/wp-content\/uploads\/2016\/06\/Captura-de-pantalla-2016-06-13-a-las-23.28.16.png?resize=420%2C624 420w, https:\/\/i0.wp.com\/www.moda.es\/blog\/wp-content\/uploads\/2016\/06\/Captura-de-pantalla-2016-06-13-a-las-23.28.16.png?w=492 492w\" sizes=\"(max-width: 202px) 100vw, 202px\" data-recalc-dims=\"1\" \/><\/a><\/p>\n<p>La compa\u00f1\u00eda de gafas italiana afirma que BCBG ha \u00abreproducido, copiado, o coloreado unas gafas\u00a0imitando la l\u00ednea de las Wayfarer\u00a0y aplicado dichas reproducciones, copias o imitaciones a la mercanc\u00eda, las etiquetas, los r\u00f3tulos, envases, recipientes o anuncios destinados a ser utilizados en las tiendas\u00bb, seg\u00fan se indicaba en una\u00a0demanda presentada en juzgado\u00a0federal de los \u00c1ngeles.<\/p>\n<p><a href=\"http:\/\/www.moda.es\/blog\/luxottica-lanza-una-demanda-por-sus-wayfarer\/captura-de-pantalla-2016-06-13-a-las-23-25-28\/\" rel=\"attachment wp-att-20790\"><img data-attachment-id=\"20790\" data-permalink=\"http:\/\/www.moda.es\/blog\/luxottica-lanza-una-demanda-por-sus-wayfarer\/captura-de-pantalla-2016-06-13-a-las-23-25-28\/\" data-orig-file=\"https:\/\/i0.wp.com\/www.moda.es\/blog\/wp-content\/uploads\/2016\/06\/Captura-de-pantalla-2016-06-13-a-las-23.25.28.png?fit=287%2C432\" data-orig-size=\"287,432\" data-comments-opened=\"1\" data-image-meta=\"{&quot;aperture&quot;:&quot;0&quot;,&quot;credit&quot;:&quot;&quot;,&quot;camera&quot;:&quot;&quot;,&quot;caption&quot;:&quot;&quot;,&quot;created_timestamp&quot;:&quot;0&quot;,&quot;copyright&quot;:&quot;&quot;,&quot;focal_length&quot;:&quot;0&quot;,&quot;iso&quot;:&quot;0&quot;,&quot;shutter_speed&quot;:&quot;0&quot;,&quot;title&quot;:&quot;&quot;,&quot;orientation&quot;:&quot;0&quot;}\" data-image-title=\"Captura de pantalla 2016-06-13 a las 23.25.28\" data-image-description=\"\" data-image-caption=\"\" data-medium-file=\"https:\/\/i0.wp.com\/www.moda.es\/blog\/wp-content\/uploads\/2016\/06\/Captura-de-pantalla-2016-06-13-a-las-23.25.28.png?fit=199%2C300\" data-large-file=\"https:\/\/i0.wp.com\/www.moda.es\/blog\/wp-content\/uploads\/2016\/06\/Captura-de-pantalla-2016-06-13-a-las-23.25.28.png?fit=287%2C432\" loading=\"lazy\" class=\"aligncenter size-medium wp-image-20790\" src=\"https:\/\/i0.wp.com\/www.moda.es\/blog\/wp-content\/uploads\/2016\/06\/Captura-de-pantalla-2016-06-13-a-las-23.25.28.png?resize=199%2C300\" alt=\"Captura de pantalla 2016-06-13 a las 23.25.28\" width=\"199\" height=\"300\" srcset=\"https:\/\/i0.wp.com\/www.moda.es\/blog\/wp-content\/uploads\/2016\/06\/Captura-de-pantalla-2016-06-13-a-las-23.25.28.png?resize=199%2C300 199w, https:\/\/i0.wp.com\/www.moda.es\/blog\/wp-content\/uploads\/2016\/06\/Captura-de-pantalla-2016-06-13-a-las-23.25.28.png?w=287 287w\" sizes=\"(max-width: 199px) 100vw, 199px\" data-recalc-dims=\"1\" \/><\/a><\/p>\n<p>\u00abA trav\u00e9s de los a\u00f1os Luxottica ha invertido una cantidad considerable de tiempo y dinero en el establecimiento de\u00a0Wafayrer\u00a0en la mente de los consumidores como un modelo de gafas de alta calidad\u00bb, continua.<br \/>\nLas Wayfarer fueron lanzadas por primera vez en los a\u00f1os cincuenta, antes de crecer exponencialmente en popularidad a lo largo de los a\u00f1os ochenta gracias a estrellas como <strong>Michael Jackson<\/strong> y <strong>Madonna<\/strong>\u00a0\u00a0con visti\u00e9ndose en\u00a0una de las gafas de sol m\u00e1s populares de Ray Ban.<\/p>\n<p>De momento no ha habido declaraciones desde\u00a0BCBG Max Azria<\/p>\n<p><a href=\"http:\/\/www.moda.es\/blog\/luxottica-lanza-una-demanda-por-sus-wayfarer\/captura-de-pantalla-2016-06-13-a-las-23-25-46\/\" rel=\"attachment wp-att-20786\"><img data-attachment-id=\"20786\" data-permalink=\"http:\/\/www.moda.es\/blog\/luxottica-lanza-una-demanda-por-sus-wayfarer\/captura-de-pantalla-2016-06-13-a-las-23-25-46\/\" data-orig-file=\"https:\/\/i0.wp.com\/www.moda.es\/blog\/wp-content\/uploads\/2016\/06\/Captura-de-pantalla-2016-06-13-a-las-23.25.46.png?fit=489%2C730\" data-orig-size=\"489,730\" data-comments-opened=\"1\" data-image-meta=\"{&quot;aperture&quot;:&quot;0&quot;,&quot;credit&quot;:&quot;&quot;,&quot;camera&quot;:&quot;&quot;,&quot;caption&quot;:&quot;&quot;,&quot;created_timestamp&quot;:&quot;0&quot;,&quot;copyright&quot;:&quot;&quot;,&quot;focal_length&quot;:&quot;0&quot;,&quot;iso&quot;:&quot;0&quot;,&quot;shutter_speed&quot;:&quot;0&quot;,&quot;title&quot;:&quot;&quot;,&quot;orientation&quot;:&quot;0&quot;}\" data-image-title=\"Captura de pantalla 2016-06-13 a las 23.25.46\" data-image-description=\"\" data-image-caption=\"\" data-medium-file=\"https:\/\/i0.wp.com\/www.moda.es\/blog\/wp-content\/uploads\/2016\/06\/Captura-de-pantalla-2016-06-13-a-las-23.25.46.png?fit=201%2C300\" data-large-file=\"https:\/\/i0.wp.com\/www.moda.es\/blog\/wp-content\/uploads\/2016\/06\/Captura-de-pantalla-2016-06-13-a-las-23.25.46.png?fit=489%2C730\" loading=\"lazy\" class=\"aligncenter size-medium wp-image-20786\" src=\"https:\/\/i0.wp.com\/www.moda.es\/blog\/wp-content\/uploads\/2016\/06\/Captura-de-pantalla-2016-06-13-a-las-23.25.46.png?resize=201%2C300\" alt=\"Captura de pantalla 2016-06-13 a las 23.25.46\" width=\"201\" height=\"300\" srcset=\"https:\/\/i0.wp.com\/www.moda.es\/blog\/wp-content\/uploads\/2016\/06\/Captura-de-pantalla-2016-06-13-a-las-23.25.46.png?resize=201%2C300 201w, https:\/\/i0.wp.com\/www.moda.es\/blog\/wp-content\/uploads\/2016\/06\/Captura-de-pantalla-2016-06-13-a-las-23.25.46.png?resize=420%2C627 420w, https:\/\/i0.wp.com\/www.moda.es\/blog\/wp-content\/uploads\/2016\/06\/Captura-de-pantalla-2016-06-13-a-las-23.25.46.png?w=489 489w\" sizes=\"(max-width: 201px) 100vw, 201px\" data-recalc-dims=\"1\" \/><\/a><\/p>\n<p>\u00a9Vogue UK                             <\/p>\n","protected":false},"excerpt":{"rendered":"<p>Las gafas de sol\u00a0\u00a0son un b\u00e1sico\u00a0del vestir de todo el mundo en este momento y entre esos b\u00e1sicos hay modelos ic\u00f3nicos como las Wayfarer, las cl\u00e1sicas gafas de Ray Ban que son un aut\u00e9ntico emblema de moda que nos inspira looks casual y con un toque rebelde. Precisamente para defenderlo,\u00a0Luxottica [&hellip;]<\/p>\n","protected":false},"author":3,"featured_media":20786,"comment_status":"open","ping_status":"open","sticky":false,"template":"","format":"standard","meta":{"jetpack_publicize_message":"","jetpack_is_tweetstorm":false,"jetpack_publicize_feature_enabled":true},"categories":[3,11,14,17],"tags":[1408,1407,754],"jetpack_publicize_connections":[],"jetpack_featured_media_url":"https:\/\/i0.wp.com\/www.moda.es\/blog\/wp-content\/uploads\/2016\/06\/Captura-de-pantalla-2016-06-13-a-las-23.25.46.png?fit=489%2C730","jetpack_sharing_enabled":true,"jetpack_shortlink":"https:\/\/wp.me\/p4tJCC-5pf","jetpack-related-posts":[{"id":14146,"url":"http:\/\/www.moda.es\/blog\/la-version-mas-sexy-de-barbie\/","url_meta":{"origin":20785,"position":0},"title":"La versi\u00f3n m\u00e1s sexy de Barbie","date":"septiembre 16, 2013","format":false,"excerpt":"Cuando era peque\u00f1a y me pon\u00eda a jugar con mis Barbies lo primero que hac\u00eda era peinarlas y cambiarles el vestido para que fueran a una fiesta. Parece ser que no fui la \u00fanica en aquel juego porque hoy todav\u00eda m\u00e1s de uno juega a lo mismo que yo. Barbie,\u2026","rel":"","context":"En \u00abActualidad\u00bb","img":{"alt_text":"","src":"https:\/\/i0.wp.com\/www.moda.es\/blog\/wp-content\/uploads\/2013\/09\/Barbie-Herve-Leger-21.jpg?fit=500%2C750&resize=350%2C200","width":350,"height":200},"classes":[]},{"id":22053,"url":"http:\/\/www.moda.es\/blog\/havaianas-se-atreve-con-las-gafas-de-sol\/","url_meta":{"origin":20785,"position":1},"title":"Havaianas se atreve con las gafas de sol","date":"abril 21, 2017","format":false,"excerpt":"Havaianas es conocida por sus flip flops, pero en muy poco tiempo, ver\u00e1s otro accesorio de la marca brasile\u00f1a junto a la piscina. Aparte de combinar tu\u00a0traje de ba\u00f1o con tus chanclas, ahora podr\u00e1s llevar un par de gafas de sol para completar tu outfit este verano. Con cuatro modelos\u00a0para\u2026","rel":"","context":"En \u00abAccesorios\u00bb","img":{"alt_text":"","src":"https:\/\/i0.wp.com\/www.moda.es\/blog\/wp-content\/uploads\/2017\/04\/Captura-de-pantalla-2017-04-21-a-las-18.35.55.png?fit=578%2C358&resize=350%2C200","width":350,"height":200},"classes":[]},{"id":149,"url":"http:\/\/www.moda.es\/blog\/la-sofisticacion-de-la-vista\/","url_meta":{"origin":20785,"position":2},"title":"La sofisticaci\u00f3n de la vista","date":"diciembre 8, 2010","format":false,"excerpt":"Quedaos con este nombre: Ralph Vaessen. Ha elevado las gafas a accesorio\u00a0por excelencia. Hace tiempo que las gafas de ver dejaron de ser un elemento exclusivo de miopes para entrar a formar parte del conjunto de complementos de los que hacer acopio. Van dejando de estar en voga las gafas\u2026","rel":"","context":"En \u00abAccesorios\u00bb","img":{"alt_text":"","src":"https:\/\/i0.wp.com\/www.moda.es\/blog\/wp-content\/uploads\/2010\/12\/dejeunesgensmodernes_ralph_vaessen-2-540x3581.jpg?fit=540%2C358&resize=350%2C200","width":350,"height":200},"classes":[]},{"id":480,"url":"http:\/\/www.moda.es\/blog\/para-gente-extrana-y-no-tanto\/","url_meta":{"origin":20785,"position":3},"title":"Para gente extra\u00f1a (y no tanto)","date":"enero 10, 2011","format":false,"excerpt":"Sabemos que Internet est\u00e1 modificando muchas de nuestras costumbres, no s\u00f3lo\u00a0en cuanto al\u00a0acceso a la informaci\u00f3n, sino que tambi\u00e9n ha cambiado en cierto modo nuestro ocio, y entre otras cosas, muchas veces, estamos de compras sentados frente a la pantalla del ordenador. Cada vez son m\u00e1s las tiendas online. Y\u2026","rel":"","context":"En \u00abTiendas online\u00bb","img":{"alt_text":"","src":"https:\/\/i0.wp.com\/www.moda.es\/blog\/wp-content\/uploads\/2011\/01\/1.jpg?resize=350%2C200","width":350,"height":200},"classes":[]},{"id":871,"url":"http:\/\/www.moda.es\/blog\/semana-de-moda-infinita-3-max-azria-y-3-1-phillip-lim\/","url_meta":{"origin":20785,"position":4},"title":"Semana de moda infinita (3). Max Azria y 3.1 Phillip Lim.","date":"febrero 19, 2011","format":false,"excerpt":"Continuo con el relato de lo que fue, pero s\u00f3lo a grandes rasgos, la semana de la moda de Nueva York. En contraste con la explosi\u00f3n creativa de Marc Jacobs\u00a0 y la feminidad delicada de Rodarte, la sobriedad de Max Azria y 3.1 Phillip Lim.\u00a0 Partiendo del concepto cl\u00e1sico del\u2026","rel":"","context":"En \u00abPasarelas\u00bb","img":{"alt_text":"","src":"https:\/\/i0.wp.com\/www.datapple.com\/wp-content\/plugins\/wp-o-matic\/cache\/e7880_fashion-week-2011-fall-phillip-lim-590bes021611.jpg?resize=350%2C200","width":350,"height":200},"classes":[]},{"id":1776,"url":"http:\/\/www.moda.es\/blog\/la-chica-de-las-cejas-gruesas\/","url_meta":{"origin":20785,"position":5},"title":"La chica de las cejas gruesas","date":"mayo 2, 2011","format":false,"excerpt":"Es la modelo del momento. Su nombre\u00a0imposible de olvidar, Arizona Muse,\u00a0parece el de un perfume para adolescentes. Sus gruesas cejas, su se\u00f1a de identidad. Se llama Zoe pero era m\u00e1s llamativo lo de Arizona. Nacida en 1988 en Tucson (Arizona, EE.UU.), firm\u00f3\u00a0un contrato como modelo con la agencia\u00a0Next en 2008,\u2026","rel":"","context":"En \u00abIt Girl\u00bb","img":{"alt_text":"","src":"https:\/\/i0.wp.com\/shows.sight-management.com\/wp-content\/uploads\/2011\/02\/arizona-muse-marc-jacobs.jpg?resize=350%2C200","width":350,"height":200},"classes":[]}],"_links":{"self":[{"href":"http:\/\/www.moda.es\/blog\/wp-json\/wp\/v2\/posts\/20785"}],"collection":[{"href":"http:\/\/www.moda.es\/blog\/wp-json\/wp\/v2\/posts"}],"about":[{"href":"http:\/\/www.moda.es\/blog\/wp-json\/wp\/v2\/types\/post"}],"author":[{"embeddable":true,"href":"http:\/\/www.moda.es\/blog\/wp-json\/wp\/v2\/users\/3"}],"replies":[{"embeddable":true,"href":"http:\/\/www.moda.es\/blog\/wp-json\/wp\/v2\/comments?post=20785"}],"version-history":[{"count":8,"href":"http:\/\/www.moda.es\/blog\/wp-json\/wp\/v2\/posts\/20785\/revisions"}],"predecessor-version":[{"id":35918,"href":"http:\/\/www.moda.es\/blog\/wp-json\/wp\/v2\/posts\/20785\/revisions\/35918"}],"wp:featuredmedia":[{"embeddable":true,"href":"http:\/\/www.moda.es\/blog\/wp-json\/wp\/v2\/media\/20786"}],"wp:attachment":[{"href":"http:\/\/www.moda.es\/blog\/wp-json\/wp\/v2\/media?parent=20785"}],"wp:term":[{"taxonomy":"category","embeddable":true,"href":"http:\/\/www.moda.es\/blog\/wp-json\/wp\/v2\/categories?post=20785"},{"taxonomy":"post_tag","embeddable":true,"href":"http:\/\/www.moda.es\/blog\/wp-json\/wp\/v2\/tags?post=20785"}],"curies":[{"name":"wp","href":"https:\/\/api.w.org\/{rel}","templated":true}]}}