{"id":20757,"date":"2016-06-08T23:20:19","date_gmt":"2016-06-08T22:20:19","guid":{"rendered":"http:\/\/www.moda.es\/blog\/?p=20757"},"modified":"2020-04-27T16:24:03","modified_gmt":"2020-04-27T15:24:03","slug":"cara-delevinge-participa-con-i-am-not-a-trophy","status":"publish","type":"post","link":"http:\/\/www.moda.es\/blog\/cara-delevinge-participa-con-i-am-not-a-trophy\/","title":{"rendered":"Cara Delevinge participa con I Am Not a Trophy"},"content":{"rendered":"<p><strong>Cara Delevingne<\/strong> estaba moment\u00e1neamente\u00a0retirada de las pasarelas y las campa\u00f1as sin embargo ha vuelto a ponerse delante de los objetivos para ser la nueva imagen de la\u00a0campa\u00f1a<strong> \u00a0I\u2019m Not A Trophy<\/strong>.<\/p>\n<p><a href=\"http:\/\/www.moda.es\/blog\/cara-delevinge-participa-con-i-am-not-a-trophy\/captura-de-pantalla-2016-06-08-a-las-23-38-39\/\" rel=\"attachment wp-att-20758\"><img data-attachment-id=\"20758\" data-permalink=\"http:\/\/www.moda.es\/blog\/cara-delevinge-participa-con-i-am-not-a-trophy\/captura-de-pantalla-2016-06-08-a-las-23-38-39\/\" data-orig-file=\"https:\/\/i0.wp.com\/www.moda.es\/blog\/wp-content\/uploads\/2016\/06\/Captura-de-pantalla-2016-06-08-a-las-23.38.39.png?fit=628%2C482\" data-orig-size=\"628,482\" data-comments-opened=\"1\" data-image-meta=\"{&quot;aperture&quot;:&quot;0&quot;,&quot;credit&quot;:&quot;&quot;,&quot;camera&quot;:&quot;&quot;,&quot;caption&quot;:&quot;&quot;,&quot;created_timestamp&quot;:&quot;0&quot;,&quot;copyright&quot;:&quot;&quot;,&quot;focal_length&quot;:&quot;0&quot;,&quot;iso&quot;:&quot;0&quot;,&quot;shutter_speed&quot;:&quot;0&quot;,&quot;title&quot;:&quot;&quot;,&quot;orientation&quot;:&quot;0&quot;}\" data-image-title=\"Captura de pantalla 2016-06-08 a las 23.38.39\" data-image-description=\"\" data-image-caption=\"\" data-medium-file=\"https:\/\/i0.wp.com\/www.moda.es\/blog\/wp-content\/uploads\/2016\/06\/Captura-de-pantalla-2016-06-08-a-las-23.38.39.png?fit=300%2C230\" data-large-file=\"https:\/\/i0.wp.com\/www.moda.es\/blog\/wp-content\/uploads\/2016\/06\/Captura-de-pantalla-2016-06-08-a-las-23.38.39.png?fit=628%2C482\" loading=\"lazy\" class=\"aligncenter size-medium wp-image-20758\" src=\"https:\/\/i0.wp.com\/www.moda.es\/blog\/wp-content\/uploads\/2016\/06\/Captura-de-pantalla-2016-06-08-a-las-23.38.39.png?resize=300%2C230\" alt=\"Captura de pantalla 2016-06-08 a las 23.38.39\" width=\"300\" height=\"230\" srcset=\"https:\/\/i0.wp.com\/www.moda.es\/blog\/wp-content\/uploads\/2016\/06\/Captura-de-pantalla-2016-06-08-a-las-23.38.39.png?resize=300%2C230 300w, https:\/\/i0.wp.com\/www.moda.es\/blog\/wp-content\/uploads\/2016\/06\/Captura-de-pantalla-2016-06-08-a-las-23.38.39.png?resize=420%2C322 420w, https:\/\/i0.wp.com\/www.moda.es\/blog\/wp-content\/uploads\/2016\/06\/Captura-de-pantalla-2016-06-08-a-las-23.38.39.png?w=628 628w\" sizes=\"(max-width: 300px) 100vw, 300px\" data-recalc-dims=\"1\" \/><\/a><\/p>\n<p>La modelo y actriz de <strong>23<\/strong> <strong>a\u00f1os<\/strong> de edad, se desnuda por completo para la primera\u00a0campa\u00f1a internacional de la organizaci\u00f3n, que fue creada\u00a0por el artista <strong>Arno Elias<\/strong> para crear conciencia contra\u00a0la caza de trofeos y la caza furtiva de especies en peligro de extinci\u00f3n.<\/p>\n<p><a href=\"http:\/\/www.moda.es\/blog\/cara-delevinge-participa-con-i-am-not-a-trophy\/captura-de-pantalla-2016-06-08-a-las-23-33-16\/\" rel=\"attachment wp-att-20759\"><img data-attachment-id=\"20759\" data-permalink=\"http:\/\/www.moda.es\/blog\/cara-delevinge-participa-con-i-am-not-a-trophy\/captura-de-pantalla-2016-06-08-a-las-23-33-16\/\" data-orig-file=\"https:\/\/i0.wp.com\/www.moda.es\/blog\/wp-content\/uploads\/2016\/06\/Captura-de-pantalla-2016-06-08-a-las-23.33.16.png?fit=395%2C536\" data-orig-size=\"395,536\" data-comments-opened=\"1\" data-image-meta=\"{&quot;aperture&quot;:&quot;0&quot;,&quot;credit&quot;:&quot;&quot;,&quot;camera&quot;:&quot;&quot;,&quot;caption&quot;:&quot;&quot;,&quot;created_timestamp&quot;:&quot;0&quot;,&quot;copyright&quot;:&quot;&quot;,&quot;focal_length&quot;:&quot;0&quot;,&quot;iso&quot;:&quot;0&quot;,&quot;shutter_speed&quot;:&quot;0&quot;,&quot;title&quot;:&quot;&quot;,&quot;orientation&quot;:&quot;0&quot;}\" data-image-title=\"Captura de pantalla 2016-06-08 a las 23.33.16\" data-image-description=\"\" data-image-caption=\"\" data-medium-file=\"https:\/\/i0.wp.com\/www.moda.es\/blog\/wp-content\/uploads\/2016\/06\/Captura-de-pantalla-2016-06-08-a-las-23.33.16.png?fit=221%2C300\" data-large-file=\"https:\/\/i0.wp.com\/www.moda.es\/blog\/wp-content\/uploads\/2016\/06\/Captura-de-pantalla-2016-06-08-a-las-23.33.16.png?fit=395%2C536\" loading=\"lazy\" class=\"aligncenter size-medium wp-image-20759\" src=\"https:\/\/i0.wp.com\/www.moda.es\/blog\/wp-content\/uploads\/2016\/06\/Captura-de-pantalla-2016-06-08-a-las-23.33.16.png?resize=221%2C300\" alt=\"Captura de pantalla 2016-06-08 a las 23.33.16\" width=\"221\" height=\"300\" srcset=\"https:\/\/i0.wp.com\/www.moda.es\/blog\/wp-content\/uploads\/2016\/06\/Captura-de-pantalla-2016-06-08-a-las-23.33.16.png?resize=221%2C300 221w, https:\/\/i0.wp.com\/www.moda.es\/blog\/wp-content\/uploads\/2016\/06\/Captura-de-pantalla-2016-06-08-a-las-23.33.16.png?w=395 395w\" sizes=\"(max-width: 221px) 100vw, 221px\" data-recalc-dims=\"1\" \/><\/a><\/p>\n<p>&nbsp;<\/p>\n<p>En los retratos firmados por Arno, Delevingne se muestra desnuda con im\u00e1genes de animales en peligro de extinci\u00f3n como un falso tatuaje sobre su cuerpo. Pero sus contribuciones no s\u00f3lo ser\u00e1n est\u00e9ticas:\u00a0\u00abTengo la intenci\u00f3n de ser muy <strong>activa<\/strong>\u00a0con la organizaci\u00f3n y har\u00e9 lo que pueda para ayudar a crear conciencia sobre la caza furtiva y de trofeos \u00a0que se est\u00e1 produciendo en \u00c1frica\u00bb, ha afirmado\u00a0Cara. \u00abEstoy muy orgullosa de actuar como embajadora de la campa\u00f1a I Am Not a Trophy, una causa que no s\u00f3lo beneficia a las\u00a0especies, sino que realza el poder de\u00a0las mujeres tambi\u00e9n.\u00bb<\/p>\n<p><a href=\"http:\/\/www.moda.es\/blog\/cara-delevinge-participa-con-i-am-not-a-trophy\/captura-de-pantalla-2016-06-08-a-las-23-38-49\/\" rel=\"attachment wp-att-20763\"><img data-attachment-id=\"20763\" data-permalink=\"http:\/\/www.moda.es\/blog\/cara-delevinge-participa-con-i-am-not-a-trophy\/captura-de-pantalla-2016-06-08-a-las-23-38-49\/\" data-orig-file=\"https:\/\/i0.wp.com\/www.moda.es\/blog\/wp-content\/uploads\/2016\/06\/Captura-de-pantalla-2016-06-08-a-las-23.38.49.png?fit=346%2C451\" data-orig-size=\"346,451\" data-comments-opened=\"1\" data-image-meta=\"{&quot;aperture&quot;:&quot;0&quot;,&quot;credit&quot;:&quot;&quot;,&quot;camera&quot;:&quot;&quot;,&quot;caption&quot;:&quot;&quot;,&quot;created_timestamp&quot;:&quot;0&quot;,&quot;copyright&quot;:&quot;&quot;,&quot;focal_length&quot;:&quot;0&quot;,&quot;iso&quot;:&quot;0&quot;,&quot;shutter_speed&quot;:&quot;0&quot;,&quot;title&quot;:&quot;&quot;,&quot;orientation&quot;:&quot;0&quot;}\" data-image-title=\"Captura de pantalla 2016-06-08 a las 23.38.49\" data-image-description=\"\" data-image-caption=\"\" data-medium-file=\"https:\/\/i0.wp.com\/www.moda.es\/blog\/wp-content\/uploads\/2016\/06\/Captura-de-pantalla-2016-06-08-a-las-23.38.49.png?fit=230%2C300\" data-large-file=\"https:\/\/i0.wp.com\/www.moda.es\/blog\/wp-content\/uploads\/2016\/06\/Captura-de-pantalla-2016-06-08-a-las-23.38.49.png?fit=346%2C451\" loading=\"lazy\" class=\"aligncenter size-medium wp-image-20763\" src=\"https:\/\/i0.wp.com\/www.moda.es\/blog\/wp-content\/uploads\/2016\/06\/Captura-de-pantalla-2016-06-08-a-las-23.38.49.png?resize=230%2C300\" alt=\"Captura de pantalla 2016-06-08 a las 23.38.49\" width=\"230\" height=\"300\" srcset=\"https:\/\/i0.wp.com\/www.moda.es\/blog\/wp-content\/uploads\/2016\/06\/Captura-de-pantalla-2016-06-08-a-las-23.38.49.png?resize=230%2C300 230w, https:\/\/i0.wp.com\/www.moda.es\/blog\/wp-content\/uploads\/2016\/06\/Captura-de-pantalla-2016-06-08-a-las-23.38.49.png?w=346 346w\" sizes=\"(max-width: 230px) 100vw, 230px\" data-recalc-dims=\"1\" \/><\/a><\/p>\n<p>Las fotos se materializar\u00e1n en p\u00f3ster cuyos beneficios se destinar\u00e1n a la lucha por esta causa ecol\u00f3gica.<\/p>\n<p>\u00a9I Am Not A Trophy                             <\/p>\n","protected":false},"excerpt":{"rendered":"<p>Cara Delevingne estaba moment\u00e1neamente\u00a0retirada de las pasarelas y las campa\u00f1as sin embargo ha vuelto a ponerse delante de los objetivos para ser la nueva imagen de la\u00a0campa\u00f1a \u00a0I\u2019m Not A Trophy. La modelo y actriz de 23 a\u00f1os de edad, se desnuda por completo para la primera\u00a0campa\u00f1a internacional de la [&hellip;]<\/p>\n","protected":false},"author":3,"featured_media":20758,"comment_status":"open","ping_status":"open","sticky":false,"template":"","format":"standard","meta":{"jetpack_publicize_message":"","jetpack_is_tweetstorm":false,"jetpack_publicize_feature_enabled":true},"categories":[3,8,11,14,17],"tags":[1406],"jetpack_publicize_connections":[],"jetpack_featured_media_url":"https:\/\/i0.wp.com\/www.moda.es\/blog\/wp-content\/uploads\/2016\/06\/Captura-de-pantalla-2016-06-08-a-las-23.38.39.png?fit=628%2C482","jetpack_sharing_enabled":true,"jetpack_shortlink":"https:\/\/wp.me\/p4tJCC-5oN","jetpack-related-posts":[{"id":18013,"url":"http:\/\/www.moda.es\/blog\/cara-delevingne-nueva-chica-chanel\/","url_meta":{"origin":20757,"position":0},"title":"Cara Delevingne, nueva chica Chanel","date":"julio 26, 2014","format":false,"excerpt":"La noticia sal\u00eda a la luz en la cuenta de Instagram de la modelo junto a una de las im\u00e1genes de nueva campa\u00f1a:\u00a0 \"New @chanelofficial campaign! Thank you @karllagerfeld\". La campa\u00f1a muestra a la modelo junto con su amiga Binx Walton, cubiertas de tweed y perlas y con rastas tambi\u00e9n\u2026","rel":"","context":"En \u00abCampa\u00f1as\u00bb","img":{"alt_text":"","src":"https:\/\/i0.wp.com\/www.moda.es\/blog\/wp-content\/uploads\/2014\/07\/Cara3_1.jpg?fit=650%2C445&resize=350%2C200","width":350,"height":200},"classes":[]},{"id":13142,"url":"http:\/\/www.moda.es\/blog\/cara-mulberry\/","url_meta":{"origin":20757,"position":1},"title":"Cara Delevingne y Mulberry","date":"junio 26, 2013","format":false,"excerpt":"Fr\u00e1gil, et\u00e9rea, t\u00edmida, en ocasiones casi inanimada, como una mu\u00f1eca de trapo, en otras espectral y muy misteriosa... as\u00ed es como aparece Cara Delevingne en la campa\u00f1a de Mulberry para la pr\u00f3xima temporada Oto\u00f1o - Invierno 2013. La chica de la carrera imparable y mete\u00f3rica vuelve a hacerse con otra\u2026","rel":"","context":"En \u00abActualidad\u00bb","img":{"alt_text":"","src":"https:\/\/i0.wp.com\/www.moda.es\/blog\/wp-content\/uploads\/2013\/06\/modelos_ampliacion1.jpg?fit=400%2C520&resize=350%2C200","width":350,"height":200},"classes":[]},{"id":22010,"url":"http:\/\/www.moda.es\/blog\/cara-delevingne-ama-a-los-animales\/","url_meta":{"origin":20757,"position":2},"title":"Cara Delevingne ama a los animales&#8230;","date":"abril 8, 2017","format":false,"excerpt":"...y si son tan \"salvajes\" como ella m\u00e1s. La modelo que cada vez dosifica m\u00e1s sus apariciones en campa\u00f1as de moda, es imagen de Puma esta primavera y precisamente ese animal es quien la acompa\u00f1a. La modelo\u00a0de 24 a\u00f1os mostr\u00f3 su figura con un beb\u00e9 puma para la campa\u00f1a primavera\u2026","rel":"","context":"En \u00abActualidad\u00bb","img":{"alt_text":"","src":"https:\/\/i0.wp.com\/www.moda.es\/blog\/wp-content\/uploads\/2017\/04\/Captura-de-pantalla-2017-04-08-a-las-20.34.42.png?fit=584%2C324&resize=350%2C200","width":350,"height":200},"classes":[]},{"id":12863,"url":"http:\/\/www.moda.es\/blog\/cara-delevingne-nueva-imagen-de-saint-laurent\/","url_meta":{"origin":20757,"position":3},"title":"Cara Delevingne, nueva imagen de Saint Laurent","date":"mayo 30, 2013","format":false,"excerpt":"\u00a0 Cara Delevingne fue una de las reinas de los desfles de Oto\u00f1o - Invierno 2013\/2014, por tanto no es de extra\u00f1ar que las campa\u00f1as de la temporada tambi\u00e9n la tengan como imagen. La rubia se ha enfundado en medias de red y botas de motorista combinadas con falda de\u2026","rel":"","context":"En \u00abCampa\u00f1as\u00bb","img":{"alt_text":"","src":"https:\/\/i0.wp.com\/www.moda.es\/blog\/wp-content\/uploads\/2013\/05\/Siant-Laurent-21.jpg?fit=500%2C334&resize=350%2C200","width":350,"height":200},"classes":[]},{"id":15067,"url":"http:\/\/www.moda.es\/blog\/cara-delevingne-para-la-perla\/","url_meta":{"origin":20757,"position":4},"title":"Cara Delevingne para La Perla","date":"diciembre 5, 2013","format":false,"excerpt":"Nos enteramos\u00a0hace un tiempo a trav\u00e9s de su Instagram que ser\u00eda imagen de la pr\u00f3xima campa\u00f1a publicitaria de La Perla y hoy al fin tenemos un previo de esa campa\u00f1a. Ya hemos perdido la cuenta de las campa\u00f1as publicitarias en las que la reina de la moda british, Cara Delevingne,\u2026","rel":"","context":"En \u00abCampa\u00f1as\u00bb","img":{"alt_text":"","src":"https:\/\/i0.wp.com\/www.moda.es\/blog\/wp-content\/uploads\/2013\/12\/La-Perla-21.jpg?fit=500%2C750&resize=350%2C200","width":350,"height":200},"classes":[]},{"id":21100,"url":"http:\/\/www.moda.es\/blog\/anuncio-que-se-retiraba-del-mundo-de-la-moda\/","url_meta":{"origin":20757,"position":5},"title":"Anunci\u00f3 que se retiraba del mundo de la moda&#8230;","date":"septiembre 23, 2016","format":false,"excerpt":"...sin embargo Cara Delevingne sigue protagonizando campa\u00f1as publicitarias, la \u00faltima con Puma. Y es que en el mercado ultra-competitivo de la de ropa deportiva es cada vez m\u00e1s importante que nunca que las colecciones las defiendan los abdominales de algunas celebridades. En Under Armour tienen a\u00a0Gisele B\u00fcndchen y Misty Copeland\u2026","rel":"","context":"En \u00abActualidad\u00bb","img":{"alt_text":"","src":"https:\/\/i0.wp.com\/www.moda.es\/blog\/wp-content\/uploads\/2016\/09\/Captura-de-pantalla-2016-09-23-a-las-17.19.49.png?fit=609%2C320&resize=350%2C200","width":350,"height":200},"classes":[]}],"_links":{"self":[{"href":"http:\/\/www.moda.es\/blog\/wp-json\/wp\/v2\/posts\/20757"}],"collection":[{"href":"http:\/\/www.moda.es\/blog\/wp-json\/wp\/v2\/posts"}],"about":[{"href":"http:\/\/www.moda.es\/blog\/wp-json\/wp\/v2\/types\/post"}],"author":[{"embeddable":true,"href":"http:\/\/www.moda.es\/blog\/wp-json\/wp\/v2\/users\/3"}],"replies":[{"embeddable":true,"href":"http:\/\/www.moda.es\/blog\/wp-json\/wp\/v2\/comments?post=20757"}],"version-history":[{"count":13,"href":"http:\/\/www.moda.es\/blog\/wp-json\/wp\/v2\/posts\/20757\/revisions"}],"predecessor-version":[{"id":35921,"href":"http:\/\/www.moda.es\/blog\/wp-json\/wp\/v2\/posts\/20757\/revisions\/35921"}],"wp:featuredmedia":[{"embeddable":true,"href":"http:\/\/www.moda.es\/blog\/wp-json\/wp\/v2\/media\/20758"}],"wp:attachment":[{"href":"http:\/\/www.moda.es\/blog\/wp-json\/wp\/v2\/media?parent=20757"}],"wp:term":[{"taxonomy":"category","embeddable":true,"href":"http:\/\/www.moda.es\/blog\/wp-json\/wp\/v2\/categories?post=20757"},{"taxonomy":"post_tag","embeddable":true,"href":"http:\/\/www.moda.es\/blog\/wp-json\/wp\/v2\/tags?post=20757"}],"curies":[{"name":"wp","href":"https:\/\/api.w.org\/{rel}","templated":true}]}}