{"id":20752,"date":"2016-06-07T23:20:29","date_gmt":"2016-06-07T22:20:29","guid":{"rendered":"http:\/\/www.moda.es\/blog\/?p=20752"},"modified":"2020-04-27T16:24:13","modified_gmt":"2020-04-27T15:24:13","slug":"la-primera-portada-de-la-hija-de-kate-moss","status":"publish","type":"post","link":"http:\/\/www.moda.es\/blog\/la-primera-portada-de-la-hija-de-kate-moss\/","title":{"rendered":"La primera portada de la hija de Kate Moss"},"content":{"rendered":"<p>Hasta ahora, <strong>Kate Moss<\/strong> ha sido muy protectora con \u00a0la privacidad de su hija, manteni\u00e9ndola en gran medida alejada de la alfombra rojas. Pero ahora, a sus 13 a\u00f1os de edad, <strong>Lila Grace<\/strong> acaba de aterrizar en su primera portada de Vogue, y algo nos dice que vamos a ver mucho m\u00e1s de ella.<\/p>\n<p>Kate Moss y su hija adolescente con <strong>Jefferson Hack<\/strong>, Lila Grace Moss Hack, han aparecido en su primera portada juntas\u00a0para <strong>Vogue Italia<\/strong>.<\/p>\n<p><a href=\"http:\/\/www.moda.es\/blog\/la-primera-portada-de-la-hija-de-kate-moss\/captura-de-pantalla-2016-06-07-a-las-23-51-22\/\" rel=\"attachment wp-att-20753\"><img data-attachment-id=\"20753\" data-permalink=\"http:\/\/www.moda.es\/blog\/la-primera-portada-de-la-hija-de-kate-moss\/captura-de-pantalla-2016-06-07-a-las-23-51-22\/\" data-orig-file=\"https:\/\/i0.wp.com\/www.moda.es\/blog\/wp-content\/uploads\/2016\/06\/Captura-de-pantalla-2016-06-07-a-las-23.51.22.png?fit=534%2C693\" data-orig-size=\"534,693\" data-comments-opened=\"1\" data-image-meta=\"{&quot;aperture&quot;:&quot;0&quot;,&quot;credit&quot;:&quot;&quot;,&quot;camera&quot;:&quot;&quot;,&quot;caption&quot;:&quot;&quot;,&quot;created_timestamp&quot;:&quot;0&quot;,&quot;copyright&quot;:&quot;&quot;,&quot;focal_length&quot;:&quot;0&quot;,&quot;iso&quot;:&quot;0&quot;,&quot;shutter_speed&quot;:&quot;0&quot;,&quot;title&quot;:&quot;&quot;,&quot;orientation&quot;:&quot;0&quot;}\" data-image-title=\"Captura de pantalla 2016-06-07 a las 23.51.22\" data-image-description=\"\" data-image-caption=\"\" data-medium-file=\"https:\/\/i0.wp.com\/www.moda.es\/blog\/wp-content\/uploads\/2016\/06\/Captura-de-pantalla-2016-06-07-a-las-23.51.22.png?fit=231%2C300\" data-large-file=\"https:\/\/i0.wp.com\/www.moda.es\/blog\/wp-content\/uploads\/2016\/06\/Captura-de-pantalla-2016-06-07-a-las-23.51.22.png?fit=534%2C693\" loading=\"lazy\" class=\"aligncenter size-medium wp-image-20753\" src=\"https:\/\/i0.wp.com\/www.moda.es\/blog\/wp-content\/uploads\/2016\/06\/Captura-de-pantalla-2016-06-07-a-las-23.51.22.png?resize=231%2C300\" alt=\"Captura de pantalla 2016-06-07 a las 23.51.22\" width=\"231\" height=\"300\" srcset=\"https:\/\/i0.wp.com\/www.moda.es\/blog\/wp-content\/uploads\/2016\/06\/Captura-de-pantalla-2016-06-07-a-las-23.51.22.png?resize=231%2C300 231w, https:\/\/i0.wp.com\/www.moda.es\/blog\/wp-content\/uploads\/2016\/06\/Captura-de-pantalla-2016-06-07-a-las-23.51.22.png?resize=420%2C545 420w, https:\/\/i0.wp.com\/www.moda.es\/blog\/wp-content\/uploads\/2016\/06\/Captura-de-pantalla-2016-06-07-a-las-23.51.22.png?w=534 534w\" sizes=\"(max-width: 231px) 100vw, 231px\" data-recalc-dims=\"1\" \/><\/a><\/p>\n<p>Las im\u00e1genes en\u00a0blanco y negro captura el parecido entre madre e hija, y han sido fotografiada por el fot\u00f3grafo y ex novio\u00a0de Moss, <strong>Mario Sorrenti<\/strong>.<\/p>\n<p>No es la primera vez que Lila Grace aparece en las p\u00e1ginas de Vogue. Cuando ella fue\u00a0dama de honor en la boda de su madre con <strong>Jamie Hince<\/strong> en julio de 2011, ya fue\u00a0fotografiada por <strong>Mario Testino<\/strong> para \u00a0el Vogue americano.<\/p>\n<p><a href=\"http:\/\/www.moda.es\/blog\/la-primera-portada-de-la-hija-de-kate-moss\/captura-de-pantalla-2016-06-07-a-las-23-50-57\/\" rel=\"attachment wp-att-20754\"><img data-attachment-id=\"20754\" data-permalink=\"http:\/\/www.moda.es\/blog\/la-primera-portada-de-la-hija-de-kate-moss\/captura-de-pantalla-2016-06-07-a-las-23-50-57\/\" data-orig-file=\"https:\/\/i0.wp.com\/www.moda.es\/blog\/wp-content\/uploads\/2016\/06\/Captura-de-pantalla-2016-06-07-a-las-23.50.57.png?fit=534%2C691\" data-orig-size=\"534,691\" data-comments-opened=\"1\" data-image-meta=\"{&quot;aperture&quot;:&quot;0&quot;,&quot;credit&quot;:&quot;&quot;,&quot;camera&quot;:&quot;&quot;,&quot;caption&quot;:&quot;&quot;,&quot;created_timestamp&quot;:&quot;0&quot;,&quot;copyright&quot;:&quot;&quot;,&quot;focal_length&quot;:&quot;0&quot;,&quot;iso&quot;:&quot;0&quot;,&quot;shutter_speed&quot;:&quot;0&quot;,&quot;title&quot;:&quot;&quot;,&quot;orientation&quot;:&quot;0&quot;}\" data-image-title=\"Captura de pantalla 2016-06-07 a las 23.50.57\" data-image-description=\"\" data-image-caption=\"\" data-medium-file=\"https:\/\/i0.wp.com\/www.moda.es\/blog\/wp-content\/uploads\/2016\/06\/Captura-de-pantalla-2016-06-07-a-las-23.50.57.png?fit=232%2C300\" data-large-file=\"https:\/\/i0.wp.com\/www.moda.es\/blog\/wp-content\/uploads\/2016\/06\/Captura-de-pantalla-2016-06-07-a-las-23.50.57.png?fit=534%2C691\" loading=\"lazy\" class=\"aligncenter size-medium wp-image-20754\" src=\"https:\/\/i0.wp.com\/www.moda.es\/blog\/wp-content\/uploads\/2016\/06\/Captura-de-pantalla-2016-06-07-a-las-23.50.57.png?resize=232%2C300\" alt=\"Captura de pantalla 2016-06-07 a las 23.50.57\" width=\"232\" height=\"300\" srcset=\"https:\/\/i0.wp.com\/www.moda.es\/blog\/wp-content\/uploads\/2016\/06\/Captura-de-pantalla-2016-06-07-a-las-23.50.57.png?resize=232%2C300 232w, https:\/\/i0.wp.com\/www.moda.es\/blog\/wp-content\/uploads\/2016\/06\/Captura-de-pantalla-2016-06-07-a-las-23.50.57.png?resize=420%2C543 420w, https:\/\/i0.wp.com\/www.moda.es\/blog\/wp-content\/uploads\/2016\/06\/Captura-de-pantalla-2016-06-07-a-las-23.50.57.png?w=534 534w\" sizes=\"(max-width: 232px) 100vw, 232px\" data-recalc-dims=\"1\" \/><\/a><\/p>\n<p>&nbsp;<\/p>\n<p>Esta portada\u00a0parece marcar el comienzo de lo que podr\u00eda ser una carrera de modelo que podr\u00eda\u00a0competir con la de su\u00a0mam\u00e1, de quien ya ha heredado sus perfectos\u00a0p\u00f3mulos y sus graciosas pecas.<\/p>\n<p>Sin embargo la ni\u00f1a ya ha dicho previamente que no quiere ser modelo, escribiendo la\u00a0red social <strong>Ask.fm<\/strong>: \u00abQuiz\u00e1s podr\u00eda ser\u00a0dise\u00f1adora de moda, pero definitivamente no una modelo.\u00bb<\/p>\n<p>Seguiremos de cerca a Lila porque est\u00e1 claro que va a dar mucho que hablar.<\/p>\n<p>\u00a9Fashion Telegraph                             <\/p>\n","protected":false},"excerpt":{"rendered":"<p>Hasta ahora, Kate Moss ha sido muy protectora con \u00a0la privacidad de su hija, manteni\u00e9ndola en gran medida alejada de la alfombra rojas. Pero ahora, a sus 13 a\u00f1os de edad, Lila Grace acaba de aterrizar en su primera portada de Vogue, y algo nos dice que vamos a ver [&hellip;]<\/p>\n","protected":false},"author":3,"featured_media":20753,"comment_status":"open","ping_status":"open","sticky":false,"template":"","format":"standard","meta":{"jetpack_publicize_message":"","jetpack_is_tweetstorm":false,"jetpack_publicize_feature_enabled":true},"categories":[3,11,15,17,18],"tags":[471,581,582,942],"jetpack_publicize_connections":[],"jetpack_featured_media_url":"https:\/\/i0.wp.com\/www.moda.es\/blog\/wp-content\/uploads\/2016\/06\/Captura-de-pantalla-2016-06-07-a-las-23.51.22.png?fit=534%2C693","jetpack_sharing_enabled":true,"jetpack_shortlink":"https:\/\/wp.me\/p4tJCC-5oI","jetpack-related-posts":[{"id":2676,"url":"http:\/\/www.moda.es\/blog\/sorrenti-el-modelo-reconvertido-en-fotografo\/","url_meta":{"origin":20752,"position":0},"title":"Sorrenti: el modelo reconvertido en fot\u00f3grafo","date":"julio 15, 2011","format":false,"excerpt":"Entre todos\u00a0los novios de Kate Moss, uno de los menos conocidos por el p\u00fablico en general es el fot\u00f3grafo Mario Sorrenti. No me gusta nada hablar de \"el novio de\" o \"el hijo de\"\u00a0porque toda\u00a0persona deber\u00eda avalarse a\u00a0s\u00ed misma, m\u00e1s a\u00fan,\u00a0si\u00a0es un profesional v\u00e1lido por sus propios m\u00e9ritos, como es\u2026","rel":"","context":"En \u00abFot\u00f3grafos\u00bb","img":{"alt_text":"","src":"https:\/\/i0.wp.com\/www.moda.es\/blog\/wp-content\/uploads\/2011\/07\/mariosorrentibykatemoss.jpg?resize=350%2C200","width":350,"height":200},"classes":[]},{"id":15624,"url":"http:\/\/www.moda.es\/blog\/el-debut-de-lottie-moss\/","url_meta":{"origin":20752,"position":1},"title":"El debut de Lottie Moss","date":"enero 18, 2014","format":false,"excerpt":"Mientras Kate Moss celebraba su cuarenta cumplea\u00f1os, su hermana peque\u00f1a, Lottie, ha celebrado su debut como modelo en su primera sesi\u00f3n de moda. Lottie Moss, de diecis\u00e9is a\u00f1o,\u00a0 firm\u00f3 su contrato con la agencia Storm Models la semana pasada y ha protagonizado su primer editorial de moda para Dazed &\u2026","rel":"","context":"En \u00abActualidad\u00bb","img":{"alt_text":"","src":"https:\/\/i0.wp.com\/www.moda.es\/blog\/wp-content\/uploads\/2014\/01\/Lottie-Moss-21.jpg?fit=500%2C727&resize=350%2C200","width":350,"height":200},"classes":[]},{"id":17362,"url":"http:\/\/www.moda.es\/blog\/kate-moss-vuelve-a-disenar-para-topshop\/","url_meta":{"origin":20752,"position":2},"title":"Kate Moss vuelve a dise\u00f1ar para TopShop","date":"abril 2, 2014","format":false,"excerpt":"La noticia saltaba el pasado mes de octubre: la top entre las tops, Kate Moss, hab\u00eda firmado una colaboraci\u00f3n con TopShop para crear una colecci\u00f3n de entre 40 y 50 piezas para esta primavera. La fecha del lanzamiento se acerca y qu\u00e9 mejor manera de presentarla que con una portada\u2026","rel":"","context":"En \u00abColecciones\u00bb","img":{"alt_text":"","src":"https:\/\/i0.wp.com\/www.moda.es\/blog\/wp-content\/uploads\/2014\/04\/TopShop-2.jpg?fit=650%2C859&resize=350%2C200","width":350,"height":200},"classes":[]},{"id":12825,"url":"http:\/\/www.moda.es\/blog\/25-anos-de-la-musa-quiero-decir-de-moss\/","url_meta":{"origin":20752,"position":3},"title":"25 a\u00f1os de la musa, quiero decir&#8230; de Moss","date":"mayo 29, 2013","format":false,"excerpt":"Cuando Kate Moss fue vista por primera vez por Sarah Doukas, fundadora de Storm Model Management, con su padre en el aeropuerto JFK a la tierna edad de 14 a\u00f1os, nadie podr\u00eda haber predicho que, 25 a\u00f1os m\u00e1s tarde, ser\u00eda la modelo m\u00e1s buscada, deseada, contratada, pol\u00e9mica, vers\u00e1til, ic\u00f3nica y\u2026","rel":"","context":"En \u00abActualidad\u00bb","img":{"alt_text":"","src":"https:\/\/i0.wp.com\/www.moda.es\/blog\/wp-content\/uploads\/2013\/05\/Kate-Moss-42.jpg?fit=500%2C649&resize=350%2C200","width":350,"height":200},"classes":[]},{"id":9171,"url":"http:\/\/www.moda.es\/blog\/vogue-espana-mario-testino\/","url_meta":{"origin":20752,"position":4},"title":"Vogue, Espa\u00f1a y Mario Testino","date":"noviembre 26, 2012","format":false,"excerpt":"Tras rumores, especulaciones, u\u00f1as mordidas y semanas de agria espera, los kioscos ya se han llenado con la \u00faltima edici\u00f3n de Vogue Espa\u00f1a. 452 p\u00e1ginas (que se dice pronto) de flamante n\u00famero de diciembre, muy navide\u00f1o y digno de coleccionistas con Mario Testino como director invitado\u00a0y Kate Moss (God save\u2026","rel":"","context":"En \u00abFot\u00f3grafos\u00bb","img":{"alt_text":"","src":"https:\/\/i0.wp.com\/www.moda.es\/blog\/wp-content\/uploads\/2012\/11\/portada-vogue1.jpg?fit=450%2C591&resize=350%2C200","width":350,"height":200},"classes":[]},{"id":14805,"url":"http:\/\/www.moda.es\/blog\/kate-moss-nueva-conejita-playboy\/","url_meta":{"origin":20752,"position":5},"title":"Kate Moss, nueva conejita Playboy","date":"noviembre 13, 2013","format":false,"excerpt":"Por distintos motivos, es la publicaci\u00f3n de mejor y peor reputaci\u00f3n del mundo editorial, pero Playboy celebra ya su 60 aniversario, y la mejor manera de hacerlo es colocnado a Kate Moss en su portada. El pr\u00f3ximo n\u00famero de enero ser\u00e1 testigo de la caracterizaci\u00f3n de Moss como nueva conejita\u2026","rel":"","context":"En \u00abDestacados\u00bb","img":{"alt_text":"Kate Moss","src":"https:\/\/i0.wp.com\/www.moda.es\/blog\/wp-content\/uploads\/2013\/11\/Kate-Moss-300x165.jpg?resize=350%2C200","width":350,"height":200},"classes":[]}],"_links":{"self":[{"href":"http:\/\/www.moda.es\/blog\/wp-json\/wp\/v2\/posts\/20752"}],"collection":[{"href":"http:\/\/www.moda.es\/blog\/wp-json\/wp\/v2\/posts"}],"about":[{"href":"http:\/\/www.moda.es\/blog\/wp-json\/wp\/v2\/types\/post"}],"author":[{"embeddable":true,"href":"http:\/\/www.moda.es\/blog\/wp-json\/wp\/v2\/users\/3"}],"replies":[{"embeddable":true,"href":"http:\/\/www.moda.es\/blog\/wp-json\/wp\/v2\/comments?post=20752"}],"version-history":[{"count":7,"href":"http:\/\/www.moda.es\/blog\/wp-json\/wp\/v2\/posts\/20752\/revisions"}],"predecessor-version":[{"id":35922,"href":"http:\/\/www.moda.es\/blog\/wp-json\/wp\/v2\/posts\/20752\/revisions\/35922"}],"wp:featuredmedia":[{"embeddable":true,"href":"http:\/\/www.moda.es\/blog\/wp-json\/wp\/v2\/media\/20753"}],"wp:attachment":[{"href":"http:\/\/www.moda.es\/blog\/wp-json\/wp\/v2\/media?parent=20752"}],"wp:term":[{"taxonomy":"category","embeddable":true,"href":"http:\/\/www.moda.es\/blog\/wp-json\/wp\/v2\/categories?post=20752"},{"taxonomy":"post_tag","embeddable":true,"href":"http:\/\/www.moda.es\/blog\/wp-json\/wp\/v2\/tags?post=20752"}],"curies":[{"name":"wp","href":"https:\/\/api.w.org\/{rel}","templated":true}]}}