{"id":20690,"date":"2016-05-25T00:09:49","date_gmt":"2016-05-24T23:09:49","guid":{"rendered":"http:\/\/www.moda.es\/blog\/?p=20690"},"modified":"2020-04-27T16:25:26","modified_gmt":"2020-04-27T15:25:26","slug":"mango-presenta-una-coleccion-especial-para-el-ramadan","status":"publish","type":"post","link":"http:\/\/www.moda.es\/blog\/mango-presenta-una-coleccion-especial-para-el-ramadan\/","title":{"rendered":"Mango presenta una colecci\u00f3n especial para el Ramad\u00e1n"},"content":{"rendered":"<p>El <strong>Ramad\u00e1n<\/strong>\u00a0ya est\u00e1 aqu\u00ed y las marcas cada vez m\u00e1s quieren meterse en su esp\u00edritu.<\/p>\n<p>Tras firmas de lujo como <strong>Dolce &amp; Gabbana<\/strong>, <strong>Mango<\/strong> se ha unido a\u00a0la tendencia de crear colecciones para\u00a0el Ramad\u00e1n:<strong>\u00a0faldas, caftanes, t\u00fanicas y vestidos maxi\u00a0en tejidos frescos\u00a0<\/strong>para combatir el calor y combinados con los accesorios adecuados para que las chicas del mercado \u00e1rabe sigan interpretando la moda en este momento del a\u00f1o tan importante para ellas.<\/p>\n<p><a href=\"http:\/\/www.moda.es\/blog\/mango-presenta-una-coleccion-especial-para-el-ramadan\/captura-de-pantalla-2016-05-25-a-las-0-02-06\/\" rel=\"attachment wp-att-20692\"><img data-attachment-id=\"20692\" data-permalink=\"http:\/\/www.moda.es\/blog\/mango-presenta-una-coleccion-especial-para-el-ramadan\/captura-de-pantalla-2016-05-25-a-las-0-02-06\/\" data-orig-file=\"https:\/\/i0.wp.com\/www.moda.es\/blog\/wp-content\/uploads\/2016\/05\/Captura-de-pantalla-2016-05-25-a-las-0.02.06.png?fit=656%2C470\" data-orig-size=\"656,470\" data-comments-opened=\"1\" data-image-meta=\"{&quot;aperture&quot;:&quot;0&quot;,&quot;credit&quot;:&quot;&quot;,&quot;camera&quot;:&quot;&quot;,&quot;caption&quot;:&quot;&quot;,&quot;created_timestamp&quot;:&quot;0&quot;,&quot;copyright&quot;:&quot;&quot;,&quot;focal_length&quot;:&quot;0&quot;,&quot;iso&quot;:&quot;0&quot;,&quot;shutter_speed&quot;:&quot;0&quot;,&quot;title&quot;:&quot;&quot;,&quot;orientation&quot;:&quot;0&quot;}\" data-image-title=\"Captura de pantalla 2016-05-25 a las 0.02.06\" data-image-description=\"\" data-image-caption=\"\" data-medium-file=\"https:\/\/i0.wp.com\/www.moda.es\/blog\/wp-content\/uploads\/2016\/05\/Captura-de-pantalla-2016-05-25-a-las-0.02.06.png?fit=300%2C215\" data-large-file=\"https:\/\/i0.wp.com\/www.moda.es\/blog\/wp-content\/uploads\/2016\/05\/Captura-de-pantalla-2016-05-25-a-las-0.02.06.png?fit=640%2C459\" loading=\"lazy\" class=\"aligncenter size-medium wp-image-20692\" src=\"https:\/\/i0.wp.com\/www.moda.es\/blog\/wp-content\/uploads\/2016\/05\/Captura-de-pantalla-2016-05-25-a-las-0.02.06.png?resize=300%2C215\" alt=\"Captura de pantalla 2016-05-25 a las 0.02.06\" width=\"300\" height=\"215\" srcset=\"https:\/\/i0.wp.com\/www.moda.es\/blog\/wp-content\/uploads\/2016\/05\/Captura-de-pantalla-2016-05-25-a-las-0.02.06.png?resize=300%2C215 300w, https:\/\/i0.wp.com\/www.moda.es\/blog\/wp-content\/uploads\/2016\/05\/Captura-de-pantalla-2016-05-25-a-las-0.02.06.png?resize=420%2C301 420w, https:\/\/i0.wp.com\/www.moda.es\/blog\/wp-content\/uploads\/2016\/05\/Captura-de-pantalla-2016-05-25-a-las-0.02.06.png?w=656 656w\" sizes=\"(max-width: 300px) 100vw, 300px\" data-recalc-dims=\"1\" \/><\/a><\/p>\n<p>Tras el boom de satisfacer los deseos\u00a0del <strong>mercado asi\u00e1tico,<\/strong> el \u00e1rabe supone un sector muy interesante para las marcas que, cada vez m\u00e1s, tienen que reinventarse para cumplir con todo tipo de necesidades. Y es que la poblaci\u00f3n musulmana invierte, seg\u00fan\u00a0el <strong>Reporte Global de Econom\u00eda Isl\u00e1mica<\/strong> de 2015 y 2016,\u00a0<strong>200.000 millones de euros en ropa al a\u00f1o<\/strong> y, seg\u00fan Thomson Reuters, en el 2019 estas compradoras destinar\u00e1n en torno a <strong>450.000 millones de euros<\/strong>: superando a los mercados de Reino Unido, Alemania e India juntos. No es en absoluto un mercado al que descuidar.<\/p>\n<p><a href=\"http:\/\/www.moda.es\/blog\/mango-presenta-una-coleccion-especial-para-el-ramadan\/captura-de-pantalla-2016-05-25-a-las-0-02-51\/\" rel=\"attachment wp-att-20693\"><img data-attachment-id=\"20693\" data-permalink=\"http:\/\/www.moda.es\/blog\/mango-presenta-una-coleccion-especial-para-el-ramadan\/captura-de-pantalla-2016-05-25-a-las-0-02-51\/\" data-orig-file=\"https:\/\/i0.wp.com\/www.moda.es\/blog\/wp-content\/uploads\/2016\/05\/Captura-de-pantalla-2016-05-25-a-las-0.02.51.png?fit=377%2C567\" data-orig-size=\"377,567\" data-comments-opened=\"1\" data-image-meta=\"{&quot;aperture&quot;:&quot;0&quot;,&quot;credit&quot;:&quot;&quot;,&quot;camera&quot;:&quot;&quot;,&quot;caption&quot;:&quot;&quot;,&quot;created_timestamp&quot;:&quot;0&quot;,&quot;copyright&quot;:&quot;&quot;,&quot;focal_length&quot;:&quot;0&quot;,&quot;iso&quot;:&quot;0&quot;,&quot;shutter_speed&quot;:&quot;0&quot;,&quot;title&quot;:&quot;&quot;,&quot;orientation&quot;:&quot;0&quot;}\" data-image-title=\"Captura de pantalla 2016-05-25 a las 0.02.51\" data-image-description=\"\" data-image-caption=\"\" data-medium-file=\"https:\/\/i0.wp.com\/www.moda.es\/blog\/wp-content\/uploads\/2016\/05\/Captura-de-pantalla-2016-05-25-a-las-0.02.51.png?fit=199%2C300\" data-large-file=\"https:\/\/i0.wp.com\/www.moda.es\/blog\/wp-content\/uploads\/2016\/05\/Captura-de-pantalla-2016-05-25-a-las-0.02.51.png?fit=377%2C567\" loading=\"lazy\" class=\"aligncenter size-medium wp-image-20693\" src=\"https:\/\/i0.wp.com\/www.moda.es\/blog\/wp-content\/uploads\/2016\/05\/Captura-de-pantalla-2016-05-25-a-las-0.02.51.png?resize=199%2C300\" alt=\"Captura de pantalla 2016-05-25 a las 0.02.51\" width=\"199\" height=\"300\" srcset=\"https:\/\/i0.wp.com\/www.moda.es\/blog\/wp-content\/uploads\/2016\/05\/Captura-de-pantalla-2016-05-25-a-las-0.02.51.png?resize=199%2C300 199w, https:\/\/i0.wp.com\/www.moda.es\/blog\/wp-content\/uploads\/2016\/05\/Captura-de-pantalla-2016-05-25-a-las-0.02.51.png?w=377 377w\" sizes=\"(max-width: 199px) 100vw, 199px\" data-recalc-dims=\"1\" \/><\/a><\/p>\n<p>\u00abSensibilizarse con las caracter\u00edsticas de mercados como el \u00e1rabe, el asi\u00e1tico, pa\u00edses fr\u00edos o de temporada invertida forma parte del ADN de\u00a0Mango\u00bb,\u00a0han declarado desde la compa\u00f1\u00eda. \u00abDesde el Departamento de Colecciones Especiales se desarrollan <strong>dise\u00f1os exclusivos<\/strong> cumpliendo con los c\u00e1nones culturales y religiosos de pa\u00edses en distintas zonas, como la de Oriente Medio\u00bb.<\/p>\n<p><a href=\"http:\/\/www.moda.es\/blog\/mango-presenta-una-coleccion-especial-para-el-ramadan\/captura-de-pantalla-2016-05-25-a-las-0-02-42\/\" rel=\"attachment wp-att-20691\"><img data-attachment-id=\"20691\" data-permalink=\"http:\/\/www.moda.es\/blog\/mango-presenta-una-coleccion-especial-para-el-ramadan\/captura-de-pantalla-2016-05-25-a-las-0-02-42\/\" data-orig-file=\"https:\/\/i0.wp.com\/www.moda.es\/blog\/wp-content\/uploads\/2016\/05\/Captura-de-pantalla-2016-05-25-a-las-0.02.42.png?fit=372%2C568\" data-orig-size=\"372,568\" data-comments-opened=\"1\" data-image-meta=\"{&quot;aperture&quot;:&quot;0&quot;,&quot;credit&quot;:&quot;&quot;,&quot;camera&quot;:&quot;&quot;,&quot;caption&quot;:&quot;&quot;,&quot;created_timestamp&quot;:&quot;0&quot;,&quot;copyright&quot;:&quot;&quot;,&quot;focal_length&quot;:&quot;0&quot;,&quot;iso&quot;:&quot;0&quot;,&quot;shutter_speed&quot;:&quot;0&quot;,&quot;title&quot;:&quot;&quot;,&quot;orientation&quot;:&quot;0&quot;}\" data-image-title=\"Captura de pantalla 2016-05-25 a las 0.02.42\" data-image-description=\"\" data-image-caption=\"\" data-medium-file=\"https:\/\/i0.wp.com\/www.moda.es\/blog\/wp-content\/uploads\/2016\/05\/Captura-de-pantalla-2016-05-25-a-las-0.02.42.png?fit=196%2C300\" data-large-file=\"https:\/\/i0.wp.com\/www.moda.es\/blog\/wp-content\/uploads\/2016\/05\/Captura-de-pantalla-2016-05-25-a-las-0.02.42.png?fit=372%2C568\" loading=\"lazy\" class=\"aligncenter size-medium wp-image-20691\" src=\"https:\/\/i0.wp.com\/www.moda.es\/blog\/wp-content\/uploads\/2016\/05\/Captura-de-pantalla-2016-05-25-a-las-0.02.42.png?resize=196%2C300\" alt=\"Captura de pantalla 2016-05-25 a las 0.02.42\" width=\"196\" height=\"300\" srcset=\"https:\/\/i0.wp.com\/www.moda.es\/blog\/wp-content\/uploads\/2016\/05\/Captura-de-pantalla-2016-05-25-a-las-0.02.42.png?resize=196%2C300 196w, https:\/\/i0.wp.com\/www.moda.es\/blog\/wp-content\/uploads\/2016\/05\/Captura-de-pantalla-2016-05-25-a-las-0.02.42.png?w=372 372w\" sizes=\"(max-width: 196px) 100vw, 196px\" data-recalc-dims=\"1\" \/><\/a><\/p>\n<p>La colecci\u00f3n llegar\u00e1 a las tiendas y a su web el pr\u00f3ximo<strong> 30 de mayo<\/strong> y a pesar de que no sigas los preceptos de la ley musulmana, hay m\u00e1s de un look apetecible.<\/p>\n<p>\u00a9Mango \/ Yo Dona                             <\/p>\n","protected":false},"excerpt":{"rendered":"<p>El Ramad\u00e1n\u00a0ya est\u00e1 aqu\u00ed y las marcas cada vez m\u00e1s quieren meterse en su esp\u00edritu. Tras firmas de lujo como Dolce &amp; Gabbana, Mango se ha unido a\u00a0la tendencia de crear colecciones para\u00a0el Ramad\u00e1n:\u00a0faldas, caftanes, t\u00fanicas y vestidos maxi\u00a0en tejidos frescos\u00a0para combatir el calor y combinados con los accesorios adecuados [&hellip;]<\/p>\n","protected":false},"author":3,"featured_media":20691,"comment_status":"open","ping_status":"open","sticky":false,"template":"","format":"standard","meta":{"jetpack_publicize_message":"","jetpack_is_tweetstorm":false,"jetpack_publicize_feature_enabled":true},"categories":[3,10,11,14],"tags":[566],"jetpack_publicize_connections":[],"jetpack_featured_media_url":"https:\/\/i0.wp.com\/www.moda.es\/blog\/wp-content\/uploads\/2016\/05\/Captura-de-pantalla-2016-05-25-a-las-0.02.42.png?fit=372%2C568","jetpack_sharing_enabled":true,"jetpack_shortlink":"https:\/\/wp.me\/p4tJCC-5nI","jetpack-related-posts":[{"id":20151,"url":"http:\/\/www.moda.es\/blog\/dolce-gabbana-exploran-su-version-arabe\/","url_meta":{"origin":20690,"position":0},"title":"Dolce &amp; Gabbana, exploran su versi\u00f3n \u00e1rabe","date":"enero 6, 2016","format":false,"excerpt":"Puede que los italianos Dolce & Gabbana se hayan hecho famosos por sus vestidos que marcan la cintura\u00a0pero eso no significa que la empresa no sea\u00a0consciente de que tiene fans a las que les gusta vestir de forma un poco m\u00e1s comedida. Como resultado, la marca ha lanzado esta semana\u2026","rel":"","context":"En \u00abActualidad\u00bb","img":{"alt_text":"","src":"https:\/\/i0.wp.com\/www.moda.es\/blog\/wp-content\/uploads\/2016\/01\/Captura-de-pantalla-2016-01-06-a-las-0.51.25.png?fit=604%2C703&resize=350%2C200","width":350,"height":200},"classes":[]},{"id":11503,"url":"http:\/\/www.moda.es\/blog\/mango-y-guillermina-baeza-vuelven-a-banarse-juntos\/","url_meta":{"origin":20690,"position":1},"title":"Mango y Guillermina Baeza vuelven a ba\u00f1arse juntos","date":"marzo 15, 2013","format":false,"excerpt":"El verano pasado Guillermina Baeza y Mango se prometieron amor y fidelidad y el resultado fue francamente bueno. Una vez m\u00e1s, y tras el \u00e9xito de la primera colaboraci\u00f3n, la alianza regresa esta primavera Primavera\/Verano 2013. En esta ocasi\u00f3n, la disenadora se ha servido de los elementos de la naturaleza\u2026","rel":"","context":"En \u00abActualidad\u00bb","img":{"alt_text":"","src":"https:\/\/i0.wp.com\/www.moda.es\/blog\/wp-content\/uploads\/2013\/03\/BELEN-LARRUY.GUILLERMINA-BAEZA.CECILE-PELACH1.jpg?fit=400%2C300&resize=350%2C200","width":350,"height":200},"classes":[]},{"id":21779,"url":"http:\/\/www.moda.es\/blog\/mango-presenta-su-nueva-coleccion-eco-friendly\/","url_meta":{"origin":20690,"position":2},"title":"Mango presenta su nueva colecci\u00f3n eco-friendly","date":"febrero 13, 2017","format":false,"excerpt":"Mango ha dado un nuevo paso hacia la sostenibilidad\u00a0mediante el lanzamiento de una nueva colecci\u00f3n llamada Mango Commited. La colecci\u00f3n de 45 piezas (que comprende 25 prendas\u00a0de mujeres y 20 de hombres) se lanza online y en tienda esta semana\u00a0y no es la primera iniciativa de este tipo que la\u2026","rel":"","context":"En \u00abActualidad\u00bb","img":{"alt_text":"","src":"https:\/\/i0.wp.com\/www.moda.es\/blog\/wp-content\/uploads\/2017\/02\/Captura-de-pantalla-2017-02-13-a-las-22.10.59.png?fit=521%2C346&resize=350%2C200","width":350,"height":200},"classes":[]},{"id":18865,"url":"http:\/\/www.moda.es\/blog\/tenemos-chica-nueva-en-mango-2\/","url_meta":{"origin":20690,"position":3},"title":"Tenemos chica nueva en Mango","date":"febrero 5, 2015","format":false,"excerpt":"Mango comienza el a\u00f1o con su habitual renovaci\u00f3n de chica de campa\u00f1a. Tras el doblete de Miranda Kerr y Darja Daria Werbowy, 2015 ser\u00e1 el a\u00f1o de Anna Ewers. A sus 21 a\u00f1os, la participaci\u00f3n de esta modelo alemana en las pasarelas m\u00e1s internacionales se ha hecho frecuente, especialmente desde\u2026","rel":"","context":"En \u00abCampa\u00f1as\u00bb","img":{"alt_text":"","src":"https:\/\/i0.wp.com\/www.moda.es\/blog\/wp-content\/uploads\/2015\/02\/mango1.jpg?fit=650%2C881&resize=350%2C200","width":350,"height":200},"classes":[]},{"id":15904,"url":"http:\/\/www.moda.es\/blog\/violeta-ya-tiene-cara\/","url_meta":{"origin":20690,"position":4},"title":"Violeta ya tiene cara","date":"febrero 11, 2014","format":false,"excerpt":"Tras el anuncio, la salida a venta y las im\u00e1genes de la colecci\u00f3n, llega la cara de Violeta by Mango. Por su simpat\u00eda, su popularidad y su vinculaci\u00f3n con la moda, Vicky Mart\u00edn Berrocal ha sido escogida imagen de la nueva marca de talla grande de Mango. La modelo, que\u2026","rel":"","context":"En \u00abAccesorios\u00bb","img":{"alt_text":"","src":"https:\/\/i0.wp.com\/www.moda.es\/blog\/wp-content\/uploads\/2014\/02\/Violeta-by-Mango12.jpg?fit=500%2C751&resize=350%2C200","width":350,"height":200},"classes":[]},{"id":11041,"url":"http:\/\/www.moda.es\/blog\/mango-anuncia-sus-nuevas-lineas-de-ninos-deporte-y-lenceria\/","url_meta":{"origin":20690,"position":5},"title":"Mango anuncia sus nuevas l\u00edneas de ni\u00f1os, deporte y lencer\u00eda","date":"febrero 21, 2013","format":false,"excerpt":"Divide y vencer\u00e1s... y si ya tienes \u00e9xito en tu campo, ampl\u00eda miras y conquista nuevos horizontes. Una de nuestras marcas catalanas preferidas, s\u00ed, estamos hablando de Mango, ha seguido estas m\u00e1ximas y ha anunciado sus nuevos y ambiciosos proyectos. En la pr\u00f3xima temporada Oto\u00f1o - Invierno 2013 estrenar\u00e1 dos\u2026","rel":"","context":"En \u00abActualidad\u00bb","img":{"alt_text":"","src":"https:\/\/i0.wp.com\/www.moda.es\/blog\/wp-content\/uploads\/2013\/02\/MANGO-Sport-Intiamtes-21.jpg?fit=500%2C308&resize=350%2C200","width":350,"height":200},"classes":[]}],"_links":{"self":[{"href":"http:\/\/www.moda.es\/blog\/wp-json\/wp\/v2\/posts\/20690"}],"collection":[{"href":"http:\/\/www.moda.es\/blog\/wp-json\/wp\/v2\/posts"}],"about":[{"href":"http:\/\/www.moda.es\/blog\/wp-json\/wp\/v2\/types\/post"}],"author":[{"embeddable":true,"href":"http:\/\/www.moda.es\/blog\/wp-json\/wp\/v2\/users\/3"}],"replies":[{"embeddable":true,"href":"http:\/\/www.moda.es\/blog\/wp-json\/wp\/v2\/comments?post=20690"}],"version-history":[{"count":7,"href":"http:\/\/www.moda.es\/blog\/wp-json\/wp\/v2\/posts\/20690\/revisions"}],"predecessor-version":[{"id":35930,"href":"http:\/\/www.moda.es\/blog\/wp-json\/wp\/v2\/posts\/20690\/revisions\/35930"}],"wp:featuredmedia":[{"embeddable":true,"href":"http:\/\/www.moda.es\/blog\/wp-json\/wp\/v2\/media\/20691"}],"wp:attachment":[{"href":"http:\/\/www.moda.es\/blog\/wp-json\/wp\/v2\/media?parent=20690"}],"wp:term":[{"taxonomy":"category","embeddable":true,"href":"http:\/\/www.moda.es\/blog\/wp-json\/wp\/v2\/categories?post=20690"},{"taxonomy":"post_tag","embeddable":true,"href":"http:\/\/www.moda.es\/blog\/wp-json\/wp\/v2\/tags?post=20690"}],"curies":[{"name":"wp","href":"https:\/\/api.w.org\/{rel}","templated":true}]}}