{"id":20666,"date":"2016-05-16T23:11:11","date_gmt":"2016-05-16T22:11:11","guid":{"rendered":"http:\/\/www.moda.es\/blog\/?p=20666"},"modified":"2020-04-27T16:26:05","modified_gmt":"2020-04-27T15:26:05","slug":"en-el-baile-de-las-sillas-de-la-moda","status":"publish","type":"post","link":"http:\/\/www.moda.es\/blog\/en-el-baile-de-las-sillas-de-la-moda\/","title":{"rendered":"En el baile de las sillas de la moda&#8230;"},"content":{"rendered":"<p>&#8230;ya van quedando menos candidatos para ocupar la de <strong>Dior<\/strong>.<\/p>\n<p>El dise\u00f1ador <strong>Jonathan Saunders<\/strong> ha sido objeto de muchos\u00a0comentarios\u00a0la industria desde el a\u00f1o pasado: En diciembre, de repente se anunci\u00f3 que ser\u00eda el creador\u00a0de la marca\u00a0de ropa de mujer del mismo nombre que fund\u00f3 en <strong>2003<\/strong>, apoyando la\u00a0especulaci\u00f3n generalizada de que \u00e9l estaba en la lista para conseguir\u00a0el puesto m\u00e1s alto en Dior , llenando la vacante dejada por <strong>Raf Simons<\/strong> en octubre.<\/p>\n<p>Sin embargo, ese rumor fue puesto a descansar cuando desde<strong> Diane von Furstenberg<\/strong>\u00a0se anunci\u00f3 que hab\u00edan contratado a Saunders como su <strong>primer director creativo, con efecto inmediato<\/strong>. El dise\u00f1ador escoc\u00e9s ser\u00e1 responsable de \u00abla direcci\u00f3n general creativa de la marca\u00bb, y reportar\u00e1 directamente al CEO de la compa\u00f1\u00eda,\u00a0<strong>Paolo Riva<\/strong>, quien fue contratado a principios de <strong>2015.<\/strong><\/p>\n<p>\u00abLa extraordinaria pasi\u00f3n de Jonathan, sus colores y estampados, sus dise\u00f1os sin esfuerzo, y su deseo de <strong>hacer que las mujeres se sientan bellas<\/strong> son\u00a0la fuerza creativa perfecta para dirigir DVF en el futuro\u00bb, dijo von Furstenberg en un comunicado. \u00abNo podr\u00eda haber encontrado un dise\u00f1ador m\u00e1s <strong>inteligente<\/strong>\u00a0y m\u00e1s <strong>fresco<\/strong> y no puedo esperar a verle brillar como nuestro director creativo.\u00bb<\/p>\n<p>Adem\u00e1s, el hecho de que en\u00a0Hollywood hayan elegido\u00a0con tanta frecuencia\u00a0elegido sus dise\u00f1os en los \u00faltimos a\u00f1os es una ventaja para von Furstenberg, que est\u00e1 tratando de encontrar el equilibrio y seguir siendo relevante, en la siempre\u00a0cambiante\u00a0era digital.<\/p>\n<p>Estamos deseando ver c\u00f3mo impacta el toque de Saunders en las futuras colecciones as\u00ed como lo que significar\u00e1 su llegada a la marca para el futuro\u00a0papel de von Furstenberg en la empresa.<\/p>\n<p><a href=\"http:\/\/www.moda.es\/blog\/en-el-baile-de-las-sillas-de-la-moda\/captura-de-pantalla-2016-05-16-a-las-23-55-54\/\" rel=\"attachment wp-att-20667\"><img data-attachment-id=\"20667\" data-permalink=\"http:\/\/www.moda.es\/blog\/en-el-baile-de-las-sillas-de-la-moda\/captura-de-pantalla-2016-05-16-a-las-23-55-54\/\" data-orig-file=\"https:\/\/i0.wp.com\/www.moda.es\/blog\/wp-content\/uploads\/2016\/05\/Captura-de-pantalla-2016-05-16-a-las-23.55.54.png?fit=617%2C428\" data-orig-size=\"617,428\" data-comments-opened=\"1\" data-image-meta=\"{&quot;aperture&quot;:&quot;0&quot;,&quot;credit&quot;:&quot;&quot;,&quot;camera&quot;:&quot;&quot;,&quot;caption&quot;:&quot;&quot;,&quot;created_timestamp&quot;:&quot;0&quot;,&quot;copyright&quot;:&quot;&quot;,&quot;focal_length&quot;:&quot;0&quot;,&quot;iso&quot;:&quot;0&quot;,&quot;shutter_speed&quot;:&quot;0&quot;,&quot;title&quot;:&quot;&quot;,&quot;orientation&quot;:&quot;0&quot;}\" data-image-title=\"Captura de pantalla 2016-05-16 a las 23.55.54\" data-image-description=\"\" data-image-caption=\"\" data-medium-file=\"https:\/\/i0.wp.com\/www.moda.es\/blog\/wp-content\/uploads\/2016\/05\/Captura-de-pantalla-2016-05-16-a-las-23.55.54.png?fit=300%2C208\" data-large-file=\"https:\/\/i0.wp.com\/www.moda.es\/blog\/wp-content\/uploads\/2016\/05\/Captura-de-pantalla-2016-05-16-a-las-23.55.54.png?fit=617%2C428\" loading=\"lazy\" class=\"aligncenter size-medium wp-image-20667\" src=\"https:\/\/i0.wp.com\/www.moda.es\/blog\/wp-content\/uploads\/2016\/05\/Captura-de-pantalla-2016-05-16-a-las-23.55.54.png?resize=300%2C208\" alt=\"Captura de pantalla 2016-05-16 a las 23.55.54\" width=\"300\" height=\"208\" srcset=\"https:\/\/i0.wp.com\/www.moda.es\/blog\/wp-content\/uploads\/2016\/05\/Captura-de-pantalla-2016-05-16-a-las-23.55.54.png?resize=300%2C208 300w, https:\/\/i0.wp.com\/www.moda.es\/blog\/wp-content\/uploads\/2016\/05\/Captura-de-pantalla-2016-05-16-a-las-23.55.54.png?resize=420%2C291 420w, https:\/\/i0.wp.com\/www.moda.es\/blog\/wp-content\/uploads\/2016\/05\/Captura-de-pantalla-2016-05-16-a-las-23.55.54.png?w=617 617w\" sizes=\"(max-width: 300px) 100vw, 300px\" data-recalc-dims=\"1\" \/><\/a><\/p>\n<p>\u00a9Fashionista                             <\/p>\n","protected":false},"excerpt":{"rendered":"<p>&#8230;ya van quedando menos candidatos para ocupar la de Dior. El dise\u00f1ador Jonathan Saunders ha sido objeto de muchos\u00a0comentarios\u00a0la industria desde el a\u00f1o pasado: En diciembre, de repente se anunci\u00f3 que ser\u00eda el creador\u00a0de la marca\u00a0de ropa de mujer del mismo nombre que fund\u00f3 en 2003, apoyando la\u00a0especulaci\u00f3n generalizada de [&hellip;]<\/p>\n","protected":false},"author":3,"featured_media":20667,"comment_status":"open","ping_status":"open","sticky":false,"template":"","format":"standard","meta":{"jetpack_publicize_message":"","jetpack_is_tweetstorm":false,"jetpack_publicize_feature_enabled":true},"categories":[3,11,12,14],"tags":[260,263,447,1399],"jetpack_publicize_connections":[],"jetpack_featured_media_url":"https:\/\/i0.wp.com\/www.moda.es\/blog\/wp-content\/uploads\/2016\/05\/Captura-de-pantalla-2016-05-16-a-las-23.55.54.png?fit=617%2C428","jetpack_sharing_enabled":true,"jetpack_shortlink":"https:\/\/wp.me\/p4tJCC-5nk","jetpack-related-posts":[{"id":22583,"url":"http:\/\/www.moda.es\/blog\/la-nueva-imagen-de-balenciaga\/","url_meta":{"origin":20666,"position":0},"title":"La nueva imagen de Balenciaga","date":"septiembre 29, 2017","format":false,"excerpt":"Demna Gvasalia ha reformado totalmente la imagen de Balenciaga desde que asumi\u00f3 el liderazgo como director creativo en 2015. Esta misma ma\u00f1ana, la marca dio a conocer lo \u00faltimo que le quedan por hacer a Gvasalia: el cambio del logotipo de la firma. Al igual que Raf Simons en Calvin\u2026","rel":"","context":"En \u00abActualidad\u00bb","img":{"alt_text":"","src":"https:\/\/i0.wp.com\/www.moda.es\/blog\/wp-content\/uploads\/2017\/09\/Captura-de-pantalla-2017-09-29-a-las-19.52.39.png?fit=508%2C307&resize=350%2C200","width":350,"height":200},"classes":[]},{"id":15921,"url":"http:\/\/www.moda.es\/blog\/vuelven-los-tiempos-de-cambios\/","url_meta":{"origin":20666,"position":1},"title":"Vuelven los tiempos de cambios&#8230;","date":"febrero 12, 2014","format":false,"excerpt":"...y esta vez le toca a Diane Von Furstenberg. Hac\u00eda tiempo que no ve\u00edamos el ya emblem\u00e1tico juego de las sillas que tanto gusta a las firmas de moda, y ya tenemos uno con el que estrenar la temporada. Michael Herz ha sido anuncado nuevo director art\u00edstico de DVF. Su\u2026","rel":"","context":"En \u00abActualidad\u00bb","img":{"alt_text":"","src":"https:\/\/i0.wp.com\/www.moda.es\/blog\/wp-content\/uploads\/2014\/02\/Michael-Herz1.jpg?fit=500%2C750&resize=350%2C200","width":350,"height":200},"classes":[]},{"id":20534,"url":"http:\/\/www.moda.es\/blog\/raf-simons-la-vida-despues-de-dior\/","url_meta":{"origin":20666,"position":2},"title":"Raf Simons: la vida despu\u00e9s de Dior","date":"abril 17, 2016","format":false,"excerpt":"Porque la vida siempre tiene que continuar, Raf Simons sigue adelante con sus proyectos despu\u00e9s de su salida\u00a0Dior. El dise\u00f1ador ha revelado que mostrar\u00e1 la nueva\u00a0colecci\u00f3n masculina\u00a0de la temporada primavera - verano 2017\u00a0en la pr\u00f3xima edici\u00f3n de Pitti este mes de junio. \"Florencia tiene un lugar especial en mi coraz\u00f3n,\u2026","rel":"","context":"En \u00abActualidad\u00bb","img":{"alt_text":"","src":"https:\/\/i0.wp.com\/www.moda.es\/blog\/wp-content\/uploads\/2016\/04\/Captura-de-pantalla-2016-04-17-a-las-22.17.37.png?fit=287%2C431&resize=350%2C200","width":350,"height":200},"classes":[]},{"id":19935,"url":"http:\/\/www.moda.es\/blog\/descubre-la-colaboracion-de-jonathan-saunders-y-radley\/","url_meta":{"origin":20666,"position":3},"title":"Descubre la colaboraci\u00f3n de Jonathan Saunders y Radley","date":"octubre 31, 2015","format":false,"excerpt":"En alg\u00fan momento las firmas de moda, las bloggers, los estilistas y las revistas se confabularon para que la pasi\u00f3n que pod\u00eda despertar un bolso fuera directamente proporcional a lo desmesurado de su precio. Afortunadamente para las que todav\u00eda acarician el sue\u00f1o de tener en su poder uno de esos\u2026","rel":"","context":"En \u00abAccesorios\u00bb","img":{"alt_text":"","src":"https:\/\/i0.wp.com\/www.moda.es\/blog\/wp-content\/uploads\/2015\/10\/Captura-de-pantalla-2015-10-31-a-las-22.50.06.png?fit=661%2C436&resize=350%2C200","width":350,"height":200},"classes":[]},{"id":19919,"url":"http:\/\/www.moda.es\/blog\/raf-simons-abandona-dior\/","url_meta":{"origin":20666,"position":4},"title":"Raf Simons abandona Dior","date":"octubre 24, 2015","format":false,"excerpt":"Tres a\u00f1os, s\u00f3lo tres a\u00f1os ha estado Raf Simons a los mandos de la casa de los sue\u00f1os. El rusos llevaba semanas circulando entre los c\u00edrculos de la moda y ahora, aparentemente por razones personales, ha decidido dejar Christian Dior. La noticia ha sido confirmada en un comunicado de Sidney\u2026","rel":"","context":"En \u00abActualidad\u00bb","img":{"alt_text":"","src":"https:\/\/i0.wp.com\/www.moda.es\/blog\/wp-content\/uploads\/2015\/10\/Captura-de-pantalla-2015-10-24-a-las-15.50.34.png?fit=323%2C485&resize=350%2C200","width":350,"height":200},"classes":[]},{"id":20489,"url":"http:\/\/www.moda.es\/blog\/hedi-slimane-abandona-saint-laurent\/","url_meta":{"origin":20666,"position":5},"title":"Hedi Slimane abandona Saint Laurent","date":"abril 2, 2016","format":false,"excerpt":"Hedi Slimane,ha abandonado su papel de director creativo\u00a0de\u00a0Saint Laurent\u00a0seg\u00fan ha anunciado el\u00a0\u00a0propietario de Kering. El anuncio se ha producido en el momento en el que finalizaba su contrato con la \u00a0confirmando los rumores que han estado circulando por la industria de la moda desde finales del a\u00f1o pasado. \"Lo que\u2026","rel":"","context":"En \u00abActualidad\u00bb","img":{"alt_text":"","src":"https:\/\/i0.wp.com\/www.moda.es\/blog\/wp-content\/uploads\/2016\/04\/Captura-de-pantalla-2016-04-02-a-las-18.25.45.png?fit=778%2C517&resize=350%2C200","width":350,"height":200},"classes":[]}],"_links":{"self":[{"href":"http:\/\/www.moda.es\/blog\/wp-json\/wp\/v2\/posts\/20666"}],"collection":[{"href":"http:\/\/www.moda.es\/blog\/wp-json\/wp\/v2\/posts"}],"about":[{"href":"http:\/\/www.moda.es\/blog\/wp-json\/wp\/v2\/types\/post"}],"author":[{"embeddable":true,"href":"http:\/\/www.moda.es\/blog\/wp-json\/wp\/v2\/users\/3"}],"replies":[{"embeddable":true,"href":"http:\/\/www.moda.es\/blog\/wp-json\/wp\/v2\/comments?post=20666"}],"version-history":[{"count":7,"href":"http:\/\/www.moda.es\/blog\/wp-json\/wp\/v2\/posts\/20666\/revisions"}],"predecessor-version":[{"id":35934,"href":"http:\/\/www.moda.es\/blog\/wp-json\/wp\/v2\/posts\/20666\/revisions\/35934"}],"wp:featuredmedia":[{"embeddable":true,"href":"http:\/\/www.moda.es\/blog\/wp-json\/wp\/v2\/media\/20667"}],"wp:attachment":[{"href":"http:\/\/www.moda.es\/blog\/wp-json\/wp\/v2\/media?parent=20666"}],"wp:term":[{"taxonomy":"category","embeddable":true,"href":"http:\/\/www.moda.es\/blog\/wp-json\/wp\/v2\/categories?post=20666"},{"taxonomy":"post_tag","embeddable":true,"href":"http:\/\/www.moda.es\/blog\/wp-json\/wp\/v2\/tags?post=20666"}],"curies":[{"name":"wp","href":"https:\/\/api.w.org\/{rel}","templated":true}]}}