{"id":20647,"date":"2016-05-10T22:00:09","date_gmt":"2016-05-10T21:00:09","guid":{"rendered":"http:\/\/www.moda.es\/blog\/?p=20647"},"modified":"2020-04-27T16:26:33","modified_gmt":"2020-04-27T15:26:33","slug":"la-campana-mas-provocativa-de-calvin-klein","status":"publish","type":"post","link":"http:\/\/www.moda.es\/blog\/la-campana-mas-provocativa-de-calvin-klein\/","title":{"rendered":"La campa\u00f1a m\u00e1s provocativa de Calvin Klein"},"content":{"rendered":"<p>Si <strong>Calvin Klein<\/strong> tiene una se\u00f1a de identidad\u00a0es su cara tendencia a publicar\u00a0sugerentes campa\u00f1as publicitarias. Que la sexualidad est\u00e1 relacionada\u00a0con el ADN de la marca es obvio\u00a0y con\u00a0los a\u00f1os, hemos aprendido a prepararnos para cierto impacto cada vez que se presentaba una nueva campa\u00f1a\u00a0(en 2015 sus anuncios mostraban la tem\u00e1tica del\u00a0<em>sexting<\/em>). Sin embargo, su \u00faltima campa\u00f1a, llamada claramente <strong>\u00abErotica\u00bb,<\/strong> es una historia completamente diferente.<\/p>\n<p><a href=\"http:\/\/www.moda.es\/blog\/la-campana-mas-provocativa-de-calvin-klein\/captura-de-pantalla-2016-05-10-a-las-22-27-34\/\" rel=\"attachment wp-att-20648\"><img data-attachment-id=\"20648\" data-permalink=\"http:\/\/www.moda.es\/blog\/la-campana-mas-provocativa-de-calvin-klein\/captura-de-pantalla-2016-05-10-a-las-22-27-34\/\" data-orig-file=\"https:\/\/i0.wp.com\/www.moda.es\/blog\/wp-content\/uploads\/2016\/05\/Captura-de-pantalla-2016-05-10-a-las-22.27.34.png?fit=615%2C418\" data-orig-size=\"615,418\" data-comments-opened=\"1\" data-image-meta=\"{&quot;aperture&quot;:&quot;0&quot;,&quot;credit&quot;:&quot;&quot;,&quot;camera&quot;:&quot;&quot;,&quot;caption&quot;:&quot;&quot;,&quot;created_timestamp&quot;:&quot;0&quot;,&quot;copyright&quot;:&quot;&quot;,&quot;focal_length&quot;:&quot;0&quot;,&quot;iso&quot;:&quot;0&quot;,&quot;shutter_speed&quot;:&quot;0&quot;,&quot;title&quot;:&quot;&quot;,&quot;orientation&quot;:&quot;0&quot;}\" data-image-title=\"Captura de pantalla 2016-05-10 a las 22.27.34\" data-image-description=\"\" data-image-caption=\"\" data-medium-file=\"https:\/\/i0.wp.com\/www.moda.es\/blog\/wp-content\/uploads\/2016\/05\/Captura-de-pantalla-2016-05-10-a-las-22.27.34.png?fit=300%2C204\" data-large-file=\"https:\/\/i0.wp.com\/www.moda.es\/blog\/wp-content\/uploads\/2016\/05\/Captura-de-pantalla-2016-05-10-a-las-22.27.34.png?fit=615%2C418\" loading=\"lazy\" class=\"aligncenter size-medium wp-image-20648\" src=\"https:\/\/i0.wp.com\/www.moda.es\/blog\/wp-content\/uploads\/2016\/05\/Captura-de-pantalla-2016-05-10-a-las-22.27.34.png?resize=300%2C204\" alt=\"Captura de pantalla 2016-05-10 a las 22.27.34\" width=\"300\" height=\"204\" srcset=\"https:\/\/i0.wp.com\/www.moda.es\/blog\/wp-content\/uploads\/2016\/05\/Captura-de-pantalla-2016-05-10-a-las-22.27.34.png?resize=300%2C204 300w, https:\/\/i0.wp.com\/www.moda.es\/blog\/wp-content\/uploads\/2016\/05\/Captura-de-pantalla-2016-05-10-a-las-22.27.34.png?resize=420%2C285 420w, https:\/\/i0.wp.com\/www.moda.es\/blog\/wp-content\/uploads\/2016\/05\/Captura-de-pantalla-2016-05-10-a-las-22.27.34.png?w=615 615w\" sizes=\"(max-width: 300px) 100vw, 300px\" data-recalc-dims=\"1\" \/><\/a><\/p>\n<p>Para la <strong>primavera de 2016<\/strong>, Calvin Klein ha contado con\u00a0una gran cantidad de sus\u00a0caras habituales, incluyendo a <strong>Kendall Jenner<\/strong> y <strong>Abbey Lee Kershaw<\/strong>. En una imagen,Jenner posa con un pomelo que se asemeja no muy\u00a0sutilmente a una parte de la anatom\u00eda femenina; en otro, a continuaci\u00f3n, una modelo lleva un par de pantalones vaqueros hacia atr\u00e1s para mostrar lo que <strong>Urban Dictionary<\/strong> llama un <strong><em>belfie.<\/em><\/strong> <strong>Harley Weir<\/strong>, por tradici\u00f3n reciente,\u00a0ha sido el art\u00edfice de las fotograf\u00edas.<\/p>\n<p><a href=\"http:\/\/www.moda.es\/blog\/la-campana-mas-provocativa-de-calvin-klein\/captura-de-pantalla-2016-05-10-a-las-22-27-55\/\" rel=\"attachment wp-att-20649\"><img data-attachment-id=\"20649\" data-permalink=\"http:\/\/www.moda.es\/blog\/la-campana-mas-provocativa-de-calvin-klein\/captura-de-pantalla-2016-05-10-a-las-22-27-55\/\" data-orig-file=\"https:\/\/i0.wp.com\/www.moda.es\/blog\/wp-content\/uploads\/2016\/05\/Captura-de-pantalla-2016-05-10-a-las-22.27.55.png?fit=513%2C697\" data-orig-size=\"513,697\" data-comments-opened=\"1\" data-image-meta=\"{&quot;aperture&quot;:&quot;0&quot;,&quot;credit&quot;:&quot;&quot;,&quot;camera&quot;:&quot;&quot;,&quot;caption&quot;:&quot;&quot;,&quot;created_timestamp&quot;:&quot;0&quot;,&quot;copyright&quot;:&quot;&quot;,&quot;focal_length&quot;:&quot;0&quot;,&quot;iso&quot;:&quot;0&quot;,&quot;shutter_speed&quot;:&quot;0&quot;,&quot;title&quot;:&quot;&quot;,&quot;orientation&quot;:&quot;0&quot;}\" data-image-title=\"Captura de pantalla 2016-05-10 a las 22.27.55\" data-image-description=\"\" data-image-caption=\"\" data-medium-file=\"https:\/\/i0.wp.com\/www.moda.es\/blog\/wp-content\/uploads\/2016\/05\/Captura-de-pantalla-2016-05-10-a-las-22.27.55.png?fit=221%2C300\" data-large-file=\"https:\/\/i0.wp.com\/www.moda.es\/blog\/wp-content\/uploads\/2016\/05\/Captura-de-pantalla-2016-05-10-a-las-22.27.55.png?fit=513%2C697\" loading=\"lazy\" class=\"aligncenter size-medium wp-image-20649\" src=\"https:\/\/i0.wp.com\/www.moda.es\/blog\/wp-content\/uploads\/2016\/05\/Captura-de-pantalla-2016-05-10-a-las-22.27.55.png?resize=221%2C300\" alt=\"Captura de pantalla 2016-05-10 a las 22.27.55\" width=\"221\" height=\"300\" srcset=\"https:\/\/i0.wp.com\/www.moda.es\/blog\/wp-content\/uploads\/2016\/05\/Captura-de-pantalla-2016-05-10-a-las-22.27.55.png?resize=221%2C300 221w, https:\/\/i0.wp.com\/www.moda.es\/blog\/wp-content\/uploads\/2016\/05\/Captura-de-pantalla-2016-05-10-a-las-22.27.55.png?resize=420%2C571 420w, https:\/\/i0.wp.com\/www.moda.es\/blog\/wp-content\/uploads\/2016\/05\/Captura-de-pantalla-2016-05-10-a-las-22.27.55.png?w=513 513w\" sizes=\"(max-width: 221px) 100vw, 221px\" data-recalc-dims=\"1\" \/><\/a><\/p>\n<p>La ropa aqu\u00ed, tan a menudo en\u00a0los anuncios de Calvin Klein, es\u00a0totalmente secundaria como lleva siendo costumbre. A\u00a0medida que la marca quiere acercarse\u00a0un <strong>cliente m\u00e1s joven<\/strong> (por ejemplo fichando a\u00a0una\u00a0estrella de <strong>Vine<\/strong> en una campa\u00f1a de denim), es claro que no va a dejar de tocar todos los resortes para atraer a\u00a0 ese grupo de edad.<\/p>\n<p>\u00bfSabr\u00e1 el nuevo director creativo, cuyo nombre a\u00fan no conocemos, continuar con esta visi\u00f3n?<\/p>\n<p><a href=\"http:\/\/www.moda.es\/blog\/la-campana-mas-provocativa-de-calvin-klein\/captura-de-pantalla-2016-05-10-a-las-22-30-37\/\" rel=\"attachment wp-att-20650\"><img data-attachment-id=\"20650\" data-permalink=\"http:\/\/www.moda.es\/blog\/la-campana-mas-provocativa-de-calvin-klein\/captura-de-pantalla-2016-05-10-a-las-22-30-37\/\" data-orig-file=\"https:\/\/i0.wp.com\/www.moda.es\/blog\/wp-content\/uploads\/2016\/05\/Captura-de-pantalla-2016-05-10-a-las-22.30.37.png?fit=429%2C583\" data-orig-size=\"429,583\" data-comments-opened=\"1\" data-image-meta=\"{&quot;aperture&quot;:&quot;0&quot;,&quot;credit&quot;:&quot;&quot;,&quot;camera&quot;:&quot;&quot;,&quot;caption&quot;:&quot;&quot;,&quot;created_timestamp&quot;:&quot;0&quot;,&quot;copyright&quot;:&quot;&quot;,&quot;focal_length&quot;:&quot;0&quot;,&quot;iso&quot;:&quot;0&quot;,&quot;shutter_speed&quot;:&quot;0&quot;,&quot;title&quot;:&quot;&quot;,&quot;orientation&quot;:&quot;0&quot;}\" data-image-title=\"Captura de pantalla 2016-05-10 a las 22.30.37\" data-image-description=\"\" data-image-caption=\"\" data-medium-file=\"https:\/\/i0.wp.com\/www.moda.es\/blog\/wp-content\/uploads\/2016\/05\/Captura-de-pantalla-2016-05-10-a-las-22.30.37.png?fit=221%2C300\" data-large-file=\"https:\/\/i0.wp.com\/www.moda.es\/blog\/wp-content\/uploads\/2016\/05\/Captura-de-pantalla-2016-05-10-a-las-22.30.37.png?fit=429%2C583\" loading=\"lazy\" class=\"aligncenter size-medium wp-image-20650\" src=\"https:\/\/i0.wp.com\/www.moda.es\/blog\/wp-content\/uploads\/2016\/05\/Captura-de-pantalla-2016-05-10-a-las-22.30.37.png?resize=221%2C300\" alt=\"Captura de pantalla 2016-05-10 a las 22.30.37\" width=\"221\" height=\"300\" srcset=\"https:\/\/i0.wp.com\/www.moda.es\/blog\/wp-content\/uploads\/2016\/05\/Captura-de-pantalla-2016-05-10-a-las-22.30.37.png?resize=221%2C300 221w, https:\/\/i0.wp.com\/www.moda.es\/blog\/wp-content\/uploads\/2016\/05\/Captura-de-pantalla-2016-05-10-a-las-22.30.37.png?resize=420%2C571 420w, https:\/\/i0.wp.com\/www.moda.es\/blog\/wp-content\/uploads\/2016\/05\/Captura-de-pantalla-2016-05-10-a-las-22.30.37.png?w=429 429w\" sizes=\"(max-width: 221px) 100vw, 221px\" data-recalc-dims=\"1\" \/><\/a><\/p>\n<p>\u00a9Calvin Klein                             <\/p>\n","protected":false},"excerpt":{"rendered":"<p>Si Calvin Klein tiene una se\u00f1a de identidad\u00a0es su cara tendencia a publicar\u00a0sugerentes campa\u00f1as publicitarias. Que la sexualidad est\u00e1 relacionada\u00a0con el ADN de la marca es obvio\u00a0y con\u00a0los a\u00f1os, hemos aprendido a prepararnos para cierto impacto cada vez que se presentaba una nueva campa\u00f1a\u00a0(en 2015 sus anuncios mostraban la tem\u00e1tica [&hellip;]<\/p>\n","protected":false},"author":3,"featured_media":20648,"comment_status":"open","ping_status":"open","sticky":false,"template":"","format":"standard","meta":{"jetpack_publicize_message":"","jetpack_is_tweetstorm":false,"jetpack_publicize_feature_enabled":true},"categories":[3,8,11,14],"tags":[1240,155,1395,1170],"jetpack_publicize_connections":[],"jetpack_featured_media_url":"https:\/\/i0.wp.com\/www.moda.es\/blog\/wp-content\/uploads\/2016\/05\/Captura-de-pantalla-2016-05-10-a-las-22.27.34.png?fit=615%2C418","jetpack_sharing_enabled":true,"jetpack_shortlink":"https:\/\/wp.me\/p4tJCC-5n1","jetpack-related-posts":[{"id":19188,"url":"http:\/\/www.moda.es\/blog\/kendall-jenner-nueva-imagen-de-calvin-klein-jeans\/","url_meta":{"origin":20647,"position":0},"title":"Kendall Jenner nueva imagen de Calvin Klein Jeans","date":"marzo 26, 2015","format":false,"excerpt":"Se o\u00edan rumores y hab\u00eda una foto sospechosa en el perfil de Instagram de la modelo pero no nos atrev\u00edamos a creerlo. Kendall Jenner ha sido confirmada como la \u00faltima cara de la serie de campa\u00f1as #mycalvins de Calvin Klein. El rumor de que era casi demasiado bueno para ser\u2026","rel":"","context":"En \u00abActualidad\u00bb","img":{"alt_text":"","src":"https:\/\/i0.wp.com\/www.moda.es\/blog\/wp-content\/uploads\/2015\/03\/kj.jpg?fit=650%2C975&resize=350%2C200","width":350,"height":200},"classes":[]},{"id":18748,"url":"http:\/\/www.moda.es\/blog\/justin-bieber-nuevo-chico-calvin-klein\/","url_meta":{"origin":20647,"position":1},"title":"Justin Bieber nuevo chico Calvin Klein","date":"enero 10, 2015","format":false,"excerpt":"Calvin Kelin Jeans y Calvin Kelin Underwear estrenan campa\u00f1a para la temproada primavera - verano 2015 con una sorprendente pareja: la modelo holandesa Lara Stone y el cantante pop Justin Bieber. \"Calvin Klein es una marca ic\u00f3nica y estoy emocionado y honrado de ser parte de su herencia con esta\u2026","rel":"","context":"En \u00abCampa\u00f1as\u00bb","img":{"alt_text":"","src":"https:\/\/i0.wp.com\/www.moda.es\/blog\/wp-content\/uploads\/2015\/01\/jbck.jpg?fit=650%2C910&resize=350%2C200","width":350,"height":200},"classes":[]},{"id":20853,"url":"http:\/\/www.moda.es\/blog\/grace-coddington-en-la-ultima-campana-de-calvin-klein\/","url_meta":{"origin":20647,"position":2},"title":"Grace Coddington en la \u00faltima campa\u00f1a de Calvin Klein","date":"julio 11, 2016","format":false,"excerpt":"En su momento, Brooke Shields o Kate Moss marcaron la historia de la moda con sus campa\u00f1as para Calvin Klein, y una vez m\u00e1s, una chica de campa\u00f1a de la marca americana va a marcar un hito. Grace Coddington, la dama de la moda de Vogue, quien ha jugado con\u2026","rel":"","context":"En \u00abActualidad\u00bb","img":{"alt_text":"","src":"https:\/\/i0.wp.com\/www.moda.es\/blog\/wp-content\/uploads\/2016\/07\/Captura-de-pantalla-2016-07-11-a-las-22.01.03.png?fit=445%2C625&resize=350%2C200","width":350,"height":200},"classes":[]},{"id":12573,"url":"http:\/\/www.moda.es\/blog\/el-regreso-de-christy-turlington-a-calvin-klein-underwear\/","url_meta":{"origin":20647,"position":3},"title":"El regreso de Christy Turlington a Calvin Klein Underwear","date":"mayo 15, 2013","format":false,"excerpt":"Es californiana, tiene un encanto con una elegancia especial, magn\u00e9tica que no cae en esas bellezas b\u00e1sicas y anodinas que nos aburren desde carteles y pantallas, y en 1998 salt\u00f3 a la fama como una de las integrante del flamante club de las \"primeras super modelos\" con Linda Evangelista, Cindy\u2026","rel":"","context":"En \u00abCampa\u00f1as\u00bb","img":{"alt_text":"","src":"https:\/\/i0.wp.com\/www.moda.es\/blog\/wp-content\/uploads\/2013\/05\/Christy-Turlington-Calvin-Klein91.jpg?fit=500%2C500&resize=350%2C200","width":350,"height":200},"classes":[]},{"id":20480,"url":"http:\/\/www.moda.es\/blog\/jane-birkin-nueva-imagen-de-saint-laurent\/","url_meta":{"origin":20647,"position":4},"title":"Jane Birkin nueva imagen de Saint Laurent","date":"marzo 29, 2016","format":false,"excerpt":"Los grandes\u00a0de la industria han estado en un enfrentamiento de clases durante las \u00faltimas temporadas tratando de ser quienes mostraran a\u00a0los rostros m\u00e1s emblem\u00e1ticos en sus campa\u00f1as. Desde \u00a0C\u00e9line\u00a0en 2015 con Joan Didion a los anuncios de\u00a0Calvin Klein y Balmain\u00a0con Justin Bieber, el clan Kardashian \/ Jenner y las\u00a0supermodelos de\u2026","rel":"","context":"En \u00abActualidad\u00bb","img":{"alt_text":"","src":"https:\/\/i0.wp.com\/www.moda.es\/blog\/wp-content\/uploads\/2016\/03\/Captura-de-pantalla-2016-03-29-a-las-23.53.49.png?fit=558%2C416&resize=350%2C200","width":350,"height":200},"classes":[]},{"id":13453,"url":"http:\/\/www.moda.es\/blog\/el-resurgir-de-la-diosa\/","url_meta":{"origin":20647,"position":5},"title":"El resurgir de la diosa","date":"julio 23, 2013","format":false,"excerpt":"En mayo te lo anunciamos y hoy al fin tenemos el resultado. Una de las reinas del club de las super modelos volv\u00eda a una de las marcas que le dio la fama. Christy Turlington vuelve a ser imagen de Calvin Klein Underwear y las im\u00e1genes no decepcionan. La modelo\u2026","rel":"","context":"En \u00abActualidad\u00bb","img":{"alt_text":"","src":"https:\/\/i0.wp.com\/www.moda.es\/blog\/wp-content\/uploads\/2013\/07\/CK-Christy-Turlington-6.jpg?fit=500%2C328&resize=350%2C200","width":350,"height":200},"classes":[]}],"_links":{"self":[{"href":"http:\/\/www.moda.es\/blog\/wp-json\/wp\/v2\/posts\/20647"}],"collection":[{"href":"http:\/\/www.moda.es\/blog\/wp-json\/wp\/v2\/posts"}],"about":[{"href":"http:\/\/www.moda.es\/blog\/wp-json\/wp\/v2\/types\/post"}],"author":[{"embeddable":true,"href":"http:\/\/www.moda.es\/blog\/wp-json\/wp\/v2\/users\/3"}],"replies":[{"embeddable":true,"href":"http:\/\/www.moda.es\/blog\/wp-json\/wp\/v2\/comments?post=20647"}],"version-history":[{"count":7,"href":"http:\/\/www.moda.es\/blog\/wp-json\/wp\/v2\/posts\/20647\/revisions"}],"predecessor-version":[{"id":35937,"href":"http:\/\/www.moda.es\/blog\/wp-json\/wp\/v2\/posts\/20647\/revisions\/35937"}],"wp:featuredmedia":[{"embeddable":true,"href":"http:\/\/www.moda.es\/blog\/wp-json\/wp\/v2\/media\/20648"}],"wp:attachment":[{"href":"http:\/\/www.moda.es\/blog\/wp-json\/wp\/v2\/media?parent=20647"}],"wp:term":[{"taxonomy":"category","embeddable":true,"href":"http:\/\/www.moda.es\/blog\/wp-json\/wp\/v2\/categories?post=20647"},{"taxonomy":"post_tag","embeddable":true,"href":"http:\/\/www.moda.es\/blog\/wp-json\/wp\/v2\/tags?post=20647"}],"curies":[{"name":"wp","href":"https:\/\/api.w.org\/{rel}","templated":true}]}}