{"id":20561,"date":"2016-04-27T23:23:42","date_gmt":"2016-04-27T22:23:42","guid":{"rendered":"http:\/\/www.moda.es\/blog\/?p=20561"},"modified":"2020-04-27T16:27:48","modified_gmt":"2020-04-27T15:27:48","slug":"victorias-secret-adios-a-su-linea-de-bano","status":"publish","type":"post","link":"http:\/\/www.moda.es\/blog\/victorias-secret-adios-a-su-linea-de-bano\/","title":{"rendered":"Victoria&#8217;s Secret: \u00bfadios a su l\u00ednea de ba\u00f1o?"},"content":{"rendered":"<p><strong>Victoria&#8217;s Secret<\/strong> es\u00a0ante todo una marca de lencer\u00eda, pero ampliar su l\u00ednea a la moda\u00a0de ba\u00f1o en los \u00faltimos a\u00f1os parec\u00eda l\u00f3gico. Ahora parece que la oferta acu\u00e1tica pronto se eliminar\u00e1, pero \u00bfpor qu\u00e9? Los informes sugieren que la compa\u00f1\u00eda est\u00e1 considerando dejarla de\u00a0lado con el fin de centrarse en <strong>athleisure,<\/strong> y la confirmaci\u00f3n de esto podr\u00eda\u00a0llegar en\u00a0el pr\u00f3ximo mes.<\/p>\n<p><a href=\"http:\/\/www.moda.es\/blog\/victorias-secret-adios-a-su-linea-de-bano\/captura-de-pantalla-2016-04-28-a-las-0-03-32\/\" rel=\"attachment wp-att-20562\"><img data-attachment-id=\"20562\" data-permalink=\"http:\/\/www.moda.es\/blog\/victorias-secret-adios-a-su-linea-de-bano\/captura-de-pantalla-2016-04-28-a-las-0-03-32\/\" data-orig-file=\"https:\/\/i0.wp.com\/www.moda.es\/blog\/wp-content\/uploads\/2016\/04\/Captura-de-pantalla-2016-04-28-a-las-0.03.32.png?fit=598%2C395\" data-orig-size=\"598,395\" data-comments-opened=\"1\" data-image-meta=\"{&quot;aperture&quot;:&quot;0&quot;,&quot;credit&quot;:&quot;&quot;,&quot;camera&quot;:&quot;&quot;,&quot;caption&quot;:&quot;&quot;,&quot;created_timestamp&quot;:&quot;0&quot;,&quot;copyright&quot;:&quot;&quot;,&quot;focal_length&quot;:&quot;0&quot;,&quot;iso&quot;:&quot;0&quot;,&quot;shutter_speed&quot;:&quot;0&quot;,&quot;title&quot;:&quot;&quot;,&quot;orientation&quot;:&quot;0&quot;}\" data-image-title=\"Captura de pantalla 2016-04-28 a las 0.03.32\" data-image-description=\"\" data-image-caption=\"\" data-medium-file=\"https:\/\/i0.wp.com\/www.moda.es\/blog\/wp-content\/uploads\/2016\/04\/Captura-de-pantalla-2016-04-28-a-las-0.03.32.png?fit=300%2C198\" data-large-file=\"https:\/\/i0.wp.com\/www.moda.es\/blog\/wp-content\/uploads\/2016\/04\/Captura-de-pantalla-2016-04-28-a-las-0.03.32.png?fit=598%2C395\" loading=\"lazy\" class=\"aligncenter size-medium wp-image-20562\" src=\"https:\/\/i0.wp.com\/www.moda.es\/blog\/wp-content\/uploads\/2016\/04\/Captura-de-pantalla-2016-04-28-a-las-0.03.32.png?resize=300%2C198\" alt=\"Captura de pantalla 2016-04-28 a las 0.03.32\" width=\"300\" height=\"198\" srcset=\"https:\/\/i0.wp.com\/www.moda.es\/blog\/wp-content\/uploads\/2016\/04\/Captura-de-pantalla-2016-04-28-a-las-0.03.32.png?resize=300%2C198 300w, https:\/\/i0.wp.com\/www.moda.es\/blog\/wp-content\/uploads\/2016\/04\/Captura-de-pantalla-2016-04-28-a-las-0.03.32.png?resize=420%2C277 420w, https:\/\/i0.wp.com\/www.moda.es\/blog\/wp-content\/uploads\/2016\/04\/Captura-de-pantalla-2016-04-28-a-las-0.03.32.png?w=598 598w\" sizes=\"(max-width: 300px) 100vw, 300px\" data-recalc-dims=\"1\" \/><\/a><br \/>\nLos rumores sugieren que el movimiento de terminar de nataci\u00f3n podr\u00eda suceder <strong>antes del final de 2016<\/strong>, igual que la publicaci\u00f3n de su cat\u00e1logo. Una\u00a0medida que podr\u00eda hacer ahorrar a la marca<strong> hasta\u00a0 100 millones de d\u00f3lares al a\u00f1o<\/strong>.<\/p>\n<p>El rodaje anual de <strong>Secret Swim<\/strong> se ha convertido en una pel\u00edcula en los \u00faltimos dos a\u00f1os, que se emite en la televisi\u00f3n y online\u00a0con la participaci\u00f3n de los <strong>\u00e1ngeles<\/strong> de la marca y alguno <strong>famosos artistas musicales<\/strong>. La pel\u00edcula requiere un gran compromiso financiero por parte de la marca, pero parece que detr\u00e1s de las escenas todo no estaba\u00a0tan bien como parec\u00eda.<\/p>\n<p><a href=\"http:\/\/www.moda.es\/blog\/victorias-secret-adios-a-su-linea-de-bano\/captura-de-pantalla-2016-04-28-a-las-0-04-08\/\" rel=\"attachment wp-att-20563\"><img data-attachment-id=\"20563\" data-permalink=\"http:\/\/www.moda.es\/blog\/victorias-secret-adios-a-su-linea-de-bano\/captura-de-pantalla-2016-04-28-a-las-0-04-08\/\" data-orig-file=\"https:\/\/i0.wp.com\/www.moda.es\/blog\/wp-content\/uploads\/2016\/04\/Captura-de-pantalla-2016-04-28-a-las-0.04.08.png?fit=289%2C434\" data-orig-size=\"289,434\" data-comments-opened=\"1\" data-image-meta=\"{&quot;aperture&quot;:&quot;0&quot;,&quot;credit&quot;:&quot;&quot;,&quot;camera&quot;:&quot;&quot;,&quot;caption&quot;:&quot;&quot;,&quot;created_timestamp&quot;:&quot;0&quot;,&quot;copyright&quot;:&quot;&quot;,&quot;focal_length&quot;:&quot;0&quot;,&quot;iso&quot;:&quot;0&quot;,&quot;shutter_speed&quot;:&quot;0&quot;,&quot;title&quot;:&quot;&quot;,&quot;orientation&quot;:&quot;0&quot;}\" data-image-title=\"Captura de pantalla 2016-04-28 a las 0.04.08\" data-image-description=\"\" data-image-caption=\"\" data-medium-file=\"https:\/\/i0.wp.com\/www.moda.es\/blog\/wp-content\/uploads\/2016\/04\/Captura-de-pantalla-2016-04-28-a-las-0.04.08.png?fit=200%2C300\" data-large-file=\"https:\/\/i0.wp.com\/www.moda.es\/blog\/wp-content\/uploads\/2016\/04\/Captura-de-pantalla-2016-04-28-a-las-0.04.08.png?fit=289%2C434\" loading=\"lazy\" class=\"aligncenter size-medium wp-image-20563\" src=\"https:\/\/i0.wp.com\/www.moda.es\/blog\/wp-content\/uploads\/2016\/04\/Captura-de-pantalla-2016-04-28-a-las-0.04.08.png?resize=200%2C300\" alt=\"Captura de pantalla 2016-04-28 a las 0.04.08\" width=\"200\" height=\"300\" srcset=\"https:\/\/i0.wp.com\/www.moda.es\/blog\/wp-content\/uploads\/2016\/04\/Captura-de-pantalla-2016-04-28-a-las-0.04.08.png?resize=200%2C300 200w, https:\/\/i0.wp.com\/www.moda.es\/blog\/wp-content\/uploads\/2016\/04\/Captura-de-pantalla-2016-04-28-a-las-0.04.08.png?w=289 289w\" sizes=\"(max-width: 200px) 100vw, 200px\" data-recalc-dims=\"1\" \/><\/a><\/p>\n<p>La CEO de la marca, Sharen Jester Turney, dijo: \u00abSwim ha sido mi mayor decepci\u00f3n, y nos lo hicimos a nosotros mismos\u00bb, cuando se le pregunt\u00f3 acerca de la categor\u00eda el pasado verano. Tampoco ser\u00eda la primera vez que la marca elimina una categor\u00eda para reorientar su atenci\u00f3n; su <strong>l\u00ednea<\/strong>\u00a0<strong>pr\u00eat-\u00e0-porter<\/strong> fue retirado de las tiendas y en los \u00faltimos a\u00f1os para centrarse en la ropa interior, mientras que los <strong>cosm\u00e9ticos<\/strong> s\u00ed\u00a0han sobrevivido a la matanza selectiva de l\u00edneas particulares dentro de la gama.<\/p>\n<p>&nbsp;<\/p>\n<p>\u00a9Vogue UK                             <\/p>\n","protected":false},"excerpt":{"rendered":"<p>Victoria&#8217;s Secret es\u00a0ante todo una marca de lencer\u00eda, pero ampliar su l\u00ednea a la moda\u00a0de ba\u00f1o en los \u00faltimos a\u00f1os parec\u00eda l\u00f3gico. Ahora parece que la oferta acu\u00e1tica pronto se eliminar\u00e1, pero \u00bfpor qu\u00e9? Los informes sugieren que la compa\u00f1\u00eda est\u00e1 considerando dejarla de\u00a0lado con el fin de centrarse en [&hellip;]<\/p>\n","protected":false},"author":3,"featured_media":20562,"comment_status":"open","ping_status":"open","sticky":false,"template":"","format":"standard","meta":{"jetpack_publicize_message":"","jetpack_is_tweetstorm":false,"jetpack_publicize_feature_enabled":true},"categories":[3,10,11,14],"tags":[932],"jetpack_publicize_connections":[],"jetpack_featured_media_url":"https:\/\/i0.wp.com\/www.moda.es\/blog\/wp-content\/uploads\/2016\/04\/Captura-de-pantalla-2016-04-28-a-las-0.03.32.png?fit=598%2C395","jetpack_sharing_enabled":true,"jetpack_shortlink":"https:\/\/wp.me\/p4tJCC-5lD","jetpack-related-posts":[{"id":18100,"url":"http:\/\/www.moda.es\/blog\/candice-swanepoel-imagen-de-la-coleccion-de-victorias-secret-sport\/","url_meta":{"origin":20561,"position":0},"title":"Candice Swanepoel, imagen de la colecci\u00f3n de Victoria&#8217;s Secret Sport","date":"agosto 21, 2014","format":false,"excerpt":"Porque la tendencia al fitness en las marcas de moda es, de cada vez m\u00e1s frecuente, casi obvia e inevitable, Victoria's Secret ha publicado por primera vez el cat\u00e1logo de su l\u00ednea deportiva Victoria's Secret Sport. En las im\u00e1genes, los \u00e1ngeles de la marca, Candice Swanepoel y Lily Aldridge que\u2026","rel":"","context":"En \u00abCampa\u00f1as\u00bb","img":{"alt_text":"","src":"https:\/\/i0.wp.com\/www.moda.es\/blog\/wp-content\/uploads\/2014\/08\/cvs.jpg?fit=650%2C975&resize=350%2C200","width":350,"height":200},"classes":[]},{"id":22602,"url":"http:\/\/www.moda.es\/blog\/victorias-secret-va-a-colaborar-con-balmain\/","url_meta":{"origin":20561,"position":1},"title":"Victoria&#8217;s Secret va a colaborar con Balmain","date":"octubre 4, 2017","format":false,"excerpt":"Olivier Rousteing\u00a0de Balmain no es ajeno al fen\u00f3meno de Victoria's Secret, y suele contar con sus \u00e1ngeles tanto para \u00a0los desfiles de moda o las campa\u00f1as de su marca, los desfiles. Pero parece que Balmain y el gigante de la ropa interior lo han hecho oficial: Victoria's Secret acaba de\u2026","rel":"","context":"En \u00abActualidad\u00bb","img":{"alt_text":"","src":"https:\/\/i0.wp.com\/www.moda.es\/blog\/wp-content\/uploads\/2017\/10\/Captura-de-pantalla-2017-10-04-a-las-23.24.48.png?fit=522%2C290&resize=350%2C200","width":350,"height":200},"classes":[]},{"id":22638,"url":"http:\/\/www.moda.es\/blog\/kendall-y-kylie-presentaran-una-coleccion-underwear-para-topshop\/","url_meta":{"origin":20561,"position":2},"title":"Kendall y Kylie presentar\u00e1n una colecci\u00f3n underwear para Topshop","date":"octubre 16, 2017","format":false,"excerpt":"Honestamente, Kendall y Kylie Jenner pueden hacerlo todo. La pareja se est\u00e1 incorporando a la lencer\u00eda ahora, y afortunadamente para nosotros, estar\u00e1 disponible en Topshop. Kendall podr\u00eda desfilar en la pasarela de Victoria's Secret este a\u00f1o, pero no faltar\u00e1 ropa interior nueva en su curriculum. Las chicas traen su l\u00ednea\u2026","rel":"","context":"En \u00abActualidad\u00bb","img":{"alt_text":"","src":"https:\/\/i0.wp.com\/www.moda.es\/blog\/wp-content\/uploads\/2017\/10\/kendall.jpg?fit=800%2C1200&resize=350%2C200","width":350,"height":200},"classes":[]},{"id":11673,"url":"http:\/\/www.moda.es\/blog\/rihanna-erin-heatherton-y-behati-prinsloo-bajo-el-sol-de-victorias-secret\/","url_meta":{"origin":20561,"position":3},"title":"Rihanna, Erin Heatherton y Behati Prinsloo bajo el sol de Victoria&#8217;s Secret","date":"marzo 26, 2013","format":false,"excerpt":"Si hace algunos d\u00edas te daba algunos trucos para lucir una figura espectacular en bikini, hoy te traigo algunos bikinis que seguro realzar\u00e1n los buenos resultados obtenidos. \u00a0 Victoria's Secret contin\u00faa presentando su ciclo Swim 2013 y sus asociaciones de modelos, cantantes de \u00e9xito y trajes de ba\u00f1o super sexies,\u2026","rel":"","context":"En \u00abCampa\u00f1as\u00bb","img":{"alt_text":"","src":"https:\/\/i0.wp.com\/www.moda.es\/blog\/wp-content\/uploads\/2013\/03\/Victorias-Secret1.jpg?fit=655%2C400&resize=350%2C200","width":350,"height":200},"classes":[]},{"id":19324,"url":"http:\/\/www.moda.es\/blog\/los-neuvos-angeles-de-victorias-secret\/","url_meta":{"origin":20561,"position":4},"title":"Los neuvos \u00e1ngeles de Victoria&#8217;s Secret","date":"mayo 1, 2015","format":false,"excerpt":"Victoria's Secret ha anunciado la promoci\u00f3n de 10 de sus modelos\u00a0 a condici\u00f3n de \u00e1ngel. Stella Maxwell, Kate Grigorieva, Taylor Hill, Elsa Hosk, Martha Hunt, Jac Jagaciak, Lais Ribeiro, Sara Sampaio, Romee Strijd y Jasmine Tookesal fin han recibido sus alas. Los nuevos fichajes son un buen reemplazo para las\u2026","rel":"","context":"En \u00abActualidad\u00bb","img":{"alt_text":"","src":"https:\/\/i0.wp.com\/www.moda.es\/blog\/wp-content\/uploads\/2015\/05\/elsa-hosk.jpg?fit=650%2C975&resize=350%2C200","width":350,"height":200},"classes":[]},{"id":18512,"url":"http:\/\/www.moda.es\/blog\/heidi-klum-disenadora-de-lenceria\/","url_meta":{"origin":20561,"position":5},"title":"Heidi Klum, dise\u00f1adora de lencer\u00eda","date":"noviembre 15, 2014","format":false,"excerpt":"Heidi Klum est\u00e1 lista para lanzar su propia gama de ropa interiorgracias a su alianza con la empresa australiana Bendon. La supermodelo relevar\u00e1 a Elle Macpherson, quien anunci\u00f3 esta semana el fin de su relaci\u00f3n con la marca tras 25 a\u00f1os de trabajo, debido a sus planes de expansi\u00f3n a\u2026","rel":"","context":"En \u00abColecciones\u00bb","img":{"alt_text":"","src":"https:\/\/i0.wp.com\/www.moda.es\/blog\/wp-content\/uploads\/2014\/11\/hkl.jpg?fit=650%2C975&resize=350%2C200","width":350,"height":200},"classes":[]}],"_links":{"self":[{"href":"http:\/\/www.moda.es\/blog\/wp-json\/wp\/v2\/posts\/20561"}],"collection":[{"href":"http:\/\/www.moda.es\/blog\/wp-json\/wp\/v2\/posts"}],"about":[{"href":"http:\/\/www.moda.es\/blog\/wp-json\/wp\/v2\/types\/post"}],"author":[{"embeddable":true,"href":"http:\/\/www.moda.es\/blog\/wp-json\/wp\/v2\/users\/3"}],"replies":[{"embeddable":true,"href":"http:\/\/www.moda.es\/blog\/wp-json\/wp\/v2\/comments?post=20561"}],"version-history":[{"count":7,"href":"http:\/\/www.moda.es\/blog\/wp-json\/wp\/v2\/posts\/20561\/revisions"}],"predecessor-version":[{"id":35945,"href":"http:\/\/www.moda.es\/blog\/wp-json\/wp\/v2\/posts\/20561\/revisions\/35945"}],"wp:featuredmedia":[{"embeddable":true,"href":"http:\/\/www.moda.es\/blog\/wp-json\/wp\/v2\/media\/20562"}],"wp:attachment":[{"href":"http:\/\/www.moda.es\/blog\/wp-json\/wp\/v2\/media?parent=20561"}],"wp:term":[{"taxonomy":"category","embeddable":true,"href":"http:\/\/www.moda.es\/blog\/wp-json\/wp\/v2\/categories?post=20561"},{"taxonomy":"post_tag","embeddable":true,"href":"http:\/\/www.moda.es\/blog\/wp-json\/wp\/v2\/tags?post=20561"}],"curies":[{"name":"wp","href":"https:\/\/api.w.org\/{rel}","templated":true}]}}