{"id":20550,"date":"2016-04-26T22:55:44","date_gmt":"2016-04-26T21:55:44","guid":{"rendered":"http:\/\/www.moda.es\/blog\/?p=20550"},"modified":"2020-04-27T16:27:57","modified_gmt":"2020-04-27T15:27:57","slug":"descubre-la-primera-coleccion-nupcial-de-elie-saab","status":"publish","type":"post","link":"http:\/\/www.moda.es\/blog\/descubre-la-primera-coleccion-nupcial-de-elie-saab\/","title":{"rendered":"Descubre la primera colecci\u00f3n nupcial de Elie Saab"},"content":{"rendered":"<p>Era\u00a0cuesti\u00f3n de tiempo que<strong> Elie Saab<\/strong> fue profundizar en el mercado nupcial. El dise\u00f1ador liban\u00e9s es un habitual\u00a0de la escena de la moda francesa, tanto en la semana de la moda pret a porter como en\u00a0la de la\u00a0alta costura en Par\u00eds cada a\u00f1o. Y ahora\u00a0ha decidido aplicar su <em>expertise<\/em>\u00a0en el mundo de las <strong>novias.<\/strong><\/p>\n<p><a href=\"http:\/\/www.moda.es\/blog\/descubre-la-primera-coleccion-nupcial-de-elie-saab\/captura-de-pantalla-2016-04-26-a-las-23-15-38\/\" rel=\"attachment wp-att-20551\"><img data-attachment-id=\"20551\" data-permalink=\"http:\/\/www.moda.es\/blog\/descubre-la-primera-coleccion-nupcial-de-elie-saab\/captura-de-pantalla-2016-04-26-a-las-23-15-38\/\" data-orig-file=\"https:\/\/i0.wp.com\/www.moda.es\/blog\/wp-content\/uploads\/2016\/04\/Captura-de-pantalla-2016-04-26-a-las-23.15.38.png?fit=444%2C597\" data-orig-size=\"444,597\" data-comments-opened=\"1\" data-image-meta=\"{&quot;aperture&quot;:&quot;0&quot;,&quot;credit&quot;:&quot;&quot;,&quot;camera&quot;:&quot;&quot;,&quot;caption&quot;:&quot;&quot;,&quot;created_timestamp&quot;:&quot;0&quot;,&quot;copyright&quot;:&quot;&quot;,&quot;focal_length&quot;:&quot;0&quot;,&quot;iso&quot;:&quot;0&quot;,&quot;shutter_speed&quot;:&quot;0&quot;,&quot;title&quot;:&quot;&quot;,&quot;orientation&quot;:&quot;0&quot;}\" data-image-title=\"Captura de pantalla 2016-04-26 a las 23.15.38\" data-image-description=\"\" data-image-caption=\"\" data-medium-file=\"https:\/\/i0.wp.com\/www.moda.es\/blog\/wp-content\/uploads\/2016\/04\/Captura-de-pantalla-2016-04-26-a-las-23.15.38.png?fit=223%2C300\" data-large-file=\"https:\/\/i0.wp.com\/www.moda.es\/blog\/wp-content\/uploads\/2016\/04\/Captura-de-pantalla-2016-04-26-a-las-23.15.38.png?fit=444%2C597\" loading=\"lazy\" class=\"aligncenter size-medium wp-image-20551\" src=\"https:\/\/i0.wp.com\/www.moda.es\/blog\/wp-content\/uploads\/2016\/04\/Captura-de-pantalla-2016-04-26-a-las-23.15.38.png?resize=223%2C300\" alt=\"Captura de pantalla 2016-04-26 a las 23.15.38\" width=\"223\" height=\"300\" srcset=\"https:\/\/i0.wp.com\/www.moda.es\/blog\/wp-content\/uploads\/2016\/04\/Captura-de-pantalla-2016-04-26-a-las-23.15.38.png?resize=223%2C300 223w, https:\/\/i0.wp.com\/www.moda.es\/blog\/wp-content\/uploads\/2016\/04\/Captura-de-pantalla-2016-04-26-a-las-23.15.38.png?resize=420%2C565 420w, https:\/\/i0.wp.com\/www.moda.es\/blog\/wp-content\/uploads\/2016\/04\/Captura-de-pantalla-2016-04-26-a-las-23.15.38.png?w=444 444w\" sizes=\"(max-width: 223px) 100vw, 223px\" data-recalc-dims=\"1\" \/><\/a><\/p>\n<p>La colecci\u00f3n de lanzamiento consta de\u00a0<strong>25 modelos<\/strong>,\u00a0que\u00a0ofrece opciones para novias de todo tipo. Estilos modernos, rom\u00e1nticos, monos, encaje, vestidos con aplicaciones, gasas plisadas&#8230;\u00a0Todas las\u00a0opciones est\u00e1n incluidas en esta colecci\u00f3n.<\/p>\n<p><a href=\"http:\/\/www.moda.es\/blog\/descubre-la-primera-coleccion-nupcial-de-elie-saab\/captura-de-pantalla-2016-04-26-a-las-23-20-25\/\" rel=\"attachment wp-att-20552\"><img data-attachment-id=\"20552\" data-permalink=\"http:\/\/www.moda.es\/blog\/descubre-la-primera-coleccion-nupcial-de-elie-saab\/captura-de-pantalla-2016-04-26-a-las-23-20-25\/\" data-orig-file=\"https:\/\/i0.wp.com\/www.moda.es\/blog\/wp-content\/uploads\/2016\/04\/Captura-de-pantalla-2016-04-26-a-las-23.20.25.png?fit=445%2C596\" data-orig-size=\"445,596\" data-comments-opened=\"1\" data-image-meta=\"{&quot;aperture&quot;:&quot;0&quot;,&quot;credit&quot;:&quot;&quot;,&quot;camera&quot;:&quot;&quot;,&quot;caption&quot;:&quot;&quot;,&quot;created_timestamp&quot;:&quot;0&quot;,&quot;copyright&quot;:&quot;&quot;,&quot;focal_length&quot;:&quot;0&quot;,&quot;iso&quot;:&quot;0&quot;,&quot;shutter_speed&quot;:&quot;0&quot;,&quot;title&quot;:&quot;&quot;,&quot;orientation&quot;:&quot;0&quot;}\" data-image-title=\"Captura de pantalla 2016-04-26 a las 23.20.25\" data-image-description=\"\" data-image-caption=\"\" data-medium-file=\"https:\/\/i0.wp.com\/www.moda.es\/blog\/wp-content\/uploads\/2016\/04\/Captura-de-pantalla-2016-04-26-a-las-23.20.25.png?fit=224%2C300\" data-large-file=\"https:\/\/i0.wp.com\/www.moda.es\/blog\/wp-content\/uploads\/2016\/04\/Captura-de-pantalla-2016-04-26-a-las-23.20.25.png?fit=445%2C596\" loading=\"lazy\" class=\"aligncenter size-medium wp-image-20552\" src=\"https:\/\/i0.wp.com\/www.moda.es\/blog\/wp-content\/uploads\/2016\/04\/Captura-de-pantalla-2016-04-26-a-las-23.20.25.png?resize=224%2C300\" alt=\"Captura de pantalla 2016-04-26 a las 23.20.25\" width=\"224\" height=\"300\" srcset=\"https:\/\/i0.wp.com\/www.moda.es\/blog\/wp-content\/uploads\/2016\/04\/Captura-de-pantalla-2016-04-26-a-las-23.20.25.png?resize=224%2C300 224w, https:\/\/i0.wp.com\/www.moda.es\/blog\/wp-content\/uploads\/2016\/04\/Captura-de-pantalla-2016-04-26-a-las-23.20.25.png?resize=420%2C563 420w, https:\/\/i0.wp.com\/www.moda.es\/blog\/wp-content\/uploads\/2016\/04\/Captura-de-pantalla-2016-04-26-a-las-23.20.25.png?w=445 445w\" sizes=\"(max-width: 224px) 100vw, 224px\" data-recalc-dims=\"1\" \/><\/a><\/p>\n<p>Con esta colecci\u00f3n, el se\u00f1or\u00a0Saab est\u00e1 dando a las mujeres\u00a0exactamente lo que quieren. La marca lo ha explicado en un comunicado: \u00abLos\u00a0bordados y drapeados\u00a0se hacen eco de la historia de <strong>artesan\u00eda<\/strong> de la casa&#8230; La colecci\u00f3n tambi\u00e9n cuenta con vestidos cortos, junto con zapatillas de ballet, respondiendo a\u00a0los deseos de las novias modernas de hoy.\u00bb<\/p>\n<p><a href=\"http:\/\/www.moda.es\/blog\/descubre-la-primera-coleccion-nupcial-de-elie-saab\/captura-de-pantalla-2016-04-26-a-las-23-19-10\/\" rel=\"attachment wp-att-20556\"><img data-attachment-id=\"20556\" data-permalink=\"http:\/\/www.moda.es\/blog\/descubre-la-primera-coleccion-nupcial-de-elie-saab\/captura-de-pantalla-2016-04-26-a-las-23-19-10\/\" data-orig-file=\"https:\/\/i0.wp.com\/www.moda.es\/blog\/wp-content\/uploads\/2016\/04\/Captura-de-pantalla-2016-04-26-a-las-23.19.10.png?fit=450%2C595\" data-orig-size=\"450,595\" data-comments-opened=\"1\" data-image-meta=\"{&quot;aperture&quot;:&quot;0&quot;,&quot;credit&quot;:&quot;&quot;,&quot;camera&quot;:&quot;&quot;,&quot;caption&quot;:&quot;&quot;,&quot;created_timestamp&quot;:&quot;0&quot;,&quot;copyright&quot;:&quot;&quot;,&quot;focal_length&quot;:&quot;0&quot;,&quot;iso&quot;:&quot;0&quot;,&quot;shutter_speed&quot;:&quot;0&quot;,&quot;title&quot;:&quot;&quot;,&quot;orientation&quot;:&quot;0&quot;}\" data-image-title=\"Captura de pantalla 2016-04-26 a las 23.19.10\" data-image-description=\"\" data-image-caption=\"\" data-medium-file=\"https:\/\/i0.wp.com\/www.moda.es\/blog\/wp-content\/uploads\/2016\/04\/Captura-de-pantalla-2016-04-26-a-las-23.19.10.png?fit=227%2C300\" data-large-file=\"https:\/\/i0.wp.com\/www.moda.es\/blog\/wp-content\/uploads\/2016\/04\/Captura-de-pantalla-2016-04-26-a-las-23.19.10.png?fit=450%2C595\" loading=\"lazy\" class=\"aligncenter size-medium wp-image-20556\" src=\"https:\/\/i0.wp.com\/www.moda.es\/blog\/wp-content\/uploads\/2016\/04\/Captura-de-pantalla-2016-04-26-a-las-23.19.10.png?resize=227%2C300\" alt=\"Captura de pantalla 2016-04-26 a las 23.19.10\" width=\"227\" height=\"300\" srcset=\"https:\/\/i0.wp.com\/www.moda.es\/blog\/wp-content\/uploads\/2016\/04\/Captura-de-pantalla-2016-04-26-a-las-23.19.10.png?resize=227%2C300 227w, https:\/\/i0.wp.com\/www.moda.es\/blog\/wp-content\/uploads\/2016\/04\/Captura-de-pantalla-2016-04-26-a-las-23.19.10.png?resize=420%2C555 420w, https:\/\/i0.wp.com\/www.moda.es\/blog\/wp-content\/uploads\/2016\/04\/Captura-de-pantalla-2016-04-26-a-las-23.19.10.png?w=450 450w\" sizes=\"(max-width: 227px) 100vw, 227px\" data-recalc-dims=\"1\" \/><\/a><\/p>\n<p>Acompa\u00f1ando este lanzamiento, una campa\u00f1a digital centrada <strong>alrededor de la palabra \u00aboui.\u00bb<\/strong> Las novias del se\u00f1or Saab rematan su look on\u00a0bandas para la cabeza y lentejuelas de cristal de Swarovski o\u00a0tatuajes que dicen \u00abs\u00ed\u00bb en franc\u00e9s.<\/p>\n<p><a href=\"http:\/\/www.moda.es\/blog\/descubre-la-primera-coleccion-nupcial-de-elie-saab\/captura-de-pantalla-2016-04-26-a-las-23-22-34\/\" rel=\"attachment wp-att-20557\"><img data-attachment-id=\"20557\" data-permalink=\"http:\/\/www.moda.es\/blog\/descubre-la-primera-coleccion-nupcial-de-elie-saab\/captura-de-pantalla-2016-04-26-a-las-23-22-34\/\" data-orig-file=\"https:\/\/i0.wp.com\/www.moda.es\/blog\/wp-content\/uploads\/2016\/04\/Captura-de-pantalla-2016-04-26-a-las-23.22.34.png?fit=447%2C600\" data-orig-size=\"447,600\" data-comments-opened=\"1\" data-image-meta=\"{&quot;aperture&quot;:&quot;0&quot;,&quot;credit&quot;:&quot;&quot;,&quot;camera&quot;:&quot;&quot;,&quot;caption&quot;:&quot;&quot;,&quot;created_timestamp&quot;:&quot;0&quot;,&quot;copyright&quot;:&quot;&quot;,&quot;focal_length&quot;:&quot;0&quot;,&quot;iso&quot;:&quot;0&quot;,&quot;shutter_speed&quot;:&quot;0&quot;,&quot;title&quot;:&quot;&quot;,&quot;orientation&quot;:&quot;0&quot;}\" data-image-title=\"Captura de pantalla 2016-04-26 a las 23.22.34\" data-image-description=\"\" data-image-caption=\"\" data-medium-file=\"https:\/\/i0.wp.com\/www.moda.es\/blog\/wp-content\/uploads\/2016\/04\/Captura-de-pantalla-2016-04-26-a-las-23.22.34.png?fit=224%2C300\" data-large-file=\"https:\/\/i0.wp.com\/www.moda.es\/blog\/wp-content\/uploads\/2016\/04\/Captura-de-pantalla-2016-04-26-a-las-23.22.34.png?fit=447%2C600\" loading=\"lazy\" class=\"aligncenter size-medium wp-image-20557\" src=\"https:\/\/i0.wp.com\/www.moda.es\/blog\/wp-content\/uploads\/2016\/04\/Captura-de-pantalla-2016-04-26-a-las-23.22.34.png?resize=224%2C300\" alt=\"Captura de pantalla 2016-04-26 a las 23.22.34\" width=\"224\" height=\"300\" srcset=\"https:\/\/i0.wp.com\/www.moda.es\/blog\/wp-content\/uploads\/2016\/04\/Captura-de-pantalla-2016-04-26-a-las-23.22.34.png?resize=224%2C300 224w, https:\/\/i0.wp.com\/www.moda.es\/blog\/wp-content\/uploads\/2016\/04\/Captura-de-pantalla-2016-04-26-a-las-23.22.34.png?resize=420%2C564 420w, https:\/\/i0.wp.com\/www.moda.es\/blog\/wp-content\/uploads\/2016\/04\/Captura-de-pantalla-2016-04-26-a-las-23.22.34.png?w=447 447w\" sizes=\"(max-width: 224px) 100vw, 224px\" data-recalc-dims=\"1\" \/><\/a><\/p>\n<p>Con un lanzamiento de este calibre, no hay duda de que el se\u00f1or Saab pronto se unir\u00e1 a las filas de <strong>Vera Wang y Oscar de la Renta<\/strong> como uno de los dise\u00f1adores\u00a0de\u00a0\u00a0alta costura nupcial fetiche de las celebrities.<\/p>\n<p>\u00a9Observer                             <\/p>\n","protected":false},"excerpt":{"rendered":"<p>Era\u00a0cuesti\u00f3n de tiempo que Elie Saab fue profundizar en el mercado nupcial. El dise\u00f1ador liban\u00e9s es un habitual\u00a0de la escena de la moda francesa, tanto en la semana de la moda pret a porter como en\u00a0la de la\u00a0alta costura en Par\u00eds cada a\u00f1o. Y ahora\u00a0ha decidido aplicar su expertise\u00a0en el [&hellip;]<\/p>\n","protected":false},"author":3,"featured_media":20551,"comment_status":"open","ping_status":"open","sticky":false,"template":"","format":"standard","meta":{"jetpack_publicize_message":"","jetpack_is_tweetstorm":false,"jetpack_publicize_feature_enabled":true},"categories":[2,11,12,22],"tags":[294,682,922],"jetpack_publicize_connections":[],"jetpack_featured_media_url":"https:\/\/i0.wp.com\/www.moda.es\/blog\/wp-content\/uploads\/2016\/04\/Captura-de-pantalla-2016-04-26-a-las-23.15.38.png?fit=444%2C597","jetpack_sharing_enabled":true,"jetpack_shortlink":"https:\/\/wp.me\/p4tJCC-5ls","jetpack-related-posts":[{"id":22689,"url":"http:\/\/www.moda.es\/blog\/novias-alternativas-es-vuestro-momento\/","url_meta":{"origin":20550,"position":0},"title":"Novias alternativas, es vuestro momento","date":"octubre 30, 2017","format":false,"excerpt":"French Connection es la \u00faltima marca low cost que da el s\u00ed quiero a la moda nupcial a precios asequibles con una colecci\u00f3n de primavera \/ verano 2018 que se lanzar\u00e1 el pr\u00f3ximo mes de febrero. \"En los \u00faltimos a\u00f1os, hemos visto clientes haciendo compras de las principales colecciones de\u2026","rel":"","context":"En \u00abColecciones\u00bb","img":{"alt_text":"","src":"https:\/\/i0.wp.com\/www.moda.es\/blog\/wp-content\/uploads\/2017\/10\/Captura-de-pantalla-2017-10-30-a-las-23.13.50.png?fit=687%2C453&resize=350%2C200","width":350,"height":200},"classes":[]},{"id":20133,"url":"http:\/\/www.moda.es\/blog\/la-nueva-tendencia\/","url_meta":{"origin":20550,"position":1},"title":"La nueva tendencia&#8230;","date":"diciembre 31, 2015","format":false,"excerpt":"...es la moda nupcial online. Porque despu\u00e9s de que Asos anunciara la presentaci\u00f3n de su primera colecci\u00f3n de vestidos de novia, ahora le sigue Net-a-Porter uni\u00e9ndose a la corriente de elegir look nupcial a golpe de click, como lo haces ya con cualquier otro vestido. As\u00ed que si por casualidad\u2026","rel":"","context":"En \u00abActualidad\u00bb","img":{"alt_text":"","src":"https:\/\/i0.wp.com\/www.moda.es\/blog\/wp-content\/uploads\/2015\/12\/Captura-de-pantalla-2015-12-30-a-las-23.29.06.png?fit=530%2C531&resize=350%2C200","width":350,"height":200},"classes":[]},{"id":13224,"url":"http:\/\/www.moda.es\/blog\/lo-mejor-de-la-semana-de-la-alta-costura\/","url_meta":{"origin":20550,"position":2},"title":"Lo mejor de la Semana de la Alta Costura (I)","date":"julio 5, 2013","format":false,"excerpt":"La Semana de la Alta Costura siempre nos sabe a poco. Los intrincados detalles, el espect\u00e1culo, la sensibilidad con la que son tratados los modelos y en defintiiva la poes\u00eda que destila cada tejido y cada bordado son todas esas cosas que, en tiempo de crisis, nos hace seguir amando\u2026","rel":"","context":"En \u00abActualidad\u00bb","img":{"alt_text":"","src":"https:\/\/i0.wp.com\/www.moda.es\/blog\/wp-content\/uploads\/2013\/07\/valentino.jpg?fit=400%2C267&resize=350%2C200","width":350,"height":200},"classes":[]},{"id":1750,"url":"http:\/\/www.moda.es\/blog\/las-protagonistas-secundarias-de-la-boda\/","url_meta":{"origin":20550,"position":3},"title":"Las protagonistas secundarias de la boda","date":"abril 30, 2011","format":false,"excerpt":"La hermana de la novia, algunos familiares cercanos y sobre todo, realeza europea\u00a0e invitados de los gobiernos sobresalieron ayer por su elegancia y distinci\u00f3n, aun por encima de la mayor\u00eda de los miembros de la familia real brit\u00e1nica. \u00bfQu\u00e9 les ocurri\u00f3 a las hijas de los Duques de York para\u2026","rel":"","context":"En \u00abNovias\u00bb","img":{"alt_text":"","src":"https:\/\/i0.wp.com\/www.moda.es\/blog\/wp-content\/uploads\/2011\/04\/el_estilo_de_pippa_middleton_en_la_boda_real_inglesa_599947218_480x3201.jpg?fit=480%2C320&resize=350%2C200","width":350,"height":200},"classes":[]},{"id":10335,"url":"http:\/\/www.moda.es\/blog\/paris-alta-costura-ii\/","url_meta":{"origin":20550,"position":4},"title":"Par\u00eds Alta Costura II","date":"enero 24, 2013","format":false,"excerpt":"Termina la Alta Costura con las \u00faltimas propuestas. \u00a0 En general las firmas nos han dejado satisfechos, m\u00e1s quiz\u00e1s que en otras ocasiones, y se van dej\u00e1ndonos ganas de m\u00e1s. M\u00e1s fantas\u00eda, m\u00e1s tejidos incre\u00edbles, m\u00e1s opulencia, m\u00e1s\u00a0 savor fair y conocimiento de la costura y la construcci\u00f3n de un\u2026","rel":"","context":"En \u00abPasarelas\u00bb","img":{"alt_text":"","src":"https:\/\/i0.wp.com\/www.moda.es\/blog\/wp-content\/uploads\/2013\/01\/Alexis-Mabille-21.jpg?fit=500%2C236&resize=350%2C200","width":350,"height":200},"classes":[]},{"id":15836,"url":"http:\/\/www.moda.es\/blog\/zac-posen-bridal-su-primera-coleccion-de-novias\/","url_meta":{"origin":20550,"position":5},"title":"Zac Posen Bridal: su primera colecci\u00f3n de novias","date":"febrero 4, 2014","format":false,"excerpt":"Zac Posen, finalmente ha descubierto su colecci\u00f3n debut de vestidos de novia. La l\u00ednea\u00a0Truly Zac Posen de\u00a0 Zac Posen cuenta con siete modelos rom\u00e1nticos confeccionados en raso y con silueta ajustada o con forma de princesa rematadas en grandes faldas de tul. \"Cada dise\u00f1o de esta colecci\u00f3n representa una feminidad\u2026","rel":"","context":"En \u00abDestacados\u00bb","img":{"alt_text":"","src":"https:\/\/i0.wp.com\/www.moda.es\/blog\/wp-content\/uploads\/2014\/02\/Zac-Posen-Bridal-21.jpg?fit=500%2C750&resize=350%2C200","width":350,"height":200},"classes":[]}],"_links":{"self":[{"href":"http:\/\/www.moda.es\/blog\/wp-json\/wp\/v2\/posts\/20550"}],"collection":[{"href":"http:\/\/www.moda.es\/blog\/wp-json\/wp\/v2\/posts"}],"about":[{"href":"http:\/\/www.moda.es\/blog\/wp-json\/wp\/v2\/types\/post"}],"author":[{"embeddable":true,"href":"http:\/\/www.moda.es\/blog\/wp-json\/wp\/v2\/users\/3"}],"replies":[{"embeddable":true,"href":"http:\/\/www.moda.es\/blog\/wp-json\/wp\/v2\/comments?post=20550"}],"version-history":[{"count":9,"href":"http:\/\/www.moda.es\/blog\/wp-json\/wp\/v2\/posts\/20550\/revisions"}],"predecessor-version":[{"id":35946,"href":"http:\/\/www.moda.es\/blog\/wp-json\/wp\/v2\/posts\/20550\/revisions\/35946"}],"wp:featuredmedia":[{"embeddable":true,"href":"http:\/\/www.moda.es\/blog\/wp-json\/wp\/v2\/media\/20551"}],"wp:attachment":[{"href":"http:\/\/www.moda.es\/blog\/wp-json\/wp\/v2\/media?parent=20550"}],"wp:term":[{"taxonomy":"category","embeddable":true,"href":"http:\/\/www.moda.es\/blog\/wp-json\/wp\/v2\/categories?post=20550"},{"taxonomy":"post_tag","embeddable":true,"href":"http:\/\/www.moda.es\/blog\/wp-json\/wp\/v2\/tags?post=20550"}],"curies":[{"name":"wp","href":"https:\/\/api.w.org\/{rel}","templated":true}]}}